{"id":198903,"date":"2026-02-05T04:47:32","date_gmt":"2026-02-05T07:47:32","guid":{"rendered":"https:\/\/portaltela.pt\/noticias\/2026\/02\/05\/governo-venezuelano-inicia-dialogo-com-oposicao\/"},"modified":"2026-02-05T04:47:32","modified_gmt":"2026-02-05T07:47:32","slug":"governo-venezuelano-inicia-dialogo-com-oposicao","status":"publish","type":"post","link":"https:\/\/portaltela.pt\/noticias\/internacional\/2026\/02\/05\/governo-venezuelano-inicia-dialogo-com-oposicao\/","title":{"rendered":"Governo venezuelano inicia di\u00e1logo com oposi\u00e7\u00e3o"},"content":{"rendered":"<p>O governo interino da Venezuela reuniu-se com representantes da oposi\u00e7\u00e3o para iniciar um di\u00e1logo pol\u00edtico, proposto pela presidente interina Delcy Rodr\u00edguez. O objetivo \u00e9 abrir vias formais de participa\u00e7\u00e3o e resolver quest\u00f5es espec\u00edficas.<\/p>\n<p>O presidente da Assembleia Nacional, Jorge Rodr\u00edguez, explicou que o di\u00e1logo visa alcan\u00e7ar vit\u00f3rias r\u00e1pidas e estabelecer mecanismos de participa\u00e7\u00e3o com garantias suficientes para que qualquer cidad\u00e3o possa envolver-se na pol\u00edtica sem obst\u00e1culos.<\/p>\n<p>Horas antes, parte da oposi\u00e7\u00e3o, entre eles Henrique Capriles, confirmou ter aceitado o convite da presidente interina para iniciar o processo de di\u00e1logo. A iniciativa surge no contexto de tens\u00f5es nacionais entre o governo e a oposi\u00e7\u00e3o.<\/p>\n<h3>Participa\u00e7\u00e3o e objetivos<\/h3>\n<p>O encontro re\u00fane membros do Governo interino e representantes partid\u00e1rios da oposi\u00e7\u00e3o, com foco em desbloquear tr\u00e2mites pol\u00edticos e facilitar o acesso de diversas correntes \u00e0 participa\u00e7\u00e3o institucional. O objetivo central \u00e9 criar condi\u00e7\u00f5es est\u00e1veis para a atua\u00e7\u00e3o pol\u00edtica, sem obst\u00e1culos legais ou administrativos.<\/p>\n","protected":false},"excerpt":{"rendered":"<ul>\n<li>O presidente da Assembleia Nacional da Venezuela, Jorge Rodr\u00edguez, informou que membros do Governo interino reuniram-se com representantes da oposi\u00e7\u00e3o para iniciar um di\u00e1logo pol\u00edtico proposto pela presidente interina Delcy Rodr\u00edguez.<\/li>\n<li>O objetivo do di\u00e1logo \u00e9 resolver problemas espec\u00edficos, obter vit\u00f3rias r\u00e1pidas e criar mecanismos de participa\u00e7\u00e3o pol\u00edtica com garantias suficientes.<\/li>\n<li>As garantias visam permitir que qualquer pessoa interessada em participar na pol\u00edtica possa faz\u00ea-lo sem obst\u00e1culos.<\/li>\n<li>Horas antes, parte da oposi\u00e7\u00e3o venezuelana, incluindo Henrique Capriles, disse ter aceite o convite de Delcy Rodr\u00edguez para iniciar o processo de di\u00e1logo.<\/li>\n<\/ul>\n","protected":false},"author":2,"featured_media":198914,"comment_status":"closed","ping_status":"closed","sticky":false,"template":"","format":"standard","meta":{"footnotes":""},"categories":[4,1],"tags":[5207,1817,34,3767,2832,27],"class_list":["post-198903","post","type-post","status-publish","format-standard","has-post-thumbnail","hentry","category-internacional","category-noticias","tag-dialogo-internacional","tag-dialogo-politico","tag-governo","tag-oposicao","tag-politica","tag-relacoes-internacionais"],"yoast_head":"<!-- This site is optimized with the Yoast SEO plugin v27.2 - https:\/\/yoast.com\/product\/yoast-seo-wordpress\/ -->\n<title>Governo venezuelano inicia di\u00e1logo com oposi\u00e7\u00e3o - Portal Tela Portugal<\/title>\n<meta name=\"robots\" content=\"index, follow, max-snippet:-1, max-image-preview:large, max-video-preview:-1\" \/>\n<meta property=\"og:locale\" content=\"pt_PT\" \/>\n<meta property=\"og:type\" content=\"article\" \/>\n<meta property=\"og:title\" content=\"Governo venezuelano inicia di\u00e1logo com oposi\u00e7\u00e3o - Portal Tela Portugal\" \/>\n<meta property=\"og:description\" content=\"O presidente da Assembleia Nacional da Venezuela, Jorge Rodr\u00edguez, informou que membros do Governo interino reuniram-se com representantes da oposi\u00e7\u00e3o para iniciar um di\u00e1logo pol\u00edtico proposto pela presidente interina Delcy Rodr\u00edguez. O objetivo do di\u00e1logo \u00e9 resolver problemas espec\u00edficos, obter vit\u00f3rias r\u00e1pidas e criar mecanismos de participa\u00e7\u00e3o pol\u00edtica com garantias suficientes. As garantias visam permitir que qualquer pessoa interessada em participar na pol\u00edtica possa faz\u00ea-lo sem obst\u00e1culos. Horas antes, parte da oposi\u00e7\u00e3o venezuelana, incluindo Henrique Capriles, disse ter aceite o convite de Delcy Rodr\u00edguez para iniciar o processo de di\u00e1logo.\" \/>\n<meta property=\"og:url\" content=\"https:\/\/portaltela.pt\/noticias\/2026\/02\/05\/governo-venezuelano-inicia-dialogo-com-oposicao\/\" \/>\n<meta property=\"og:site_name\" content=\"Portal Tela Portugal\" \/>\n<meta property=\"article:published_time\" content=\"2026-02-05T07:47:32+00:00\" \/>\n<meta name=\"author\" content=\"Telinha\" \/>\n<meta name=\"twitter:card\" content=\"summary_large_image\" \/>\n<meta name=\"twitter:label1\" content=\"Escrito por\" \/>\n\t<meta name=\"twitter:data1\" content=\"Telinha\" \/>\n\t<meta name=\"twitter:label2\" content=\"Tempo estimado de leitura\" \/>\n\t<meta name=\"twitter:data2\" content=\"1 minuto\" \/>\n<script type=\"application\/ld+json\" class=\"yoast-schema-graph\">{\"@context\":\"https:\/\/schema.org\",\"@graph\":[{\"@type\":\"Article\",\"@id\":\"https:\/\/portaltela.pt\/noticias\/2026\/02\/05\/governo-venezuelano-inicia-dialogo-com-oposicao\/#article\",\"isPartOf\":{\"@id\":\"https:\/\/portaltela.pt\/noticias\/2026\/02\/05\/governo-venezuelano-inicia-dialogo-com-oposicao\/\"},\"author\":{\"name\":\"Telinha\",\"@id\":\"https:\/\/portaltela.pt\/#\/schema\/person\/c4278d4a6028830caff9ee44b42d32ed\"},\"headline\":\"Governo venezuelano inicia di\u00e1logo com oposi\u00e7\u00e3o\",\"datePublished\":\"2026-02-05T07:47:32+00:00\",\"mainEntityOfPage\":{\"@id\":\"https:\/\/portaltela.pt\/noticias\/2026\/02\/05\/governo-venezuelano-inicia-dialogo-com-oposicao\/\"},\"wordCount\":187,\"image\":{\"@id\":\"https:\/\/portaltela.pt\/noticias\/2026\/02\/05\/governo-venezuelano-inicia-dialogo-com-oposicao\/#primaryimage\"},\"thumbnailUrl\":\"https:\/\/portaltela.pt\/s.01k8rhncp4jt1\/2026\/02\/46454349-1.jpg\",\"keywords\":[\"Di\u00e1logo internacional\",\"Di\u00e1logo pol\u00edtico\",\"governo\",\"oposi\u00e7\u00e3o\",\"pol\u00edtica\",\"rela\u00e7\u00f5es internacionais\"],\"articleSection\":[\"Internacional\",\"Not\u00edcias\"],\"inLanguage\":\"pt-PT\"},{\"@type\":\"WebPage\",\"@id\":\"https:\/\/portaltela.pt\/noticias\/2026\/02\/05\/governo-venezuelano-inicia-dialogo-com-oposicao\/\",\"url\":\"https:\/\/portaltela.pt\/noticias\/2026\/02\/05\/governo-venezuelano-inicia-dialogo-com-oposicao\/\",\"name\":\"Governo venezuelano inicia di\u00e1logo com oposi\u00e7\u00e3o - Portal Tela Portugal\",\"isPartOf\":{\"@id\":\"https:\/\/portaltela.pt\/#website\"},\"primaryImageOfPage\":{\"@id\":\"https:\/\/portaltela.pt\/noticias\/2026\/02\/05\/governo-venezuelano-inicia-dialogo-com-oposicao\/#primaryimage\"},\"image\":{\"@id\":\"https:\/\/portaltela.pt\/noticias\/2026\/02\/05\/governo-venezuelano-inicia-dialogo-com-oposicao\/#primaryimage\"},\"thumbnailUrl\":\"https:\/\/portaltela.pt\/s.01k8rhncp4jt1\/2026\/02\/46454349-1.jpg\",\"datePublished\":\"2026-02-05T07:47:32+00:00\",\"author\":{\"@id\":\"https:\/\/portaltela.pt\/#\/schema\/person\/c4278d4a6028830caff9ee44b42d32ed\"},\"breadcrumb\":{\"@id\":\"https:\/\/portaltela.pt\/noticias\/2026\/02\/05\/governo-venezuelano-inicia-dialogo-com-oposicao\/#breadcrumb\"},\"inLanguage\":\"pt-PT\",\"potentialAction\":[{\"@type\":\"ReadAction\",\"target\":[\"https:\/\/portaltela.pt\/noticias\/2026\/02\/05\/governo-venezuelano-inicia-dialogo-com-oposicao\/\"]}]},{\"@type\":\"ImageObject\",\"inLanguage\":\"pt-PT\",\"@id\":\"https:\/\/portaltela.pt\/noticias\/2026\/02\/05\/governo-venezuelano-inicia-dialogo-com-oposicao\/#primaryimage\",\"url\":\"https:\/\/portaltela.pt\/s.01k8rhncp4jt1\/2026\/02\/46454349-1.jpg\",\"contentUrl\":\"https:\/\/portaltela.pt\/s.01k8rhncp4jt1\/2026\/02\/46454349-1.jpg\",\"width\":796,\"height\":448,\"caption\":\"Horas antes, parte da oposi\u00e7\u00e3o venezuelana informou que aceitou um convite de Delcy Rodr\u00edguez para iniciar um processo de di\u00e1logo\"},{\"@type\":\"BreadcrumbList\",\"@id\":\"https:\/\/portaltela.pt\/noticias\/2026\/02\/05\/governo-venezuelano-inicia-dialogo-com-oposicao\/#breadcrumb\",\"itemListElement\":[{\"@type\":\"ListItem\",\"position\":1,\"name\":\"In\u00edcio\",\"item\":\"https:\/\/portaltela.pt\/\"},{\"@type\":\"ListItem\",\"position\":2,\"name\":\"Governo venezuelano inicia di\u00e1logo com oposi\u00e7\u00e3o\"}]},{\"@type\":\"WebSite\",\"@id\":\"https:\/\/portaltela.pt\/#website\",\"url\":\"https:\/\/portaltela.pt\/\",\"name\":\"Portal Tela Portugal\",\"description\":\"\",\"potentialAction\":[{\"@type\":\"SearchAction\",\"target\":{\"@type\":\"EntryPoint\",\"urlTemplate\":\"https:\/\/portaltela.pt\/?s={search_term_string}\"},\"query-input\":{\"@type\":\"PropertyValueSpecification\",\"valueRequired\":true,\"valueName\":\"search_term_string\"}}],\"inLanguage\":\"pt-PT\"},{\"@type\":\"Person\",\"@id\":\"https:\/\/portaltela.pt\/#\/schema\/person\/c4278d4a6028830caff9ee44b42d32ed\",\"name\":\"Telinha\",\"image\":{\"@type\":\"ImageObject\",\"inLanguage\":\"pt-PT\",\"@id\":\"https:\/\/portaltela.pt\/s.01k8rhncp4jt1\/2025\/11\/talking-bot-125x125.png\",\"url\":\"https:\/\/portaltela.pt\/s.01k8rhncp4jt1\/2025\/11\/talking-bot-125x125.png\",\"contentUrl\":\"https:\/\/portaltela.pt\/s.01k8rhncp4jt1\/2025\/11\/talking-bot-125x125.png\",\"caption\":\"Telinha\"},\"sameAs\":[\"https:\/\/portaltela.pt\/\"],\"url\":\"https:\/\/portaltela.pt\/por\/367410592786\/\"}]}<\/script>\n<!-- \/ Yoast SEO plugin. -->","yoast_head_json":{"title":"Governo venezuelano inicia di\u00e1logo com oposi\u00e7\u00e3o - Portal Tela Portugal","robots":{"index":"index","follow":"follow","max-snippet":"max-snippet:-1","max-image-preview":"max-image-preview:large","max-video-preview":"max-video-preview:-1"},"og_locale":"pt_PT","og_type":"article","og_title":"Governo venezuelano inicia di\u00e1logo com oposi\u00e7\u00e3o - Portal Tela Portugal","og_description":"O presidente da Assembleia Nacional da Venezuela, Jorge Rodr\u00edguez, informou que membros do Governo interino reuniram-se com representantes da oposi\u00e7\u00e3o para iniciar um di\u00e1logo pol\u00edtico proposto pela presidente interina Delcy Rodr\u00edguez. O objetivo do di\u00e1logo \u00e9 resolver problemas espec\u00edficos, obter vit\u00f3rias r\u00e1pidas e criar mecanismos de participa\u00e7\u00e3o pol\u00edtica com garantias suficientes. As garantias visam permitir que qualquer pessoa interessada em participar na pol\u00edtica possa faz\u00ea-lo sem obst\u00e1culos. Horas antes, parte da oposi\u00e7\u00e3o venezuelana, incluindo Henrique Capriles, disse ter aceite o convite de Delcy Rodr\u00edguez para iniciar o processo de di\u00e1logo.","og_url":"https:\/\/portaltela.pt\/noticias\/2026\/02\/05\/governo-venezuelano-inicia-dialogo-com-oposicao\/","og_site_name":"Portal Tela Portugal","article_published_time":"2026-02-05T07:47:32+00:00","author":"Telinha","twitter_card":"summary_large_image","twitter_misc":{"Escrito por":"Telinha","Tempo estimado de leitura":"1 minuto"},"schema":{"@context":"https:\/\/schema.org","@graph":[{"@type":"Article","@id":"https:\/\/portaltela.pt\/noticias\/2026\/02\/05\/governo-venezuelano-inicia-dialogo-com-oposicao\/#article","isPartOf":{"@id":"https:\/\/portaltela.pt\/noticias\/2026\/02\/05\/governo-venezuelano-inicia-dialogo-com-oposicao\/"},"author":{"name":"Telinha","@id":"https:\/\/portaltela.pt\/#\/schema\/person\/c4278d4a6028830caff9ee44b42d32ed"},"headline":"Governo venezuelano inicia di\u00e1logo com oposi\u00e7\u00e3o","datePublished":"2026-02-05T07:47:32+00:00","mainEntityOfPage":{"@id":"https:\/\/portaltela.pt\/noticias\/2026\/02\/05\/governo-venezuelano-inicia-dialogo-com-oposicao\/"},"wordCount":187,"image":{"@id":"https:\/\/portaltela.pt\/noticias\/2026\/02\/05\/governo-venezuelano-inicia-dialogo-com-oposicao\/#primaryimage"},"thumbnailUrl":"https:\/\/portaltela.pt\/s.01k8rhncp4jt1\/2026\/02\/46454349-1.jpg","keywords":["Di\u00e1logo internacional","Di\u00e1logo pol\u00edtico","governo","oposi\u00e7\u00e3o","pol\u00edtica","rela\u00e7\u00f5es internacionais"],"articleSection":["Internacional","Not\u00edcias"],"inLanguage":"pt-PT"},{"@type":"WebPage","@id":"https:\/\/portaltela.pt\/noticias\/2026\/02\/05\/governo-venezuelano-inicia-dialogo-com-oposicao\/","url":"https:\/\/portaltela.pt\/noticias\/2026\/02\/05\/governo-venezuelano-inicia-dialogo-com-oposicao\/","name":"Governo venezuelano inicia di\u00e1logo com oposi\u00e7\u00e3o - Portal Tela Portugal","isPartOf":{"@id":"https:\/\/portaltela.pt\/#website"},"primaryImageOfPage":{"@id":"https:\/\/portaltela.pt\/noticias\/2026\/02\/05\/governo-venezuelano-inicia-dialogo-com-oposicao\/#primaryimage"},"image":{"@id":"https:\/\/portaltela.pt\/noticias\/2026\/02\/05\/governo-venezuelano-inicia-dialogo-com-oposicao\/#primaryimage"},"thumbnailUrl":"https:\/\/portaltela.pt\/s.01k8rhncp4jt1\/2026\/02\/46454349-1.jpg","datePublished":"2026-02-05T07:47:32+00:00","author":{"@id":"https:\/\/portaltela.pt\/#\/schema\/person\/c4278d4a6028830caff9ee44b42d32ed"},"breadcrumb":{"@id":"https:\/\/portaltela.pt\/noticias\/2026\/02\/05\/governo-venezuelano-inicia-dialogo-com-oposicao\/#breadcrumb"},"inLanguage":"pt-PT","potentialAction":[{"@type":"ReadAction","target":["https:\/\/portaltela.pt\/noticias\/2026\/02\/05\/governo-venezuelano-inicia-dialogo-com-oposicao\/"]}]},{"@type":"ImageObject","inLanguage":"pt-PT","@id":"https:\/\/portaltela.pt\/noticias\/2026\/02\/05\/governo-venezuelano-inicia-dialogo-com-oposicao\/#primaryimage","url":"https:\/\/portaltela.pt\/s.01k8rhncp4jt1\/2026\/02\/46454349-1.jpg","contentUrl":"https:\/\/portaltela.pt\/s.01k8rhncp4jt1\/2026\/02\/46454349-1.jpg","width":796,"height":448,"caption":"Horas antes, parte da oposi\u00e7\u00e3o venezuelana informou que aceitou um convite de Delcy Rodr\u00edguez para iniciar um processo de di\u00e1logo"},{"@type":"BreadcrumbList","@id":"https:\/\/portaltela.pt\/noticias\/2026\/02\/05\/governo-venezuelano-inicia-dialogo-com-oposicao\/#breadcrumb","itemListElement":[{"@type":"ListItem","position":1,"name":"In\u00edcio","item":"https:\/\/portaltela.pt\/"},{"@type":"ListItem","position":2,"name":"Governo venezuelano inicia di\u00e1logo com oposi\u00e7\u00e3o"}]},{"@type":"WebSite","@id":"https:\/\/portaltela.pt\/#website","url":"https:\/\/portaltela.pt\/","name":"Portal Tela Portugal","description":"","potentialAction":[{"@type":"SearchAction","target":{"@type":"EntryPoint","urlTemplate":"https:\/\/portaltela.pt\/?s={search_term_string}"},"query-input":{"@type":"PropertyValueSpecification","valueRequired":true,"valueName":"search_term_string"}}],"inLanguage":"pt-PT"},{"@type":"Person","@id":"https:\/\/portaltela.pt\/#\/schema\/person\/c4278d4a6028830caff9ee44b42d32ed","name":"Telinha","image":{"@type":"ImageObject","inLanguage":"pt-PT","@id":"https:\/\/portaltela.pt\/s.01k8rhncp4jt1\/2025\/11\/talking-bot-125x125.png","url":"https:\/\/portaltela.pt\/s.01k8rhncp4jt1\/2025\/11\/talking-bot-125x125.png","contentUrl":"https:\/\/portaltela.pt\/s.01k8rhncp4jt1\/2025\/11\/talking-bot-125x125.png","caption":"Telinha"},"sameAs":["https:\/\/portaltela.pt\/"],"url":"https:\/\/portaltela.pt\/por\/367410592786\/"}]}},"_links":{"self":[{"href":"https:\/\/portaltela.pt\/api\/wp\/v2\/posts\/198903","targetHints":{"allow":["GET"]}}],"collection":[{"href":"https:\/\/portaltela.pt\/api\/wp\/v2\/posts"}],"about":[{"href":"https:\/\/portaltela.pt\/api\/wp\/v2\/types\/post"}],"author":[{"embeddable":true,"href":"https:\/\/portaltela.pt\/api\/wp\/v2\/users\/2"}],"replies":[{"embeddable":true,"href":"https:\/\/portaltela.pt\/api\/wp\/v2\/comments?post=198903"}],"version-history":[{"count":0,"href":"https:\/\/portaltela.pt\/api\/wp\/v2\/posts\/198903\/revisions"}],"wp:featuredmedia":[{"embeddable":true,"href":"https:\/\/portaltela.pt\/api\/wp\/v2\/media\/198914"}],"wp:attachment":[{"href":"https:\/\/portaltela.pt\/api\/wp\/v2\/media?parent=198903"}],"wp:term":[{"taxonomy":"category","embeddable":true,"href":"https:\/\/portaltela.pt\/api\/wp\/v2\/categories?post=198903"},{"taxonomy":"post_tag","embeddable":true,"href":"https:\/\/portaltela.pt\/api\/wp\/v2\/tags?post=198903"}],"curies":[{"name":"wp","href":"https:\/\/api.w.org\/{rel}","templated":true}]}}