{"id":198901,"date":"2026-02-05T04:42:09","date_gmt":"2026-02-05T07:42:09","guid":{"rendered":"https:\/\/portaltela.pt\/noticias\/2026\/02\/05\/ventos-mais-fortes-ate-as-9h00\/"},"modified":"2026-02-05T04:42:09","modified_gmt":"2026-02-05T07:42:09","slug":"ventos-mais-fortes-ate-as-9h00","status":"publish","type":"post","link":"https:\/\/portaltela.pt\/noticias\/2026\/02\/05\/ventos-mais-fortes-ate-as-9h00\/","title":{"rendered":"Ventos mais fortes at\u00e9 \u00e0s 9h00"},"content":{"rendered":"<p>O IPMA atualizou hoje a previs\u00e3o de vento para a Madeira e elevou o aviso amarelo de vento forte. Na costa Sul, as rajadas passam de 70 para 80 km\/h; nas zonas montanhosas, o m\u00e1ximo de vento sobe de 95 para 105 km\/h.<\/p>\n<p>O aviso est\u00e1 em vigor desde as 7h20 e termina \u00e0s 9h00. Passado o pior em termos de precipita\u00e7\u00e3o, a agita\u00e7\u00e3o mar\u00edtima permanece em alerta.<\/p>\n<h3>Desdobramentos da situa\u00e7\u00e3o<\/h3>\n<p>Nesta madrugada, a Capitania do Porto do Funchal j\u00e1 tinha prolongado o aviso de vento e agita\u00e7\u00e3o fortes at\u00e9 \u00e0s 6h00 de amanh\u00e3, refor\u00e7ando as recomenda\u00e7\u00f5es aos utilizadores do mar.<\/p>\n<h3>Condi\u00e7\u00f5es de ondula\u00e7\u00e3o e zonas afetadas<\/h3>\n<p>A partir das 12h00 de hoje at\u00e9 \u00e0s 15h00 de amanh\u00e3, a costa Norte e a costa do Porto Santo ficam com onda at\u00e9 12 metros, em alerta laranja. A costa Sul regista agita\u00e7\u00e3o entre as 3h00-12h00 de hoje e 15h00-21h00 de sexta-feira; h\u00e1 ainda agita\u00e7\u00e3o entre as 6h00 de hoje e as 18h00 de amanh\u00e3.<\/p>\n<p>Recomenda-se \u00e0 comunidade mar\u00edtima e ao p\u00fablico em geral cautela ao entrar no mar, aos passarem perto de zonas cost,e e ao planearem desloca\u00e7\u00f5es junto \u00e0 agu\u00e1. Preparem as embarca\u00e7\u00f5es, evitem \u00e1reas expostas e n\u00e3o realizem pesca l\u00fadica junto a fal\u00e9sias.<\/p>\n","protected":false},"excerpt":{"rendered":"<ul>\n<li>O Instituto de Meteorologia alterou a previs\u00e3o para Madeira e aumentou o aviso amarelo de vento forte: costa sul passa de 70 para 80 km\/h e zonas montanhosas chegam a 105 km\/h, com rajadas at\u00e9 105 km\/h.<\/li>\n<li>O aviso est\u00e1 em vigor desde as 7h20 e mant\u00e9m-se at\u00e9 \u00e0s 9h00 de hoje, registando sa\u00edda do pior momento de precipita\u00e7\u00e3o; permanece a agita\u00e7\u00e3o mar\u00edtima.<\/li>\n<li>Em rela\u00e7\u00e3o \u00e0s ondas, o aviso laranja para mar at\u00e9 12 metros aplica-se na costa norte da Madeira e na costa do Porto Santo entre hoje \u00e0s 12h00 e amanh\u00e3 \u00e0s 15h00; na costa sul a agita\u00e7\u00e3o varia entre hoje e sexta-feira, com per\u00edodos espec\u00edficos entre 3h00 e 12h00 e entre 15h00 e 21h00.<\/li>\n<li>A Capitania do Porto do Funchal prorrogou o aviso de vento e agita\u00e7\u00e3o mar\u00edtima fortes at\u00e9 \u00e0s 6h00 de amanh\u00e3, refor\u00e7ando as recomenda\u00e7\u00f5es \u00e0 comunidade mar\u00edtima e ao p\u00fablico.<\/li>\n<li>Recomenda\u00e7\u00f5es-chave: refor\u00e7ar amarra\u00e7\u00e3o de embarca\u00e7\u00f5es, evitar passeios junto ao mar e n\u00e3o praticar pesca l\u00fadica perto de fal\u00e9sias ou zonas de rebenta\u00e7\u00e3o.<\/li>\n<\/ul>\n","protected":false},"author":2,"featured_media":198910,"comment_status":"closed","ping_status":"closed","sticky":false,"template":"","format":"standard","meta":{"footnotes":""},"categories":[1],"tags":[183,3658,4199,859,976,2345],"class_list":["post-198901","post","type-post","status-publish","format-standard","has-post-thumbnail","hentry","category-noticias","tag-agitacao-maritima","tag-aviso-amarelo","tag-costa-norte","tag-madeira","tag-porto-santo","tag-ventos"],"yoast_head":"<!-- This site is optimized with the Yoast SEO plugin v27.2 - https:\/\/yoast.com\/product\/yoast-seo-wordpress\/ -->\n<title>Ventos mais fortes at\u00e9 \u00e0s 9h00 - Portal Tela Portugal<\/title>\n<meta name=\"robots\" content=\"index, follow, max-snippet:-1, max-image-preview:large, max-video-preview:-1\" \/>\n<meta property=\"og:locale\" content=\"pt_PT\" \/>\n<meta property=\"og:type\" content=\"article\" \/>\n<meta property=\"og:title\" content=\"Ventos mais fortes at\u00e9 \u00e0s 9h00 - Portal Tela Portugal\" \/>\n<meta property=\"og:description\" content=\"O Instituto de Meteorologia alterou a previs\u00e3o para Madeira e aumentou o aviso amarelo de vento forte: costa sul passa de 70 para 80 km\/h e zonas montanhosas chegam a 105 km\/h, com rajadas at\u00e9 105 km\/h. O aviso est\u00e1 em vigor desde as 7h20 e mant\u00e9m-se at\u00e9 \u00e0s 9h00 de hoje, registando sa\u00edda do pior momento de precipita\u00e7\u00e3o; permanece a agita\u00e7\u00e3o mar\u00edtima. Em rela\u00e7\u00e3o \u00e0s ondas, o aviso laranja para mar at\u00e9 12 metros aplica-se na costa norte da Madeira e na costa do Porto Santo entre hoje \u00e0s 12h00 e amanh\u00e3 \u00e0s 15h00; na costa sul a agita\u00e7\u00e3o varia entre hoje e sexta-feira, com per\u00edodos espec\u00edficos entre 3h00 e 12h00 e entre 15h00 e 21h00. A Capitania do Porto do Funchal prorrogou o aviso de vento e agita\u00e7\u00e3o mar\u00edtima fortes at\u00e9 \u00e0s 6h00 de amanh\u00e3, refor\u00e7ando as recomenda\u00e7\u00f5es \u00e0 comunidade mar\u00edtima e ao p\u00fablico. Recomenda\u00e7\u00f5es-chave: refor\u00e7ar amarra\u00e7\u00e3o de embarca\u00e7\u00f5es, evitar passeios junto ao mar e n\u00e3o praticar pesca l\u00fadica perto de fal\u00e9sias ou zonas de rebenta\u00e7\u00e3o.\" \/>\n<meta property=\"og:url\" content=\"https:\/\/portaltela.pt\/noticias\/2026\/02\/05\/ventos-mais-fortes-ate-as-9h00\/\" \/>\n<meta property=\"og:site_name\" content=\"Portal Tela Portugal\" \/>\n<meta property=\"article:published_time\" content=\"2026-02-05T07:42:09+00:00\" \/>\n<meta name=\"author\" content=\"Telinha\" \/>\n<meta name=\"twitter:card\" content=\"summary_large_image\" \/>\n<meta name=\"twitter:label1\" content=\"Escrito por\" \/>\n\t<meta name=\"twitter:data1\" content=\"Telinha\" \/>\n\t<meta name=\"twitter:label2\" content=\"Tempo estimado de leitura\" \/>\n\t<meta name=\"twitter:data2\" content=\"1 minuto\" \/>\n<script type=\"application\/ld+json\" class=\"yoast-schema-graph\">{\"@context\":\"https:\/\/schema.org\",\"@graph\":[{\"@type\":\"Article\",\"@id\":\"https:\/\/portaltela.pt\/noticias\/2026\/02\/05\/ventos-mais-fortes-ate-as-9h00\/#article\",\"isPartOf\":{\"@id\":\"https:\/\/portaltela.pt\/noticias\/2026\/02\/05\/ventos-mais-fortes-ate-as-9h00\/\"},\"author\":{\"name\":\"Telinha\",\"@id\":\"https:\/\/portaltela.pt\/#\/schema\/person\/c4278d4a6028830caff9ee44b42d32ed\"},\"headline\":\"Ventos mais fortes at\u00e9 \u00e0s 9h00\",\"datePublished\":\"2026-02-05T07:42:09+00:00\",\"mainEntityOfPage\":{\"@id\":\"https:\/\/portaltela.pt\/noticias\/2026\/02\/05\/ventos-mais-fortes-ate-as-9h00\/\"},\"wordCount\":230,\"image\":{\"@id\":\"https:\/\/portaltela.pt\/noticias\/2026\/02\/05\/ventos-mais-fortes-ate-as-9h00\/#primaryimage\"},\"thumbnailUrl\":\"https:\/\/portaltela.pt\/s.01k8rhncp4jt1\/2026\/02\/20260126_183813.jpg\",\"keywords\":[\"agita\u00e7\u00e3o mar\u00edtima\",\"aviso amarelo\",\"Costa Norte\",\"Madeira\",\"Porto Santo\",\"ventos\"],\"articleSection\":[\"Not\u00edcias\"],\"inLanguage\":\"pt-PT\"},{\"@type\":\"WebPage\",\"@id\":\"https:\/\/portaltela.pt\/noticias\/2026\/02\/05\/ventos-mais-fortes-ate-as-9h00\/\",\"url\":\"https:\/\/portaltela.pt\/noticias\/2026\/02\/05\/ventos-mais-fortes-ate-as-9h00\/\",\"name\":\"Ventos mais fortes at\u00e9 \u00e0s 9h00 - Portal Tela Portugal\",\"isPartOf\":{\"@id\":\"https:\/\/portaltela.pt\/#website\"},\"primaryImageOfPage\":{\"@id\":\"https:\/\/portaltela.pt\/noticias\/2026\/02\/05\/ventos-mais-fortes-ate-as-9h00\/#primaryimage\"},\"image\":{\"@id\":\"https:\/\/portaltela.pt\/noticias\/2026\/02\/05\/ventos-mais-fortes-ate-as-9h00\/#primaryimage\"},\"thumbnailUrl\":\"https:\/\/portaltela.pt\/s.01k8rhncp4jt1\/2026\/02\/20260126_183813.jpg\",\"datePublished\":\"2026-02-05T07:42:09+00:00\",\"author\":{\"@id\":\"https:\/\/portaltela.pt\/#\/schema\/person\/c4278d4a6028830caff9ee44b42d32ed\"},\"breadcrumb\":{\"@id\":\"https:\/\/portaltela.pt\/noticias\/2026\/02\/05\/ventos-mais-fortes-ate-as-9h00\/#breadcrumb\"},\"inLanguage\":\"pt-PT\",\"potentialAction\":[{\"@type\":\"ReadAction\",\"target\":[\"https:\/\/portaltela.pt\/noticias\/2026\/02\/05\/ventos-mais-fortes-ate-as-9h00\/\"]}]},{\"@type\":\"ImageObject\",\"inLanguage\":\"pt-PT\",\"@id\":\"https:\/\/portaltela.pt\/noticias\/2026\/02\/05\/ventos-mais-fortes-ate-as-9h00\/#primaryimage\",\"url\":\"https:\/\/portaltela.pt\/s.01k8rhncp4jt1\/2026\/02\/20260126_183813.jpg\",\"contentUrl\":\"https:\/\/portaltela.pt\/s.01k8rhncp4jt1\/2026\/02\/20260126_183813.jpg\",\"width\":796,\"height\":448,\"caption\":\"Vento sopra mais forte at\u00e9 \u00e0s 9h00\"},{\"@type\":\"BreadcrumbList\",\"@id\":\"https:\/\/portaltela.pt\/noticias\/2026\/02\/05\/ventos-mais-fortes-ate-as-9h00\/#breadcrumb\",\"itemListElement\":[{\"@type\":\"ListItem\",\"position\":1,\"name\":\"In\u00edcio\",\"item\":\"https:\/\/portaltela.pt\/\"},{\"@type\":\"ListItem\",\"position\":2,\"name\":\"Ventos mais fortes at\u00e9 \u00e0s 9h00\"}]},{\"@type\":\"WebSite\",\"@id\":\"https:\/\/portaltela.pt\/#website\",\"url\":\"https:\/\/portaltela.pt\/\",\"name\":\"Portal Tela Portugal\",\"description\":\"\",\"potentialAction\":[{\"@type\":\"SearchAction\",\"target\":{\"@type\":\"EntryPoint\",\"urlTemplate\":\"https:\/\/portaltela.pt\/?s={search_term_string}\"},\"query-input\":{\"@type\":\"PropertyValueSpecification\",\"valueRequired\":true,\"valueName\":\"search_term_string\"}}],\"inLanguage\":\"pt-PT\"},{\"@type\":\"Person\",\"@id\":\"https:\/\/portaltela.pt\/#\/schema\/person\/c4278d4a6028830caff9ee44b42d32ed\",\"name\":\"Telinha\",\"image\":{\"@type\":\"ImageObject\",\"inLanguage\":\"pt-PT\",\"@id\":\"https:\/\/portaltela.pt\/s.01k8rhncp4jt1\/2025\/11\/talking-bot-125x125.png\",\"url\":\"https:\/\/portaltela.pt\/s.01k8rhncp4jt1\/2025\/11\/talking-bot-125x125.png\",\"contentUrl\":\"https:\/\/portaltela.pt\/s.01k8rhncp4jt1\/2025\/11\/talking-bot-125x125.png\",\"caption\":\"Telinha\"},\"sameAs\":[\"https:\/\/portaltela.pt\/\"],\"url\":\"https:\/\/portaltela.pt\/por\/367410592786\/\"}]}<\/script>\n<!-- \/ Yoast SEO plugin. -->","yoast_head_json":{"title":"Ventos mais fortes at\u00e9 \u00e0s 9h00 - Portal Tela Portugal","robots":{"index":"index","follow":"follow","max-snippet":"max-snippet:-1","max-image-preview":"max-image-preview:large","max-video-preview":"max-video-preview:-1"},"og_locale":"pt_PT","og_type":"article","og_title":"Ventos mais fortes at\u00e9 \u00e0s 9h00 - Portal Tela Portugal","og_description":"O Instituto de Meteorologia alterou a previs\u00e3o para Madeira e aumentou o aviso amarelo de vento forte: costa sul passa de 70 para 80 km\/h e zonas montanhosas chegam a 105 km\/h, com rajadas at\u00e9 105 km\/h. O aviso est\u00e1 em vigor desde as 7h20 e mant\u00e9m-se at\u00e9 \u00e0s 9h00 de hoje, registando sa\u00edda do pior momento de precipita\u00e7\u00e3o; permanece a agita\u00e7\u00e3o mar\u00edtima. Em rela\u00e7\u00e3o \u00e0s ondas, o aviso laranja para mar at\u00e9 12 metros aplica-se na costa norte da Madeira e na costa do Porto Santo entre hoje \u00e0s 12h00 e amanh\u00e3 \u00e0s 15h00; na costa sul a agita\u00e7\u00e3o varia entre hoje e sexta-feira, com per\u00edodos espec\u00edficos entre 3h00 e 12h00 e entre 15h00 e 21h00. A Capitania do Porto do Funchal prorrogou o aviso de vento e agita\u00e7\u00e3o mar\u00edtima fortes at\u00e9 \u00e0s 6h00 de amanh\u00e3, refor\u00e7ando as recomenda\u00e7\u00f5es \u00e0 comunidade mar\u00edtima e ao p\u00fablico. Recomenda\u00e7\u00f5es-chave: refor\u00e7ar amarra\u00e7\u00e3o de embarca\u00e7\u00f5es, evitar passeios junto ao mar e n\u00e3o praticar pesca l\u00fadica perto de fal\u00e9sias ou zonas de rebenta\u00e7\u00e3o.","og_url":"https:\/\/portaltela.pt\/noticias\/2026\/02\/05\/ventos-mais-fortes-ate-as-9h00\/","og_site_name":"Portal Tela Portugal","article_published_time":"2026-02-05T07:42:09+00:00","author":"Telinha","twitter_card":"summary_large_image","twitter_misc":{"Escrito por":"Telinha","Tempo estimado de leitura":"1 minuto"},"schema":{"@context":"https:\/\/schema.org","@graph":[{"@type":"Article","@id":"https:\/\/portaltela.pt\/noticias\/2026\/02\/05\/ventos-mais-fortes-ate-as-9h00\/#article","isPartOf":{"@id":"https:\/\/portaltela.pt\/noticias\/2026\/02\/05\/ventos-mais-fortes-ate-as-9h00\/"},"author":{"name":"Telinha","@id":"https:\/\/portaltela.pt\/#\/schema\/person\/c4278d4a6028830caff9ee44b42d32ed"},"headline":"Ventos mais fortes at\u00e9 \u00e0s 9h00","datePublished":"2026-02-05T07:42:09+00:00","mainEntityOfPage":{"@id":"https:\/\/portaltela.pt\/noticias\/2026\/02\/05\/ventos-mais-fortes-ate-as-9h00\/"},"wordCount":230,"image":{"@id":"https:\/\/portaltela.pt\/noticias\/2026\/02\/05\/ventos-mais-fortes-ate-as-9h00\/#primaryimage"},"thumbnailUrl":"https:\/\/portaltela.pt\/s.01k8rhncp4jt1\/2026\/02\/20260126_183813.jpg","keywords":["agita\u00e7\u00e3o mar\u00edtima","aviso amarelo","Costa Norte","Madeira","Porto Santo","ventos"],"articleSection":["Not\u00edcias"],"inLanguage":"pt-PT"},{"@type":"WebPage","@id":"https:\/\/portaltela.pt\/noticias\/2026\/02\/05\/ventos-mais-fortes-ate-as-9h00\/","url":"https:\/\/portaltela.pt\/noticias\/2026\/02\/05\/ventos-mais-fortes-ate-as-9h00\/","name":"Ventos mais fortes at\u00e9 \u00e0s 9h00 - Portal Tela Portugal","isPartOf":{"@id":"https:\/\/portaltela.pt\/#website"},"primaryImageOfPage":{"@id":"https:\/\/portaltela.pt\/noticias\/2026\/02\/05\/ventos-mais-fortes-ate-as-9h00\/#primaryimage"},"image":{"@id":"https:\/\/portaltela.pt\/noticias\/2026\/02\/05\/ventos-mais-fortes-ate-as-9h00\/#primaryimage"},"thumbnailUrl":"https:\/\/portaltela.pt\/s.01k8rhncp4jt1\/2026\/02\/20260126_183813.jpg","datePublished":"2026-02-05T07:42:09+00:00","author":{"@id":"https:\/\/portaltela.pt\/#\/schema\/person\/c4278d4a6028830caff9ee44b42d32ed"},"breadcrumb":{"@id":"https:\/\/portaltela.pt\/noticias\/2026\/02\/05\/ventos-mais-fortes-ate-as-9h00\/#breadcrumb"},"inLanguage":"pt-PT","potentialAction":[{"@type":"ReadAction","target":["https:\/\/portaltela.pt\/noticias\/2026\/02\/05\/ventos-mais-fortes-ate-as-9h00\/"]}]},{"@type":"ImageObject","inLanguage":"pt-PT","@id":"https:\/\/portaltela.pt\/noticias\/2026\/02\/05\/ventos-mais-fortes-ate-as-9h00\/#primaryimage","url":"https:\/\/portaltela.pt\/s.01k8rhncp4jt1\/2026\/02\/20260126_183813.jpg","contentUrl":"https:\/\/portaltela.pt\/s.01k8rhncp4jt1\/2026\/02\/20260126_183813.jpg","width":796,"height":448,"caption":"Vento sopra mais forte at\u00e9 \u00e0s 9h00"},{"@type":"BreadcrumbList","@id":"https:\/\/portaltela.pt\/noticias\/2026\/02\/05\/ventos-mais-fortes-ate-as-9h00\/#breadcrumb","itemListElement":[{"@type":"ListItem","position":1,"name":"In\u00edcio","item":"https:\/\/portaltela.pt\/"},{"@type":"ListItem","position":2,"name":"Ventos mais fortes at\u00e9 \u00e0s 9h00"}]},{"@type":"WebSite","@id":"https:\/\/portaltela.pt\/#website","url":"https:\/\/portaltela.pt\/","name":"Portal Tela Portugal","description":"","potentialAction":[{"@type":"SearchAction","target":{"@type":"EntryPoint","urlTemplate":"https:\/\/portaltela.pt\/?s={search_term_string}"},"query-input":{"@type":"PropertyValueSpecification","valueRequired":true,"valueName":"search_term_string"}}],"inLanguage":"pt-PT"},{"@type":"Person","@id":"https:\/\/portaltela.pt\/#\/schema\/person\/c4278d4a6028830caff9ee44b42d32ed","name":"Telinha","image":{"@type":"ImageObject","inLanguage":"pt-PT","@id":"https:\/\/portaltela.pt\/s.01k8rhncp4jt1\/2025\/11\/talking-bot-125x125.png","url":"https:\/\/portaltela.pt\/s.01k8rhncp4jt1\/2025\/11\/talking-bot-125x125.png","contentUrl":"https:\/\/portaltela.pt\/s.01k8rhncp4jt1\/2025\/11\/talking-bot-125x125.png","caption":"Telinha"},"sameAs":["https:\/\/portaltela.pt\/"],"url":"https:\/\/portaltela.pt\/por\/367410592786\/"}]}},"_links":{"self":[{"href":"https:\/\/portaltela.pt\/api\/wp\/v2\/posts\/198901","targetHints":{"allow":["GET"]}}],"collection":[{"href":"https:\/\/portaltela.pt\/api\/wp\/v2\/posts"}],"about":[{"href":"https:\/\/portaltela.pt\/api\/wp\/v2\/types\/post"}],"author":[{"embeddable":true,"href":"https:\/\/portaltela.pt\/api\/wp\/v2\/users\/2"}],"replies":[{"embeddable":true,"href":"https:\/\/portaltela.pt\/api\/wp\/v2\/comments?post=198901"}],"version-history":[{"count":0,"href":"https:\/\/portaltela.pt\/api\/wp\/v2\/posts\/198901\/revisions"}],"wp:featuredmedia":[{"embeddable":true,"href":"https:\/\/portaltela.pt\/api\/wp\/v2\/media\/198910"}],"wp:attachment":[{"href":"https:\/\/portaltela.pt\/api\/wp\/v2\/media?parent=198901"}],"wp:term":[{"taxonomy":"category","embeddable":true,"href":"https:\/\/portaltela.pt\/api\/wp\/v2\/categories?post=198901"},{"taxonomy":"post_tag","embeddable":true,"href":"https:\/\/portaltela.pt\/api\/wp\/v2\/tags?post=198901"}],"curies":[{"name":"wp","href":"https:\/\/api.w.org\/{rel}","templated":true}]}}