{"id":198864,"date":"2026-02-05T04:16:00","date_gmt":"2026-02-05T07:16:00","guid":{"rendered":"https:\/\/portaltela.pt\/noticias\/2026\/02\/05\/inegi-estuda-causas-de-alteracoes-neurologicas-em-astronautas\/"},"modified":"2026-02-05T04:16:00","modified_gmt":"2026-02-05T07:16:00","slug":"inegi-estuda-causas-de-alteracoes-neurologicas-em-astronautas","status":"publish","type":"post","link":"https:\/\/portaltela.pt\/noticias\/2026\/02\/05\/inegi-estuda-causas-de-alteracoes-neurologicas-em-astronautas\/","title":{"rendered":"INEGI estuda causas de altera\u00e7\u00f5es neurol\u00f3gicas em astronautas"},"content":{"rendered":"<p>O INEGI, Instituto de Ci\u00eancia e Inova\u00e7\u00e3o em Engenharia Mec\u00e2nica e Engenharia Industrial, no Porto, vai estudar as altera\u00e7\u00f5es neurol\u00f3gicas e oculares provocadas por voos espaciais de longa dura\u00e7\u00e3o. A investiga\u00e7\u00e3o utiliza simula\u00e7\u00e3o computacional da microgravidade com dados de astronautas j\u00e1 existentes.<\/p>\n<p>O estudo visa compreender a S\u00edndrome Neuro-Ocular Associada a Voos Espaciais, conhecida como SANS. A condi\u00e7\u00e3o pode afectar a acuidade visual e envolve altera\u00e7\u00f5es neurol\u00f3gicas e oculares observadas em miss\u00f5es prolongadas.<\/p>\n<p>Segundo a coordena\u00e7\u00e3o do INEGI, a incid\u00eancia da SANS aumenta com a dura\u00e7\u00e3o das miss\u00f5es, podendo chegar a 70% em astronautas em perman\u00eancia prolongada no espa\u00e7o. As causas e consequ\u00eancias ainda n\u00e3o est\u00e3o totalmente clarificadas.<\/p>\n<h3>U-SANS: abordagem e desdobramentos<\/h3>\n<p>No projeto designado U-SANS, a equipa pretende explorar a rela\u00e7\u00e3o entre as propriedades biomec\u00e2nicas dos tecidos oculares e cerebrais e a exposi\u00e7\u00e3o \u00e0 microgravidade, atrav\u00e9s de simula\u00e7\u00e3o computacional.<\/p>\n<p>Pretende-se caracterizar as propriedades mec\u00e2nicas dos tecidos do c\u00e9rebro e do olho em condi\u00e7\u00f5es simuladas de microgravidade, bem como determinar frequ\u00eancias naturais de vibra\u00e7\u00e3o e as formas modais desses tecidos.<\/p>\n<p>A investiga\u00e7\u00e3o permitir\u00e1 correlacionar altera\u00e7\u00f5es mec\u00e2nicas com o desenvolvimento da SANS, apoiando estrat\u00e9gias de preven\u00e7\u00e3o e mitiga\u00e7\u00e3o. O objetivo \u00e9 aumentar a seguran\u00e7a das tripula\u00e7\u00f5es em miss\u00f5es de longa dura\u00e7\u00e3o.<\/p>\n<p>A colabora\u00e7\u00e3o envolve a Faculdade de Medicina da Universidade de Lisboa, a Unidade Local de Sa\u00fade de S\u00e3o Jo\u00e3o e o Instituto de Fisiologia e Medicina Espacial, em Fran\u00e7a.<\/p>\n<p>O projeto conta com um financiamento de 50 mil euros pelo PROSSE &#8211; PROdex for Science in Space Exploration, programa da Ag\u00eancia Espacial Portuguesa associado ao PRODEX da ESA.<\/p>\n","protected":false},"excerpt":{"rendered":"<ul>\n<li>O INEGI, Instituto de Ci\u00eancia e Inova\u00e7\u00e3o em Engenharia Mec\u00e2nica e Engenharia Industrial, no Porto, vai estudar altera\u00e7\u00f5es neurol\u00f3gicas e oculares associadas a voos espaciais de longa dura\u00e7\u00e3o.<\/li>\n<li>O estudo usa simula\u00e7\u00e3o computacional da microgravidade para perceber as altera\u00e7\u00f5es neurol\u00f3gicas e oculares que ocorrem ap\u00f3s miss\u00f5es prolongadas, com base em dados fornecidos pelo Instituto de Fisiologia e Medicina Espacial, em Fran\u00e7a.<\/li>\n<li>O projeto U-SANS visa explorar a rela\u00e7\u00e3o entre as propriedades biomec\u00e2nicas dos tecidos oculares e cerebrais e a exposi\u00e7\u00e3o prolongada \u00e0 microgravidade, de modo a caracterizar as respostas desses tecidos.<\/li>\n<li>A investiga\u00e7\u00e3o pretende determinar as frequ\u00eancias naturais de vibra\u00e7\u00e3o e as formas modais dos tecidos, correlacionando altera\u00e7\u00f5es mec\u00e2nicas com o desenvolvimento da S\u00edndrome Neuro Ocular Associada a Voos Espaciais (SANS).<\/li>\n<li>O trabalho \u00e9 realizado com a colabora\u00e7\u00e3o da Faculdade de Medicina da Universidade de Lisboa, da Unidade Local de Sa\u00fade de S\u00e3o Jo\u00e3o e do Instituto de Fisiologia e Medicina Espacial, e \u00e9 financiado com cinquenta mil euros pelo PROSSE, programa da Ag\u00eancia Espacial Portuguesa.<\/li>\n<\/ul>\n","protected":false},"author":2,"featured_media":198869,"comment_status":"closed","ping_status":"closed","sticky":false,"template":"","format":"standard","meta":{"footnotes":""},"categories":[1],"tags":[4558,2982,1992,159,5234,3265],"class_list":["post-198864","post","type-post","status-publish","format-standard","has-post-thumbnail","hentry","category-noticias","tag-a-aeronautica","tag-agencia-espacial-portuguesa","tag-ciencia","tag-investigacao-cientifica","tag-neurociencia","tag-oftalmologia"],"yoast_head":"<!-- This site is optimized with the Yoast SEO plugin v27.2 - https:\/\/yoast.com\/product\/yoast-seo-wordpress\/ -->\n<title>INEGI estuda causas de altera\u00e7\u00f5es neurol\u00f3gicas em astronautas - Portal Tela Portugal<\/title>\n<meta name=\"robots\" content=\"index, follow, max-snippet:-1, max-image-preview:large, max-video-preview:-1\" \/>\n<meta property=\"og:locale\" content=\"pt_PT\" \/>\n<meta property=\"og:type\" content=\"article\" \/>\n<meta property=\"og:title\" content=\"INEGI estuda causas de altera\u00e7\u00f5es neurol\u00f3gicas em astronautas - Portal Tela Portugal\" \/>\n<meta property=\"og:description\" content=\"O INEGI, Instituto de Ci\u00eancia e Inova\u00e7\u00e3o em Engenharia Mec\u00e2nica e Engenharia Industrial, no Porto, vai estudar altera\u00e7\u00f5es neurol\u00f3gicas e oculares associadas a voos espaciais de longa dura\u00e7\u00e3o. O estudo usa simula\u00e7\u00e3o computacional da microgravidade para perceber as altera\u00e7\u00f5es neurol\u00f3gicas e oculares que ocorrem ap\u00f3s miss\u00f5es prolongadas, com base em dados fornecidos pelo Instituto de Fisiologia e Medicina Espacial, em Fran\u00e7a. O projeto U-SANS visa explorar a rela\u00e7\u00e3o entre as propriedades biomec\u00e2nicas dos tecidos oculares e cerebrais e a exposi\u00e7\u00e3o prolongada \u00e0 microgravidade, de modo a caracterizar as respostas desses tecidos. A investiga\u00e7\u00e3o pretende determinar as frequ\u00eancias naturais de vibra\u00e7\u00e3o e as formas modais dos tecidos, correlacionando altera\u00e7\u00f5es mec\u00e2nicas com o desenvolvimento da S\u00edndrome Neuro Ocular Associada a Voos Espaciais (SANS). O trabalho \u00e9 realizado com a colabora\u00e7\u00e3o da Faculdade de Medicina da Universidade de Lisboa, da Unidade Local de Sa\u00fade de S\u00e3o Jo\u00e3o e do Instituto de Fisiologia e Medicina Espacial, e \u00e9 financiado com cinquenta mil euros pelo PROSSE, programa da Ag\u00eancia Espacial Portuguesa.\" \/>\n<meta property=\"og:url\" content=\"https:\/\/portaltela.pt\/noticias\/2026\/02\/05\/inegi-estuda-causas-de-alteracoes-neurologicas-em-astronautas\/\" \/>\n<meta property=\"og:site_name\" content=\"Portal Tela Portugal\" \/>\n<meta property=\"article:published_time\" content=\"2026-02-05T07:16:00+00:00\" \/>\n<meta name=\"author\" content=\"Telinha\" \/>\n<meta name=\"twitter:card\" content=\"summary_large_image\" \/>\n<meta name=\"twitter:label1\" content=\"Escrito por\" \/>\n\t<meta name=\"twitter:data1\" content=\"Telinha\" \/>\n\t<meta name=\"twitter:label2\" content=\"Tempo estimado de leitura\" \/>\n\t<meta name=\"twitter:data2\" content=\"2 minutos\" \/>\n<script type=\"application\/ld+json\" class=\"yoast-schema-graph\">{\"@context\":\"https:\/\/schema.org\",\"@graph\":[{\"@type\":\"Article\",\"@id\":\"https:\/\/portaltela.pt\/noticias\/2026\/02\/05\/inegi-estuda-causas-de-alteracoes-neurologicas-em-astronautas\/#article\",\"isPartOf\":{\"@id\":\"https:\/\/portaltela.pt\/noticias\/2026\/02\/05\/inegi-estuda-causas-de-alteracoes-neurologicas-em-astronautas\/\"},\"author\":{\"name\":\"Telinha\",\"@id\":\"https:\/\/portaltela.pt\/#\/schema\/person\/c4278d4a6028830caff9ee44b42d32ed\"},\"headline\":\"INEGI estuda causas de altera\u00e7\u00f5es neurol\u00f3gicas em astronautas\",\"datePublished\":\"2026-02-05T07:16:00+00:00\",\"mainEntityOfPage\":{\"@id\":\"https:\/\/portaltela.pt\/noticias\/2026\/02\/05\/inegi-estuda-causas-de-alteracoes-neurologicas-em-astronautas\/\"},\"wordCount\":312,\"image\":{\"@id\":\"https:\/\/portaltela.pt\/noticias\/2026\/02\/05\/inegi-estuda-causas-de-alteracoes-neurologicas-em-astronautas\/#primaryimage\"},\"thumbnailUrl\":\"https:\/\/portaltela.pt\/s.01k8rhncp4jt1\/2026\/02\/unnamed-file-1490.jpg\",\"keywords\":[\"a aeron\u00e1utica\",\"Ag\u00eancia Espacial Portuguesa\",\"ci\u00eancia\",\"investiga\u00e7\u00e3o cient\u00edfica\",\"neuroci\u00eancia\",\"Oftalmologia\"],\"articleSection\":[\"Not\u00edcias\"],\"inLanguage\":\"pt-PT\"},{\"@type\":\"WebPage\",\"@id\":\"https:\/\/portaltela.pt\/noticias\/2026\/02\/05\/inegi-estuda-causas-de-alteracoes-neurologicas-em-astronautas\/\",\"url\":\"https:\/\/portaltela.pt\/noticias\/2026\/02\/05\/inegi-estuda-causas-de-alteracoes-neurologicas-em-astronautas\/\",\"name\":\"INEGI estuda causas de altera\u00e7\u00f5es neurol\u00f3gicas em astronautas - Portal Tela Portugal\",\"isPartOf\":{\"@id\":\"https:\/\/portaltela.pt\/#website\"},\"primaryImageOfPage\":{\"@id\":\"https:\/\/portaltela.pt\/noticias\/2026\/02\/05\/inegi-estuda-causas-de-alteracoes-neurologicas-em-astronautas\/#primaryimage\"},\"image\":{\"@id\":\"https:\/\/portaltela.pt\/noticias\/2026\/02\/05\/inegi-estuda-causas-de-alteracoes-neurologicas-em-astronautas\/#primaryimage\"},\"thumbnailUrl\":\"https:\/\/portaltela.pt\/s.01k8rhncp4jt1\/2026\/02\/unnamed-file-1490.jpg\",\"datePublished\":\"2026-02-05T07:16:00+00:00\",\"author\":{\"@id\":\"https:\/\/portaltela.pt\/#\/schema\/person\/c4278d4a6028830caff9ee44b42d32ed\"},\"breadcrumb\":{\"@id\":\"https:\/\/portaltela.pt\/noticias\/2026\/02\/05\/inegi-estuda-causas-de-alteracoes-neurologicas-em-astronautas\/#breadcrumb\"},\"inLanguage\":\"pt-PT\",\"potentialAction\":[{\"@type\":\"ReadAction\",\"target\":[\"https:\/\/portaltela.pt\/noticias\/2026\/02\/05\/inegi-estuda-causas-de-alteracoes-neurologicas-em-astronautas\/\"]}]},{\"@type\":\"ImageObject\",\"inLanguage\":\"pt-PT\",\"@id\":\"https:\/\/portaltela.pt\/noticias\/2026\/02\/05\/inegi-estuda-causas-de-alteracoes-neurologicas-em-astronautas\/#primaryimage\",\"url\":\"https:\/\/portaltela.pt\/s.01k8rhncp4jt1\/2026\/02\/unnamed-file-1490.jpg\",\"contentUrl\":\"https:\/\/portaltela.pt\/s.01k8rhncp4jt1\/2026\/02\/unnamed-file-1490.jpg\",\"width\":796,\"height\":448,\"caption\":\"INEGI vai estudar causas de altera\u00e7\u00f5es neurol\u00f3gicas dos astronautas\"},{\"@type\":\"BreadcrumbList\",\"@id\":\"https:\/\/portaltela.pt\/noticias\/2026\/02\/05\/inegi-estuda-causas-de-alteracoes-neurologicas-em-astronautas\/#breadcrumb\",\"itemListElement\":[{\"@type\":\"ListItem\",\"position\":1,\"name\":\"In\u00edcio\",\"item\":\"https:\/\/portaltela.pt\/\"},{\"@type\":\"ListItem\",\"position\":2,\"name\":\"INEGI estuda causas de altera\u00e7\u00f5es neurol\u00f3gicas em astronautas\"}]},{\"@type\":\"WebSite\",\"@id\":\"https:\/\/portaltela.pt\/#website\",\"url\":\"https:\/\/portaltela.pt\/\",\"name\":\"Portal Tela Portugal\",\"description\":\"\",\"potentialAction\":[{\"@type\":\"SearchAction\",\"target\":{\"@type\":\"EntryPoint\",\"urlTemplate\":\"https:\/\/portaltela.pt\/?s={search_term_string}\"},\"query-input\":{\"@type\":\"PropertyValueSpecification\",\"valueRequired\":true,\"valueName\":\"search_term_string\"}}],\"inLanguage\":\"pt-PT\"},{\"@type\":\"Person\",\"@id\":\"https:\/\/portaltela.pt\/#\/schema\/person\/c4278d4a6028830caff9ee44b42d32ed\",\"name\":\"Telinha\",\"image\":{\"@type\":\"ImageObject\",\"inLanguage\":\"pt-PT\",\"@id\":\"https:\/\/portaltela.pt\/s.01k8rhncp4jt1\/2025\/11\/talking-bot-125x125.png\",\"url\":\"https:\/\/portaltela.pt\/s.01k8rhncp4jt1\/2025\/11\/talking-bot-125x125.png\",\"contentUrl\":\"https:\/\/portaltela.pt\/s.01k8rhncp4jt1\/2025\/11\/talking-bot-125x125.png\",\"caption\":\"Telinha\"},\"sameAs\":[\"https:\/\/portaltela.pt\/\"],\"url\":\"https:\/\/portaltela.pt\/por\/367410592786\/\"}]}<\/script>\n<!-- \/ Yoast SEO plugin. -->","yoast_head_json":{"title":"INEGI estuda causas de altera\u00e7\u00f5es neurol\u00f3gicas em astronautas - Portal Tela Portugal","robots":{"index":"index","follow":"follow","max-snippet":"max-snippet:-1","max-image-preview":"max-image-preview:large","max-video-preview":"max-video-preview:-1"},"og_locale":"pt_PT","og_type":"article","og_title":"INEGI estuda causas de altera\u00e7\u00f5es neurol\u00f3gicas em astronautas - Portal Tela Portugal","og_description":"O INEGI, Instituto de Ci\u00eancia e Inova\u00e7\u00e3o em Engenharia Mec\u00e2nica e Engenharia Industrial, no Porto, vai estudar altera\u00e7\u00f5es neurol\u00f3gicas e oculares associadas a voos espaciais de longa dura\u00e7\u00e3o. O estudo usa simula\u00e7\u00e3o computacional da microgravidade para perceber as altera\u00e7\u00f5es neurol\u00f3gicas e oculares que ocorrem ap\u00f3s miss\u00f5es prolongadas, com base em dados fornecidos pelo Instituto de Fisiologia e Medicina Espacial, em Fran\u00e7a. O projeto U-SANS visa explorar a rela\u00e7\u00e3o entre as propriedades biomec\u00e2nicas dos tecidos oculares e cerebrais e a exposi\u00e7\u00e3o prolongada \u00e0 microgravidade, de modo a caracterizar as respostas desses tecidos. A investiga\u00e7\u00e3o pretende determinar as frequ\u00eancias naturais de vibra\u00e7\u00e3o e as formas modais dos tecidos, correlacionando altera\u00e7\u00f5es mec\u00e2nicas com o desenvolvimento da S\u00edndrome Neuro Ocular Associada a Voos Espaciais (SANS). O trabalho \u00e9 realizado com a colabora\u00e7\u00e3o da Faculdade de Medicina da Universidade de Lisboa, da Unidade Local de Sa\u00fade de S\u00e3o Jo\u00e3o e do Instituto de Fisiologia e Medicina Espacial, e \u00e9 financiado com cinquenta mil euros pelo PROSSE, programa da Ag\u00eancia Espacial Portuguesa.","og_url":"https:\/\/portaltela.pt\/noticias\/2026\/02\/05\/inegi-estuda-causas-de-alteracoes-neurologicas-em-astronautas\/","og_site_name":"Portal Tela Portugal","article_published_time":"2026-02-05T07:16:00+00:00","author":"Telinha","twitter_card":"summary_large_image","twitter_misc":{"Escrito por":"Telinha","Tempo estimado de leitura":"2 minutos"},"schema":{"@context":"https:\/\/schema.org","@graph":[{"@type":"Article","@id":"https:\/\/portaltela.pt\/noticias\/2026\/02\/05\/inegi-estuda-causas-de-alteracoes-neurologicas-em-astronautas\/#article","isPartOf":{"@id":"https:\/\/portaltela.pt\/noticias\/2026\/02\/05\/inegi-estuda-causas-de-alteracoes-neurologicas-em-astronautas\/"},"author":{"name":"Telinha","@id":"https:\/\/portaltela.pt\/#\/schema\/person\/c4278d4a6028830caff9ee44b42d32ed"},"headline":"INEGI estuda causas de altera\u00e7\u00f5es neurol\u00f3gicas em astronautas","datePublished":"2026-02-05T07:16:00+00:00","mainEntityOfPage":{"@id":"https:\/\/portaltela.pt\/noticias\/2026\/02\/05\/inegi-estuda-causas-de-alteracoes-neurologicas-em-astronautas\/"},"wordCount":312,"image":{"@id":"https:\/\/portaltela.pt\/noticias\/2026\/02\/05\/inegi-estuda-causas-de-alteracoes-neurologicas-em-astronautas\/#primaryimage"},"thumbnailUrl":"https:\/\/portaltela.pt\/s.01k8rhncp4jt1\/2026\/02\/unnamed-file-1490.jpg","keywords":["a aeron\u00e1utica","Ag\u00eancia Espacial Portuguesa","ci\u00eancia","investiga\u00e7\u00e3o cient\u00edfica","neuroci\u00eancia","Oftalmologia"],"articleSection":["Not\u00edcias"],"inLanguage":"pt-PT"},{"@type":"WebPage","@id":"https:\/\/portaltela.pt\/noticias\/2026\/02\/05\/inegi-estuda-causas-de-alteracoes-neurologicas-em-astronautas\/","url":"https:\/\/portaltela.pt\/noticias\/2026\/02\/05\/inegi-estuda-causas-de-alteracoes-neurologicas-em-astronautas\/","name":"INEGI estuda causas de altera\u00e7\u00f5es neurol\u00f3gicas em astronautas - Portal Tela Portugal","isPartOf":{"@id":"https:\/\/portaltela.pt\/#website"},"primaryImageOfPage":{"@id":"https:\/\/portaltela.pt\/noticias\/2026\/02\/05\/inegi-estuda-causas-de-alteracoes-neurologicas-em-astronautas\/#primaryimage"},"image":{"@id":"https:\/\/portaltela.pt\/noticias\/2026\/02\/05\/inegi-estuda-causas-de-alteracoes-neurologicas-em-astronautas\/#primaryimage"},"thumbnailUrl":"https:\/\/portaltela.pt\/s.01k8rhncp4jt1\/2026\/02\/unnamed-file-1490.jpg","datePublished":"2026-02-05T07:16:00+00:00","author":{"@id":"https:\/\/portaltela.pt\/#\/schema\/person\/c4278d4a6028830caff9ee44b42d32ed"},"breadcrumb":{"@id":"https:\/\/portaltela.pt\/noticias\/2026\/02\/05\/inegi-estuda-causas-de-alteracoes-neurologicas-em-astronautas\/#breadcrumb"},"inLanguage":"pt-PT","potentialAction":[{"@type":"ReadAction","target":["https:\/\/portaltela.pt\/noticias\/2026\/02\/05\/inegi-estuda-causas-de-alteracoes-neurologicas-em-astronautas\/"]}]},{"@type":"ImageObject","inLanguage":"pt-PT","@id":"https:\/\/portaltela.pt\/noticias\/2026\/02\/05\/inegi-estuda-causas-de-alteracoes-neurologicas-em-astronautas\/#primaryimage","url":"https:\/\/portaltela.pt\/s.01k8rhncp4jt1\/2026\/02\/unnamed-file-1490.jpg","contentUrl":"https:\/\/portaltela.pt\/s.01k8rhncp4jt1\/2026\/02\/unnamed-file-1490.jpg","width":796,"height":448,"caption":"INEGI vai estudar causas de altera\u00e7\u00f5es neurol\u00f3gicas dos astronautas"},{"@type":"BreadcrumbList","@id":"https:\/\/portaltela.pt\/noticias\/2026\/02\/05\/inegi-estuda-causas-de-alteracoes-neurologicas-em-astronautas\/#breadcrumb","itemListElement":[{"@type":"ListItem","position":1,"name":"In\u00edcio","item":"https:\/\/portaltela.pt\/"},{"@type":"ListItem","position":2,"name":"INEGI estuda causas de altera\u00e7\u00f5es neurol\u00f3gicas em astronautas"}]},{"@type":"WebSite","@id":"https:\/\/portaltela.pt\/#website","url":"https:\/\/portaltela.pt\/","name":"Portal Tela Portugal","description":"","potentialAction":[{"@type":"SearchAction","target":{"@type":"EntryPoint","urlTemplate":"https:\/\/portaltela.pt\/?s={search_term_string}"},"query-input":{"@type":"PropertyValueSpecification","valueRequired":true,"valueName":"search_term_string"}}],"inLanguage":"pt-PT"},{"@type":"Person","@id":"https:\/\/portaltela.pt\/#\/schema\/person\/c4278d4a6028830caff9ee44b42d32ed","name":"Telinha","image":{"@type":"ImageObject","inLanguage":"pt-PT","@id":"https:\/\/portaltela.pt\/s.01k8rhncp4jt1\/2025\/11\/talking-bot-125x125.png","url":"https:\/\/portaltela.pt\/s.01k8rhncp4jt1\/2025\/11\/talking-bot-125x125.png","contentUrl":"https:\/\/portaltela.pt\/s.01k8rhncp4jt1\/2025\/11\/talking-bot-125x125.png","caption":"Telinha"},"sameAs":["https:\/\/portaltela.pt\/"],"url":"https:\/\/portaltela.pt\/por\/367410592786\/"}]}},"_links":{"self":[{"href":"https:\/\/portaltela.pt\/api\/wp\/v2\/posts\/198864","targetHints":{"allow":["GET"]}}],"collection":[{"href":"https:\/\/portaltela.pt\/api\/wp\/v2\/posts"}],"about":[{"href":"https:\/\/portaltela.pt\/api\/wp\/v2\/types\/post"}],"author":[{"embeddable":true,"href":"https:\/\/portaltela.pt\/api\/wp\/v2\/users\/2"}],"replies":[{"embeddable":true,"href":"https:\/\/portaltela.pt\/api\/wp\/v2\/comments?post=198864"}],"version-history":[{"count":0,"href":"https:\/\/portaltela.pt\/api\/wp\/v2\/posts\/198864\/revisions"}],"wp:featuredmedia":[{"embeddable":true,"href":"https:\/\/portaltela.pt\/api\/wp\/v2\/media\/198869"}],"wp:attachment":[{"href":"https:\/\/portaltela.pt\/api\/wp\/v2\/media?parent=198864"}],"wp:term":[{"taxonomy":"category","embeddable":true,"href":"https:\/\/portaltela.pt\/api\/wp\/v2\/categories?post=198864"},{"taxonomy":"post_tag","embeddable":true,"href":"https:\/\/portaltela.pt\/api\/wp\/v2\/tags?post=198864"}],"curies":[{"name":"wp","href":"https:\/\/api.w.org\/{rel}","templated":true}]}}