{"id":198862,"date":"2026-02-05T04:15:00","date_gmt":"2026-02-05T07:15:00","guid":{"rendered":"https:\/\/portaltela.pt\/noticias\/2026\/02\/05\/encontro-na-casa-branca-preserva-tradicao-dos-cantadores-de-saias\/"},"modified":"2026-02-05T04:15:00","modified_gmt":"2026-02-05T07:15:00","slug":"encontro-na-casa-branca-preserva-tradicao-dos-cantadores-de-saias","status":"publish","type":"post","link":"https:\/\/portaltela.pt\/noticias\/2026\/02\/05\/encontro-na-casa-branca-preserva-tradicao-dos-cantadores-de-saias\/","title":{"rendered":"Encontro na Casa Branca preserva tradi\u00e7\u00e3o dos Cantadores de Saias"},"content":{"rendered":"<p>O XII Encontro de Cantadores de Saias realizou-se no passado dia 31 de janeiro, na Casa do Povo de Casa Branca, em pleno Alentejo. A iniciativa visa valorizar e preservar uma das express\u00f5es musicais mais pr\u00f3prias da regi\u00e3o, reunindo p\u00fablico para uma tarde de conv\u00edvio.<\/p>\n<p>O evento trouxe uma mostra diversificada do folclore local, com grupos que mant\u00eam viva a arte do cante e da dan\u00e7a. Foram anfitri\u00f5es os Mondadeiras, de Casa Branca, acompanhados pelo Rancho Folcl\u00f3rico da Casa do Povo de Ponte de Sor, pelo Rancho Folcl\u00f3rico de Avis e pelo Grupo Folcl\u00f3rico e Cultural do Boavista, de Portalegre.<\/p>\n<p>A qualidade das atua\u00e7\u00f5es evidenciou a riqueza do patrim\u00f3nio imaterial do distrito, com letras e melodias das saias a ecoar a identidade alentejana. O encontro refor\u00e7ou o papel do cante como ve\u00edculo de transmiss\u00e3o cultural entre gera\u00e7\u00f5es.<\/p>\n<h3>Participantes<\/h3>\n<p>O XII Encontro contou com a participa\u00e7\u00e3o de quatro grupos destacados pela sua tradi\u00e7\u00e3o: o Rancho Folcl\u00f3rico \u201cAs Mondadeiras\u201d de Casa Branca, o Rancho Folcl\u00f3rico da Casa do Povo de Ponte de Sor, o Rancho Folcl\u00f3rico de Avis e o Grupo Folcl\u00f3rico e Cultural do Boavista, de Portalegre.<\/p>\n<p>A vertente performativa do evento permitiu um interc\u00e2mbio entre comunidades vizinhas, sublinhando a preserva\u00e7\u00e3o de coreografias e repert\u00f3rios que caracterizam as celebra\u00e7\u00f5es populares da regi\u00e3o.<\/p>\n<h3>Apoio institucional<\/h3>\n<p>A presen\u00e7a da Vice-Presidente da C\u00e2mara Municipal de Sousel, S\u00edlvia Eliseu, e do Vereador Ant\u00f3nio D\u00e2maso destacou a import\u00e2ncia da autarquia na dinamiza\u00e7\u00e3o cultural do concelho. A C\u00e2mara refor\u00e7ou o papel destas iniciativas na transmiss\u00e3o de costumes aos jovens.<\/p>\n","protected":false},"excerpt":{"rendered":"<ul>\n<li>No 31 de janeiro, a Casa do Povo de Casa Branca recebeu o XII Encontro de Cantadores de Saias, evento que celebra a express\u00e3o musical alentejana.<\/li>\n<li>O encontro reuniu grupos folcl\u00f3ricos locais, como o Rancho Folcl\u00f3rico \u201cAs Mondadeiras\u201d de Casa Branca, o Rancho Folcl\u00f3rico da Casa do Povo de Ponte de Sor, o Rancho Folcl\u00f3rico de Avis e o Grupo Folcl\u00f3rico e Cultural do Boavista de Portalegre.<\/li>\n<li>As atua\u00e7\u00f5es destacaram a riqueza do patrim\u00f3nio imaterial do distrito e a identidade regional, com as letras e melodias das sai as a ecoarem no palco.<\/li>\n<li>A presen\u00e7a da Vice-Presidente da C\u00e2mara Municipal de Sousel, S\u00edlvia Eliseu, e do Vereador Ant\u00f3nio D\u00e2maso sublinhou o papel da iniciativa na dinamiza\u00e7\u00e3o cultural do concelho.<\/li>\n<li>O evento refor\u00e7a Casa Branca como baluarte da cultura popular alentejana, promovendo interc\u00e2mbio entre comunidades e a transmiss\u00e3o de costumes aos mais jovens.<\/li>\n<\/ul>\n","protected":false},"author":2,"featured_media":198870,"comment_status":"closed","ping_status":"closed","sticky":false,"template":"","format":"standard","meta":{"footnotes":""},"categories":[1],"tags":[883,145,122,1175,3295,1075],"class_list":["post-198862","post","type-post","status-publish","format-standard","has-post-thumbnail","hentry","category-noticias","tag-alentejo","tag-cultura","tag-musica","tag-patrimonio-cultural","tag-patrimonio-imaterial","tag-portalegre"],"yoast_head":"<!-- This site is optimized with the Yoast SEO plugin v27.2 - https:\/\/yoast.com\/product\/yoast-seo-wordpress\/ -->\n<title>Encontro na Casa Branca preserva tradi\u00e7\u00e3o dos Cantadores de Saias - Portal Tela Portugal<\/title>\n<meta name=\"robots\" content=\"index, follow, max-snippet:-1, max-image-preview:large, max-video-preview:-1\" \/>\n<meta property=\"og:locale\" content=\"pt_PT\" \/>\n<meta property=\"og:type\" content=\"article\" \/>\n<meta property=\"og:title\" content=\"Encontro na Casa Branca preserva tradi\u00e7\u00e3o dos Cantadores de Saias - Portal Tela Portugal\" \/>\n<meta property=\"og:description\" content=\"No 31 de janeiro, a Casa do Povo de Casa Branca recebeu o XII Encontro de Cantadores de Saias, evento que celebra a express\u00e3o musical alentejana. O encontro reuniu grupos folcl\u00f3ricos locais, como o Rancho Folcl\u00f3rico \u201cAs Mondadeiras\u201d de Casa Branca, o Rancho Folcl\u00f3rico da Casa do Povo de Ponte de Sor, o Rancho Folcl\u00f3rico de Avis e o Grupo Folcl\u00f3rico e Cultural do Boavista de Portalegre. As atua\u00e7\u00f5es destacaram a riqueza do patrim\u00f3nio imaterial do distrito e a identidade regional, com as letras e melodias das sai as a ecoarem no palco. A presen\u00e7a da Vice-Presidente da C\u00e2mara Municipal de Sousel, S\u00edlvia Eliseu, e do Vereador Ant\u00f3nio D\u00e2maso sublinhou o papel da iniciativa na dinamiza\u00e7\u00e3o cultural do concelho. O evento refor\u00e7a Casa Branca como baluarte da cultura popular alentejana, promovendo interc\u00e2mbio entre comunidades e a transmiss\u00e3o de costumes aos mais jovens.\" \/>\n<meta property=\"og:url\" content=\"https:\/\/portaltela.pt\/noticias\/2026\/02\/05\/encontro-na-casa-branca-preserva-tradicao-dos-cantadores-de-saias\/\" \/>\n<meta property=\"og:site_name\" content=\"Portal Tela Portugal\" \/>\n<meta property=\"article:published_time\" content=\"2026-02-05T07:15:00+00:00\" \/>\n<meta name=\"author\" content=\"Telinha\" \/>\n<meta name=\"twitter:card\" content=\"summary_large_image\" \/>\n<meta name=\"twitter:label1\" content=\"Escrito por\" \/>\n\t<meta name=\"twitter:data1\" content=\"Telinha\" \/>\n\t<meta name=\"twitter:label2\" content=\"Tempo estimado de leitura\" \/>\n\t<meta name=\"twitter:data2\" content=\"1 minuto\" \/>\n<script type=\"application\/ld+json\" class=\"yoast-schema-graph\">{\"@context\":\"https:\/\/schema.org\",\"@graph\":[{\"@type\":\"Article\",\"@id\":\"https:\/\/portaltela.pt\/noticias\/2026\/02\/05\/encontro-na-casa-branca-preserva-tradicao-dos-cantadores-de-saias\/#article\",\"isPartOf\":{\"@id\":\"https:\/\/portaltela.pt\/noticias\/2026\/02\/05\/encontro-na-casa-branca-preserva-tradicao-dos-cantadores-de-saias\/\"},\"author\":{\"name\":\"Telinha\",\"@id\":\"https:\/\/portaltela.pt\/#\/schema\/person\/c4278d4a6028830caff9ee44b42d32ed\"},\"headline\":\"Encontro na Casa Branca preserva tradi\u00e7\u00e3o dos Cantadores de Saias\",\"datePublished\":\"2026-02-05T07:15:00+00:00\",\"mainEntityOfPage\":{\"@id\":\"https:\/\/portaltela.pt\/noticias\/2026\/02\/05\/encontro-na-casa-branca-preserva-tradicao-dos-cantadores-de-saias\/\"},\"wordCount\":300,\"image\":{\"@id\":\"https:\/\/portaltela.pt\/noticias\/2026\/02\/05\/encontro-na-casa-branca-preserva-tradicao-dos-cantadores-de-saias\/#primaryimage\"},\"thumbnailUrl\":\"https:\/\/portaltela.pt\/s.01k8rhncp4jt1\/2026\/02\/unnamed-file-1490.jpg\",\"keywords\":[\"Alentejo\",\"cultura\",\"m\u00fasica\",\"Patrim\u00f3nio Cultural\",\"patrim\u00f3nio imaterial\",\"Portalegre\"],\"articleSection\":[\"Not\u00edcias\"],\"inLanguage\":\"pt-PT\"},{\"@type\":\"WebPage\",\"@id\":\"https:\/\/portaltela.pt\/noticias\/2026\/02\/05\/encontro-na-casa-branca-preserva-tradicao-dos-cantadores-de-saias\/\",\"url\":\"https:\/\/portaltela.pt\/noticias\/2026\/02\/05\/encontro-na-casa-branca-preserva-tradicao-dos-cantadores-de-saias\/\",\"name\":\"Encontro na Casa Branca preserva tradi\u00e7\u00e3o dos Cantadores de Saias - Portal Tela Portugal\",\"isPartOf\":{\"@id\":\"https:\/\/portaltela.pt\/#website\"},\"primaryImageOfPage\":{\"@id\":\"https:\/\/portaltela.pt\/noticias\/2026\/02\/05\/encontro-na-casa-branca-preserva-tradicao-dos-cantadores-de-saias\/#primaryimage\"},\"image\":{\"@id\":\"https:\/\/portaltela.pt\/noticias\/2026\/02\/05\/encontro-na-casa-branca-preserva-tradicao-dos-cantadores-de-saias\/#primaryimage\"},\"thumbnailUrl\":\"https:\/\/portaltela.pt\/s.01k8rhncp4jt1\/2026\/02\/unnamed-file-1490.jpg\",\"datePublished\":\"2026-02-05T07:15:00+00:00\",\"author\":{\"@id\":\"https:\/\/portaltela.pt\/#\/schema\/person\/c4278d4a6028830caff9ee44b42d32ed\"},\"breadcrumb\":{\"@id\":\"https:\/\/portaltela.pt\/noticias\/2026\/02\/05\/encontro-na-casa-branca-preserva-tradicao-dos-cantadores-de-saias\/#breadcrumb\"},\"inLanguage\":\"pt-PT\",\"potentialAction\":[{\"@type\":\"ReadAction\",\"target\":[\"https:\/\/portaltela.pt\/noticias\/2026\/02\/05\/encontro-na-casa-branca-preserva-tradicao-dos-cantadores-de-saias\/\"]}]},{\"@type\":\"ImageObject\",\"inLanguage\":\"pt-PT\",\"@id\":\"https:\/\/portaltela.pt\/noticias\/2026\/02\/05\/encontro-na-casa-branca-preserva-tradicao-dos-cantadores-de-saias\/#primaryimage\",\"url\":\"https:\/\/portaltela.pt\/s.01k8rhncp4jt1\/2026\/02\/unnamed-file-1490.jpg\",\"contentUrl\":\"https:\/\/portaltela.pt\/s.01k8rhncp4jt1\/2026\/02\/unnamed-file-1490.jpg\",\"width\":796,\"height\":448,\"caption\":\"Cultura Popular: Encontro em Casa Branca mant\u00e9m viva a tradi\u00e7\u00e3o dos Cantadores de Saias\"},{\"@type\":\"BreadcrumbList\",\"@id\":\"https:\/\/portaltela.pt\/noticias\/2026\/02\/05\/encontro-na-casa-branca-preserva-tradicao-dos-cantadores-de-saias\/#breadcrumb\",\"itemListElement\":[{\"@type\":\"ListItem\",\"position\":1,\"name\":\"In\u00edcio\",\"item\":\"https:\/\/portaltela.pt\/\"},{\"@type\":\"ListItem\",\"position\":2,\"name\":\"Encontro na Casa Branca preserva tradi\u00e7\u00e3o dos Cantadores de Saias\"}]},{\"@type\":\"WebSite\",\"@id\":\"https:\/\/portaltela.pt\/#website\",\"url\":\"https:\/\/portaltela.pt\/\",\"name\":\"Portal Tela Portugal\",\"description\":\"\",\"potentialAction\":[{\"@type\":\"SearchAction\",\"target\":{\"@type\":\"EntryPoint\",\"urlTemplate\":\"https:\/\/portaltela.pt\/?s={search_term_string}\"},\"query-input\":{\"@type\":\"PropertyValueSpecification\",\"valueRequired\":true,\"valueName\":\"search_term_string\"}}],\"inLanguage\":\"pt-PT\"},{\"@type\":\"Person\",\"@id\":\"https:\/\/portaltela.pt\/#\/schema\/person\/c4278d4a6028830caff9ee44b42d32ed\",\"name\":\"Telinha\",\"image\":{\"@type\":\"ImageObject\",\"inLanguage\":\"pt-PT\",\"@id\":\"https:\/\/portaltela.pt\/s.01k8rhncp4jt1\/2025\/11\/talking-bot-125x125.png\",\"url\":\"https:\/\/portaltela.pt\/s.01k8rhncp4jt1\/2025\/11\/talking-bot-125x125.png\",\"contentUrl\":\"https:\/\/portaltela.pt\/s.01k8rhncp4jt1\/2025\/11\/talking-bot-125x125.png\",\"caption\":\"Telinha\"},\"sameAs\":[\"https:\/\/portaltela.pt\/\"],\"url\":\"https:\/\/portaltela.pt\/por\/367410592786\/\"}]}<\/script>\n<!-- \/ Yoast SEO plugin. -->","yoast_head_json":{"title":"Encontro na Casa Branca preserva tradi\u00e7\u00e3o dos Cantadores de Saias - Portal Tela Portugal","robots":{"index":"index","follow":"follow","max-snippet":"max-snippet:-1","max-image-preview":"max-image-preview:large","max-video-preview":"max-video-preview:-1"},"og_locale":"pt_PT","og_type":"article","og_title":"Encontro na Casa Branca preserva tradi\u00e7\u00e3o dos Cantadores de Saias - Portal Tela Portugal","og_description":"No 31 de janeiro, a Casa do Povo de Casa Branca recebeu o XII Encontro de Cantadores de Saias, evento que celebra a express\u00e3o musical alentejana. O encontro reuniu grupos folcl\u00f3ricos locais, como o Rancho Folcl\u00f3rico \u201cAs Mondadeiras\u201d de Casa Branca, o Rancho Folcl\u00f3rico da Casa do Povo de Ponte de Sor, o Rancho Folcl\u00f3rico de Avis e o Grupo Folcl\u00f3rico e Cultural do Boavista de Portalegre. As atua\u00e7\u00f5es destacaram a riqueza do patrim\u00f3nio imaterial do distrito e a identidade regional, com as letras e melodias das sai as a ecoarem no palco. A presen\u00e7a da Vice-Presidente da C\u00e2mara Municipal de Sousel, S\u00edlvia Eliseu, e do Vereador Ant\u00f3nio D\u00e2maso sublinhou o papel da iniciativa na dinamiza\u00e7\u00e3o cultural do concelho. O evento refor\u00e7a Casa Branca como baluarte da cultura popular alentejana, promovendo interc\u00e2mbio entre comunidades e a transmiss\u00e3o de costumes aos mais jovens.","og_url":"https:\/\/portaltela.pt\/noticias\/2026\/02\/05\/encontro-na-casa-branca-preserva-tradicao-dos-cantadores-de-saias\/","og_site_name":"Portal Tela Portugal","article_published_time":"2026-02-05T07:15:00+00:00","author":"Telinha","twitter_card":"summary_large_image","twitter_misc":{"Escrito por":"Telinha","Tempo estimado de leitura":"1 minuto"},"schema":{"@context":"https:\/\/schema.org","@graph":[{"@type":"Article","@id":"https:\/\/portaltela.pt\/noticias\/2026\/02\/05\/encontro-na-casa-branca-preserva-tradicao-dos-cantadores-de-saias\/#article","isPartOf":{"@id":"https:\/\/portaltela.pt\/noticias\/2026\/02\/05\/encontro-na-casa-branca-preserva-tradicao-dos-cantadores-de-saias\/"},"author":{"name":"Telinha","@id":"https:\/\/portaltela.pt\/#\/schema\/person\/c4278d4a6028830caff9ee44b42d32ed"},"headline":"Encontro na Casa Branca preserva tradi\u00e7\u00e3o dos Cantadores de Saias","datePublished":"2026-02-05T07:15:00+00:00","mainEntityOfPage":{"@id":"https:\/\/portaltela.pt\/noticias\/2026\/02\/05\/encontro-na-casa-branca-preserva-tradicao-dos-cantadores-de-saias\/"},"wordCount":300,"image":{"@id":"https:\/\/portaltela.pt\/noticias\/2026\/02\/05\/encontro-na-casa-branca-preserva-tradicao-dos-cantadores-de-saias\/#primaryimage"},"thumbnailUrl":"https:\/\/portaltela.pt\/s.01k8rhncp4jt1\/2026\/02\/unnamed-file-1490.jpg","keywords":["Alentejo","cultura","m\u00fasica","Patrim\u00f3nio Cultural","patrim\u00f3nio imaterial","Portalegre"],"articleSection":["Not\u00edcias"],"inLanguage":"pt-PT"},{"@type":"WebPage","@id":"https:\/\/portaltela.pt\/noticias\/2026\/02\/05\/encontro-na-casa-branca-preserva-tradicao-dos-cantadores-de-saias\/","url":"https:\/\/portaltela.pt\/noticias\/2026\/02\/05\/encontro-na-casa-branca-preserva-tradicao-dos-cantadores-de-saias\/","name":"Encontro na Casa Branca preserva tradi\u00e7\u00e3o dos Cantadores de Saias - Portal Tela Portugal","isPartOf":{"@id":"https:\/\/portaltela.pt\/#website"},"primaryImageOfPage":{"@id":"https:\/\/portaltela.pt\/noticias\/2026\/02\/05\/encontro-na-casa-branca-preserva-tradicao-dos-cantadores-de-saias\/#primaryimage"},"image":{"@id":"https:\/\/portaltela.pt\/noticias\/2026\/02\/05\/encontro-na-casa-branca-preserva-tradicao-dos-cantadores-de-saias\/#primaryimage"},"thumbnailUrl":"https:\/\/portaltela.pt\/s.01k8rhncp4jt1\/2026\/02\/unnamed-file-1490.jpg","datePublished":"2026-02-05T07:15:00+00:00","author":{"@id":"https:\/\/portaltela.pt\/#\/schema\/person\/c4278d4a6028830caff9ee44b42d32ed"},"breadcrumb":{"@id":"https:\/\/portaltela.pt\/noticias\/2026\/02\/05\/encontro-na-casa-branca-preserva-tradicao-dos-cantadores-de-saias\/#breadcrumb"},"inLanguage":"pt-PT","potentialAction":[{"@type":"ReadAction","target":["https:\/\/portaltela.pt\/noticias\/2026\/02\/05\/encontro-na-casa-branca-preserva-tradicao-dos-cantadores-de-saias\/"]}]},{"@type":"ImageObject","inLanguage":"pt-PT","@id":"https:\/\/portaltela.pt\/noticias\/2026\/02\/05\/encontro-na-casa-branca-preserva-tradicao-dos-cantadores-de-saias\/#primaryimage","url":"https:\/\/portaltela.pt\/s.01k8rhncp4jt1\/2026\/02\/unnamed-file-1490.jpg","contentUrl":"https:\/\/portaltela.pt\/s.01k8rhncp4jt1\/2026\/02\/unnamed-file-1490.jpg","width":796,"height":448,"caption":"Cultura Popular: Encontro em Casa Branca mant\u00e9m viva a tradi\u00e7\u00e3o dos Cantadores de Saias"},{"@type":"BreadcrumbList","@id":"https:\/\/portaltela.pt\/noticias\/2026\/02\/05\/encontro-na-casa-branca-preserva-tradicao-dos-cantadores-de-saias\/#breadcrumb","itemListElement":[{"@type":"ListItem","position":1,"name":"In\u00edcio","item":"https:\/\/portaltela.pt\/"},{"@type":"ListItem","position":2,"name":"Encontro na Casa Branca preserva tradi\u00e7\u00e3o dos Cantadores de Saias"}]},{"@type":"WebSite","@id":"https:\/\/portaltela.pt\/#website","url":"https:\/\/portaltela.pt\/","name":"Portal Tela Portugal","description":"","potentialAction":[{"@type":"SearchAction","target":{"@type":"EntryPoint","urlTemplate":"https:\/\/portaltela.pt\/?s={search_term_string}"},"query-input":{"@type":"PropertyValueSpecification","valueRequired":true,"valueName":"search_term_string"}}],"inLanguage":"pt-PT"},{"@type":"Person","@id":"https:\/\/portaltela.pt\/#\/schema\/person\/c4278d4a6028830caff9ee44b42d32ed","name":"Telinha","image":{"@type":"ImageObject","inLanguage":"pt-PT","@id":"https:\/\/portaltela.pt\/s.01k8rhncp4jt1\/2025\/11\/talking-bot-125x125.png","url":"https:\/\/portaltela.pt\/s.01k8rhncp4jt1\/2025\/11\/talking-bot-125x125.png","contentUrl":"https:\/\/portaltela.pt\/s.01k8rhncp4jt1\/2025\/11\/talking-bot-125x125.png","caption":"Telinha"},"sameAs":["https:\/\/portaltela.pt\/"],"url":"https:\/\/portaltela.pt\/por\/367410592786\/"}]}},"_links":{"self":[{"href":"https:\/\/portaltela.pt\/api\/wp\/v2\/posts\/198862","targetHints":{"allow":["GET"]}}],"collection":[{"href":"https:\/\/portaltela.pt\/api\/wp\/v2\/posts"}],"about":[{"href":"https:\/\/portaltela.pt\/api\/wp\/v2\/types\/post"}],"author":[{"embeddable":true,"href":"https:\/\/portaltela.pt\/api\/wp\/v2\/users\/2"}],"replies":[{"embeddable":true,"href":"https:\/\/portaltela.pt\/api\/wp\/v2\/comments?post=198862"}],"version-history":[{"count":0,"href":"https:\/\/portaltela.pt\/api\/wp\/v2\/posts\/198862\/revisions"}],"wp:featuredmedia":[{"embeddable":true,"href":"https:\/\/portaltela.pt\/api\/wp\/v2\/media\/198870"}],"wp:attachment":[{"href":"https:\/\/portaltela.pt\/api\/wp\/v2\/media?parent=198862"}],"wp:term":[{"taxonomy":"category","embeddable":true,"href":"https:\/\/portaltela.pt\/api\/wp\/v2\/categories?post=198862"},{"taxonomy":"post_tag","embeddable":true,"href":"https:\/\/portaltela.pt\/api\/wp\/v2\/tags?post=198862"}],"curies":[{"name":"wp","href":"https:\/\/api.w.org\/{rel}","templated":true}]}}