{"id":198859,"date":"2026-02-05T04:07:00","date_gmt":"2026-02-05T07:07:00","guid":{"rendered":"https:\/\/portaltela.pt\/noticias\/2026\/02\/05\/quinta-feira-das-comadres-abre-o-carnaval-na-madeira\/"},"modified":"2026-02-05T04:07:00","modified_gmt":"2026-02-05T07:07:00","slug":"quinta-feira-das-comadres-abre-o-carnaval-na-madeira","status":"publish","type":"post","link":"https:\/\/portaltela.pt\/noticias\/2026\/02\/05\/quinta-feira-das-comadres-abre-o-carnaval-na-madeira\/","title":{"rendered":"Quinta-feira das Comadres abre o Carnaval na Madeira"},"content":{"rendered":"<p>A Madeira d\u00e1 in\u00edcio ao Carnaval com a Quinta-feira das Comadres, em Santana. Hoje, 5 de Fevereiro, a s\u00e1tira sai \u00e0 rua, ap\u00f3s ajustes no cartaz devido \u00e0 segunda volta das Elei\u00e7\u00f5es Presidenciais. O evento come\u00e7a \u00e0s 12h com o fogo de estalo que marca o arranque.<\/p>\n<p>\u00c0s 19h, as comadres s\u00e3o recebidas nos Pa\u00e7os do Concelho. O Grupo Compadres Vinho Seco entoa versos sat\u00edricos, preparando o auge da Festa dos Compadres, a 22 de Fevereiro, com o cortejo foli\u00e3o e etnogr\u00e1fico, m\u00fasica, anima\u00e7\u00e3o e representa\u00e7\u00f5es locais. O julgamento encerra a tradi\u00e7\u00e3o com a queima dos compadres.<\/p>\n<h3>Agenda<\/h3>\n<p>09h00 &#8211; Reuni\u00e3o da 5.\u00aa Comiss\u00e3o Especializada Permanente de Sa\u00fade e Prote\u00e7\u00e3o Civil, da Assembleia Legislativa da Madeira, com a an\u00e1lise de pagamentos aos profissionais do SESARAM no Programa de Recupera\u00e7\u00e3o de Listas de Espera Cir\u00fargicas.<\/p>\n<p>09h00 &#8211; Torneio Internacional FIP Bronze Madeira, na Quinta do Padel.<\/p>\n<p>09h30 &#8211; Reuni\u00e3o semanal da verea\u00e7\u00e3o da C\u00e2mara Municipal do Funchal.<\/p>\n<p>13h15 &#8211; Semana de Evangeliza\u00e7\u00e3o na Madeira, com o Padre Carlos Macedo, na Igreja do Col\u00e9gio do Funchal.<\/p>\n<p>11h00 &#8211; Visita da Baston\u00e1ria da Ordem dos Nutricionistas \u00e0 regi\u00e3o; Liliana Sousa re\u00fane-se com o Conselho de Administra\u00e7\u00e3o do SESARAM no Hospital N\u00e9lio Mendon\u00e7a. Segue encontro com nutricionistas \u00e0s 12h30 e reuni\u00e3o com Paula Margarido, secret\u00e1ria regional, \u00e0s 17h.<\/p>\n<p>18h30 &#8211; Tert\u00falia Parentalidade Digital Positiva, promovida pela Associa\u00e7\u00e3o de Pais da Escola B\u00e1sica e Secund\u00e1ria da Calheta.<\/p>\n<p>Efem\u00e9rides<\/p>\n<p>1818 &#8211; Portugal assina tratado de amizade com os EUA.<\/p>\n<p>1918 &#8211; Separa\u00e7\u00e3o da Rep\u00fablica Russa da Igreja Ortodoxa.<\/p>\n<p>1971 &#8211; Alan Shepard pisa a Lua, na miss\u00e3o Apollo 14.<\/p>\n<p>1974 &#8211; Zona tamp\u00e3o UN entre Israel e Egito.<\/p>\n<p>1985 &#8211; Nascimento de Cristiano Ronaldo, na Madeira.<\/p>\n<p>2007 &#8211; Lei que cria o cart\u00e3o de cidad\u00e3o.<\/p>\n<p>2011 &#8211; Cria\u00e7\u00e3o do movimento Gera\u00e7\u00e3o \u00e0 Rasca.<\/p>\n<p>2015 &#8211; Demiss\u00e3o de Xanana Gusm\u00e3o como primeiro-ministro de Timor-Leste.<\/p>\n<p>2020 &#8211; Senado absolve Trump de acusa\u00e7\u00f5es.<\/p>\n<p>2024 &#8211; Rei Carlos III suspende fun\u00e7\u00f5es p\u00fablicas por diagn\u00f3stico de cancro.<\/p>\n","protected":false},"excerpt":{"rendered":"<ul>\n<li>Arrancam hoje as festividades de Carnaval na Madeira, com a Quinta-feira das Comadres em Santana, iniciando \u00e0s 12h com o fogo de estalo.<\/li>\n<li>\u00c0s 19h, as comadres s\u00e3o recebidas nos Pa\u00e7os do Concelho, com o Grupo Compadres Vinho Seco a entoar versos sat\u00edricos, preparando j\u00e1 o Cortejo dos Compadres a 22 de Fevereiro, que inclui m\u00fasica e representa\u00e7\u00f5es locais, terminando com o Julgamento e queima dos compadres.<\/li>\n<li>Agenda da manh\u00e3: 09h00 reuni\u00e3o da Comiss\u00e3o Especializada Permanente de Sa\u00fade e Prote\u00e7\u00e3o Civil, 09h00 Torneio Internacional FIP Bronze Madeira na Quinta do Padel, 09h30 reuni\u00e3o semanal da verea\u00e7\u00e3o da C\u00e2mara do Funchal.<\/li>\n<li>11h00 visita da Baston\u00e1ria da Ordem dos Nutricionistas \u00e0 regi\u00e3o, com encontros no Hospital Dr. N\u00e9lio Mendon\u00e7a e com nutricionistas do SESARAM; 17h00 reuni\u00e3o com Paula Margarido, secretaria regional de Inclus\u00e3o, Trabalho e Juventude.<\/li>\n<li>18h30 Tert\u00falia Parentalidade Digital Positiva, promovida pela Associa\u00e7\u00e3o de Pais da Escola B\u00e1sica e Secund\u00e1ria da Calheta.<\/li>\n<\/ul>\n","protected":false},"author":2,"featured_media":198872,"comment_status":"closed","ping_status":"closed","sticky":false,"template":"","format":"standard","meta":{"footnotes":""},"categories":[1],"tags":[5449,145,68,5468,859,2096],"class_list":["post-198859","post","type-post","status-publish","format-standard","has-post-thumbnail","hentry","category-noticias","tag-camara-municipal","tag-cultura","tag-eleicoes","tag-festa","tag-madeira","tag-santana"],"yoast_head":"<!-- This site is optimized with the Yoast SEO plugin v27.2 - https:\/\/yoast.com\/product\/yoast-seo-wordpress\/ -->\n<title>Quinta-feira das Comadres abre o Carnaval na Madeira - Portal Tela Portugal<\/title>\n<meta name=\"robots\" content=\"index, follow, max-snippet:-1, max-image-preview:large, max-video-preview:-1\" \/>\n<meta property=\"og:locale\" content=\"pt_PT\" \/>\n<meta property=\"og:type\" content=\"article\" \/>\n<meta property=\"og:title\" content=\"Quinta-feira das Comadres abre o Carnaval na Madeira - Portal Tela Portugal\" \/>\n<meta property=\"og:description\" content=\"Arrancam hoje as festividades de Carnaval na Madeira, com a Quinta-feira das Comadres em Santana, iniciando \u00e0s 12h com o fogo de estalo. \u00c0s 19h, as comadres s\u00e3o recebidas nos Pa\u00e7os do Concelho, com o Grupo Compadres Vinho Seco a entoar versos sat\u00edricos, preparando j\u00e1 o Cortejo dos Compadres a 22 de Fevereiro, que inclui m\u00fasica e representa\u00e7\u00f5es locais, terminando com o Julgamento e queima dos compadres. Agenda da manh\u00e3: 09h00 reuni\u00e3o da Comiss\u00e3o Especializada Permanente de Sa\u00fade e Prote\u00e7\u00e3o Civil, 09h00 Torneio Internacional FIP Bronze Madeira na Quinta do Padel, 09h30 reuni\u00e3o semanal da verea\u00e7\u00e3o da C\u00e2mara do Funchal. 11h00 visita da Baston\u00e1ria da Ordem dos Nutricionistas \u00e0 regi\u00e3o, com encontros no Hospital Dr. N\u00e9lio Mendon\u00e7a e com nutricionistas do SESARAM; 17h00 reuni\u00e3o com Paula Margarido, secretaria regional de Inclus\u00e3o, Trabalho e Juventude. 18h30 Tert\u00falia Parentalidade Digital Positiva, promovida pela Associa\u00e7\u00e3o de Pais da Escola B\u00e1sica e Secund\u00e1ria da Calheta.\" \/>\n<meta property=\"og:url\" content=\"https:\/\/portaltela.pt\/noticias\/2026\/02\/05\/quinta-feira-das-comadres-abre-o-carnaval-na-madeira\/\" \/>\n<meta property=\"og:site_name\" content=\"Portal Tela Portugal\" \/>\n<meta property=\"article:published_time\" content=\"2026-02-05T07:07:00+00:00\" \/>\n<meta name=\"author\" content=\"Telinha\" \/>\n<meta name=\"twitter:card\" content=\"summary_large_image\" \/>\n<meta name=\"twitter:label1\" content=\"Escrito por\" \/>\n\t<meta name=\"twitter:data1\" content=\"Telinha\" \/>\n\t<meta name=\"twitter:label2\" content=\"Tempo estimado de leitura\" \/>\n\t<meta name=\"twitter:data2\" content=\"2 minutos\" \/>\n<script type=\"application\/ld+json\" class=\"yoast-schema-graph\">{\"@context\":\"https:\/\/schema.org\",\"@graph\":[{\"@type\":\"Article\",\"@id\":\"https:\/\/portaltela.pt\/noticias\/2026\/02\/05\/quinta-feira-das-comadres-abre-o-carnaval-na-madeira\/#article\",\"isPartOf\":{\"@id\":\"https:\/\/portaltela.pt\/noticias\/2026\/02\/05\/quinta-feira-das-comadres-abre-o-carnaval-na-madeira\/\"},\"author\":{\"name\":\"Telinha\",\"@id\":\"https:\/\/portaltela.pt\/#\/schema\/person\/c4278d4a6028830caff9ee44b42d32ed\"},\"headline\":\"Quinta-feira das Comadres abre o Carnaval na Madeira\",\"datePublished\":\"2026-02-05T07:07:00+00:00\",\"mainEntityOfPage\":{\"@id\":\"https:\/\/portaltela.pt\/noticias\/2026\/02\/05\/quinta-feira-das-comadres-abre-o-carnaval-na-madeira\/\"},\"wordCount\":369,\"image\":{\"@id\":\"https:\/\/portaltela.pt\/noticias\/2026\/02\/05\/quinta-feira-das-comadres-abre-o-carnaval-na-madeira\/#primaryimage\"},\"thumbnailUrl\":\"https:\/\/portaltela.pt\/s.01k8rhncp4jt1\/2026\/02\/unnamed-file-1491.jpg\",\"keywords\":[\"C\u00e2mara Municipal\",\"cultura\",\"elei\u00e7\u00f5es\",\"festa\",\"Madeira\",\"Santana\"],\"articleSection\":[\"Not\u00edcias\"],\"inLanguage\":\"pt-PT\"},{\"@type\":\"WebPage\",\"@id\":\"https:\/\/portaltela.pt\/noticias\/2026\/02\/05\/quinta-feira-das-comadres-abre-o-carnaval-na-madeira\/\",\"url\":\"https:\/\/portaltela.pt\/noticias\/2026\/02\/05\/quinta-feira-das-comadres-abre-o-carnaval-na-madeira\/\",\"name\":\"Quinta-feira das Comadres abre o Carnaval na Madeira - Portal Tela Portugal\",\"isPartOf\":{\"@id\":\"https:\/\/portaltela.pt\/#website\"},\"primaryImageOfPage\":{\"@id\":\"https:\/\/portaltela.pt\/noticias\/2026\/02\/05\/quinta-feira-das-comadres-abre-o-carnaval-na-madeira\/#primaryimage\"},\"image\":{\"@id\":\"https:\/\/portaltela.pt\/noticias\/2026\/02\/05\/quinta-feira-das-comadres-abre-o-carnaval-na-madeira\/#primaryimage\"},\"thumbnailUrl\":\"https:\/\/portaltela.pt\/s.01k8rhncp4jt1\/2026\/02\/unnamed-file-1491.jpg\",\"datePublished\":\"2026-02-05T07:07:00+00:00\",\"author\":{\"@id\":\"https:\/\/portaltela.pt\/#\/schema\/person\/c4278d4a6028830caff9ee44b42d32ed\"},\"breadcrumb\":{\"@id\":\"https:\/\/portaltela.pt\/noticias\/2026\/02\/05\/quinta-feira-das-comadres-abre-o-carnaval-na-madeira\/#breadcrumb\"},\"inLanguage\":\"pt-PT\",\"potentialAction\":[{\"@type\":\"ReadAction\",\"target\":[\"https:\/\/portaltela.pt\/noticias\/2026\/02\/05\/quinta-feira-das-comadres-abre-o-carnaval-na-madeira\/\"]}]},{\"@type\":\"ImageObject\",\"inLanguage\":\"pt-PT\",\"@id\":\"https:\/\/portaltela.pt\/noticias\/2026\/02\/05\/quinta-feira-das-comadres-abre-o-carnaval-na-madeira\/#primaryimage\",\"url\":\"https:\/\/portaltela.pt\/s.01k8rhncp4jt1\/2026\/02\/unnamed-file-1491.jpg\",\"contentUrl\":\"https:\/\/portaltela.pt\/s.01k8rhncp4jt1\/2026\/02\/unnamed-file-1491.jpg\",\"width\":796,\"height\":448,\"caption\":\"Quinta-feira das Comadres marca arranque do Carnaval na Madeira\"},{\"@type\":\"BreadcrumbList\",\"@id\":\"https:\/\/portaltela.pt\/noticias\/2026\/02\/05\/quinta-feira-das-comadres-abre-o-carnaval-na-madeira\/#breadcrumb\",\"itemListElement\":[{\"@type\":\"ListItem\",\"position\":1,\"name\":\"In\u00edcio\",\"item\":\"https:\/\/portaltela.pt\/\"},{\"@type\":\"ListItem\",\"position\":2,\"name\":\"Quinta-feira das Comadres abre o Carnaval na Madeira\"}]},{\"@type\":\"WebSite\",\"@id\":\"https:\/\/portaltela.pt\/#website\",\"url\":\"https:\/\/portaltela.pt\/\",\"name\":\"Portal Tela Portugal\",\"description\":\"\",\"potentialAction\":[{\"@type\":\"SearchAction\",\"target\":{\"@type\":\"EntryPoint\",\"urlTemplate\":\"https:\/\/portaltela.pt\/?s={search_term_string}\"},\"query-input\":{\"@type\":\"PropertyValueSpecification\",\"valueRequired\":true,\"valueName\":\"search_term_string\"}}],\"inLanguage\":\"pt-PT\"},{\"@type\":\"Person\",\"@id\":\"https:\/\/portaltela.pt\/#\/schema\/person\/c4278d4a6028830caff9ee44b42d32ed\",\"name\":\"Telinha\",\"image\":{\"@type\":\"ImageObject\",\"inLanguage\":\"pt-PT\",\"@id\":\"https:\/\/portaltela.pt\/s.01k8rhncp4jt1\/2025\/11\/talking-bot-125x125.png\",\"url\":\"https:\/\/portaltela.pt\/s.01k8rhncp4jt1\/2025\/11\/talking-bot-125x125.png\",\"contentUrl\":\"https:\/\/portaltela.pt\/s.01k8rhncp4jt1\/2025\/11\/talking-bot-125x125.png\",\"caption\":\"Telinha\"},\"sameAs\":[\"https:\/\/portaltela.pt\/\"],\"url\":\"https:\/\/portaltela.pt\/por\/367410592786\/\"}]}<\/script>\n<!-- \/ Yoast SEO plugin. -->","yoast_head_json":{"title":"Quinta-feira das Comadres abre o Carnaval na Madeira - Portal Tela Portugal","robots":{"index":"index","follow":"follow","max-snippet":"max-snippet:-1","max-image-preview":"max-image-preview:large","max-video-preview":"max-video-preview:-1"},"og_locale":"pt_PT","og_type":"article","og_title":"Quinta-feira das Comadres abre o Carnaval na Madeira - Portal Tela Portugal","og_description":"Arrancam hoje as festividades de Carnaval na Madeira, com a Quinta-feira das Comadres em Santana, iniciando \u00e0s 12h com o fogo de estalo. \u00c0s 19h, as comadres s\u00e3o recebidas nos Pa\u00e7os do Concelho, com o Grupo Compadres Vinho Seco a entoar versos sat\u00edricos, preparando j\u00e1 o Cortejo dos Compadres a 22 de Fevereiro, que inclui m\u00fasica e representa\u00e7\u00f5es locais, terminando com o Julgamento e queima dos compadres. Agenda da manh\u00e3: 09h00 reuni\u00e3o da Comiss\u00e3o Especializada Permanente de Sa\u00fade e Prote\u00e7\u00e3o Civil, 09h00 Torneio Internacional FIP Bronze Madeira na Quinta do Padel, 09h30 reuni\u00e3o semanal da verea\u00e7\u00e3o da C\u00e2mara do Funchal. 11h00 visita da Baston\u00e1ria da Ordem dos Nutricionistas \u00e0 regi\u00e3o, com encontros no Hospital Dr. N\u00e9lio Mendon\u00e7a e com nutricionistas do SESARAM; 17h00 reuni\u00e3o com Paula Margarido, secretaria regional de Inclus\u00e3o, Trabalho e Juventude. 18h30 Tert\u00falia Parentalidade Digital Positiva, promovida pela Associa\u00e7\u00e3o de Pais da Escola B\u00e1sica e Secund\u00e1ria da Calheta.","og_url":"https:\/\/portaltela.pt\/noticias\/2026\/02\/05\/quinta-feira-das-comadres-abre-o-carnaval-na-madeira\/","og_site_name":"Portal Tela Portugal","article_published_time":"2026-02-05T07:07:00+00:00","author":"Telinha","twitter_card":"summary_large_image","twitter_misc":{"Escrito por":"Telinha","Tempo estimado de leitura":"2 minutos"},"schema":{"@context":"https:\/\/schema.org","@graph":[{"@type":"Article","@id":"https:\/\/portaltela.pt\/noticias\/2026\/02\/05\/quinta-feira-das-comadres-abre-o-carnaval-na-madeira\/#article","isPartOf":{"@id":"https:\/\/portaltela.pt\/noticias\/2026\/02\/05\/quinta-feira-das-comadres-abre-o-carnaval-na-madeira\/"},"author":{"name":"Telinha","@id":"https:\/\/portaltela.pt\/#\/schema\/person\/c4278d4a6028830caff9ee44b42d32ed"},"headline":"Quinta-feira das Comadres abre o Carnaval na Madeira","datePublished":"2026-02-05T07:07:00+00:00","mainEntityOfPage":{"@id":"https:\/\/portaltela.pt\/noticias\/2026\/02\/05\/quinta-feira-das-comadres-abre-o-carnaval-na-madeira\/"},"wordCount":369,"image":{"@id":"https:\/\/portaltela.pt\/noticias\/2026\/02\/05\/quinta-feira-das-comadres-abre-o-carnaval-na-madeira\/#primaryimage"},"thumbnailUrl":"https:\/\/portaltela.pt\/s.01k8rhncp4jt1\/2026\/02\/unnamed-file-1491.jpg","keywords":["C\u00e2mara Municipal","cultura","elei\u00e7\u00f5es","festa","Madeira","Santana"],"articleSection":["Not\u00edcias"],"inLanguage":"pt-PT"},{"@type":"WebPage","@id":"https:\/\/portaltela.pt\/noticias\/2026\/02\/05\/quinta-feira-das-comadres-abre-o-carnaval-na-madeira\/","url":"https:\/\/portaltela.pt\/noticias\/2026\/02\/05\/quinta-feira-das-comadres-abre-o-carnaval-na-madeira\/","name":"Quinta-feira das Comadres abre o Carnaval na Madeira - Portal Tela Portugal","isPartOf":{"@id":"https:\/\/portaltela.pt\/#website"},"primaryImageOfPage":{"@id":"https:\/\/portaltela.pt\/noticias\/2026\/02\/05\/quinta-feira-das-comadres-abre-o-carnaval-na-madeira\/#primaryimage"},"image":{"@id":"https:\/\/portaltela.pt\/noticias\/2026\/02\/05\/quinta-feira-das-comadres-abre-o-carnaval-na-madeira\/#primaryimage"},"thumbnailUrl":"https:\/\/portaltela.pt\/s.01k8rhncp4jt1\/2026\/02\/unnamed-file-1491.jpg","datePublished":"2026-02-05T07:07:00+00:00","author":{"@id":"https:\/\/portaltela.pt\/#\/schema\/person\/c4278d4a6028830caff9ee44b42d32ed"},"breadcrumb":{"@id":"https:\/\/portaltela.pt\/noticias\/2026\/02\/05\/quinta-feira-das-comadres-abre-o-carnaval-na-madeira\/#breadcrumb"},"inLanguage":"pt-PT","potentialAction":[{"@type":"ReadAction","target":["https:\/\/portaltela.pt\/noticias\/2026\/02\/05\/quinta-feira-das-comadres-abre-o-carnaval-na-madeira\/"]}]},{"@type":"ImageObject","inLanguage":"pt-PT","@id":"https:\/\/portaltela.pt\/noticias\/2026\/02\/05\/quinta-feira-das-comadres-abre-o-carnaval-na-madeira\/#primaryimage","url":"https:\/\/portaltela.pt\/s.01k8rhncp4jt1\/2026\/02\/unnamed-file-1491.jpg","contentUrl":"https:\/\/portaltela.pt\/s.01k8rhncp4jt1\/2026\/02\/unnamed-file-1491.jpg","width":796,"height":448,"caption":"Quinta-feira das Comadres marca arranque do Carnaval na Madeira"},{"@type":"BreadcrumbList","@id":"https:\/\/portaltela.pt\/noticias\/2026\/02\/05\/quinta-feira-das-comadres-abre-o-carnaval-na-madeira\/#breadcrumb","itemListElement":[{"@type":"ListItem","position":1,"name":"In\u00edcio","item":"https:\/\/portaltela.pt\/"},{"@type":"ListItem","position":2,"name":"Quinta-feira das Comadres abre o Carnaval na Madeira"}]},{"@type":"WebSite","@id":"https:\/\/portaltela.pt\/#website","url":"https:\/\/portaltela.pt\/","name":"Portal Tela Portugal","description":"","potentialAction":[{"@type":"SearchAction","target":{"@type":"EntryPoint","urlTemplate":"https:\/\/portaltela.pt\/?s={search_term_string}"},"query-input":{"@type":"PropertyValueSpecification","valueRequired":true,"valueName":"search_term_string"}}],"inLanguage":"pt-PT"},{"@type":"Person","@id":"https:\/\/portaltela.pt\/#\/schema\/person\/c4278d4a6028830caff9ee44b42d32ed","name":"Telinha","image":{"@type":"ImageObject","inLanguage":"pt-PT","@id":"https:\/\/portaltela.pt\/s.01k8rhncp4jt1\/2025\/11\/talking-bot-125x125.png","url":"https:\/\/portaltela.pt\/s.01k8rhncp4jt1\/2025\/11\/talking-bot-125x125.png","contentUrl":"https:\/\/portaltela.pt\/s.01k8rhncp4jt1\/2025\/11\/talking-bot-125x125.png","caption":"Telinha"},"sameAs":["https:\/\/portaltela.pt\/"],"url":"https:\/\/portaltela.pt\/por\/367410592786\/"}]}},"_links":{"self":[{"href":"https:\/\/portaltela.pt\/api\/wp\/v2\/posts\/198859","targetHints":{"allow":["GET"]}}],"collection":[{"href":"https:\/\/portaltela.pt\/api\/wp\/v2\/posts"}],"about":[{"href":"https:\/\/portaltela.pt\/api\/wp\/v2\/types\/post"}],"author":[{"embeddable":true,"href":"https:\/\/portaltela.pt\/api\/wp\/v2\/users\/2"}],"replies":[{"embeddable":true,"href":"https:\/\/portaltela.pt\/api\/wp\/v2\/comments?post=198859"}],"version-history":[{"count":0,"href":"https:\/\/portaltela.pt\/api\/wp\/v2\/posts\/198859\/revisions"}],"wp:featuredmedia":[{"embeddable":true,"href":"https:\/\/portaltela.pt\/api\/wp\/v2\/media\/198872"}],"wp:attachment":[{"href":"https:\/\/portaltela.pt\/api\/wp\/v2\/media?parent=198859"}],"wp:term":[{"taxonomy":"category","embeddable":true,"href":"https:\/\/portaltela.pt\/api\/wp\/v2\/categories?post=198859"},{"taxonomy":"post_tag","embeddable":true,"href":"https:\/\/portaltela.pt\/api\/wp\/v2\/tags?post=198859"}],"curies":[{"name":"wp","href":"https:\/\/api.w.org\/{rel}","templated":true}]}}