{"id":198804,"date":"2026-02-05T03:30:00","date_gmt":"2026-02-05T06:30:00","guid":{"rendered":"https:\/\/portaltela.pt\/noticias\/2026\/02\/05\/governo-propoe-fundo-para-catastrofes-e-sismos-frente-a-severidade-crescente\/"},"modified":"2026-02-05T03:30:00","modified_gmt":"2026-02-05T06:30:00","slug":"governo-propoe-fundo-para-catastrofes-e-sismos-frente-a-severidade-crescente","status":"publish","type":"post","link":"https:\/\/portaltela.pt\/noticias\/economia\/2026\/02\/05\/governo-propoe-fundo-para-catastrofes-e-sismos-frente-a-severidade-crescente\/","title":{"rendered":"Governo prop\u00f5e fundo para cat\u00e1strofes e sismos frente \u00e0 severidade crescente"},"content":{"rendered":"<p>O ministro das Finan\u00e7as, Joaquim Miranda Sarmento, afirmou que o Governo avan\u00e7a com um fundo espec\u00edfico para cat\u00e1strofes e sismos, em resposta aos estragos da tempestade Kristin. O objetivo \u00e9 ampliar a capacidade de interven\u00e7\u00e3o p\u00fablica e acelerar apoios \u00e0s fam\u00edlias e \u00e0s empresas afetadas.<\/p>\n<p>O Governo j\u00e1 aprovou ajudas no valor de 2,5 mil milh\u00f5es de euros para empresas e fam\u00edlias, com a previs\u00e3o de que os preju\u00edzos possam ultrapassar esse montante. O Minist\u00e9rio das Finan\u00e7as admite um esfor\u00e7o or\u00e7amental adicional, mantendo o equil\u00edbrio das contas p\u00fablicas.<\/p>\n<p>Sarmento garantiu que o excedente or\u00e7amental de 0,1% do PIB para 2026 continua uma meta, ainda que o pacote de apoio aos concelhos aumente a despesa fixa. O Governo aponta que a execu\u00e7\u00e3o de 2025 ficou acima do previsto, com d\u00edvida abaixo de 90% do PIB em 2025.<\/p>\n<h3>Apoios diretos e prazos<\/h3>\n<p>Apoios diretos a popula\u00e7\u00e3o e a empresas de at\u00e9 10 mil euros dever\u00e3o ser acelerados, com o Presidente da Rep\u00fablica a exigir celeridade. O ministro destacou que a transfer\u00eancia de verbas para as CCDR deve ocorrer at\u00e9 segunda-feira para iniciar pagamentos de reconstru\u00e7\u00e3o.<\/p>\n<p>As ajudas incluem subs\u00eddios de layoff simplificado, manuten\u00e7\u00e3o de sal\u00e1rios e apoio \u00e0 reconstru\u00e7\u00e3o de habita\u00e7\u00f5es. O Governo afirma que o objetivo \u00e9 come\u00e7ar a distribuir recursos rapidamente, sem aguardar o fim do m\u00eas.<\/p>\n<h3>Fundo de cat\u00e1strores e seguro<\/h3>\n<p>O Governo defende a cria\u00e7\u00e3o de um fundo de cat\u00e1strofes semelhante a modelos de Espanha, capitalizado por seguros de habita\u00e7\u00e3o e por resseguro. A ideia \u00e9 cobrar taxas sobre seguros para financiar riscos n\u00e3o cobertos, com o fundo a operar a longo prazo.<\/p>\n<p>A implementa\u00e7\u00e3o pretende iniciar este ano, com o fundo a ter um lan\u00e7amento gradual. O objetivo \u00e9 aumentar a capacidade de resposta a ocorr\u00eancias futuras, incluindo sismos.<\/p>\n<h3>Fundo Europeu de Solidariedade e fundos nacionais<\/h3>\n<p>O ministro explicou que o Fundo de Solidariedade da UE pode cobrir at\u00e9 10% dos danos, dependendo das regras, e que o esfor\u00e7o principal caber\u00e1 ao or\u00e7amento nacional. A possibilidade de recorrer a fundos de coes\u00e3o, PRR e Portugal 2030 est\u00e1 em estudo, com prioridade na resposta ao terreno.<\/p>\n<p>O Governo espera tamb\u00e9m reprogramar o PRR para apoiar projetos que ainda estejam em execu\u00e7\u00e3o, sem alargar o \u00e2mbito a todo o pa\u00eds. Al\u00e9m disso, discutem-se fontes de financiamento suplementares para inova\u00e7\u00e3o no Banco de Fomento.<\/p>\n<h3>Morat\u00f3rias e medidas de apoio<\/h3>\n<p>A morat\u00f3ria de cr\u00e9dito aplica-se na totalidade do empr\u00e9stimo, com uma poss\u00edvel extens\u00e3o de 12 meses para empresas e fam\u00edlias que precisarem de al\u00edvio adicional. A colabora\u00e7\u00e3o com o Banco de Portugal e a Associa\u00e7\u00e3o Portuguesa de Bancos ser\u00e1 determinante.<\/p>\n<p>O ministro reiterou que as medidas est\u00e3o a ser implementadas com rapidez, envolvendo v\u00e1rias entidades, para assegurar o apoio \u00e0s v\u00edtimas da tempestade Kristin e \u00e0 reconstru\u00e7\u00e3o das infraestruturas danificadas.<\/p>\n<h3>Avalia\u00e7\u00e3o da resposta governamental<\/h3>\n<p>O Governo sustenta que agiu com dilig\u00eancia, anunciando um programa de emerg\u00eancia e apoiando as zonas afetadas. Reconhece que a crise imp\u00f5e custos adicionais e que h\u00e1 \u00e1reas a melhorar, incluindo a rede de comunica\u00e7\u00f5es de emerg\u00eancia (SIRESP).<\/p>\n<p>O Presidente da Rep\u00fablica criticou a perce\u00e7\u00e3o de atraso na resposta, mas o ministro da Administra\u00e7\u00e3o Interna defende que o comit\u00ea de crise esteve ativo desde os primeiros dias e que o foco tem sido a atua\u00e7\u00e3o no terreno.<\/p>\n<h3>Perspetivas or\u00e7amentais<\/h3>\n<p>O Governo admite incertezas at\u00e9 \u00e0 consolida\u00e7\u00e3o das informa\u00e7\u00f5es sobre os estragos. O objetivo \u00e9 manter o equil\u00edbrio or\u00e7amental, sem deixar, contudo, de reconstruir os territ\u00f3rios afetados pela tempestade.<\/p>\n<p>A finan\u00e7a p\u00fablica continuar\u00e1 a avaliar impactos na receita fiscal a partir do meio da pr\u00f3xima semana, com a expectativa de estimativas mais precisas sobre o peso econ\u00f3mico de Kristin.<\/p>\n","protected":false},"excerpt":{"rendered":"<ul>\n<li>O Governo quer criar um fundo de cat\u00e1strofes financiado atrav\u00e9s do seguro de im\u00f3veis e do resseguro, com possibilidade de cobran\u00e7a de uma taxa para cobrir riscos n\u00e3o cobertos pelo seguro, em funcionamento a longo prazo.<\/li>\n<li>Apoios j\u00e1 aprovados \u00e0s empresas e fam\u00edlias somam 2,5 mil milh\u00f5es de euros; perdas totais podem ultrapassar esse valor, com foco em reconstru\u00e7\u00e3o de infraestruturas e habita\u00e7\u00f5es, al\u00e9m de apoios a layoff e subsist\u00eancia.<\/li>\n<li>As verbas para apoio a fam\u00edlias devem chegar rapidamente, com transfer\u00eancias \u00e0s CCDR at\u00e9 segunda-feira para in\u00edcio de pagamentos de reconstru\u00e7\u00e3o de casas, variando entre cinco mil euros (com prova) e dez mil euros (com vistoria).<\/li>\n<li>A morat\u00f3ria de cr\u00e9dito abrange a totalidade do empr\u00e9stimo por noventa dias; pode haver uma morat\u00f3ria adicional de at\u00e9 doze meses para quem realmente precisar, em coordena\u00e7\u00e3o com o Banco de Portugal e associa\u00e7\u00f5es de bancos.<\/li>\n<li>Em rela\u00e7\u00e3o \u00e0 ajuda europeia, o Fundo de Solidariedade da Uni\u00e3o Europeia pode cobrir at\u00e9 10% dos danos, mas o Governo pretende mobilizar principalmente o or\u00e7amento nacional; j\u00e1 foi accionado o Fundo de Solidariedade para 2,5% dos danos, com possibilidade de ajustamentos conforme evolu\u00e7\u00e3o dos estragos.<\/li>\n<\/ul>\n","protected":false},"author":2,"featured_media":198812,"comment_status":"closed","ping_status":"closed","sticky":false,"template":"","format":"standard","meta":{"footnotes":""},"categories":[2,1],"tags":[5215,1323,28,4907,5466,320],"class_list":["post-198804","post","type-post","status-publish","format-standard","has-post-thumbnail","hentry","category-economia","category-noticias","tag-catastrofes-naturais","tag-coesao-social","tag-economia","tag-fundo-de-solidariedade","tag-fundo-europeu-de-solidariedade-e-fundos-nacionais","tag-protecao-civil"],"yoast_head":"<!-- This site is optimized with the Yoast SEO plugin v27.2 - https:\/\/yoast.com\/product\/yoast-seo-wordpress\/ -->\n<title>Governo prop\u00f5e fundo para cat\u00e1strofes e sismos frente \u00e0 severidade crescente - Portal Tela Portugal<\/title>\n<meta name=\"robots\" content=\"index, follow, max-snippet:-1, max-image-preview:large, max-video-preview:-1\" \/>\n<meta property=\"og:locale\" content=\"pt_PT\" \/>\n<meta property=\"og:type\" content=\"article\" \/>\n<meta property=\"og:title\" content=\"Governo prop\u00f5e fundo para cat\u00e1strofes e sismos frente \u00e0 severidade crescente - Portal Tela Portugal\" \/>\n<meta property=\"og:description\" content=\"O Governo quer criar um fundo de cat\u00e1strofes financiado atrav\u00e9s do seguro de im\u00f3veis e do resseguro, com possibilidade de cobran\u00e7a de uma taxa para cobrir riscos n\u00e3o cobertos pelo seguro, em funcionamento a longo prazo. Apoios j\u00e1 aprovados \u00e0s empresas e fam\u00edlias somam 2,5 mil milh\u00f5es de euros; perdas totais podem ultrapassar esse valor, com foco em reconstru\u00e7\u00e3o de infraestruturas e habita\u00e7\u00f5es, al\u00e9m de apoios a layoff e subsist\u00eancia. As verbas para apoio a fam\u00edlias devem chegar rapidamente, com transfer\u00eancias \u00e0s CCDR at\u00e9 segunda-feira para in\u00edcio de pagamentos de reconstru\u00e7\u00e3o de casas, variando entre cinco mil euros (com prova) e dez mil euros (com vistoria). A morat\u00f3ria de cr\u00e9dito abrange a totalidade do empr\u00e9stimo por noventa dias; pode haver uma morat\u00f3ria adicional de at\u00e9 doze meses para quem realmente precisar, em coordena\u00e7\u00e3o com o Banco de Portugal e associa\u00e7\u00f5es de bancos. Em rela\u00e7\u00e3o \u00e0 ajuda europeia, o Fundo de Solidariedade da Uni\u00e3o Europeia pode cobrir at\u00e9 10% dos danos, mas o Governo pretende mobilizar principalmente o or\u00e7amento nacional; j\u00e1 foi accionado o Fundo de Solidariedade para 2,5% dos danos, com possibilidade de ajustamentos conforme evolu\u00e7\u00e3o dos estragos.\" \/>\n<meta property=\"og:url\" content=\"https:\/\/portaltela.pt\/noticias\/2026\/02\/05\/governo-propoe-fundo-para-catastrofes-e-sismos-frente-a-severidade-crescente\/\" \/>\n<meta property=\"og:site_name\" content=\"Portal Tela Portugal\" \/>\n<meta property=\"article:published_time\" content=\"2026-02-05T06:30:00+00:00\" \/>\n<meta name=\"author\" content=\"Telinha\" \/>\n<meta name=\"twitter:card\" content=\"summary_large_image\" \/>\n<meta name=\"twitter:label1\" content=\"Escrito por\" \/>\n\t<meta name=\"twitter:data1\" content=\"Telinha\" \/>\n\t<meta name=\"twitter:label2\" content=\"Tempo estimado de leitura\" \/>\n\t<meta name=\"twitter:data2\" content=\"3 minutos\" \/>\n<script type=\"application\/ld+json\" class=\"yoast-schema-graph\">{\"@context\":\"https:\/\/schema.org\",\"@graph\":[{\"@type\":\"Article\",\"@id\":\"https:\/\/portaltela.pt\/noticias\/2026\/02\/05\/governo-propoe-fundo-para-catastrofes-e-sismos-frente-a-severidade-crescente\/#article\",\"isPartOf\":{\"@id\":\"https:\/\/portaltela.pt\/noticias\/2026\/02\/05\/governo-propoe-fundo-para-catastrofes-e-sismos-frente-a-severidade-crescente\/\"},\"author\":{\"name\":\"Telinha\",\"@id\":\"https:\/\/portaltela.pt\/#\/schema\/person\/c4278d4a6028830caff9ee44b42d32ed\"},\"headline\":\"Governo prop\u00f5e fundo para cat\u00e1strofes e sismos frente \u00e0 severidade crescente\",\"datePublished\":\"2026-02-05T06:30:00+00:00\",\"mainEntityOfPage\":{\"@id\":\"https:\/\/portaltela.pt\/noticias\/2026\/02\/05\/governo-propoe-fundo-para-catastrofes-e-sismos-frente-a-severidade-crescente\/\"},\"wordCount\":677,\"image\":{\"@id\":\"https:\/\/portaltela.pt\/noticias\/2026\/02\/05\/governo-propoe-fundo-para-catastrofes-e-sismos-frente-a-severidade-crescente\/#primaryimage\"},\"thumbnailUrl\":\"https:\/\/portaltela.pt\/s.01k8rhncp4jt1\/2026\/02\/2064579.jpg\",\"keywords\":[\"cat\u00e1strofes naturais\",\"Coes\u00e3o social\",\"economia\",\"Fundo de Solidariedade\",\"Fundo Europeu de Solidariedade e fundos nacionais\",\"prote\u00e7\u00e3o civil\"],\"articleSection\":[\"Economia\",\"Not\u00edcias\"],\"inLanguage\":\"pt-PT\"},{\"@type\":\"WebPage\",\"@id\":\"https:\/\/portaltela.pt\/noticias\/2026\/02\/05\/governo-propoe-fundo-para-catastrofes-e-sismos-frente-a-severidade-crescente\/\",\"url\":\"https:\/\/portaltela.pt\/noticias\/2026\/02\/05\/governo-propoe-fundo-para-catastrofes-e-sismos-frente-a-severidade-crescente\/\",\"name\":\"Governo prop\u00f5e fundo para cat\u00e1strofes e sismos frente \u00e0 severidade crescente - Portal Tela Portugal\",\"isPartOf\":{\"@id\":\"https:\/\/portaltela.pt\/#website\"},\"primaryImageOfPage\":{\"@id\":\"https:\/\/portaltela.pt\/noticias\/2026\/02\/05\/governo-propoe-fundo-para-catastrofes-e-sismos-frente-a-severidade-crescente\/#primaryimage\"},\"image\":{\"@id\":\"https:\/\/portaltela.pt\/noticias\/2026\/02\/05\/governo-propoe-fundo-para-catastrofes-e-sismos-frente-a-severidade-crescente\/#primaryimage\"},\"thumbnailUrl\":\"https:\/\/portaltela.pt\/s.01k8rhncp4jt1\/2026\/02\/2064579.jpg\",\"datePublished\":\"2026-02-05T06:30:00+00:00\",\"author\":{\"@id\":\"https:\/\/portaltela.pt\/#\/schema\/person\/c4278d4a6028830caff9ee44b42d32ed\"},\"breadcrumb\":{\"@id\":\"https:\/\/portaltela.pt\/noticias\/2026\/02\/05\/governo-propoe-fundo-para-catastrofes-e-sismos-frente-a-severidade-crescente\/#breadcrumb\"},\"inLanguage\":\"pt-PT\",\"potentialAction\":[{\"@type\":\"ReadAction\",\"target\":[\"https:\/\/portaltela.pt\/noticias\/2026\/02\/05\/governo-propoe-fundo-para-catastrofes-e-sismos-frente-a-severidade-crescente\/\"]}]},{\"@type\":\"ImageObject\",\"inLanguage\":\"pt-PT\",\"@id\":\"https:\/\/portaltela.pt\/noticias\/2026\/02\/05\/governo-propoe-fundo-para-catastrofes-e-sismos-frente-a-severidade-crescente\/#primaryimage\",\"url\":\"https:\/\/portaltela.pt\/s.01k8rhncp4jt1\/2026\/02\/2064579.jpg\",\"contentUrl\":\"https:\/\/portaltela.pt\/s.01k8rhncp4jt1\/2026\/02\/2064579.jpg\",\"width\":796,\"height\":448,\"caption\":\"Joaquim Miranda Sarmento, fotografado na Renascen\u00e7a\"},{\"@type\":\"BreadcrumbList\",\"@id\":\"https:\/\/portaltela.pt\/noticias\/2026\/02\/05\/governo-propoe-fundo-para-catastrofes-e-sismos-frente-a-severidade-crescente\/#breadcrumb\",\"itemListElement\":[{\"@type\":\"ListItem\",\"position\":1,\"name\":\"In\u00edcio\",\"item\":\"https:\/\/portaltela.pt\/\"},{\"@type\":\"ListItem\",\"position\":2,\"name\":\"Governo prop\u00f5e fundo para cat\u00e1strofes e sismos frente \u00e0 severidade crescente\"}]},{\"@type\":\"WebSite\",\"@id\":\"https:\/\/portaltela.pt\/#website\",\"url\":\"https:\/\/portaltela.pt\/\",\"name\":\"Portal Tela Portugal\",\"description\":\"\",\"potentialAction\":[{\"@type\":\"SearchAction\",\"target\":{\"@type\":\"EntryPoint\",\"urlTemplate\":\"https:\/\/portaltela.pt\/?s={search_term_string}\"},\"query-input\":{\"@type\":\"PropertyValueSpecification\",\"valueRequired\":true,\"valueName\":\"search_term_string\"}}],\"inLanguage\":\"pt-PT\"},{\"@type\":\"Person\",\"@id\":\"https:\/\/portaltela.pt\/#\/schema\/person\/c4278d4a6028830caff9ee44b42d32ed\",\"name\":\"Telinha\",\"image\":{\"@type\":\"ImageObject\",\"inLanguage\":\"pt-PT\",\"@id\":\"https:\/\/portaltela.pt\/s.01k8rhncp4jt1\/2025\/11\/talking-bot-125x125.png\",\"url\":\"https:\/\/portaltela.pt\/s.01k8rhncp4jt1\/2025\/11\/talking-bot-125x125.png\",\"contentUrl\":\"https:\/\/portaltela.pt\/s.01k8rhncp4jt1\/2025\/11\/talking-bot-125x125.png\",\"caption\":\"Telinha\"},\"sameAs\":[\"https:\/\/portaltela.pt\/\"],\"url\":\"https:\/\/portaltela.pt\/por\/367410592786\/\"}]}<\/script>\n<!-- \/ Yoast SEO plugin. -->","yoast_head_json":{"title":"Governo prop\u00f5e fundo para cat\u00e1strofes e sismos frente \u00e0 severidade crescente - Portal Tela Portugal","robots":{"index":"index","follow":"follow","max-snippet":"max-snippet:-1","max-image-preview":"max-image-preview:large","max-video-preview":"max-video-preview:-1"},"og_locale":"pt_PT","og_type":"article","og_title":"Governo prop\u00f5e fundo para cat\u00e1strofes e sismos frente \u00e0 severidade crescente - Portal Tela Portugal","og_description":"O Governo quer criar um fundo de cat\u00e1strofes financiado atrav\u00e9s do seguro de im\u00f3veis e do resseguro, com possibilidade de cobran\u00e7a de uma taxa para cobrir riscos n\u00e3o cobertos pelo seguro, em funcionamento a longo prazo. Apoios j\u00e1 aprovados \u00e0s empresas e fam\u00edlias somam 2,5 mil milh\u00f5es de euros; perdas totais podem ultrapassar esse valor, com foco em reconstru\u00e7\u00e3o de infraestruturas e habita\u00e7\u00f5es, al\u00e9m de apoios a layoff e subsist\u00eancia. As verbas para apoio a fam\u00edlias devem chegar rapidamente, com transfer\u00eancias \u00e0s CCDR at\u00e9 segunda-feira para in\u00edcio de pagamentos de reconstru\u00e7\u00e3o de casas, variando entre cinco mil euros (com prova) e dez mil euros (com vistoria). A morat\u00f3ria de cr\u00e9dito abrange a totalidade do empr\u00e9stimo por noventa dias; pode haver uma morat\u00f3ria adicional de at\u00e9 doze meses para quem realmente precisar, em coordena\u00e7\u00e3o com o Banco de Portugal e associa\u00e7\u00f5es de bancos. Em rela\u00e7\u00e3o \u00e0 ajuda europeia, o Fundo de Solidariedade da Uni\u00e3o Europeia pode cobrir at\u00e9 10% dos danos, mas o Governo pretende mobilizar principalmente o or\u00e7amento nacional; j\u00e1 foi accionado o Fundo de Solidariedade para 2,5% dos danos, com possibilidade de ajustamentos conforme evolu\u00e7\u00e3o dos estragos.","og_url":"https:\/\/portaltela.pt\/noticias\/2026\/02\/05\/governo-propoe-fundo-para-catastrofes-e-sismos-frente-a-severidade-crescente\/","og_site_name":"Portal Tela Portugal","article_published_time":"2026-02-05T06:30:00+00:00","author":"Telinha","twitter_card":"summary_large_image","twitter_misc":{"Escrito por":"Telinha","Tempo estimado de leitura":"3 minutos"},"schema":{"@context":"https:\/\/schema.org","@graph":[{"@type":"Article","@id":"https:\/\/portaltela.pt\/noticias\/2026\/02\/05\/governo-propoe-fundo-para-catastrofes-e-sismos-frente-a-severidade-crescente\/#article","isPartOf":{"@id":"https:\/\/portaltela.pt\/noticias\/2026\/02\/05\/governo-propoe-fundo-para-catastrofes-e-sismos-frente-a-severidade-crescente\/"},"author":{"name":"Telinha","@id":"https:\/\/portaltela.pt\/#\/schema\/person\/c4278d4a6028830caff9ee44b42d32ed"},"headline":"Governo prop\u00f5e fundo para cat\u00e1strofes e sismos frente \u00e0 severidade crescente","datePublished":"2026-02-05T06:30:00+00:00","mainEntityOfPage":{"@id":"https:\/\/portaltela.pt\/noticias\/2026\/02\/05\/governo-propoe-fundo-para-catastrofes-e-sismos-frente-a-severidade-crescente\/"},"wordCount":677,"image":{"@id":"https:\/\/portaltela.pt\/noticias\/2026\/02\/05\/governo-propoe-fundo-para-catastrofes-e-sismos-frente-a-severidade-crescente\/#primaryimage"},"thumbnailUrl":"https:\/\/portaltela.pt\/s.01k8rhncp4jt1\/2026\/02\/2064579.jpg","keywords":["cat\u00e1strofes naturais","Coes\u00e3o social","economia","Fundo de Solidariedade","Fundo Europeu de Solidariedade e fundos nacionais","prote\u00e7\u00e3o civil"],"articleSection":["Economia","Not\u00edcias"],"inLanguage":"pt-PT"},{"@type":"WebPage","@id":"https:\/\/portaltela.pt\/noticias\/2026\/02\/05\/governo-propoe-fundo-para-catastrofes-e-sismos-frente-a-severidade-crescente\/","url":"https:\/\/portaltela.pt\/noticias\/2026\/02\/05\/governo-propoe-fundo-para-catastrofes-e-sismos-frente-a-severidade-crescente\/","name":"Governo prop\u00f5e fundo para cat\u00e1strofes e sismos frente \u00e0 severidade crescente - Portal Tela Portugal","isPartOf":{"@id":"https:\/\/portaltela.pt\/#website"},"primaryImageOfPage":{"@id":"https:\/\/portaltela.pt\/noticias\/2026\/02\/05\/governo-propoe-fundo-para-catastrofes-e-sismos-frente-a-severidade-crescente\/#primaryimage"},"image":{"@id":"https:\/\/portaltela.pt\/noticias\/2026\/02\/05\/governo-propoe-fundo-para-catastrofes-e-sismos-frente-a-severidade-crescente\/#primaryimage"},"thumbnailUrl":"https:\/\/portaltela.pt\/s.01k8rhncp4jt1\/2026\/02\/2064579.jpg","datePublished":"2026-02-05T06:30:00+00:00","author":{"@id":"https:\/\/portaltela.pt\/#\/schema\/person\/c4278d4a6028830caff9ee44b42d32ed"},"breadcrumb":{"@id":"https:\/\/portaltela.pt\/noticias\/2026\/02\/05\/governo-propoe-fundo-para-catastrofes-e-sismos-frente-a-severidade-crescente\/#breadcrumb"},"inLanguage":"pt-PT","potentialAction":[{"@type":"ReadAction","target":["https:\/\/portaltela.pt\/noticias\/2026\/02\/05\/governo-propoe-fundo-para-catastrofes-e-sismos-frente-a-severidade-crescente\/"]}]},{"@type":"ImageObject","inLanguage":"pt-PT","@id":"https:\/\/portaltela.pt\/noticias\/2026\/02\/05\/governo-propoe-fundo-para-catastrofes-e-sismos-frente-a-severidade-crescente\/#primaryimage","url":"https:\/\/portaltela.pt\/s.01k8rhncp4jt1\/2026\/02\/2064579.jpg","contentUrl":"https:\/\/portaltela.pt\/s.01k8rhncp4jt1\/2026\/02\/2064579.jpg","width":796,"height":448,"caption":"Joaquim Miranda Sarmento, fotografado na Renascen\u00e7a"},{"@type":"BreadcrumbList","@id":"https:\/\/portaltela.pt\/noticias\/2026\/02\/05\/governo-propoe-fundo-para-catastrofes-e-sismos-frente-a-severidade-crescente\/#breadcrumb","itemListElement":[{"@type":"ListItem","position":1,"name":"In\u00edcio","item":"https:\/\/portaltela.pt\/"},{"@type":"ListItem","position":2,"name":"Governo prop\u00f5e fundo para cat\u00e1strofes e sismos frente \u00e0 severidade crescente"}]},{"@type":"WebSite","@id":"https:\/\/portaltela.pt\/#website","url":"https:\/\/portaltela.pt\/","name":"Portal Tela Portugal","description":"","potentialAction":[{"@type":"SearchAction","target":{"@type":"EntryPoint","urlTemplate":"https:\/\/portaltela.pt\/?s={search_term_string}"},"query-input":{"@type":"PropertyValueSpecification","valueRequired":true,"valueName":"search_term_string"}}],"inLanguage":"pt-PT"},{"@type":"Person","@id":"https:\/\/portaltela.pt\/#\/schema\/person\/c4278d4a6028830caff9ee44b42d32ed","name":"Telinha","image":{"@type":"ImageObject","inLanguage":"pt-PT","@id":"https:\/\/portaltela.pt\/s.01k8rhncp4jt1\/2025\/11\/talking-bot-125x125.png","url":"https:\/\/portaltela.pt\/s.01k8rhncp4jt1\/2025\/11\/talking-bot-125x125.png","contentUrl":"https:\/\/portaltela.pt\/s.01k8rhncp4jt1\/2025\/11\/talking-bot-125x125.png","caption":"Telinha"},"sameAs":["https:\/\/portaltela.pt\/"],"url":"https:\/\/portaltela.pt\/por\/367410592786\/"}]}},"_links":{"self":[{"href":"https:\/\/portaltela.pt\/api\/wp\/v2\/posts\/198804","targetHints":{"allow":["GET"]}}],"collection":[{"href":"https:\/\/portaltela.pt\/api\/wp\/v2\/posts"}],"about":[{"href":"https:\/\/portaltela.pt\/api\/wp\/v2\/types\/post"}],"author":[{"embeddable":true,"href":"https:\/\/portaltela.pt\/api\/wp\/v2\/users\/2"}],"replies":[{"embeddable":true,"href":"https:\/\/portaltela.pt\/api\/wp\/v2\/comments?post=198804"}],"version-history":[{"count":0,"href":"https:\/\/portaltela.pt\/api\/wp\/v2\/posts\/198804\/revisions"}],"wp:featuredmedia":[{"embeddable":true,"href":"https:\/\/portaltela.pt\/api\/wp\/v2\/media\/198812"}],"wp:attachment":[{"href":"https:\/\/portaltela.pt\/api\/wp\/v2\/media?parent=198804"}],"wp:term":[{"taxonomy":"category","embeddable":true,"href":"https:\/\/portaltela.pt\/api\/wp\/v2\/categories?post=198804"},{"taxonomy":"post_tag","embeddable":true,"href":"https:\/\/portaltela.pt\/api\/wp\/v2\/tags?post=198804"}],"curies":[{"name":"wp","href":"https:\/\/api.w.org\/{rel}","templated":true}]}}