{"id":198797,"date":"2026-02-05T03:47:45","date_gmt":"2026-02-05T06:47:45","guid":{"rendered":"https:\/\/portaltela.pt\/noticias\/2026\/02\/05\/cia-encerra-publicacao-de-referencia-world-factbook\/"},"modified":"2026-02-05T03:47:45","modified_gmt":"2026-02-05T06:47:45","slug":"cia-encerra-publicacao-de-referencia-world-factbook","status":"publish","type":"post","link":"https:\/\/portaltela.pt\/noticias\/politica\/2026\/02\/05\/cia-encerra-publicacao-de-referencia-world-factbook\/","title":{"rendered":"CIA encerra publica\u00e7\u00e3o de refer\u00eancia World Factbook"},"content":{"rendered":"<p>A CIA anunciou na quarta-feira o encerramento da World Factbook, publica\u00e7\u00e3o de refer\u00eancia com mais de 60 anos. O an\u00fancio foi publicado no site da ag\u00eancia e n\u00e3o apresenta justifica\u00e7\u00f5es claras.<\/p>\n<p>O Factbook foi criado em 1962 como manual de refer\u00eancia impresso e confidencial para oficiais de informa\u00e7\u00f5es. Descrevia economias, for\u00e7as armadas, recursos e sociedades de na\u00e7\u00f5es estrangeiras.<\/p>\n<p>Tornou-se p\u00fablico ao longo de uma d\u00e9cada e, desde 1997, online, tornou-se um recurso amplamente utilizado por jornalistas, acad\u00e9micos e curiosos, recebendo milh\u00f5es de visitas por ano.<\/p>\n<p>A Casa Branca j\u00e1 tinha iniciado, no in\u00edcio do segundo mandato de Trump, medidas para reduzir o pessoal da CIA e da NSA, obrigando a ag\u00eancia a trabalhar com menos recursos.<\/p>\n<h3>Contexto e impactos<\/h3>\n<p>O encerramento chega sem explica\u00e7\u00f5es adicionais da ag\u00eancia, que n\u00e3o detalhou planos para substitui\u00e7\u00e3o de dados p\u00fablicos ou de refer\u00eancia.<\/p>\n<p>Especialistas indicam que a decis\u00e3o pode alterar a disponibilidade de dados geoestrat\u00e9gicos para investigadores, acad\u00e9micos e profissionais de informa\u00e7\u00e3o, que j\u00e1 recorriam ao Factbook como fonte de refer\u00eancia.<\/p>\n","protected":false},"excerpt":{"rendered":"<ul>\n<li>A CIA anunciou que vai encerrar a publica\u00e7\u00e3o de refer\u00eancia World Factbook, ap\u00f3s mais de 60 anos.<\/li>\n<li>O an\u00fancio foi publicado no site da ag\u00eancia e n\u00e3o apresenta uma justifica\u00e7\u00e3o para a decis\u00e3o.<\/li>\n<li>O Factbook nasceu em 1962 como um manual impresso confidencial e evoluiu para uma vers\u00e3o p\u00fablica n\u00e3o classificada.<\/li>\n<li>Online desde 1997, tornou-se numa refer\u00eancia popular com milh\u00f5es de visitas anuais.<\/li>\n<li>A medida ocorre num contexto de cortes de pessoal na CIA e na Ag\u00eancia de Seguran\u00e7a Nacional no in\u00edcio do segundo mandato de Donald Trump.<\/li>\n<\/ul>\n","protected":false},"author":2,"featured_media":198806,"comment_status":"closed","ping_status":"closed","sticky":false,"template":"","format":"standard","meta":{"footnotes":""},"categories":[1,5],"tags":[3193,4561,3138,34,195,2832],"class_list":["post-198797","post","type-post","status-publish","format-standard","has-post-thumbnail","hentry","category-noticias","category-politica","tag-academica","tag-agencia-publica","tag-dados-geoespaciais","tag-governo","tag-informacao","tag-politica"],"yoast_head":"<!-- This site is optimized with the Yoast SEO plugin v27.2 - https:\/\/yoast.com\/product\/yoast-seo-wordpress\/ -->\n<title>CIA encerra publica\u00e7\u00e3o de refer\u00eancia World Factbook - Portal Tela Portugal<\/title>\n<meta name=\"robots\" content=\"index, follow, max-snippet:-1, max-image-preview:large, max-video-preview:-1\" \/>\n<meta property=\"og:locale\" content=\"pt_PT\" \/>\n<meta property=\"og:type\" content=\"article\" \/>\n<meta property=\"og:title\" content=\"CIA encerra publica\u00e7\u00e3o de refer\u00eancia World Factbook - Portal Tela Portugal\" \/>\n<meta property=\"og:description\" content=\"A CIA anunciou que vai encerrar a publica\u00e7\u00e3o de refer\u00eancia World Factbook, ap\u00f3s mais de 60 anos. O an\u00fancio foi publicado no site da ag\u00eancia e n\u00e3o apresenta uma justifica\u00e7\u00e3o para a decis\u00e3o. O Factbook nasceu em 1962 como um manual impresso confidencial e evoluiu para uma vers\u00e3o p\u00fablica n\u00e3o classificada. Online desde 1997, tornou-se numa refer\u00eancia popular com milh\u00f5es de visitas anuais. A medida ocorre num contexto de cortes de pessoal na CIA e na Ag\u00eancia de Seguran\u00e7a Nacional no in\u00edcio do segundo mandato de Donald Trump.\" \/>\n<meta property=\"og:url\" content=\"https:\/\/portaltela.pt\/noticias\/2026\/02\/05\/cia-encerra-publicacao-de-referencia-world-factbook\/\" \/>\n<meta property=\"og:site_name\" content=\"Portal Tela Portugal\" \/>\n<meta property=\"article:published_time\" content=\"2026-02-05T06:47:45+00:00\" \/>\n<meta name=\"author\" content=\"Telinha\" \/>\n<meta name=\"twitter:card\" content=\"summary_large_image\" \/>\n<meta name=\"twitter:label1\" content=\"Escrito por\" \/>\n\t<meta name=\"twitter:data1\" content=\"Telinha\" \/>\n\t<meta name=\"twitter:label2\" content=\"Tempo estimado de leitura\" \/>\n\t<meta name=\"twitter:data2\" content=\"1 minuto\" \/>\n<script type=\"application\/ld+json\" class=\"yoast-schema-graph\">{\"@context\":\"https:\/\/schema.org\",\"@graph\":[{\"@type\":\"Article\",\"@id\":\"https:\/\/portaltela.pt\/noticias\/2026\/02\/05\/cia-encerra-publicacao-de-referencia-world-factbook\/#article\",\"isPartOf\":{\"@id\":\"https:\/\/portaltela.pt\/noticias\/2026\/02\/05\/cia-encerra-publicacao-de-referencia-world-factbook\/\"},\"author\":{\"name\":\"Telinha\",\"@id\":\"https:\/\/portaltela.pt\/#\/schema\/person\/c4278d4a6028830caff9ee44b42d32ed\"},\"headline\":\"CIA encerra publica\u00e7\u00e3o de refer\u00eancia World Factbook\",\"datePublished\":\"2026-02-05T06:47:45+00:00\",\"mainEntityOfPage\":{\"@id\":\"https:\/\/portaltela.pt\/noticias\/2026\/02\/05\/cia-encerra-publicacao-de-referencia-world-factbook\/\"},\"wordCount\":200,\"image\":{\"@id\":\"https:\/\/portaltela.pt\/noticias\/2026\/02\/05\/cia-encerra-publicacao-de-referencia-world-factbook\/#primaryimage\"},\"thumbnailUrl\":\"https:\/\/portaltela.pt\/s.01k8rhncp4jt1\/2026\/02\/unnamed-file-1480.jpg\",\"keywords\":[\"Acad\u00e9mica\",\"ag\u00eancia p\u00fablica\",\"dados geoespaciais\",\"governo\",\"informa\u00e7\u00e3o\",\"pol\u00edtica\"],\"articleSection\":[\"Not\u00edcias\",\"Pol\u00edtica\"],\"inLanguage\":\"pt-PT\"},{\"@type\":\"WebPage\",\"@id\":\"https:\/\/portaltela.pt\/noticias\/2026\/02\/05\/cia-encerra-publicacao-de-referencia-world-factbook\/\",\"url\":\"https:\/\/portaltela.pt\/noticias\/2026\/02\/05\/cia-encerra-publicacao-de-referencia-world-factbook\/\",\"name\":\"CIA encerra publica\u00e7\u00e3o de refer\u00eancia World Factbook - Portal Tela Portugal\",\"isPartOf\":{\"@id\":\"https:\/\/portaltela.pt\/#website\"},\"primaryImageOfPage\":{\"@id\":\"https:\/\/portaltela.pt\/noticias\/2026\/02\/05\/cia-encerra-publicacao-de-referencia-world-factbook\/#primaryimage\"},\"image\":{\"@id\":\"https:\/\/portaltela.pt\/noticias\/2026\/02\/05\/cia-encerra-publicacao-de-referencia-world-factbook\/#primaryimage\"},\"thumbnailUrl\":\"https:\/\/portaltela.pt\/s.01k8rhncp4jt1\/2026\/02\/unnamed-file-1480.jpg\",\"datePublished\":\"2026-02-05T06:47:45+00:00\",\"author\":{\"@id\":\"https:\/\/portaltela.pt\/#\/schema\/person\/c4278d4a6028830caff9ee44b42d32ed\"},\"breadcrumb\":{\"@id\":\"https:\/\/portaltela.pt\/noticias\/2026\/02\/05\/cia-encerra-publicacao-de-referencia-world-factbook\/#breadcrumb\"},\"inLanguage\":\"pt-PT\",\"potentialAction\":[{\"@type\":\"ReadAction\",\"target\":[\"https:\/\/portaltela.pt\/noticias\/2026\/02\/05\/cia-encerra-publicacao-de-referencia-world-factbook\/\"]}]},{\"@type\":\"ImageObject\",\"inLanguage\":\"pt-PT\",\"@id\":\"https:\/\/portaltela.pt\/noticias\/2026\/02\/05\/cia-encerra-publicacao-de-referencia-world-factbook\/#primaryimage\",\"url\":\"https:\/\/portaltela.pt\/s.01k8rhncp4jt1\/2026\/02\/unnamed-file-1480.jpg\",\"contentUrl\":\"https:\/\/portaltela.pt\/s.01k8rhncp4jt1\/2026\/02\/unnamed-file-1480.jpg\",\"width\":796,\"height\":448,\"caption\":\"CIA encerra popular publica\u00e7\u00e3o de refer\u00eancia World Factbook\"},{\"@type\":\"BreadcrumbList\",\"@id\":\"https:\/\/portaltela.pt\/noticias\/2026\/02\/05\/cia-encerra-publicacao-de-referencia-world-factbook\/#breadcrumb\",\"itemListElement\":[{\"@type\":\"ListItem\",\"position\":1,\"name\":\"In\u00edcio\",\"item\":\"https:\/\/portaltela.pt\/\"},{\"@type\":\"ListItem\",\"position\":2,\"name\":\"CIA encerra publica\u00e7\u00e3o de refer\u00eancia World Factbook\"}]},{\"@type\":\"WebSite\",\"@id\":\"https:\/\/portaltela.pt\/#website\",\"url\":\"https:\/\/portaltela.pt\/\",\"name\":\"Portal Tela Portugal\",\"description\":\"\",\"potentialAction\":[{\"@type\":\"SearchAction\",\"target\":{\"@type\":\"EntryPoint\",\"urlTemplate\":\"https:\/\/portaltela.pt\/?s={search_term_string}\"},\"query-input\":{\"@type\":\"PropertyValueSpecification\",\"valueRequired\":true,\"valueName\":\"search_term_string\"}}],\"inLanguage\":\"pt-PT\"},{\"@type\":\"Person\",\"@id\":\"https:\/\/portaltela.pt\/#\/schema\/person\/c4278d4a6028830caff9ee44b42d32ed\",\"name\":\"Telinha\",\"image\":{\"@type\":\"ImageObject\",\"inLanguage\":\"pt-PT\",\"@id\":\"https:\/\/portaltela.pt\/s.01k8rhncp4jt1\/2025\/11\/talking-bot-125x125.png\",\"url\":\"https:\/\/portaltela.pt\/s.01k8rhncp4jt1\/2025\/11\/talking-bot-125x125.png\",\"contentUrl\":\"https:\/\/portaltela.pt\/s.01k8rhncp4jt1\/2025\/11\/talking-bot-125x125.png\",\"caption\":\"Telinha\"},\"sameAs\":[\"https:\/\/portaltela.pt\/\"],\"url\":\"https:\/\/portaltela.pt\/por\/367410592786\/\"}]}<\/script>\n<!-- \/ Yoast SEO plugin. -->","yoast_head_json":{"title":"CIA encerra publica\u00e7\u00e3o de refer\u00eancia World Factbook - Portal Tela Portugal","robots":{"index":"index","follow":"follow","max-snippet":"max-snippet:-1","max-image-preview":"max-image-preview:large","max-video-preview":"max-video-preview:-1"},"og_locale":"pt_PT","og_type":"article","og_title":"CIA encerra publica\u00e7\u00e3o de refer\u00eancia World Factbook - Portal Tela Portugal","og_description":"A CIA anunciou que vai encerrar a publica\u00e7\u00e3o de refer\u00eancia World Factbook, ap\u00f3s mais de 60 anos. O an\u00fancio foi publicado no site da ag\u00eancia e n\u00e3o apresenta uma justifica\u00e7\u00e3o para a decis\u00e3o. O Factbook nasceu em 1962 como um manual impresso confidencial e evoluiu para uma vers\u00e3o p\u00fablica n\u00e3o classificada. Online desde 1997, tornou-se numa refer\u00eancia popular com milh\u00f5es de visitas anuais. A medida ocorre num contexto de cortes de pessoal na CIA e na Ag\u00eancia de Seguran\u00e7a Nacional no in\u00edcio do segundo mandato de Donald Trump.","og_url":"https:\/\/portaltela.pt\/noticias\/2026\/02\/05\/cia-encerra-publicacao-de-referencia-world-factbook\/","og_site_name":"Portal Tela Portugal","article_published_time":"2026-02-05T06:47:45+00:00","author":"Telinha","twitter_card":"summary_large_image","twitter_misc":{"Escrito por":"Telinha","Tempo estimado de leitura":"1 minuto"},"schema":{"@context":"https:\/\/schema.org","@graph":[{"@type":"Article","@id":"https:\/\/portaltela.pt\/noticias\/2026\/02\/05\/cia-encerra-publicacao-de-referencia-world-factbook\/#article","isPartOf":{"@id":"https:\/\/portaltela.pt\/noticias\/2026\/02\/05\/cia-encerra-publicacao-de-referencia-world-factbook\/"},"author":{"name":"Telinha","@id":"https:\/\/portaltela.pt\/#\/schema\/person\/c4278d4a6028830caff9ee44b42d32ed"},"headline":"CIA encerra publica\u00e7\u00e3o de refer\u00eancia World Factbook","datePublished":"2026-02-05T06:47:45+00:00","mainEntityOfPage":{"@id":"https:\/\/portaltela.pt\/noticias\/2026\/02\/05\/cia-encerra-publicacao-de-referencia-world-factbook\/"},"wordCount":200,"image":{"@id":"https:\/\/portaltela.pt\/noticias\/2026\/02\/05\/cia-encerra-publicacao-de-referencia-world-factbook\/#primaryimage"},"thumbnailUrl":"https:\/\/portaltela.pt\/s.01k8rhncp4jt1\/2026\/02\/unnamed-file-1480.jpg","keywords":["Acad\u00e9mica","ag\u00eancia p\u00fablica","dados geoespaciais","governo","informa\u00e7\u00e3o","pol\u00edtica"],"articleSection":["Not\u00edcias","Pol\u00edtica"],"inLanguage":"pt-PT"},{"@type":"WebPage","@id":"https:\/\/portaltela.pt\/noticias\/2026\/02\/05\/cia-encerra-publicacao-de-referencia-world-factbook\/","url":"https:\/\/portaltela.pt\/noticias\/2026\/02\/05\/cia-encerra-publicacao-de-referencia-world-factbook\/","name":"CIA encerra publica\u00e7\u00e3o de refer\u00eancia World Factbook - Portal Tela Portugal","isPartOf":{"@id":"https:\/\/portaltela.pt\/#website"},"primaryImageOfPage":{"@id":"https:\/\/portaltela.pt\/noticias\/2026\/02\/05\/cia-encerra-publicacao-de-referencia-world-factbook\/#primaryimage"},"image":{"@id":"https:\/\/portaltela.pt\/noticias\/2026\/02\/05\/cia-encerra-publicacao-de-referencia-world-factbook\/#primaryimage"},"thumbnailUrl":"https:\/\/portaltela.pt\/s.01k8rhncp4jt1\/2026\/02\/unnamed-file-1480.jpg","datePublished":"2026-02-05T06:47:45+00:00","author":{"@id":"https:\/\/portaltela.pt\/#\/schema\/person\/c4278d4a6028830caff9ee44b42d32ed"},"breadcrumb":{"@id":"https:\/\/portaltela.pt\/noticias\/2026\/02\/05\/cia-encerra-publicacao-de-referencia-world-factbook\/#breadcrumb"},"inLanguage":"pt-PT","potentialAction":[{"@type":"ReadAction","target":["https:\/\/portaltela.pt\/noticias\/2026\/02\/05\/cia-encerra-publicacao-de-referencia-world-factbook\/"]}]},{"@type":"ImageObject","inLanguage":"pt-PT","@id":"https:\/\/portaltela.pt\/noticias\/2026\/02\/05\/cia-encerra-publicacao-de-referencia-world-factbook\/#primaryimage","url":"https:\/\/portaltela.pt\/s.01k8rhncp4jt1\/2026\/02\/unnamed-file-1480.jpg","contentUrl":"https:\/\/portaltela.pt\/s.01k8rhncp4jt1\/2026\/02\/unnamed-file-1480.jpg","width":796,"height":448,"caption":"CIA encerra popular publica\u00e7\u00e3o de refer\u00eancia World Factbook"},{"@type":"BreadcrumbList","@id":"https:\/\/portaltela.pt\/noticias\/2026\/02\/05\/cia-encerra-publicacao-de-referencia-world-factbook\/#breadcrumb","itemListElement":[{"@type":"ListItem","position":1,"name":"In\u00edcio","item":"https:\/\/portaltela.pt\/"},{"@type":"ListItem","position":2,"name":"CIA encerra publica\u00e7\u00e3o de refer\u00eancia World Factbook"}]},{"@type":"WebSite","@id":"https:\/\/portaltela.pt\/#website","url":"https:\/\/portaltela.pt\/","name":"Portal Tela Portugal","description":"","potentialAction":[{"@type":"SearchAction","target":{"@type":"EntryPoint","urlTemplate":"https:\/\/portaltela.pt\/?s={search_term_string}"},"query-input":{"@type":"PropertyValueSpecification","valueRequired":true,"valueName":"search_term_string"}}],"inLanguage":"pt-PT"},{"@type":"Person","@id":"https:\/\/portaltela.pt\/#\/schema\/person\/c4278d4a6028830caff9ee44b42d32ed","name":"Telinha","image":{"@type":"ImageObject","inLanguage":"pt-PT","@id":"https:\/\/portaltela.pt\/s.01k8rhncp4jt1\/2025\/11\/talking-bot-125x125.png","url":"https:\/\/portaltela.pt\/s.01k8rhncp4jt1\/2025\/11\/talking-bot-125x125.png","contentUrl":"https:\/\/portaltela.pt\/s.01k8rhncp4jt1\/2025\/11\/talking-bot-125x125.png","caption":"Telinha"},"sameAs":["https:\/\/portaltela.pt\/"],"url":"https:\/\/portaltela.pt\/por\/367410592786\/"}]}},"_links":{"self":[{"href":"https:\/\/portaltela.pt\/api\/wp\/v2\/posts\/198797","targetHints":{"allow":["GET"]}}],"collection":[{"href":"https:\/\/portaltela.pt\/api\/wp\/v2\/posts"}],"about":[{"href":"https:\/\/portaltela.pt\/api\/wp\/v2\/types\/post"}],"author":[{"embeddable":true,"href":"https:\/\/portaltela.pt\/api\/wp\/v2\/users\/2"}],"replies":[{"embeddable":true,"href":"https:\/\/portaltela.pt\/api\/wp\/v2\/comments?post=198797"}],"version-history":[{"count":0,"href":"https:\/\/portaltela.pt\/api\/wp\/v2\/posts\/198797\/revisions"}],"wp:featuredmedia":[{"embeddable":true,"href":"https:\/\/portaltela.pt\/api\/wp\/v2\/media\/198806"}],"wp:attachment":[{"href":"https:\/\/portaltela.pt\/api\/wp\/v2\/media?parent=198797"}],"wp:term":[{"taxonomy":"category","embeddable":true,"href":"https:\/\/portaltela.pt\/api\/wp\/v2\/categories?post=198797"},{"taxonomy":"post_tag","embeddable":true,"href":"https:\/\/portaltela.pt\/api\/wp\/v2\/tags?post=198797"}],"curies":[{"name":"wp","href":"https:\/\/api.w.org\/{rel}","templated":true}]}}