{"id":198796,"date":"2026-02-05T03:59:13","date_gmt":"2026-02-05T06:59:13","guid":{"rendered":"https:\/\/portaltela.pt\/noticias\/2026\/02\/05\/humanizar-em-tempos-de-aceleracao-como-manter-o-foco-nas-pessoas\/"},"modified":"2026-02-05T03:59:13","modified_gmt":"2026-02-05T06:59:13","slug":"humanizar-em-tempos-de-aceleracao-como-manter-o-foco-nas-pessoas","status":"publish","type":"post","link":"https:\/\/portaltela.pt\/noticias\/2026\/02\/05\/humanizar-em-tempos-de-aceleracao-como-manter-o-foco-nas-pessoas\/","title":{"rendered":"Humanizar em tempos de acelera\u00e7\u00e3o: como manter o foco nas pessoas"},"content":{"rendered":"<p>Vivemos uma era de transforma\u00e7\u00f5es r\u00e1pidas e inst\u00e1veis, com geopol\u00edtica vol\u00e1til e avan\u00e7os tecnol\u00f3gicos constantes. A press\u00e3o sobre indiv\u00edduos e organiza\u00e7\u00f5es alimenta uma sensa\u00e7\u00e3o de insufici\u00eancia cr\u00f3nica, levando muitas entidades a acelerarem ainda mais.<\/p>\n<p>A tese central \u00e9 que a acelera\u00e7\u00e3o cont\u00ednua tem um custo. Num ambiente de hiperativa\u00e7\u00e3o, o foco excessivo no resultado pode ofuscar o processo e, por isso, \u00e9 preciso repensar o equil\u00edbrio entre velocidade e qualidade das pr\u00e1ticas.<\/p>\n<p>Em vez de apenas andar mais depressa, o desafio contempor\u00e2neo pode passar por abrandar de forma inteligente. A humaniza\u00e7\u00e3o da gest\u00e3o de pessoas surge como necessidade operacional, com a psicologia organizacional a fundamentar a mudan\u00e7a de foco. A autodetermina\u00e7\u00e3o aponta para desempenho sustent\u00e1vel quando autonomia, mestria e perten\u00e7a s\u00e3o atendidas.<\/p>\n<p>A gest\u00e3o de pessoas tipicamente mede-se por resultados e bem-estar. Embora o bem-estar seja avan\u00e7o relevante, o peso do resultado continua dominante, mantendo o processo secund\u00e1rio. Quando o foco recai sobre o processo, o desempenho ganha robustez.<\/p>\n<p>Ao longo de experi\u00eancias como docente, investigador e consultor, observa-se um padr\u00e3o em contextos de elevada exig\u00eancia. Em ambientes extremos, a qualidade dos processos est\u00e1 ligada \u00e0 qualidade das rela\u00e7\u00f5es humanas, especialmente pela coopera\u00e7\u00e3o, confian\u00e7a e empatia. Esses elementos tornam-se fatores cr\u00edticos de desempenho.<\/p>\n<h3>Rela\u00e7\u00f5es, compet\u00eancias e tecnologia<\/h3>\n<p>As rela\u00e7\u00f5es n\u00e3o bastam por si: a compet\u00eancia tamb\u00e9m \u00e9 fundamental. A tecnologia, integrada de forma inteligente, atua como parceira dos processos humanos, automatizando tarefas repetitivas e reduzindo a carga cognitiva. O conceito de human\u2013AI teaming mostra como a tecnologia pode expandir a capacidade humana dentro das equipas.<\/p>\n<p>Organiza\u00e7\u00f5es que valorizam rela\u00e7\u00f5es de qualidade e uma integra\u00e7\u00e3o tecnol\u00f3gica eficaz constroem processos mais saud\u00e1veis e sustent\u00e1veis. Num mundo dominado pela urg\u00eancia, \u00e9 poss\u00edvel criar espa\u00e7o para confian\u00e7a e significado no trabalho.<\/p>\n<p>Humanizar o trabalho n\u00e3o implica abdicar de desempenho. Trata-se de reconhecer que as pessoas s\u00e3o ativos estrat\u00e9gicos, cujo retorno adv\u00e9m do cuidado adequado e enriquece o capital financeiro, bem como o capital psicol\u00f3gico, social e intelectual.<\/p>\n<p>Refer\u00eancias citadas asseguram base cient\u00edfica para a abordagem, incluindo teoria da autodetermina\u00e7\u00e3o, estudos sobre ambientes extremos e estrat\u00e9gias de coopera\u00e7\u00e3o homem\u2013m\u00e1quina. Estas fontes ajudam a sustentar a vis\u00e3o de processos mais humanos e eficazes.<\/p>\n","protected":false},"excerpt":{"rendered":"<ul>\n<li>Vivemos numa era de transforma\u00e7\u00f5es r\u00e1pidas que aumentam a sensa\u00e7\u00e3o de insufici\u00eancia, levando a acelerar ainda mais.<\/li>\n<li>O foco excessivo no resultado pode obscurecer o processo e a forma como trabalhamos, especialmente sob ansiedade.<\/li>\n<li>Humanizar a gest\u00e3o de pessoas exige satisfazer autonomia, mestria e perten\u00e7a, tornando o processo central para alcan\u00e7ar resultados sustent\u00e1veis.<\/li>\n<li>A qualidade das rela\u00e7\u00f5es e a coopera\u00e7\u00e3o s\u00e3o cruciais em ambientes de risco ou alta exig\u00eancia, refor\u00e7ando confian\u00e7a, empatia e ag\u00eancia.<\/li>\n<li>A integra\u00e7\u00e3o inteligente da tecnologia, incluindo o &#8220;human\u2013AI teaming&#8221;, pode automatizar tarefas repetitivas e ampliar a capacidade humana, criando processos mais saud\u00e1veis e desempenho sustent\u00e1vel.<\/li>\n<\/ul>\n","protected":false},"author":2,"featured_media":198808,"comment_status":"closed","ping_status":"closed","sticky":false,"template":"","format":"standard","meta":{"footnotes":""},"categories":[1],"tags":[2415,3393,51,2249,153,2201],"class_list":["post-198796","post","type-post","status-publish","format-standard","has-post-thumbnail","hentry","category-noticias","tag-gestao","tag-humanizacao","tag-inteligencia-artificial","tag-psicologia","tag-tecnologia","tag-trabalho"],"yoast_head":"<!-- This site is optimized with the Yoast SEO plugin v27.2 - https:\/\/yoast.com\/product\/yoast-seo-wordpress\/ -->\n<title>Humanizar em tempos de acelera\u00e7\u00e3o: como manter o foco nas pessoas - Portal Tela Portugal<\/title>\n<meta name=\"robots\" content=\"index, follow, max-snippet:-1, max-image-preview:large, max-video-preview:-1\" \/>\n<meta property=\"og:locale\" content=\"pt_PT\" \/>\n<meta property=\"og:type\" content=\"article\" \/>\n<meta property=\"og:title\" content=\"Humanizar em tempos de acelera\u00e7\u00e3o: como manter o foco nas pessoas - Portal Tela Portugal\" \/>\n<meta property=\"og:description\" content=\"Vivemos numa era de transforma\u00e7\u00f5es r\u00e1pidas que aumentam a sensa\u00e7\u00e3o de insufici\u00eancia, levando a acelerar ainda mais. O foco excessivo no resultado pode obscurecer o processo e a forma como trabalhamos, especialmente sob ansiedade. Humanizar a gest\u00e3o de pessoas exige satisfazer autonomia, mestria e perten\u00e7a, tornando o processo central para alcan\u00e7ar resultados sustent\u00e1veis. A qualidade das rela\u00e7\u00f5es e a coopera\u00e7\u00e3o s\u00e3o cruciais em ambientes de risco ou alta exig\u00eancia, refor\u00e7ando confian\u00e7a, empatia e ag\u00eancia. A integra\u00e7\u00e3o inteligente da tecnologia, incluindo o &quot;human\u2013AI teaming&quot;, pode automatizar tarefas repetitivas e ampliar a capacidade humana, criando processos mais saud\u00e1veis e desempenho sustent\u00e1vel.\" \/>\n<meta property=\"og:url\" content=\"https:\/\/portaltela.pt\/noticias\/2026\/02\/05\/humanizar-em-tempos-de-aceleracao-como-manter-o-foco-nas-pessoas\/\" \/>\n<meta property=\"og:site_name\" content=\"Portal Tela Portugal\" \/>\n<meta property=\"article:published_time\" content=\"2026-02-05T06:59:13+00:00\" \/>\n<meta name=\"author\" content=\"Telinha\" \/>\n<meta name=\"twitter:card\" content=\"summary_large_image\" \/>\n<meta name=\"twitter:label1\" content=\"Escrito por\" \/>\n\t<meta name=\"twitter:data1\" content=\"Telinha\" \/>\n\t<meta name=\"twitter:label2\" content=\"Tempo estimado de leitura\" \/>\n\t<meta name=\"twitter:data2\" content=\"2 minutos\" \/>\n<script type=\"application\/ld+json\" class=\"yoast-schema-graph\">{\"@context\":\"https:\/\/schema.org\",\"@graph\":[{\"@type\":\"Article\",\"@id\":\"https:\/\/portaltela.pt\/noticias\/2026\/02\/05\/humanizar-em-tempos-de-aceleracao-como-manter-o-foco-nas-pessoas\/#article\",\"isPartOf\":{\"@id\":\"https:\/\/portaltela.pt\/noticias\/2026\/02\/05\/humanizar-em-tempos-de-aceleracao-como-manter-o-foco-nas-pessoas\/\"},\"author\":{\"name\":\"Telinha\",\"@id\":\"https:\/\/portaltela.pt\/#\/schema\/person\/c4278d4a6028830caff9ee44b42d32ed\"},\"headline\":\"Humanizar em tempos de acelera\u00e7\u00e3o: como manter o foco nas pessoas\",\"datePublished\":\"2026-02-05T06:59:13+00:00\",\"mainEntityOfPage\":{\"@id\":\"https:\/\/portaltela.pt\/noticias\/2026\/02\/05\/humanizar-em-tempos-de-aceleracao-como-manter-o-foco-nas-pessoas\/\"},\"wordCount\":430,\"image\":{\"@id\":\"https:\/\/portaltela.pt\/noticias\/2026\/02\/05\/humanizar-em-tempos-de-aceleracao-como-manter-o-foco-nas-pessoas\/#primaryimage\"},\"thumbnailUrl\":\"https:\/\/portaltela.pt\/s.01k8rhncp4jt1\/2026\/02\/unnamed-file-1480.jpg\",\"keywords\":[\"gest\u00e3o\",\"humaniza\u00e7\u00e3o\",\"intelig\u00eancia artificial\",\"psicologia\",\"tecnologia\",\"trabalho\"],\"articleSection\":[\"Not\u00edcias\"],\"inLanguage\":\"pt-PT\"},{\"@type\":\"WebPage\",\"@id\":\"https:\/\/portaltela.pt\/noticias\/2026\/02\/05\/humanizar-em-tempos-de-aceleracao-como-manter-o-foco-nas-pessoas\/\",\"url\":\"https:\/\/portaltela.pt\/noticias\/2026\/02\/05\/humanizar-em-tempos-de-aceleracao-como-manter-o-foco-nas-pessoas\/\",\"name\":\"Humanizar em tempos de acelera\u00e7\u00e3o: como manter o foco nas pessoas - Portal Tela Portugal\",\"isPartOf\":{\"@id\":\"https:\/\/portaltela.pt\/#website\"},\"primaryImageOfPage\":{\"@id\":\"https:\/\/portaltela.pt\/noticias\/2026\/02\/05\/humanizar-em-tempos-de-aceleracao-como-manter-o-foco-nas-pessoas\/#primaryimage\"},\"image\":{\"@id\":\"https:\/\/portaltela.pt\/noticias\/2026\/02\/05\/humanizar-em-tempos-de-aceleracao-como-manter-o-foco-nas-pessoas\/#primaryimage\"},\"thumbnailUrl\":\"https:\/\/portaltela.pt\/s.01k8rhncp4jt1\/2026\/02\/unnamed-file-1480.jpg\",\"datePublished\":\"2026-02-05T06:59:13+00:00\",\"author\":{\"@id\":\"https:\/\/portaltela.pt\/#\/schema\/person\/c4278d4a6028830caff9ee44b42d32ed\"},\"breadcrumb\":{\"@id\":\"https:\/\/portaltela.pt\/noticias\/2026\/02\/05\/humanizar-em-tempos-de-aceleracao-como-manter-o-foco-nas-pessoas\/#breadcrumb\"},\"inLanguage\":\"pt-PT\",\"potentialAction\":[{\"@type\":\"ReadAction\",\"target\":[\"https:\/\/portaltela.pt\/noticias\/2026\/02\/05\/humanizar-em-tempos-de-aceleracao-como-manter-o-foco-nas-pessoas\/\"]}]},{\"@type\":\"ImageObject\",\"inLanguage\":\"pt-PT\",\"@id\":\"https:\/\/portaltela.pt\/noticias\/2026\/02\/05\/humanizar-em-tempos-de-aceleracao-como-manter-o-foco-nas-pessoas\/#primaryimage\",\"url\":\"https:\/\/portaltela.pt\/s.01k8rhncp4jt1\/2026\/02\/unnamed-file-1480.jpg\",\"contentUrl\":\"https:\/\/portaltela.pt\/s.01k8rhncp4jt1\/2026\/02\/unnamed-file-1480.jpg\",\"width\":796,\"height\":448,\"caption\":\"Humanizar em tempos de acelera\u00e7\u00e3o\"},{\"@type\":\"BreadcrumbList\",\"@id\":\"https:\/\/portaltela.pt\/noticias\/2026\/02\/05\/humanizar-em-tempos-de-aceleracao-como-manter-o-foco-nas-pessoas\/#breadcrumb\",\"itemListElement\":[{\"@type\":\"ListItem\",\"position\":1,\"name\":\"In\u00edcio\",\"item\":\"https:\/\/portaltela.pt\/\"},{\"@type\":\"ListItem\",\"position\":2,\"name\":\"Humanizar em tempos de acelera\u00e7\u00e3o: como manter o foco nas pessoas\"}]},{\"@type\":\"WebSite\",\"@id\":\"https:\/\/portaltela.pt\/#website\",\"url\":\"https:\/\/portaltela.pt\/\",\"name\":\"Portal Tela Portugal\",\"description\":\"\",\"potentialAction\":[{\"@type\":\"SearchAction\",\"target\":{\"@type\":\"EntryPoint\",\"urlTemplate\":\"https:\/\/portaltela.pt\/?s={search_term_string}\"},\"query-input\":{\"@type\":\"PropertyValueSpecification\",\"valueRequired\":true,\"valueName\":\"search_term_string\"}}],\"inLanguage\":\"pt-PT\"},{\"@type\":\"Person\",\"@id\":\"https:\/\/portaltela.pt\/#\/schema\/person\/c4278d4a6028830caff9ee44b42d32ed\",\"name\":\"Telinha\",\"image\":{\"@type\":\"ImageObject\",\"inLanguage\":\"pt-PT\",\"@id\":\"https:\/\/portaltela.pt\/s.01k8rhncp4jt1\/2025\/11\/talking-bot-125x125.png\",\"url\":\"https:\/\/portaltela.pt\/s.01k8rhncp4jt1\/2025\/11\/talking-bot-125x125.png\",\"contentUrl\":\"https:\/\/portaltela.pt\/s.01k8rhncp4jt1\/2025\/11\/talking-bot-125x125.png\",\"caption\":\"Telinha\"},\"sameAs\":[\"https:\/\/portaltela.pt\/\"],\"url\":\"https:\/\/portaltela.pt\/por\/367410592786\/\"}]}<\/script>\n<!-- \/ Yoast SEO plugin. -->","yoast_head_json":{"title":"Humanizar em tempos de acelera\u00e7\u00e3o: como manter o foco nas pessoas - Portal Tela Portugal","robots":{"index":"index","follow":"follow","max-snippet":"max-snippet:-1","max-image-preview":"max-image-preview:large","max-video-preview":"max-video-preview:-1"},"og_locale":"pt_PT","og_type":"article","og_title":"Humanizar em tempos de acelera\u00e7\u00e3o: como manter o foco nas pessoas - Portal Tela Portugal","og_description":"Vivemos numa era de transforma\u00e7\u00f5es r\u00e1pidas que aumentam a sensa\u00e7\u00e3o de insufici\u00eancia, levando a acelerar ainda mais. O foco excessivo no resultado pode obscurecer o processo e a forma como trabalhamos, especialmente sob ansiedade. Humanizar a gest\u00e3o de pessoas exige satisfazer autonomia, mestria e perten\u00e7a, tornando o processo central para alcan\u00e7ar resultados sustent\u00e1veis. A qualidade das rela\u00e7\u00f5es e a coopera\u00e7\u00e3o s\u00e3o cruciais em ambientes de risco ou alta exig\u00eancia, refor\u00e7ando confian\u00e7a, empatia e ag\u00eancia. A integra\u00e7\u00e3o inteligente da tecnologia, incluindo o \"human\u2013AI teaming\", pode automatizar tarefas repetitivas e ampliar a capacidade humana, criando processos mais saud\u00e1veis e desempenho sustent\u00e1vel.","og_url":"https:\/\/portaltela.pt\/noticias\/2026\/02\/05\/humanizar-em-tempos-de-aceleracao-como-manter-o-foco-nas-pessoas\/","og_site_name":"Portal Tela Portugal","article_published_time":"2026-02-05T06:59:13+00:00","author":"Telinha","twitter_card":"summary_large_image","twitter_misc":{"Escrito por":"Telinha","Tempo estimado de leitura":"2 minutos"},"schema":{"@context":"https:\/\/schema.org","@graph":[{"@type":"Article","@id":"https:\/\/portaltela.pt\/noticias\/2026\/02\/05\/humanizar-em-tempos-de-aceleracao-como-manter-o-foco-nas-pessoas\/#article","isPartOf":{"@id":"https:\/\/portaltela.pt\/noticias\/2026\/02\/05\/humanizar-em-tempos-de-aceleracao-como-manter-o-foco-nas-pessoas\/"},"author":{"name":"Telinha","@id":"https:\/\/portaltela.pt\/#\/schema\/person\/c4278d4a6028830caff9ee44b42d32ed"},"headline":"Humanizar em tempos de acelera\u00e7\u00e3o: como manter o foco nas pessoas","datePublished":"2026-02-05T06:59:13+00:00","mainEntityOfPage":{"@id":"https:\/\/portaltela.pt\/noticias\/2026\/02\/05\/humanizar-em-tempos-de-aceleracao-como-manter-o-foco-nas-pessoas\/"},"wordCount":430,"image":{"@id":"https:\/\/portaltela.pt\/noticias\/2026\/02\/05\/humanizar-em-tempos-de-aceleracao-como-manter-o-foco-nas-pessoas\/#primaryimage"},"thumbnailUrl":"https:\/\/portaltela.pt\/s.01k8rhncp4jt1\/2026\/02\/unnamed-file-1480.jpg","keywords":["gest\u00e3o","humaniza\u00e7\u00e3o","intelig\u00eancia artificial","psicologia","tecnologia","trabalho"],"articleSection":["Not\u00edcias"],"inLanguage":"pt-PT"},{"@type":"WebPage","@id":"https:\/\/portaltela.pt\/noticias\/2026\/02\/05\/humanizar-em-tempos-de-aceleracao-como-manter-o-foco-nas-pessoas\/","url":"https:\/\/portaltela.pt\/noticias\/2026\/02\/05\/humanizar-em-tempos-de-aceleracao-como-manter-o-foco-nas-pessoas\/","name":"Humanizar em tempos de acelera\u00e7\u00e3o: como manter o foco nas pessoas - Portal Tela Portugal","isPartOf":{"@id":"https:\/\/portaltela.pt\/#website"},"primaryImageOfPage":{"@id":"https:\/\/portaltela.pt\/noticias\/2026\/02\/05\/humanizar-em-tempos-de-aceleracao-como-manter-o-foco-nas-pessoas\/#primaryimage"},"image":{"@id":"https:\/\/portaltela.pt\/noticias\/2026\/02\/05\/humanizar-em-tempos-de-aceleracao-como-manter-o-foco-nas-pessoas\/#primaryimage"},"thumbnailUrl":"https:\/\/portaltela.pt\/s.01k8rhncp4jt1\/2026\/02\/unnamed-file-1480.jpg","datePublished":"2026-02-05T06:59:13+00:00","author":{"@id":"https:\/\/portaltela.pt\/#\/schema\/person\/c4278d4a6028830caff9ee44b42d32ed"},"breadcrumb":{"@id":"https:\/\/portaltela.pt\/noticias\/2026\/02\/05\/humanizar-em-tempos-de-aceleracao-como-manter-o-foco-nas-pessoas\/#breadcrumb"},"inLanguage":"pt-PT","potentialAction":[{"@type":"ReadAction","target":["https:\/\/portaltela.pt\/noticias\/2026\/02\/05\/humanizar-em-tempos-de-aceleracao-como-manter-o-foco-nas-pessoas\/"]}]},{"@type":"ImageObject","inLanguage":"pt-PT","@id":"https:\/\/portaltela.pt\/noticias\/2026\/02\/05\/humanizar-em-tempos-de-aceleracao-como-manter-o-foco-nas-pessoas\/#primaryimage","url":"https:\/\/portaltela.pt\/s.01k8rhncp4jt1\/2026\/02\/unnamed-file-1480.jpg","contentUrl":"https:\/\/portaltela.pt\/s.01k8rhncp4jt1\/2026\/02\/unnamed-file-1480.jpg","width":796,"height":448,"caption":"Humanizar em tempos de acelera\u00e7\u00e3o"},{"@type":"BreadcrumbList","@id":"https:\/\/portaltela.pt\/noticias\/2026\/02\/05\/humanizar-em-tempos-de-aceleracao-como-manter-o-foco-nas-pessoas\/#breadcrumb","itemListElement":[{"@type":"ListItem","position":1,"name":"In\u00edcio","item":"https:\/\/portaltela.pt\/"},{"@type":"ListItem","position":2,"name":"Humanizar em tempos de acelera\u00e7\u00e3o: como manter o foco nas pessoas"}]},{"@type":"WebSite","@id":"https:\/\/portaltela.pt\/#website","url":"https:\/\/portaltela.pt\/","name":"Portal Tela Portugal","description":"","potentialAction":[{"@type":"SearchAction","target":{"@type":"EntryPoint","urlTemplate":"https:\/\/portaltela.pt\/?s={search_term_string}"},"query-input":{"@type":"PropertyValueSpecification","valueRequired":true,"valueName":"search_term_string"}}],"inLanguage":"pt-PT"},{"@type":"Person","@id":"https:\/\/portaltela.pt\/#\/schema\/person\/c4278d4a6028830caff9ee44b42d32ed","name":"Telinha","image":{"@type":"ImageObject","inLanguage":"pt-PT","@id":"https:\/\/portaltela.pt\/s.01k8rhncp4jt1\/2025\/11\/talking-bot-125x125.png","url":"https:\/\/portaltela.pt\/s.01k8rhncp4jt1\/2025\/11\/talking-bot-125x125.png","contentUrl":"https:\/\/portaltela.pt\/s.01k8rhncp4jt1\/2025\/11\/talking-bot-125x125.png","caption":"Telinha"},"sameAs":["https:\/\/portaltela.pt\/"],"url":"https:\/\/portaltela.pt\/por\/367410592786\/"}]}},"_links":{"self":[{"href":"https:\/\/portaltela.pt\/api\/wp\/v2\/posts\/198796","targetHints":{"allow":["GET"]}}],"collection":[{"href":"https:\/\/portaltela.pt\/api\/wp\/v2\/posts"}],"about":[{"href":"https:\/\/portaltela.pt\/api\/wp\/v2\/types\/post"}],"author":[{"embeddable":true,"href":"https:\/\/portaltela.pt\/api\/wp\/v2\/users\/2"}],"replies":[{"embeddable":true,"href":"https:\/\/portaltela.pt\/api\/wp\/v2\/comments?post=198796"}],"version-history":[{"count":0,"href":"https:\/\/portaltela.pt\/api\/wp\/v2\/posts\/198796\/revisions"}],"wp:featuredmedia":[{"embeddable":true,"href":"https:\/\/portaltela.pt\/api\/wp\/v2\/media\/198808"}],"wp:attachment":[{"href":"https:\/\/portaltela.pt\/api\/wp\/v2\/media?parent=198796"}],"wp:term":[{"taxonomy":"category","embeddable":true,"href":"https:\/\/portaltela.pt\/api\/wp\/v2\/categories?post=198796"},{"taxonomy":"post_tag","embeddable":true,"href":"https:\/\/portaltela.pt\/api\/wp\/v2\/tags?post=198796"}],"curies":[{"name":"wp","href":"https:\/\/api.w.org\/{rel}","templated":true}]}}