{"id":198786,"date":"2026-02-05T03:55:00","date_gmt":"2026-02-05T06:55:00","guid":{"rendered":"https:\/\/portaltela.pt\/noticias\/2026\/02\/05\/a-ciencia-como-bem-publico-do-acesso-aberto-a-publicacao-secundaria\/"},"modified":"2026-02-05T03:55:00","modified_gmt":"2026-02-05T06:55:00","slug":"a-ciencia-como-bem-publico-do-acesso-aberto-a-publicacao-secundaria","status":"publish","type":"post","link":"https:\/\/portaltela.pt\/noticias\/2026\/02\/05\/a-ciencia-como-bem-publico-do-acesso-aberto-a-publicacao-secundaria\/","title":{"rendered":"A ci\u00eancia como bem p\u00fablico: do acesso aberto \u00e0 publica\u00e7\u00e3o secund\u00e1ria"},"content":{"rendered":"<p>O conhecimento cient\u00edfico \u00e9 produzido maioritariamente com financiamento p\u00fablico, em institui\u00e7\u00f5es p\u00fablicas ou com miss\u00e3o p\u00fablica, por isso deve regressar \u00e0 sociedade de forma acess\u00edvel.<\/p>\n<p>A ci\u00eancia nunca foi t\u00e3o necess\u00e1ria para enfrentar os grandes desafios globais \u2014 das altera\u00e7\u00f5es clim\u00e1ticas \u00e0 sa\u00fade p\u00fablica, da transi\u00e7\u00e3o digital \u00e0 sustentabilidade econ\u00f3mica e social \u2014, embora por vezes se questione a sua utilidade, legitimidade e autoridade p\u00fablica.<\/p>\n<p>Esta tens\u00e3o resolve-se com escolhas claras sobre o lugar do conhecimento nas sociedades democr\u00e1ticas, assumindo pol\u00edticas p\u00fablicas assertivas e uma compreens\u00e3o exigente da ci\u00eancia como bem p\u00fablico.<\/p>\n","protected":false},"excerpt":{"rendered":"<ul>\n<li>O conhecimento cient\u00edfico \u00e9 produzido principalmente com financiamento p\u00fablico, em institui\u00e7\u00f5es p\u00fablicas ou com miss\u00e3o p\u00fablica.<\/li>\n<li>Por isso, deve regressar \u00e0 sociedade de forma acess\u00edvel.<\/li>\n<li>A ci\u00eancia \u00e9 essencial para enfrentar grandes desafios globais, desde altera\u00e7\u00f5es clim\u00e1ticas at\u00e9 \u00e0 sa\u00fade p\u00fablica, passando pela transi\u00e7\u00e3o digital e pela sustentabilidade econ\u00f3mica e social.<\/li>\n<li>Existem d\u00favidas sobre utilidade, legitimidade e autoridade p\u00fablica da ci\u00eancia, que exigem escolhas pol\u00edticas p\u00fablicas claras.<\/li>\n<li>A solu\u00e7\u00e3o est\u00e1 na compreens\u00e3o da ci\u00eancia como bem p\u00fablico e na ado\u00e7\u00e3o de pol\u00edticas p\u00fablicas assertivas em democracias.<\/li>\n<\/ul>\n","protected":false},"author":2,"featured_media":198788,"comment_status":"closed","ping_status":"closed","sticky":false,"template":"","format":"standard","meta":{"footnotes":""},"categories":[1],"tags":[2665,1992,133,271,3444,4025],"class_list":["post-198786","post","type-post","status-publish","format-standard","has-post-thumbnail","hentry","category-noticias","tag-alteracoes-climaticas","tag-ciencia","tag-politicas-publicas","tag-saude-publica","tag-sustentabilidade","tag-transicao-digital"],"yoast_head":"<!-- This site is optimized with the Yoast SEO plugin v27.2 - https:\/\/yoast.com\/product\/yoast-seo-wordpress\/ -->\n<title>A ci\u00eancia como bem p\u00fablico: do acesso aberto \u00e0 publica\u00e7\u00e3o secund\u00e1ria - Portal Tela Portugal<\/title>\n<meta name=\"robots\" content=\"index, follow, max-snippet:-1, max-image-preview:large, max-video-preview:-1\" \/>\n<meta property=\"og:locale\" content=\"pt_PT\" \/>\n<meta property=\"og:type\" content=\"article\" \/>\n<meta property=\"og:title\" content=\"A ci\u00eancia como bem p\u00fablico: do acesso aberto \u00e0 publica\u00e7\u00e3o secund\u00e1ria - Portal Tela Portugal\" \/>\n<meta property=\"og:description\" content=\"O conhecimento cient\u00edfico \u00e9 produzido principalmente com financiamento p\u00fablico, em institui\u00e7\u00f5es p\u00fablicas ou com miss\u00e3o p\u00fablica. Por isso, deve regressar \u00e0 sociedade de forma acess\u00edvel. A ci\u00eancia \u00e9 essencial para enfrentar grandes desafios globais, desde altera\u00e7\u00f5es clim\u00e1ticas at\u00e9 \u00e0 sa\u00fade p\u00fablica, passando pela transi\u00e7\u00e3o digital e pela sustentabilidade econ\u00f3mica e social. Existem d\u00favidas sobre utilidade, legitimidade e autoridade p\u00fablica da ci\u00eancia, que exigem escolhas pol\u00edticas p\u00fablicas claras. A solu\u00e7\u00e3o est\u00e1 na compreens\u00e3o da ci\u00eancia como bem p\u00fablico e na ado\u00e7\u00e3o de pol\u00edticas p\u00fablicas assertivas em democracias.\" \/>\n<meta property=\"og:url\" content=\"https:\/\/portaltela.pt\/noticias\/2026\/02\/05\/a-ciencia-como-bem-publico-do-acesso-aberto-a-publicacao-secundaria\/\" \/>\n<meta property=\"og:site_name\" content=\"Portal Tela Portugal\" \/>\n<meta property=\"article:published_time\" content=\"2026-02-05T06:55:00+00:00\" \/>\n<meta name=\"author\" content=\"Telinha\" \/>\n<meta name=\"twitter:card\" content=\"summary_large_image\" \/>\n<meta name=\"twitter:label1\" content=\"Escrito por\" \/>\n\t<meta name=\"twitter:data1\" content=\"Telinha\" \/>\n\t<meta name=\"twitter:label2\" content=\"Tempo estimado de leitura\" \/>\n\t<meta name=\"twitter:data2\" content=\"1 minuto\" \/>\n<script type=\"application\/ld+json\" class=\"yoast-schema-graph\">{\"@context\":\"https:\/\/schema.org\",\"@graph\":[{\"@type\":\"Article\",\"@id\":\"https:\/\/portaltela.pt\/noticias\/2026\/02\/05\/a-ciencia-como-bem-publico-do-acesso-aberto-a-publicacao-secundaria\/#article\",\"isPartOf\":{\"@id\":\"https:\/\/portaltela.pt\/noticias\/2026\/02\/05\/a-ciencia-como-bem-publico-do-acesso-aberto-a-publicacao-secundaria\/\"},\"author\":{\"name\":\"Telinha\",\"@id\":\"https:\/\/portaltela.pt\/#\/schema\/person\/c4278d4a6028830caff9ee44b42d32ed\"},\"headline\":\"A ci\u00eancia como bem p\u00fablico: do acesso aberto \u00e0 publica\u00e7\u00e3o secund\u00e1ria\",\"datePublished\":\"2026-02-05T06:55:00+00:00\",\"mainEntityOfPage\":{\"@id\":\"https:\/\/portaltela.pt\/noticias\/2026\/02\/05\/a-ciencia-como-bem-publico-do-acesso-aberto-a-publicacao-secundaria\/\"},\"wordCount\":124,\"image\":{\"@id\":\"https:\/\/portaltela.pt\/noticias\/2026\/02\/05\/a-ciencia-como-bem-publico-do-acesso-aberto-a-publicacao-secundaria\/#primaryimage\"},\"thumbnailUrl\":\"https:\/\/portaltela.pt\/s.01k8rhncp4jt1\/2026\/02\/2163381.jpg\",\"keywords\":[\"Altera\u00e7\u00f5es Clim\u00e1ticas\",\"ci\u00eancia\",\"pol\u00edticas p\u00fablicas\",\"sa\u00fade p\u00fablica\",\"Sustentabilidade\",\"Transi\u00e7\u00e3o Digital\"],\"articleSection\":[\"Not\u00edcias\"],\"inLanguage\":\"pt-PT\"},{\"@type\":\"WebPage\",\"@id\":\"https:\/\/portaltela.pt\/noticias\/2026\/02\/05\/a-ciencia-como-bem-publico-do-acesso-aberto-a-publicacao-secundaria\/\",\"url\":\"https:\/\/portaltela.pt\/noticias\/2026\/02\/05\/a-ciencia-como-bem-publico-do-acesso-aberto-a-publicacao-secundaria\/\",\"name\":\"A ci\u00eancia como bem p\u00fablico: do acesso aberto \u00e0 publica\u00e7\u00e3o secund\u00e1ria - Portal Tela Portugal\",\"isPartOf\":{\"@id\":\"https:\/\/portaltela.pt\/#website\"},\"primaryImageOfPage\":{\"@id\":\"https:\/\/portaltela.pt\/noticias\/2026\/02\/05\/a-ciencia-como-bem-publico-do-acesso-aberto-a-publicacao-secundaria\/#primaryimage\"},\"image\":{\"@id\":\"https:\/\/portaltela.pt\/noticias\/2026\/02\/05\/a-ciencia-como-bem-publico-do-acesso-aberto-a-publicacao-secundaria\/#primaryimage\"},\"thumbnailUrl\":\"https:\/\/portaltela.pt\/s.01k8rhncp4jt1\/2026\/02\/2163381.jpg\",\"datePublished\":\"2026-02-05T06:55:00+00:00\",\"author\":{\"@id\":\"https:\/\/portaltela.pt\/#\/schema\/person\/c4278d4a6028830caff9ee44b42d32ed\"},\"breadcrumb\":{\"@id\":\"https:\/\/portaltela.pt\/noticias\/2026\/02\/05\/a-ciencia-como-bem-publico-do-acesso-aberto-a-publicacao-secundaria\/#breadcrumb\"},\"inLanguage\":\"pt-PT\",\"potentialAction\":[{\"@type\":\"ReadAction\",\"target\":[\"https:\/\/portaltela.pt\/noticias\/2026\/02\/05\/a-ciencia-como-bem-publico-do-acesso-aberto-a-publicacao-secundaria\/\"]}]},{\"@type\":\"ImageObject\",\"inLanguage\":\"pt-PT\",\"@id\":\"https:\/\/portaltela.pt\/noticias\/2026\/02\/05\/a-ciencia-como-bem-publico-do-acesso-aberto-a-publicacao-secundaria\/#primaryimage\",\"url\":\"https:\/\/portaltela.pt\/s.01k8rhncp4jt1\/2026\/02\/2163381.jpg\",\"contentUrl\":\"https:\/\/portaltela.pt\/s.01k8rhncp4jt1\/2026\/02\/2163381.jpg\",\"width\":796,\"height\":448,\"caption\":\"Photo\"},{\"@type\":\"BreadcrumbList\",\"@id\":\"https:\/\/portaltela.pt\/noticias\/2026\/02\/05\/a-ciencia-como-bem-publico-do-acesso-aberto-a-publicacao-secundaria\/#breadcrumb\",\"itemListElement\":[{\"@type\":\"ListItem\",\"position\":1,\"name\":\"In\u00edcio\",\"item\":\"https:\/\/portaltela.pt\/\"},{\"@type\":\"ListItem\",\"position\":2,\"name\":\"A ci\u00eancia como bem p\u00fablico: do acesso aberto \u00e0 publica\u00e7\u00e3o secund\u00e1ria\"}]},{\"@type\":\"WebSite\",\"@id\":\"https:\/\/portaltela.pt\/#website\",\"url\":\"https:\/\/portaltela.pt\/\",\"name\":\"Portal Tela Portugal\",\"description\":\"\",\"potentialAction\":[{\"@type\":\"SearchAction\",\"target\":{\"@type\":\"EntryPoint\",\"urlTemplate\":\"https:\/\/portaltela.pt\/?s={search_term_string}\"},\"query-input\":{\"@type\":\"PropertyValueSpecification\",\"valueRequired\":true,\"valueName\":\"search_term_string\"}}],\"inLanguage\":\"pt-PT\"},{\"@type\":\"Person\",\"@id\":\"https:\/\/portaltela.pt\/#\/schema\/person\/c4278d4a6028830caff9ee44b42d32ed\",\"name\":\"Telinha\",\"image\":{\"@type\":\"ImageObject\",\"inLanguage\":\"pt-PT\",\"@id\":\"https:\/\/portaltela.pt\/s.01k8rhncp4jt1\/2025\/11\/talking-bot-125x125.png\",\"url\":\"https:\/\/portaltela.pt\/s.01k8rhncp4jt1\/2025\/11\/talking-bot-125x125.png\",\"contentUrl\":\"https:\/\/portaltela.pt\/s.01k8rhncp4jt1\/2025\/11\/talking-bot-125x125.png\",\"caption\":\"Telinha\"},\"sameAs\":[\"https:\/\/portaltela.pt\/\"],\"url\":\"https:\/\/portaltela.pt\/por\/367410592786\/\"}]}<\/script>\n<!-- \/ Yoast SEO plugin. -->","yoast_head_json":{"title":"A ci\u00eancia como bem p\u00fablico: do acesso aberto \u00e0 publica\u00e7\u00e3o secund\u00e1ria - Portal Tela Portugal","robots":{"index":"index","follow":"follow","max-snippet":"max-snippet:-1","max-image-preview":"max-image-preview:large","max-video-preview":"max-video-preview:-1"},"og_locale":"pt_PT","og_type":"article","og_title":"A ci\u00eancia como bem p\u00fablico: do acesso aberto \u00e0 publica\u00e7\u00e3o secund\u00e1ria - Portal Tela Portugal","og_description":"O conhecimento cient\u00edfico \u00e9 produzido principalmente com financiamento p\u00fablico, em institui\u00e7\u00f5es p\u00fablicas ou com miss\u00e3o p\u00fablica. Por isso, deve regressar \u00e0 sociedade de forma acess\u00edvel. A ci\u00eancia \u00e9 essencial para enfrentar grandes desafios globais, desde altera\u00e7\u00f5es clim\u00e1ticas at\u00e9 \u00e0 sa\u00fade p\u00fablica, passando pela transi\u00e7\u00e3o digital e pela sustentabilidade econ\u00f3mica e social. Existem d\u00favidas sobre utilidade, legitimidade e autoridade p\u00fablica da ci\u00eancia, que exigem escolhas pol\u00edticas p\u00fablicas claras. A solu\u00e7\u00e3o est\u00e1 na compreens\u00e3o da ci\u00eancia como bem p\u00fablico e na ado\u00e7\u00e3o de pol\u00edticas p\u00fablicas assertivas em democracias.","og_url":"https:\/\/portaltela.pt\/noticias\/2026\/02\/05\/a-ciencia-como-bem-publico-do-acesso-aberto-a-publicacao-secundaria\/","og_site_name":"Portal Tela Portugal","article_published_time":"2026-02-05T06:55:00+00:00","author":"Telinha","twitter_card":"summary_large_image","twitter_misc":{"Escrito por":"Telinha","Tempo estimado de leitura":"1 minuto"},"schema":{"@context":"https:\/\/schema.org","@graph":[{"@type":"Article","@id":"https:\/\/portaltela.pt\/noticias\/2026\/02\/05\/a-ciencia-como-bem-publico-do-acesso-aberto-a-publicacao-secundaria\/#article","isPartOf":{"@id":"https:\/\/portaltela.pt\/noticias\/2026\/02\/05\/a-ciencia-como-bem-publico-do-acesso-aberto-a-publicacao-secundaria\/"},"author":{"name":"Telinha","@id":"https:\/\/portaltela.pt\/#\/schema\/person\/c4278d4a6028830caff9ee44b42d32ed"},"headline":"A ci\u00eancia como bem p\u00fablico: do acesso aberto \u00e0 publica\u00e7\u00e3o secund\u00e1ria","datePublished":"2026-02-05T06:55:00+00:00","mainEntityOfPage":{"@id":"https:\/\/portaltela.pt\/noticias\/2026\/02\/05\/a-ciencia-como-bem-publico-do-acesso-aberto-a-publicacao-secundaria\/"},"wordCount":124,"image":{"@id":"https:\/\/portaltela.pt\/noticias\/2026\/02\/05\/a-ciencia-como-bem-publico-do-acesso-aberto-a-publicacao-secundaria\/#primaryimage"},"thumbnailUrl":"https:\/\/portaltela.pt\/s.01k8rhncp4jt1\/2026\/02\/2163381.jpg","keywords":["Altera\u00e7\u00f5es Clim\u00e1ticas","ci\u00eancia","pol\u00edticas p\u00fablicas","sa\u00fade p\u00fablica","Sustentabilidade","Transi\u00e7\u00e3o Digital"],"articleSection":["Not\u00edcias"],"inLanguage":"pt-PT"},{"@type":"WebPage","@id":"https:\/\/portaltela.pt\/noticias\/2026\/02\/05\/a-ciencia-como-bem-publico-do-acesso-aberto-a-publicacao-secundaria\/","url":"https:\/\/portaltela.pt\/noticias\/2026\/02\/05\/a-ciencia-como-bem-publico-do-acesso-aberto-a-publicacao-secundaria\/","name":"A ci\u00eancia como bem p\u00fablico: do acesso aberto \u00e0 publica\u00e7\u00e3o secund\u00e1ria - Portal Tela Portugal","isPartOf":{"@id":"https:\/\/portaltela.pt\/#website"},"primaryImageOfPage":{"@id":"https:\/\/portaltela.pt\/noticias\/2026\/02\/05\/a-ciencia-como-bem-publico-do-acesso-aberto-a-publicacao-secundaria\/#primaryimage"},"image":{"@id":"https:\/\/portaltela.pt\/noticias\/2026\/02\/05\/a-ciencia-como-bem-publico-do-acesso-aberto-a-publicacao-secundaria\/#primaryimage"},"thumbnailUrl":"https:\/\/portaltela.pt\/s.01k8rhncp4jt1\/2026\/02\/2163381.jpg","datePublished":"2026-02-05T06:55:00+00:00","author":{"@id":"https:\/\/portaltela.pt\/#\/schema\/person\/c4278d4a6028830caff9ee44b42d32ed"},"breadcrumb":{"@id":"https:\/\/portaltela.pt\/noticias\/2026\/02\/05\/a-ciencia-como-bem-publico-do-acesso-aberto-a-publicacao-secundaria\/#breadcrumb"},"inLanguage":"pt-PT","potentialAction":[{"@type":"ReadAction","target":["https:\/\/portaltela.pt\/noticias\/2026\/02\/05\/a-ciencia-como-bem-publico-do-acesso-aberto-a-publicacao-secundaria\/"]}]},{"@type":"ImageObject","inLanguage":"pt-PT","@id":"https:\/\/portaltela.pt\/noticias\/2026\/02\/05\/a-ciencia-como-bem-publico-do-acesso-aberto-a-publicacao-secundaria\/#primaryimage","url":"https:\/\/portaltela.pt\/s.01k8rhncp4jt1\/2026\/02\/2163381.jpg","contentUrl":"https:\/\/portaltela.pt\/s.01k8rhncp4jt1\/2026\/02\/2163381.jpg","width":796,"height":448,"caption":"Photo"},{"@type":"BreadcrumbList","@id":"https:\/\/portaltela.pt\/noticias\/2026\/02\/05\/a-ciencia-como-bem-publico-do-acesso-aberto-a-publicacao-secundaria\/#breadcrumb","itemListElement":[{"@type":"ListItem","position":1,"name":"In\u00edcio","item":"https:\/\/portaltela.pt\/"},{"@type":"ListItem","position":2,"name":"A ci\u00eancia como bem p\u00fablico: do acesso aberto \u00e0 publica\u00e7\u00e3o secund\u00e1ria"}]},{"@type":"WebSite","@id":"https:\/\/portaltela.pt\/#website","url":"https:\/\/portaltela.pt\/","name":"Portal Tela Portugal","description":"","potentialAction":[{"@type":"SearchAction","target":{"@type":"EntryPoint","urlTemplate":"https:\/\/portaltela.pt\/?s={search_term_string}"},"query-input":{"@type":"PropertyValueSpecification","valueRequired":true,"valueName":"search_term_string"}}],"inLanguage":"pt-PT"},{"@type":"Person","@id":"https:\/\/portaltela.pt\/#\/schema\/person\/c4278d4a6028830caff9ee44b42d32ed","name":"Telinha","image":{"@type":"ImageObject","inLanguage":"pt-PT","@id":"https:\/\/portaltela.pt\/s.01k8rhncp4jt1\/2025\/11\/talking-bot-125x125.png","url":"https:\/\/portaltela.pt\/s.01k8rhncp4jt1\/2025\/11\/talking-bot-125x125.png","contentUrl":"https:\/\/portaltela.pt\/s.01k8rhncp4jt1\/2025\/11\/talking-bot-125x125.png","caption":"Telinha"},"sameAs":["https:\/\/portaltela.pt\/"],"url":"https:\/\/portaltela.pt\/por\/367410592786\/"}]}},"_links":{"self":[{"href":"https:\/\/portaltela.pt\/api\/wp\/v2\/posts\/198786","targetHints":{"allow":["GET"]}}],"collection":[{"href":"https:\/\/portaltela.pt\/api\/wp\/v2\/posts"}],"about":[{"href":"https:\/\/portaltela.pt\/api\/wp\/v2\/types\/post"}],"author":[{"embeddable":true,"href":"https:\/\/portaltela.pt\/api\/wp\/v2\/users\/2"}],"replies":[{"embeddable":true,"href":"https:\/\/portaltela.pt\/api\/wp\/v2\/comments?post=198786"}],"version-history":[{"count":0,"href":"https:\/\/portaltela.pt\/api\/wp\/v2\/posts\/198786\/revisions"}],"wp:featuredmedia":[{"embeddable":true,"href":"https:\/\/portaltela.pt\/api\/wp\/v2\/media\/198788"}],"wp:attachment":[{"href":"https:\/\/portaltela.pt\/api\/wp\/v2\/media?parent=198786"}],"wp:term":[{"taxonomy":"category","embeddable":true,"href":"https:\/\/portaltela.pt\/api\/wp\/v2\/categories?post=198786"},{"taxonomy":"post_tag","embeddable":true,"href":"https:\/\/portaltela.pt\/api\/wp\/v2\/tags?post=198786"}],"curies":[{"name":"wp","href":"https:\/\/api.w.org\/{rel}","templated":true}]}}