{"id":198756,"date":"2026-02-05T03:18:00","date_gmt":"2026-02-05T06:18:00","guid":{"rendered":"https:\/\/portaltela.pt\/noticias\/2026\/02\/05\/lider-do-parlamento-venezuelano-promete-amnistia-em-breve-2\/"},"modified":"2026-02-05T03:18:00","modified_gmt":"2026-02-05T06:18:00","slug":"lider-do-parlamento-venezuelano-promete-amnistia-em-breve-2","status":"publish","type":"post","link":"https:\/\/portaltela.pt\/noticias\/politica\/2026\/02\/05\/lider-do-parlamento-venezuelano-promete-amnistia-em-breve-2\/","title":{"rendered":"L\u00edder do parlamento venezuelano promete amnistia em breve"},"content":{"rendered":"<p>O presidente da Assembleia Nacional da Venezuela, Jorge Rodr\u00edguez, garantiu que a primeira discuss\u00e3o no parlamento sobre a amnistia geral prometida pela irm\u00e3, a presidente interina Delcy Rodr\u00edguez, ocorrer\u00e1 em breve. A confirma\u00e7\u00e3o foi feita ap\u00f3s uma reuni\u00e3o com membros do partido no poder e com representantes de sete movimentos da oposi\u00e7\u00e3o. O contexto \u00e9 a promessa de libertar prisioneiros pol\u00edticos detidos desde 1999.<\/p>\n<p>Fontes pr\u00f3ximas do Governo e da oposi\u00e7\u00e3o indicam que o projeto dever\u00e1 ser apresentado e debatido j\u00e1 hoje. O objetivo \u00e9 resolver casos envolvendo dissidentes que permanecem sob processos judiciais, em contraste com as liberta\u00e7\u00f5es j\u00e1 efetuadas desde o in\u00edcio de janeiro.<\/p>\n<p>367 presos pol\u00edticos foram libertados desde janeiro, segundo a organiza\u00e7\u00e3o n\u00e3o governamental Foro Penal, enquanto quase 700 continuam detidos. A amnistia geral poderia libertar mais cidad\u00e3os, mas o alcance permanece incerto. Defensores dos direitos humanos temem que crimes contra a humanidade n\u00e3o sejam alcan\u00e7ados, devido \u00e0 investiga\u00e7\u00e3o do Tribunal Penal Internacional.<\/p>\n<h3>Alcance e condi\u00e7\u00f5es<\/h3>\n<p>O governador de Cojedes, Alberto Gal\u00edndez, aliado da oposi\u00e7\u00e3o, pediu que a amnistia se limite aos dissidentes e lembrou que \u00e9 necess\u00e1ria justi\u00e7a para aqueles que perseguiram presos pol\u00edticos. Jorge Rodr\u00edguez disse que se busca consenso suficiente para aprova\u00e7\u00e3o por unanimidade.<\/p>\n<h3>Di\u00e1logo com a oposi\u00e7\u00e3o<\/h3>\n<p>Antes, parte da oposi\u00e7\u00e3o \u2014 incluindo Henrique Capriles \u2014 afirmou ter aceitado um convite de Delcy Rodr\u00edguez para iniciar um di\u00e1logo. O objetivo, segundo Rodr\u00edguez, foi consolidar a agenda da Comiss\u00e3o para a Coexist\u00eancia Democr\u00e1tica e a Paz. A reuni\u00e3o n\u00e3o integrou a maior coliga\u00e7\u00e3o opositora, que exige reconhecimento da vit\u00f3ria de Edmundo Gonz\u00e1lez Urrutia nas elei\u00e7\u00f5es de julho de 2024.<\/p>\n","protected":false},"excerpt":{"rendered":"<ul>\n<li>O presidente da Assembleia Nacional da Venezuela, Jorge Rodr\u00edguez, garantiu que a primeira discuss\u00e3o do projeto de lei de amnistia geral ser\u00e1 &#8220;muito, muito em breve&#8221; no parlamento.<\/li>\n<li>O conte\u00fado dever\u00e1 ser debatido j\u00e1 hoje, segundo fontes pr\u00f3ximas do Governo e da oposi\u00e7\u00e3o.<\/li>\n<li>A proposta foi anunciada pela presidente interina Delcy Rodr\u00edguez para libertar presos pol\u00edticos desde 1999, per\u00edodo dos governos do chavismo.<\/li>\n<li>Desde in\u00edcio de janeiro foram libertados 367 presos pol\u00edticos; ainda existem cerca de 700 detidos, segundo o Foro Penal.<\/li>\n<li>Sete movimentos da oposi\u00e7\u00e3o aceitaram o convite para di\u00e1logo com Delcy Rodr\u00edguez, enquanto a maior coliga\u00e7\u00e3o n\u00e3o participou.<\/li>\n<\/ul>\n","protected":false},"author":2,"featured_media":198761,"comment_status":"closed","ping_status":"closed","sticky":false,"template":"","format":"standard","meta":{"footnotes":""},"categories":[1,5],"tags":[5207,2633,34,3767,2832,5384],"class_list":["post-198756","post","type-post","status-publish","format-standard","has-post-thumbnail","hentry","category-noticias","category-politica","tag-dialogo-internacional","tag-direitos-humanos","tag-governo","tag-oposicao","tag-politica","tag-tribunal-penal-internacional"],"yoast_head":"<!-- This site is optimized with the Yoast SEO plugin v27.2 - https:\/\/yoast.com\/product\/yoast-seo-wordpress\/ -->\n<title>L\u00edder do parlamento venezuelano promete amnistia em breve - Portal Tela Portugal<\/title>\n<meta name=\"robots\" content=\"index, follow, max-snippet:-1, max-image-preview:large, max-video-preview:-1\" \/>\n<meta property=\"og:locale\" content=\"pt_PT\" \/>\n<meta property=\"og:type\" content=\"article\" \/>\n<meta property=\"og:title\" content=\"L\u00edder do parlamento venezuelano promete amnistia em breve - Portal Tela Portugal\" \/>\n<meta property=\"og:description\" content=\"O presidente da Assembleia Nacional da Venezuela, Jorge Rodr\u00edguez, garantiu que a primeira discuss\u00e3o do projeto de lei de amnistia geral ser\u00e1 &quot;muito, muito em breve&quot; no parlamento. O conte\u00fado dever\u00e1 ser debatido j\u00e1 hoje, segundo fontes pr\u00f3ximas do Governo e da oposi\u00e7\u00e3o. A proposta foi anunciada pela presidente interina Delcy Rodr\u00edguez para libertar presos pol\u00edticos desde 1999, per\u00edodo dos governos do chavismo. Desde in\u00edcio de janeiro foram libertados 367 presos pol\u00edticos; ainda existem cerca de 700 detidos, segundo o Foro Penal. Sete movimentos da oposi\u00e7\u00e3o aceitaram o convite para di\u00e1logo com Delcy Rodr\u00edguez, enquanto a maior coliga\u00e7\u00e3o n\u00e3o participou.\" \/>\n<meta property=\"og:url\" content=\"https:\/\/portaltela.pt\/noticias\/2026\/02\/05\/lider-do-parlamento-venezuelano-promete-amnistia-em-breve-2\/\" \/>\n<meta property=\"og:site_name\" content=\"Portal Tela Portugal\" \/>\n<meta property=\"article:published_time\" content=\"2026-02-05T06:18:00+00:00\" \/>\n<meta name=\"author\" content=\"Telinha\" \/>\n<meta name=\"twitter:card\" content=\"summary_large_image\" \/>\n<meta name=\"twitter:label1\" content=\"Escrito por\" \/>\n\t<meta name=\"twitter:data1\" content=\"Telinha\" \/>\n\t<meta name=\"twitter:label2\" content=\"Tempo estimado de leitura\" \/>\n\t<meta name=\"twitter:data2\" content=\"1 minuto\" \/>\n<script type=\"application\/ld+json\" class=\"yoast-schema-graph\">{\"@context\":\"https:\/\/schema.org\",\"@graph\":[{\"@type\":\"Article\",\"@id\":\"https:\/\/portaltela.pt\/noticias\/2026\/02\/05\/lider-do-parlamento-venezuelano-promete-amnistia-em-breve-2\/#article\",\"isPartOf\":{\"@id\":\"https:\/\/portaltela.pt\/noticias\/2026\/02\/05\/lider-do-parlamento-venezuelano-promete-amnistia-em-breve-2\/\"},\"author\":{\"name\":\"Telinha\",\"@id\":\"https:\/\/portaltela.pt\/#\/schema\/person\/c4278d4a6028830caff9ee44b42d32ed\"},\"headline\":\"L\u00edder do parlamento venezuelano promete amnistia em breve\",\"datePublished\":\"2026-02-05T06:18:00+00:00\",\"mainEntityOfPage\":{\"@id\":\"https:\/\/portaltela.pt\/noticias\/2026\/02\/05\/lider-do-parlamento-venezuelano-promete-amnistia-em-breve-2\/\"},\"wordCount\":307,\"image\":{\"@id\":\"https:\/\/portaltela.pt\/noticias\/2026\/02\/05\/lider-do-parlamento-venezuelano-promete-amnistia-em-breve-2\/#primaryimage\"},\"thumbnailUrl\":\"https:\/\/portaltela.pt\/s.01k8rhncp4jt1\/2026\/02\/unnamed-file-1477.jpg\",\"keywords\":[\"Di\u00e1logo internacional\",\"direitos humanos\",\"governo\",\"oposi\u00e7\u00e3o\",\"pol\u00edtica\",\"Tribunal Penal Internacional\"],\"articleSection\":[\"Not\u00edcias\",\"Pol\u00edtica\"],\"inLanguage\":\"pt-PT\"},{\"@type\":\"WebPage\",\"@id\":\"https:\/\/portaltela.pt\/noticias\/2026\/02\/05\/lider-do-parlamento-venezuelano-promete-amnistia-em-breve-2\/\",\"url\":\"https:\/\/portaltela.pt\/noticias\/2026\/02\/05\/lider-do-parlamento-venezuelano-promete-amnistia-em-breve-2\/\",\"name\":\"L\u00edder do parlamento venezuelano promete amnistia em breve - Portal Tela Portugal\",\"isPartOf\":{\"@id\":\"https:\/\/portaltela.pt\/#website\"},\"primaryImageOfPage\":{\"@id\":\"https:\/\/portaltela.pt\/noticias\/2026\/02\/05\/lider-do-parlamento-venezuelano-promete-amnistia-em-breve-2\/#primaryimage\"},\"image\":{\"@id\":\"https:\/\/portaltela.pt\/noticias\/2026\/02\/05\/lider-do-parlamento-venezuelano-promete-amnistia-em-breve-2\/#primaryimage\"},\"thumbnailUrl\":\"https:\/\/portaltela.pt\/s.01k8rhncp4jt1\/2026\/02\/unnamed-file-1477.jpg\",\"datePublished\":\"2026-02-05T06:18:00+00:00\",\"author\":{\"@id\":\"https:\/\/portaltela.pt\/#\/schema\/person\/c4278d4a6028830caff9ee44b42d32ed\"},\"breadcrumb\":{\"@id\":\"https:\/\/portaltela.pt\/noticias\/2026\/02\/05\/lider-do-parlamento-venezuelano-promete-amnistia-em-breve-2\/#breadcrumb\"},\"inLanguage\":\"pt-PT\",\"potentialAction\":[{\"@type\":\"ReadAction\",\"target\":[\"https:\/\/portaltela.pt\/noticias\/2026\/02\/05\/lider-do-parlamento-venezuelano-promete-amnistia-em-breve-2\/\"]}]},{\"@type\":\"ImageObject\",\"inLanguage\":\"pt-PT\",\"@id\":\"https:\/\/portaltela.pt\/noticias\/2026\/02\/05\/lider-do-parlamento-venezuelano-promete-amnistia-em-breve-2\/#primaryimage\",\"url\":\"https:\/\/portaltela.pt\/s.01k8rhncp4jt1\/2026\/02\/unnamed-file-1477.jpg\",\"contentUrl\":\"https:\/\/portaltela.pt\/s.01k8rhncp4jt1\/2026\/02\/unnamed-file-1477.jpg\",\"width\":796,\"height\":448,\"caption\":\"L\u00edder do parlamento da Venezuela promete apresentar amnistia \\\"em breve\\\"\"},{\"@type\":\"BreadcrumbList\",\"@id\":\"https:\/\/portaltela.pt\/noticias\/2026\/02\/05\/lider-do-parlamento-venezuelano-promete-amnistia-em-breve-2\/#breadcrumb\",\"itemListElement\":[{\"@type\":\"ListItem\",\"position\":1,\"name\":\"In\u00edcio\",\"item\":\"https:\/\/portaltela.pt\/\"},{\"@type\":\"ListItem\",\"position\":2,\"name\":\"L\u00edder do parlamento venezuelano promete amnistia em breve\"}]},{\"@type\":\"WebSite\",\"@id\":\"https:\/\/portaltela.pt\/#website\",\"url\":\"https:\/\/portaltela.pt\/\",\"name\":\"Portal Tela Portugal\",\"description\":\"\",\"potentialAction\":[{\"@type\":\"SearchAction\",\"target\":{\"@type\":\"EntryPoint\",\"urlTemplate\":\"https:\/\/portaltela.pt\/?s={search_term_string}\"},\"query-input\":{\"@type\":\"PropertyValueSpecification\",\"valueRequired\":true,\"valueName\":\"search_term_string\"}}],\"inLanguage\":\"pt-PT\"},{\"@type\":\"Person\",\"@id\":\"https:\/\/portaltela.pt\/#\/schema\/person\/c4278d4a6028830caff9ee44b42d32ed\",\"name\":\"Telinha\",\"image\":{\"@type\":\"ImageObject\",\"inLanguage\":\"pt-PT\",\"@id\":\"https:\/\/portaltela.pt\/s.01k8rhncp4jt1\/2025\/11\/talking-bot-125x125.png\",\"url\":\"https:\/\/portaltela.pt\/s.01k8rhncp4jt1\/2025\/11\/talking-bot-125x125.png\",\"contentUrl\":\"https:\/\/portaltela.pt\/s.01k8rhncp4jt1\/2025\/11\/talking-bot-125x125.png\",\"caption\":\"Telinha\"},\"sameAs\":[\"https:\/\/portaltela.pt\/\"],\"url\":\"https:\/\/portaltela.pt\/por\/367410592786\/\"}]}<\/script>\n<!-- \/ Yoast SEO plugin. -->","yoast_head_json":{"title":"L\u00edder do parlamento venezuelano promete amnistia em breve - Portal Tela Portugal","robots":{"index":"index","follow":"follow","max-snippet":"max-snippet:-1","max-image-preview":"max-image-preview:large","max-video-preview":"max-video-preview:-1"},"og_locale":"pt_PT","og_type":"article","og_title":"L\u00edder do parlamento venezuelano promete amnistia em breve - Portal Tela Portugal","og_description":"O presidente da Assembleia Nacional da Venezuela, Jorge Rodr\u00edguez, garantiu que a primeira discuss\u00e3o do projeto de lei de amnistia geral ser\u00e1 \"muito, muito em breve\" no parlamento. O conte\u00fado dever\u00e1 ser debatido j\u00e1 hoje, segundo fontes pr\u00f3ximas do Governo e da oposi\u00e7\u00e3o. A proposta foi anunciada pela presidente interina Delcy Rodr\u00edguez para libertar presos pol\u00edticos desde 1999, per\u00edodo dos governos do chavismo. Desde in\u00edcio de janeiro foram libertados 367 presos pol\u00edticos; ainda existem cerca de 700 detidos, segundo o Foro Penal. Sete movimentos da oposi\u00e7\u00e3o aceitaram o convite para di\u00e1logo com Delcy Rodr\u00edguez, enquanto a maior coliga\u00e7\u00e3o n\u00e3o participou.","og_url":"https:\/\/portaltela.pt\/noticias\/2026\/02\/05\/lider-do-parlamento-venezuelano-promete-amnistia-em-breve-2\/","og_site_name":"Portal Tela Portugal","article_published_time":"2026-02-05T06:18:00+00:00","author":"Telinha","twitter_card":"summary_large_image","twitter_misc":{"Escrito por":"Telinha","Tempo estimado de leitura":"1 minuto"},"schema":{"@context":"https:\/\/schema.org","@graph":[{"@type":"Article","@id":"https:\/\/portaltela.pt\/noticias\/2026\/02\/05\/lider-do-parlamento-venezuelano-promete-amnistia-em-breve-2\/#article","isPartOf":{"@id":"https:\/\/portaltela.pt\/noticias\/2026\/02\/05\/lider-do-parlamento-venezuelano-promete-amnistia-em-breve-2\/"},"author":{"name":"Telinha","@id":"https:\/\/portaltela.pt\/#\/schema\/person\/c4278d4a6028830caff9ee44b42d32ed"},"headline":"L\u00edder do parlamento venezuelano promete amnistia em breve","datePublished":"2026-02-05T06:18:00+00:00","mainEntityOfPage":{"@id":"https:\/\/portaltela.pt\/noticias\/2026\/02\/05\/lider-do-parlamento-venezuelano-promete-amnistia-em-breve-2\/"},"wordCount":307,"image":{"@id":"https:\/\/portaltela.pt\/noticias\/2026\/02\/05\/lider-do-parlamento-venezuelano-promete-amnistia-em-breve-2\/#primaryimage"},"thumbnailUrl":"https:\/\/portaltela.pt\/s.01k8rhncp4jt1\/2026\/02\/unnamed-file-1477.jpg","keywords":["Di\u00e1logo internacional","direitos humanos","governo","oposi\u00e7\u00e3o","pol\u00edtica","Tribunal Penal Internacional"],"articleSection":["Not\u00edcias","Pol\u00edtica"],"inLanguage":"pt-PT"},{"@type":"WebPage","@id":"https:\/\/portaltela.pt\/noticias\/2026\/02\/05\/lider-do-parlamento-venezuelano-promete-amnistia-em-breve-2\/","url":"https:\/\/portaltela.pt\/noticias\/2026\/02\/05\/lider-do-parlamento-venezuelano-promete-amnistia-em-breve-2\/","name":"L\u00edder do parlamento venezuelano promete amnistia em breve - Portal Tela Portugal","isPartOf":{"@id":"https:\/\/portaltela.pt\/#website"},"primaryImageOfPage":{"@id":"https:\/\/portaltela.pt\/noticias\/2026\/02\/05\/lider-do-parlamento-venezuelano-promete-amnistia-em-breve-2\/#primaryimage"},"image":{"@id":"https:\/\/portaltela.pt\/noticias\/2026\/02\/05\/lider-do-parlamento-venezuelano-promete-amnistia-em-breve-2\/#primaryimage"},"thumbnailUrl":"https:\/\/portaltela.pt\/s.01k8rhncp4jt1\/2026\/02\/unnamed-file-1477.jpg","datePublished":"2026-02-05T06:18:00+00:00","author":{"@id":"https:\/\/portaltela.pt\/#\/schema\/person\/c4278d4a6028830caff9ee44b42d32ed"},"breadcrumb":{"@id":"https:\/\/portaltela.pt\/noticias\/2026\/02\/05\/lider-do-parlamento-venezuelano-promete-amnistia-em-breve-2\/#breadcrumb"},"inLanguage":"pt-PT","potentialAction":[{"@type":"ReadAction","target":["https:\/\/portaltela.pt\/noticias\/2026\/02\/05\/lider-do-parlamento-venezuelano-promete-amnistia-em-breve-2\/"]}]},{"@type":"ImageObject","inLanguage":"pt-PT","@id":"https:\/\/portaltela.pt\/noticias\/2026\/02\/05\/lider-do-parlamento-venezuelano-promete-amnistia-em-breve-2\/#primaryimage","url":"https:\/\/portaltela.pt\/s.01k8rhncp4jt1\/2026\/02\/unnamed-file-1477.jpg","contentUrl":"https:\/\/portaltela.pt\/s.01k8rhncp4jt1\/2026\/02\/unnamed-file-1477.jpg","width":796,"height":448,"caption":"L\u00edder do parlamento da Venezuela promete apresentar amnistia \"em breve\""},{"@type":"BreadcrumbList","@id":"https:\/\/portaltela.pt\/noticias\/2026\/02\/05\/lider-do-parlamento-venezuelano-promete-amnistia-em-breve-2\/#breadcrumb","itemListElement":[{"@type":"ListItem","position":1,"name":"In\u00edcio","item":"https:\/\/portaltela.pt\/"},{"@type":"ListItem","position":2,"name":"L\u00edder do parlamento venezuelano promete amnistia em breve"}]},{"@type":"WebSite","@id":"https:\/\/portaltela.pt\/#website","url":"https:\/\/portaltela.pt\/","name":"Portal Tela Portugal","description":"","potentialAction":[{"@type":"SearchAction","target":{"@type":"EntryPoint","urlTemplate":"https:\/\/portaltela.pt\/?s={search_term_string}"},"query-input":{"@type":"PropertyValueSpecification","valueRequired":true,"valueName":"search_term_string"}}],"inLanguage":"pt-PT"},{"@type":"Person","@id":"https:\/\/portaltela.pt\/#\/schema\/person\/c4278d4a6028830caff9ee44b42d32ed","name":"Telinha","image":{"@type":"ImageObject","inLanguage":"pt-PT","@id":"https:\/\/portaltela.pt\/s.01k8rhncp4jt1\/2025\/11\/talking-bot-125x125.png","url":"https:\/\/portaltela.pt\/s.01k8rhncp4jt1\/2025\/11\/talking-bot-125x125.png","contentUrl":"https:\/\/portaltela.pt\/s.01k8rhncp4jt1\/2025\/11\/talking-bot-125x125.png","caption":"Telinha"},"sameAs":["https:\/\/portaltela.pt\/"],"url":"https:\/\/portaltela.pt\/por\/367410592786\/"}]}},"_links":{"self":[{"href":"https:\/\/portaltela.pt\/api\/wp\/v2\/posts\/198756","targetHints":{"allow":["GET"]}}],"collection":[{"href":"https:\/\/portaltela.pt\/api\/wp\/v2\/posts"}],"about":[{"href":"https:\/\/portaltela.pt\/api\/wp\/v2\/types\/post"}],"author":[{"embeddable":true,"href":"https:\/\/portaltela.pt\/api\/wp\/v2\/users\/2"}],"replies":[{"embeddable":true,"href":"https:\/\/portaltela.pt\/api\/wp\/v2\/comments?post=198756"}],"version-history":[{"count":0,"href":"https:\/\/portaltela.pt\/api\/wp\/v2\/posts\/198756\/revisions"}],"wp:featuredmedia":[{"embeddable":true,"href":"https:\/\/portaltela.pt\/api\/wp\/v2\/media\/198761"}],"wp:attachment":[{"href":"https:\/\/portaltela.pt\/api\/wp\/v2\/media?parent=198756"}],"wp:term":[{"taxonomy":"category","embeddable":true,"href":"https:\/\/portaltela.pt\/api\/wp\/v2\/categories?post=198756"},{"taxonomy":"post_tag","embeddable":true,"href":"https:\/\/portaltela.pt\/api\/wp\/v2\/tags?post=198756"}],"curies":[{"name":"wp","href":"https:\/\/api.w.org\/{rel}","templated":true}]}}