{"id":198746,"date":"2026-02-05T02:46:00","date_gmt":"2026-02-05T05:46:00","guid":{"rendered":"https:\/\/portaltela.pt\/noticias\/2026\/02\/05\/oposicao-venezuelana-aceita-dialogo-com-governo-apos-convite\/"},"modified":"2026-02-05T02:46:00","modified_gmt":"2026-02-05T05:46:00","slug":"oposicao-venezuelana-aceita-dialogo-com-governo-apos-convite","status":"publish","type":"post","link":"https:\/\/portaltela.pt\/noticias\/politica\/2026\/02\/05\/oposicao-venezuelana-aceita-dialogo-com-governo-apos-convite\/","title":{"rendered":"Oposi\u00e7\u00e3o venezuelana aceita di\u00e1logo com Governo ap\u00f3s convite"},"content":{"rendered":"<p>O setor da oposi\u00e7\u00e3o venezuelana aceitou hoje o convite do Governo da presidente interina, Delcy Rodr\u00edguez, para iniciar um di\u00e1logo e abordar os problemas dos cidad\u00e3os. Henrique Capriles integra esse grupo que respondeu ao apelo governamental.<\/p>\n<p>O grupo informa que decidiu participar com responsabilidade. A posi\u00e7\u00e3o surge num momento em que a oposi\u00e7\u00e3o promoveu o debate sobre uma Venezuela mais est\u00e1vel e govern\u00e1vel, com foco na solu\u00e7\u00e3o pac\u00edfica das diferen\u00e7as.<\/p>\n<p>Para os oposicionistas, o di\u00e1logo n\u00e3o pode ser simb\u00f3lico. Consideram essencial ouvir toda a sociedade e chegar a acordos duradouros, sem imposi\u00e7\u00f5es, para avan\u00e7ar na reconcilia\u00e7\u00e3o nacional.<\/p>\n<p>O texto divulgado pelo deputado Stalin Gonz\u00e1lez, chefe da bancada Liberdade, aponta que a conviv\u00eancia democr\u00e1tica exige respeito, pluralidade e o fim de pr\u00e1ticas de persegui\u00e7\u00e3o e pris\u00f5es pol\u00edticas.<\/p>\n<p>Entre as propostas, surge a ideia de uma lei de amnistia como ponto de partida para a reconcilia\u00e7\u00e3o. O objetivo \u00e9 permitir progressos concretos e restaurar a confian\u00e7a entre as partes.<\/p>\n<h3>Contexto recente<\/h3>\n<p>No dia 23 de janeiro, Delcy Rodr\u00edguez pediu um di\u00e1logo pol\u00edtico verdadeiro que envolvesse setores convergentes e divergentes e que resultasse em mudan\u00e7as reais, sem imposi\u00e7\u00f5es externas.<\/p>\n<p>A presidente interina tamb\u00e9m destacou que o di\u00e1logo deve ter resultados concretos e imediatos, e que o processo seja conduzido de forma venezuelana, sem interfer\u00eancia externa de Washington, Bogot\u00e1 ou Madrid.<\/p>\n<p>Na passada sexta-feira, a l\u00edder anunciou a proposta de uma lei de amnistia para libertar presos pol\u00edticos desde 1999, cobrindo governos do chavismo, ainda sem detalhes.<\/p>\n","protected":false},"excerpt":{"rendered":"<ul>\n<li>Um setor da oposi\u00e7\u00e3o venezuelana, ligado a Henrique Capriles, disse ter aceitado o convite do governo da presidente interina Delcy Rodr\u00edguez para iniciar um di\u00e1logo e abordar os problemas dos cidad\u00e3os.<\/li>\n<li>O an\u00fancio foi feito num comunicado publicado pelo deputado Stalin Gonz\u00e1lez, chefe da bancada Liberdade, na rede social X.<\/li>\n<li>A oposi\u00e7\u00e3o afirma que o di\u00e1logo n\u00e3o pode ser simb\u00f3lico e que \u00e9 preciso ouvir toda a sociedade para solu\u00e7\u00f5es duradouras.<\/li>\n<li>O grupo defende que a reconcilia\u00e7\u00e3o exige mudan\u00e7as concretas, regras claras e o fim de pr\u00e1ticas de medo, persegui\u00e7\u00e3o e pris\u00e3o pol\u00edtica, citando a poss\u00edvel lei de amnistia.<\/li>\n<li>A iniciativa surge depois de Rodr\u00edguez ter pedido, a 23 de janeiro, um verdadeiro di\u00e1logo pol\u00edtico com resultados concretos e imediatos, sem imposi\u00e7\u00f5es externas.<\/li>\n<\/ul>\n","protected":false},"author":2,"featured_media":198748,"comment_status":"closed","ping_status":"closed","sticky":false,"template":"","format":"standard","meta":{"footnotes":""},"categories":[1,5],"tags":[1730,5207,1817,2633,3767,2758],"class_list":["post-198746","post","type-post","status-publish","format-standard","has-post-thumbnail","hentry","category-noticias","category-politica","tag-amnistia-internacional","tag-dialogo-internacional","tag-dialogo-politico","tag-direitos-humanos","tag-oposicao","tag-venezuela"],"yoast_head":"<!-- This site is optimized with the Yoast SEO plugin v27.2 - https:\/\/yoast.com\/product\/yoast-seo-wordpress\/ -->\n<title>Oposi\u00e7\u00e3o venezuelana aceita di\u00e1logo com Governo ap\u00f3s convite - Portal Tela Portugal<\/title>\n<meta name=\"robots\" content=\"index, follow, max-snippet:-1, max-image-preview:large, max-video-preview:-1\" \/>\n<meta property=\"og:locale\" content=\"pt_PT\" \/>\n<meta property=\"og:type\" content=\"article\" \/>\n<meta property=\"og:title\" content=\"Oposi\u00e7\u00e3o venezuelana aceita di\u00e1logo com Governo ap\u00f3s convite - Portal Tela Portugal\" \/>\n<meta property=\"og:description\" content=\"Um setor da oposi\u00e7\u00e3o venezuelana, ligado a Henrique Capriles, disse ter aceitado o convite do governo da presidente interina Delcy Rodr\u00edguez para iniciar um di\u00e1logo e abordar os problemas dos cidad\u00e3os. O an\u00fancio foi feito num comunicado publicado pelo deputado Stalin Gonz\u00e1lez, chefe da bancada Liberdade, na rede social X. A oposi\u00e7\u00e3o afirma que o di\u00e1logo n\u00e3o pode ser simb\u00f3lico e que \u00e9 preciso ouvir toda a sociedade para solu\u00e7\u00f5es duradouras. O grupo defende que a reconcilia\u00e7\u00e3o exige mudan\u00e7as concretas, regras claras e o fim de pr\u00e1ticas de medo, persegui\u00e7\u00e3o e pris\u00e3o pol\u00edtica, citando a poss\u00edvel lei de amnistia. A iniciativa surge depois de Rodr\u00edguez ter pedido, a 23 de janeiro, um verdadeiro di\u00e1logo pol\u00edtico com resultados concretos e imediatos, sem imposi\u00e7\u00f5es externas.\" \/>\n<meta property=\"og:url\" content=\"https:\/\/portaltela.pt\/noticias\/2026\/02\/05\/oposicao-venezuelana-aceita-dialogo-com-governo-apos-convite\/\" \/>\n<meta property=\"og:site_name\" content=\"Portal Tela Portugal\" \/>\n<meta property=\"article:published_time\" content=\"2026-02-05T05:46:00+00:00\" \/>\n<meta name=\"author\" content=\"Telinha\" \/>\n<meta name=\"twitter:card\" content=\"summary_large_image\" \/>\n<meta name=\"twitter:label1\" content=\"Escrito por\" \/>\n\t<meta name=\"twitter:data1\" content=\"Telinha\" \/>\n\t<meta name=\"twitter:label2\" content=\"Tempo estimado de leitura\" \/>\n\t<meta name=\"twitter:data2\" content=\"1 minuto\" \/>\n<script type=\"application\/ld+json\" class=\"yoast-schema-graph\">{\"@context\":\"https:\/\/schema.org\",\"@graph\":[{\"@type\":\"Article\",\"@id\":\"https:\/\/portaltela.pt\/noticias\/2026\/02\/05\/oposicao-venezuelana-aceita-dialogo-com-governo-apos-convite\/#article\",\"isPartOf\":{\"@id\":\"https:\/\/portaltela.pt\/noticias\/2026\/02\/05\/oposicao-venezuelana-aceita-dialogo-com-governo-apos-convite\/\"},\"author\":{\"name\":\"Telinha\",\"@id\":\"https:\/\/portaltela.pt\/#\/schema\/person\/c4278d4a6028830caff9ee44b42d32ed\"},\"headline\":\"Oposi\u00e7\u00e3o venezuelana aceita di\u00e1logo com Governo ap\u00f3s convite\",\"datePublished\":\"2026-02-05T05:46:00+00:00\",\"mainEntityOfPage\":{\"@id\":\"https:\/\/portaltela.pt\/noticias\/2026\/02\/05\/oposicao-venezuelana-aceita-dialogo-com-governo-apos-convite\/\"},\"wordCount\":287,\"image\":{\"@id\":\"https:\/\/portaltela.pt\/noticias\/2026\/02\/05\/oposicao-venezuelana-aceita-dialogo-com-governo-apos-convite\/#primaryimage\"},\"thumbnailUrl\":\"https:\/\/portaltela.pt\/s.01k8rhncp4jt1\/2026\/02\/unnamed-file-1476.jpg\",\"keywords\":[\"Amnistia Internacional\",\"Di\u00e1logo internacional\",\"Di\u00e1logo pol\u00edtico\",\"direitos humanos\",\"oposi\u00e7\u00e3o\",\"Venezuela\"],\"articleSection\":[\"Not\u00edcias\",\"Pol\u00edtica\"],\"inLanguage\":\"pt-PT\"},{\"@type\":\"WebPage\",\"@id\":\"https:\/\/portaltela.pt\/noticias\/2026\/02\/05\/oposicao-venezuelana-aceita-dialogo-com-governo-apos-convite\/\",\"url\":\"https:\/\/portaltela.pt\/noticias\/2026\/02\/05\/oposicao-venezuelana-aceita-dialogo-com-governo-apos-convite\/\",\"name\":\"Oposi\u00e7\u00e3o venezuelana aceita di\u00e1logo com Governo ap\u00f3s convite - Portal Tela Portugal\",\"isPartOf\":{\"@id\":\"https:\/\/portaltela.pt\/#website\"},\"primaryImageOfPage\":{\"@id\":\"https:\/\/portaltela.pt\/noticias\/2026\/02\/05\/oposicao-venezuelana-aceita-dialogo-com-governo-apos-convite\/#primaryimage\"},\"image\":{\"@id\":\"https:\/\/portaltela.pt\/noticias\/2026\/02\/05\/oposicao-venezuelana-aceita-dialogo-com-governo-apos-convite\/#primaryimage\"},\"thumbnailUrl\":\"https:\/\/portaltela.pt\/s.01k8rhncp4jt1\/2026\/02\/unnamed-file-1476.jpg\",\"datePublished\":\"2026-02-05T05:46:00+00:00\",\"author\":{\"@id\":\"https:\/\/portaltela.pt\/#\/schema\/person\/c4278d4a6028830caff9ee44b42d32ed\"},\"breadcrumb\":{\"@id\":\"https:\/\/portaltela.pt\/noticias\/2026\/02\/05\/oposicao-venezuelana-aceita-dialogo-com-governo-apos-convite\/#breadcrumb\"},\"inLanguage\":\"pt-PT\",\"potentialAction\":[{\"@type\":\"ReadAction\",\"target\":[\"https:\/\/portaltela.pt\/noticias\/2026\/02\/05\/oposicao-venezuelana-aceita-dialogo-com-governo-apos-convite\/\"]}]},{\"@type\":\"ImageObject\",\"inLanguage\":\"pt-PT\",\"@id\":\"https:\/\/portaltela.pt\/noticias\/2026\/02\/05\/oposicao-venezuelana-aceita-dialogo-com-governo-apos-convite\/#primaryimage\",\"url\":\"https:\/\/portaltela.pt\/s.01k8rhncp4jt1\/2026\/02\/unnamed-file-1476.jpg\",\"contentUrl\":\"https:\/\/portaltela.pt\/s.01k8rhncp4jt1\/2026\/02\/unnamed-file-1476.jpg\",\"width\":796,\"height\":448,\"caption\":\"Sector da oposi\u00e7\u00e3o venezuelana aceita dialogar com Governo ap\u00f3s receber convite\"},{\"@type\":\"BreadcrumbList\",\"@id\":\"https:\/\/portaltela.pt\/noticias\/2026\/02\/05\/oposicao-venezuelana-aceita-dialogo-com-governo-apos-convite\/#breadcrumb\",\"itemListElement\":[{\"@type\":\"ListItem\",\"position\":1,\"name\":\"In\u00edcio\",\"item\":\"https:\/\/portaltela.pt\/\"},{\"@type\":\"ListItem\",\"position\":2,\"name\":\"Oposi\u00e7\u00e3o venezuelana aceita di\u00e1logo com Governo ap\u00f3s convite\"}]},{\"@type\":\"WebSite\",\"@id\":\"https:\/\/portaltela.pt\/#website\",\"url\":\"https:\/\/portaltela.pt\/\",\"name\":\"Portal Tela Portugal\",\"description\":\"\",\"potentialAction\":[{\"@type\":\"SearchAction\",\"target\":{\"@type\":\"EntryPoint\",\"urlTemplate\":\"https:\/\/portaltela.pt\/?s={search_term_string}\"},\"query-input\":{\"@type\":\"PropertyValueSpecification\",\"valueRequired\":true,\"valueName\":\"search_term_string\"}}],\"inLanguage\":\"pt-PT\"},{\"@type\":\"Person\",\"@id\":\"https:\/\/portaltela.pt\/#\/schema\/person\/c4278d4a6028830caff9ee44b42d32ed\",\"name\":\"Telinha\",\"image\":{\"@type\":\"ImageObject\",\"inLanguage\":\"pt-PT\",\"@id\":\"https:\/\/portaltela.pt\/s.01k8rhncp4jt1\/2025\/11\/talking-bot-125x125.png\",\"url\":\"https:\/\/portaltela.pt\/s.01k8rhncp4jt1\/2025\/11\/talking-bot-125x125.png\",\"contentUrl\":\"https:\/\/portaltela.pt\/s.01k8rhncp4jt1\/2025\/11\/talking-bot-125x125.png\",\"caption\":\"Telinha\"},\"sameAs\":[\"https:\/\/portaltela.pt\/\"],\"url\":\"https:\/\/portaltela.pt\/por\/367410592786\/\"}]}<\/script>\n<!-- \/ Yoast SEO plugin. -->","yoast_head_json":{"title":"Oposi\u00e7\u00e3o venezuelana aceita di\u00e1logo com Governo ap\u00f3s convite - Portal Tela Portugal","robots":{"index":"index","follow":"follow","max-snippet":"max-snippet:-1","max-image-preview":"max-image-preview:large","max-video-preview":"max-video-preview:-1"},"og_locale":"pt_PT","og_type":"article","og_title":"Oposi\u00e7\u00e3o venezuelana aceita di\u00e1logo com Governo ap\u00f3s convite - Portal Tela Portugal","og_description":"Um setor da oposi\u00e7\u00e3o venezuelana, ligado a Henrique Capriles, disse ter aceitado o convite do governo da presidente interina Delcy Rodr\u00edguez para iniciar um di\u00e1logo e abordar os problemas dos cidad\u00e3os. O an\u00fancio foi feito num comunicado publicado pelo deputado Stalin Gonz\u00e1lez, chefe da bancada Liberdade, na rede social X. A oposi\u00e7\u00e3o afirma que o di\u00e1logo n\u00e3o pode ser simb\u00f3lico e que \u00e9 preciso ouvir toda a sociedade para solu\u00e7\u00f5es duradouras. O grupo defende que a reconcilia\u00e7\u00e3o exige mudan\u00e7as concretas, regras claras e o fim de pr\u00e1ticas de medo, persegui\u00e7\u00e3o e pris\u00e3o pol\u00edtica, citando a poss\u00edvel lei de amnistia. A iniciativa surge depois de Rodr\u00edguez ter pedido, a 23 de janeiro, um verdadeiro di\u00e1logo pol\u00edtico com resultados concretos e imediatos, sem imposi\u00e7\u00f5es externas.","og_url":"https:\/\/portaltela.pt\/noticias\/2026\/02\/05\/oposicao-venezuelana-aceita-dialogo-com-governo-apos-convite\/","og_site_name":"Portal Tela Portugal","article_published_time":"2026-02-05T05:46:00+00:00","author":"Telinha","twitter_card":"summary_large_image","twitter_misc":{"Escrito por":"Telinha","Tempo estimado de leitura":"1 minuto"},"schema":{"@context":"https:\/\/schema.org","@graph":[{"@type":"Article","@id":"https:\/\/portaltela.pt\/noticias\/2026\/02\/05\/oposicao-venezuelana-aceita-dialogo-com-governo-apos-convite\/#article","isPartOf":{"@id":"https:\/\/portaltela.pt\/noticias\/2026\/02\/05\/oposicao-venezuelana-aceita-dialogo-com-governo-apos-convite\/"},"author":{"name":"Telinha","@id":"https:\/\/portaltela.pt\/#\/schema\/person\/c4278d4a6028830caff9ee44b42d32ed"},"headline":"Oposi\u00e7\u00e3o venezuelana aceita di\u00e1logo com Governo ap\u00f3s convite","datePublished":"2026-02-05T05:46:00+00:00","mainEntityOfPage":{"@id":"https:\/\/portaltela.pt\/noticias\/2026\/02\/05\/oposicao-venezuelana-aceita-dialogo-com-governo-apos-convite\/"},"wordCount":287,"image":{"@id":"https:\/\/portaltela.pt\/noticias\/2026\/02\/05\/oposicao-venezuelana-aceita-dialogo-com-governo-apos-convite\/#primaryimage"},"thumbnailUrl":"https:\/\/portaltela.pt\/s.01k8rhncp4jt1\/2026\/02\/unnamed-file-1476.jpg","keywords":["Amnistia Internacional","Di\u00e1logo internacional","Di\u00e1logo pol\u00edtico","direitos humanos","oposi\u00e7\u00e3o","Venezuela"],"articleSection":["Not\u00edcias","Pol\u00edtica"],"inLanguage":"pt-PT"},{"@type":"WebPage","@id":"https:\/\/portaltela.pt\/noticias\/2026\/02\/05\/oposicao-venezuelana-aceita-dialogo-com-governo-apos-convite\/","url":"https:\/\/portaltela.pt\/noticias\/2026\/02\/05\/oposicao-venezuelana-aceita-dialogo-com-governo-apos-convite\/","name":"Oposi\u00e7\u00e3o venezuelana aceita di\u00e1logo com Governo ap\u00f3s convite - Portal Tela Portugal","isPartOf":{"@id":"https:\/\/portaltela.pt\/#website"},"primaryImageOfPage":{"@id":"https:\/\/portaltela.pt\/noticias\/2026\/02\/05\/oposicao-venezuelana-aceita-dialogo-com-governo-apos-convite\/#primaryimage"},"image":{"@id":"https:\/\/portaltela.pt\/noticias\/2026\/02\/05\/oposicao-venezuelana-aceita-dialogo-com-governo-apos-convite\/#primaryimage"},"thumbnailUrl":"https:\/\/portaltela.pt\/s.01k8rhncp4jt1\/2026\/02\/unnamed-file-1476.jpg","datePublished":"2026-02-05T05:46:00+00:00","author":{"@id":"https:\/\/portaltela.pt\/#\/schema\/person\/c4278d4a6028830caff9ee44b42d32ed"},"breadcrumb":{"@id":"https:\/\/portaltela.pt\/noticias\/2026\/02\/05\/oposicao-venezuelana-aceita-dialogo-com-governo-apos-convite\/#breadcrumb"},"inLanguage":"pt-PT","potentialAction":[{"@type":"ReadAction","target":["https:\/\/portaltela.pt\/noticias\/2026\/02\/05\/oposicao-venezuelana-aceita-dialogo-com-governo-apos-convite\/"]}]},{"@type":"ImageObject","inLanguage":"pt-PT","@id":"https:\/\/portaltela.pt\/noticias\/2026\/02\/05\/oposicao-venezuelana-aceita-dialogo-com-governo-apos-convite\/#primaryimage","url":"https:\/\/portaltela.pt\/s.01k8rhncp4jt1\/2026\/02\/unnamed-file-1476.jpg","contentUrl":"https:\/\/portaltela.pt\/s.01k8rhncp4jt1\/2026\/02\/unnamed-file-1476.jpg","width":796,"height":448,"caption":"Sector da oposi\u00e7\u00e3o venezuelana aceita dialogar com Governo ap\u00f3s receber convite"},{"@type":"BreadcrumbList","@id":"https:\/\/portaltela.pt\/noticias\/2026\/02\/05\/oposicao-venezuelana-aceita-dialogo-com-governo-apos-convite\/#breadcrumb","itemListElement":[{"@type":"ListItem","position":1,"name":"In\u00edcio","item":"https:\/\/portaltela.pt\/"},{"@type":"ListItem","position":2,"name":"Oposi\u00e7\u00e3o venezuelana aceita di\u00e1logo com Governo ap\u00f3s convite"}]},{"@type":"WebSite","@id":"https:\/\/portaltela.pt\/#website","url":"https:\/\/portaltela.pt\/","name":"Portal Tela Portugal","description":"","potentialAction":[{"@type":"SearchAction","target":{"@type":"EntryPoint","urlTemplate":"https:\/\/portaltela.pt\/?s={search_term_string}"},"query-input":{"@type":"PropertyValueSpecification","valueRequired":true,"valueName":"search_term_string"}}],"inLanguage":"pt-PT"},{"@type":"Person","@id":"https:\/\/portaltela.pt\/#\/schema\/person\/c4278d4a6028830caff9ee44b42d32ed","name":"Telinha","image":{"@type":"ImageObject","inLanguage":"pt-PT","@id":"https:\/\/portaltela.pt\/s.01k8rhncp4jt1\/2025\/11\/talking-bot-125x125.png","url":"https:\/\/portaltela.pt\/s.01k8rhncp4jt1\/2025\/11\/talking-bot-125x125.png","contentUrl":"https:\/\/portaltela.pt\/s.01k8rhncp4jt1\/2025\/11\/talking-bot-125x125.png","caption":"Telinha"},"sameAs":["https:\/\/portaltela.pt\/"],"url":"https:\/\/portaltela.pt\/por\/367410592786\/"}]}},"_links":{"self":[{"href":"https:\/\/portaltela.pt\/api\/wp\/v2\/posts\/198746","targetHints":{"allow":["GET"]}}],"collection":[{"href":"https:\/\/portaltela.pt\/api\/wp\/v2\/posts"}],"about":[{"href":"https:\/\/portaltela.pt\/api\/wp\/v2\/types\/post"}],"author":[{"embeddable":true,"href":"https:\/\/portaltela.pt\/api\/wp\/v2\/users\/2"}],"replies":[{"embeddable":true,"href":"https:\/\/portaltela.pt\/api\/wp\/v2\/comments?post=198746"}],"version-history":[{"count":0,"href":"https:\/\/portaltela.pt\/api\/wp\/v2\/posts\/198746\/revisions"}],"wp:featuredmedia":[{"embeddable":true,"href":"https:\/\/portaltela.pt\/api\/wp\/v2\/media\/198748"}],"wp:attachment":[{"href":"https:\/\/portaltela.pt\/api\/wp\/v2\/media?parent=198746"}],"wp:term":[{"taxonomy":"category","embeddable":true,"href":"https:\/\/portaltela.pt\/api\/wp\/v2\/categories?post=198746"},{"taxonomy":"post_tag","embeddable":true,"href":"https:\/\/portaltela.pt\/api\/wp\/v2\/tags?post=198746"}],"curies":[{"name":"wp","href":"https:\/\/api.w.org\/{rel}","templated":true}]}}