{"id":198733,"date":"2026-02-05T02:00:00","date_gmt":"2026-02-05T05:00:00","guid":{"rendered":"https:\/\/portaltela.pt\/noticias\/2026\/02\/05\/regime-de-mobilidade-electrica-pode-afetar-carregamento-em-zonas-isoladas\/"},"modified":"2026-02-05T02:00:00","modified_gmt":"2026-02-05T05:00:00","slug":"regime-de-mobilidade-electrica-pode-afetar-carregamento-em-zonas-isoladas","status":"publish","type":"post","link":"https:\/\/portaltela.pt\/noticias\/2026\/02\/05\/regime-de-mobilidade-electrica-pode-afetar-carregamento-em-zonas-isoladas\/","title":{"rendered":"Regime de mobilidade el\u00e9ctrica pode afetar carregamento em zonas isoladas"},"content":{"rendered":"<p>A associa\u00e7\u00e3o dos Utilizadores de Ve\u00edculos El\u00e9tricos (UVE) manifestou preocupa\u00e7\u00f5es sobre o novo regime jur\u00eddico da mobilidade el\u00e9trica, em discuss\u00e3o. Amea\u00e7a a continuidade de pontos de carregamento em zonas com menor procura, segundo o presidente Pedro Faria, durante uma audi\u00e7\u00e3o na Comiss\u00e3o de Infraestruturas, Mobilidade e Habita\u00e7\u00e3o, com acompanhamento da ag\u00eancia Lusa.<\/p>\n<p>A UVE aponta que dois mecanismos saem do regime sem alternativas equivalentes. Primeiro, a Tarifa de Acesso \u00e0s Redes (TAR) de Mobilidade El\u00e9trica, considerada essencial para a coes\u00e3o territorial ao manter postos em locais menos utilizados. O fim da TAR, diz a associa\u00e7\u00e3o, d\u00e1 aos operadores a decis\u00e3o de encerrar muitos carregadores sem justifica\u00e7\u00e3o objetiva.<\/p>\n<p>Em segundo plano, o chamado ponto \u00fanico de carregamento, que facilita instala\u00e7\u00f5es por empresas em casas de colaboradores. O novo regime torna este modelo mais dispendioso e complexo, dificultando custos de instala\u00e7\u00e3o, segundo a UVE. Portugal j\u00e1 tem uma solu\u00e7\u00e3o reconhecida a n\u00edvel europeu, defendem, que n\u00e3o deve ser abandonada sem alternativa comprovadamente melhor.<\/p>\n<p>Apesar das cr\u00edticas, a UVE reconhece avan\u00e7os do novo regime, designadamente no \u00e2mbito da moderniza\u00e7\u00e3o do enquadramento legal. A associa\u00e7\u00e3o salienta, contudo, preocupa\u00e7\u00f5es quanto \u00e0 organiza\u00e7\u00e3o das infraestruturas de carregamento e \u00e0 transi\u00e7\u00e3o, que, para j\u00e1, n\u00e3o deve comprometer a rede existente.<\/p>\n<p>A avalia\u00e7\u00e3o do modelo anterior indica que a rede nacional foi lan\u00e7ada h\u00e1 cerca de 15 anos com base nesse regime. A UVE defende uma evolu\u00e7\u00e3o gradual, mantendo op\u00e7\u00f5es concorrentes at\u00e9 o mercado estabilizar, sem impor o regresso a modelos anteriores.<\/p>\n<p>Entre os pontos sens\u00edveis sinalizados pela associa\u00e7\u00e3o destacam-se ainda as dificuldades em condom\u00ednios para instalar carregadores. A UVE ressalva que o regime atual trouxe melhorias, facilitando instala\u00e7\u00f5es e resolvendo constrangimentos arquiteturais, problema hist\u00f3rico na mobilidade el\u00e9trica em Portugal.<\/p>\n<h3>Ponto de viragem e avan\u00e7os<\/h3>\n<p>A UVE reconhece que o regime atual pode adaptar-se a longo prazo, desde que haja transi\u00e7\u00e3o cuidadosa e ajustes que assegurem continuidade da rede e expans\u00e3o equilibrada, acompanhando o comportamento dos utilizadores e a maturidade do mercado.<\/p>\n","protected":false},"excerpt":{"rendered":"<ul>\n<li>A UVE alertou que o novo regime jur\u00eddico da mobilidade el\u00e9trica pode eliminar a Tarifa de Acesso \u00e0s Redes (TAR) de Mobilidade El\u00e9trica e colocar em risco postos de carregamento em zonas de baixa procura, durante uma audi\u00e7\u00e3o na Comiss\u00e3o de Infraestruturas, Mobilidade e Habita\u00e7\u00e3o, com acompanhamento da Lusa.<\/li>\n<li>A TAR \u00e9 considerada pela associa\u00e7\u00e3o como um instrumento crucial para a coes\u00e3o territorial, permitindo manter postos em locais com baixa utiliza\u00e7\u00e3o; o seu fim pode levar operadores a encerrarem milhares de pontos nesses locais e dificultar novas instala\u00e7\u00f5es.<\/li>\n<li>O novo regime tamb\u00e9m torna o modelo do chamado ponto \u00fanico de carregamento mais complexo e oneroso, afirmando que Portugal j\u00e1 disp\u00f5e de uma solu\u00e7\u00e3o funcional reconhecida a n\u00edvel europeu que n\u00e3o faz sentido abandonar sem uma alternativa comprovadamente superior.<\/li>\n<li>Embora reconhe\u00e7a avan\u00e7os do regime, a UVE mant\u00e9m preocupa\u00e7\u00f5es sobre a organiza\u00e7\u00e3o da rede de infraestruturas de carregamento, defendendo uma evolu\u00e7\u00e3o gradual em vez de regresso ao modelo anterior.<\/li>\n<li>A associa\u00e7\u00e3o recorda que o regime anterior ajudou a lan\u00e7ar a rede nacional h\u00e1 cerca de quinze anos; defende que o novo regime pode ser adequado a longo prazo com ajustes e transi\u00e7\u00e3o cuidada, mencionando melhoria significativa do carregamento em condom\u00ednios.<\/li>\n<\/ul>\n","protected":false},"author":2,"featured_media":198734,"comment_status":"closed","ping_status":"closed","sticky":false,"template":"","format":"standard","meta":{"footnotes":""},"categories":[1],"tags":[2692,4542,1615,2110,4171,4427],"class_list":["post-198733","post","type-post","status-publish","format-standard","has-post-thumbnail","hentry","category-noticias","tag-carregamentos","tag-energia-electrica","tag-infraestrutura","tag-mobilidade","tag-mobilidade-sustentavel","tag-rede-electrica"],"yoast_head":"<!-- This site is optimized with the Yoast SEO plugin v27.2 - https:\/\/yoast.com\/product\/yoast-seo-wordpress\/ -->\n<title>Regime de mobilidade el\u00e9ctrica pode afetar carregamento em zonas isoladas - Portal Tela Portugal<\/title>\n<meta name=\"robots\" content=\"index, follow, max-snippet:-1, max-image-preview:large, max-video-preview:-1\" \/>\n<meta property=\"og:locale\" content=\"pt_PT\" \/>\n<meta property=\"og:type\" content=\"article\" \/>\n<meta property=\"og:title\" content=\"Regime de mobilidade el\u00e9ctrica pode afetar carregamento em zonas isoladas - Portal Tela Portugal\" \/>\n<meta property=\"og:description\" content=\"A UVE alertou que o novo regime jur\u00eddico da mobilidade el\u00e9trica pode eliminar a Tarifa de Acesso \u00e0s Redes (TAR) de Mobilidade El\u00e9trica e colocar em risco postos de carregamento em zonas de baixa procura, durante uma audi\u00e7\u00e3o na Comiss\u00e3o de Infraestruturas, Mobilidade e Habita\u00e7\u00e3o, com acompanhamento da Lusa. A TAR \u00e9 considerada pela associa\u00e7\u00e3o como um instrumento crucial para a coes\u00e3o territorial, permitindo manter postos em locais com baixa utiliza\u00e7\u00e3o; o seu fim pode levar operadores a encerrarem milhares de pontos nesses locais e dificultar novas instala\u00e7\u00f5es. O novo regime tamb\u00e9m torna o modelo do chamado ponto \u00fanico de carregamento mais complexo e oneroso, afirmando que Portugal j\u00e1 disp\u00f5e de uma solu\u00e7\u00e3o funcional reconhecida a n\u00edvel europeu que n\u00e3o faz sentido abandonar sem uma alternativa comprovadamente superior. Embora reconhe\u00e7a avan\u00e7os do regime, a UVE mant\u00e9m preocupa\u00e7\u00f5es sobre a organiza\u00e7\u00e3o da rede de infraestruturas de carregamento, defendendo uma evolu\u00e7\u00e3o gradual em vez de regresso ao modelo anterior. A associa\u00e7\u00e3o recorda que o regime anterior ajudou a lan\u00e7ar a rede nacional h\u00e1 cerca de quinze anos; defende que o novo regime pode ser adequado a longo prazo com ajustes e transi\u00e7\u00e3o cuidada, mencionando melhoria significativa do carregamento em condom\u00ednios.\" \/>\n<meta property=\"og:url\" content=\"https:\/\/portaltela.pt\/noticias\/2026\/02\/05\/regime-de-mobilidade-electrica-pode-afetar-carregamento-em-zonas-isoladas\/\" \/>\n<meta property=\"og:site_name\" content=\"Portal Tela Portugal\" \/>\n<meta property=\"article:published_time\" content=\"2026-02-05T05:00:00+00:00\" \/>\n<meta name=\"author\" content=\"Telinha\" \/>\n<meta name=\"twitter:card\" content=\"summary_large_image\" \/>\n<meta name=\"twitter:label1\" content=\"Escrito por\" \/>\n\t<meta name=\"twitter:data1\" content=\"Telinha\" \/>\n\t<meta name=\"twitter:label2\" content=\"Tempo estimado de leitura\" \/>\n\t<meta name=\"twitter:data2\" content=\"2 minutos\" \/>\n<script type=\"application\/ld+json\" class=\"yoast-schema-graph\">{\"@context\":\"https:\/\/schema.org\",\"@graph\":[{\"@type\":\"Article\",\"@id\":\"https:\/\/portaltela.pt\/noticias\/2026\/02\/05\/regime-de-mobilidade-electrica-pode-afetar-carregamento-em-zonas-isoladas\/#article\",\"isPartOf\":{\"@id\":\"https:\/\/portaltela.pt\/noticias\/2026\/02\/05\/regime-de-mobilidade-electrica-pode-afetar-carregamento-em-zonas-isoladas\/\"},\"author\":{\"name\":\"Telinha\",\"@id\":\"https:\/\/portaltela.pt\/#\/schema\/person\/c4278d4a6028830caff9ee44b42d32ed\"},\"headline\":\"Regime de mobilidade el\u00e9ctrica pode afetar carregamento em zonas isoladas\",\"datePublished\":\"2026-02-05T05:00:00+00:00\",\"mainEntityOfPage\":{\"@id\":\"https:\/\/portaltela.pt\/noticias\/2026\/02\/05\/regime-de-mobilidade-electrica-pode-afetar-carregamento-em-zonas-isoladas\/\"},\"wordCount\":375,\"image\":{\"@id\":\"https:\/\/portaltela.pt\/noticias\/2026\/02\/05\/regime-de-mobilidade-electrica-pode-afetar-carregamento-em-zonas-isoladas\/#primaryimage\"},\"thumbnailUrl\":\"https:\/\/portaltela.pt\/s.01k8rhncp4jt1\/2026\/02\/unnamed-file-1475.jpg\",\"keywords\":[\"carregamentos\",\"energia el\u00e9ctrica\",\"infraestrutura\",\"mobilidade\",\"Mobilidade Sustent\u00e1vel\",\"rede el\u00e9ctrica\"],\"articleSection\":[\"Not\u00edcias\"],\"inLanguage\":\"pt-PT\"},{\"@type\":\"WebPage\",\"@id\":\"https:\/\/portaltela.pt\/noticias\/2026\/02\/05\/regime-de-mobilidade-electrica-pode-afetar-carregamento-em-zonas-isoladas\/\",\"url\":\"https:\/\/portaltela.pt\/noticias\/2026\/02\/05\/regime-de-mobilidade-electrica-pode-afetar-carregamento-em-zonas-isoladas\/\",\"name\":\"Regime de mobilidade el\u00e9ctrica pode afetar carregamento em zonas isoladas - Portal Tela Portugal\",\"isPartOf\":{\"@id\":\"https:\/\/portaltela.pt\/#website\"},\"primaryImageOfPage\":{\"@id\":\"https:\/\/portaltela.pt\/noticias\/2026\/02\/05\/regime-de-mobilidade-electrica-pode-afetar-carregamento-em-zonas-isoladas\/#primaryimage\"},\"image\":{\"@id\":\"https:\/\/portaltela.pt\/noticias\/2026\/02\/05\/regime-de-mobilidade-electrica-pode-afetar-carregamento-em-zonas-isoladas\/#primaryimage\"},\"thumbnailUrl\":\"https:\/\/portaltela.pt\/s.01k8rhncp4jt1\/2026\/02\/unnamed-file-1475.jpg\",\"datePublished\":\"2026-02-05T05:00:00+00:00\",\"author\":{\"@id\":\"https:\/\/portaltela.pt\/#\/schema\/person\/c4278d4a6028830caff9ee44b42d32ed\"},\"breadcrumb\":{\"@id\":\"https:\/\/portaltela.pt\/noticias\/2026\/02\/05\/regime-de-mobilidade-electrica-pode-afetar-carregamento-em-zonas-isoladas\/#breadcrumb\"},\"inLanguage\":\"pt-PT\",\"potentialAction\":[{\"@type\":\"ReadAction\",\"target\":[\"https:\/\/portaltela.pt\/noticias\/2026\/02\/05\/regime-de-mobilidade-electrica-pode-afetar-carregamento-em-zonas-isoladas\/\"]}]},{\"@type\":\"ImageObject\",\"inLanguage\":\"pt-PT\",\"@id\":\"https:\/\/portaltela.pt\/noticias\/2026\/02\/05\/regime-de-mobilidade-electrica-pode-afetar-carregamento-em-zonas-isoladas\/#primaryimage\",\"url\":\"https:\/\/portaltela.pt\/s.01k8rhncp4jt1\/2026\/02\/unnamed-file-1475.jpg\",\"contentUrl\":\"https:\/\/portaltela.pt\/s.01k8rhncp4jt1\/2026\/02\/unnamed-file-1475.jpg\",\"width\":796,\"height\":448,\"caption\":\"Novo regime da mobilidade el\u00e9trica pode comprometer rede de carregamento em zonas de baixa utiliza\u00e7\u00e3o\"},{\"@type\":\"BreadcrumbList\",\"@id\":\"https:\/\/portaltela.pt\/noticias\/2026\/02\/05\/regime-de-mobilidade-electrica-pode-afetar-carregamento-em-zonas-isoladas\/#breadcrumb\",\"itemListElement\":[{\"@type\":\"ListItem\",\"position\":1,\"name\":\"In\u00edcio\",\"item\":\"https:\/\/portaltela.pt\/\"},{\"@type\":\"ListItem\",\"position\":2,\"name\":\"Regime de mobilidade el\u00e9ctrica pode afetar carregamento em zonas isoladas\"}]},{\"@type\":\"WebSite\",\"@id\":\"https:\/\/portaltela.pt\/#website\",\"url\":\"https:\/\/portaltela.pt\/\",\"name\":\"Portal Tela Portugal\",\"description\":\"\",\"potentialAction\":[{\"@type\":\"SearchAction\",\"target\":{\"@type\":\"EntryPoint\",\"urlTemplate\":\"https:\/\/portaltela.pt\/?s={search_term_string}\"},\"query-input\":{\"@type\":\"PropertyValueSpecification\",\"valueRequired\":true,\"valueName\":\"search_term_string\"}}],\"inLanguage\":\"pt-PT\"},{\"@type\":\"Person\",\"@id\":\"https:\/\/portaltela.pt\/#\/schema\/person\/c4278d4a6028830caff9ee44b42d32ed\",\"name\":\"Telinha\",\"image\":{\"@type\":\"ImageObject\",\"inLanguage\":\"pt-PT\",\"@id\":\"https:\/\/portaltela.pt\/s.01k8rhncp4jt1\/2025\/11\/talking-bot-125x125.png\",\"url\":\"https:\/\/portaltela.pt\/s.01k8rhncp4jt1\/2025\/11\/talking-bot-125x125.png\",\"contentUrl\":\"https:\/\/portaltela.pt\/s.01k8rhncp4jt1\/2025\/11\/talking-bot-125x125.png\",\"caption\":\"Telinha\"},\"sameAs\":[\"https:\/\/portaltela.pt\/\"],\"url\":\"https:\/\/portaltela.pt\/por\/367410592786\/\"}]}<\/script>\n<!-- \/ Yoast SEO plugin. -->","yoast_head_json":{"title":"Regime de mobilidade el\u00e9ctrica pode afetar carregamento em zonas isoladas - Portal Tela Portugal","robots":{"index":"index","follow":"follow","max-snippet":"max-snippet:-1","max-image-preview":"max-image-preview:large","max-video-preview":"max-video-preview:-1"},"og_locale":"pt_PT","og_type":"article","og_title":"Regime de mobilidade el\u00e9ctrica pode afetar carregamento em zonas isoladas - Portal Tela Portugal","og_description":"A UVE alertou que o novo regime jur\u00eddico da mobilidade el\u00e9trica pode eliminar a Tarifa de Acesso \u00e0s Redes (TAR) de Mobilidade El\u00e9trica e colocar em risco postos de carregamento em zonas de baixa procura, durante uma audi\u00e7\u00e3o na Comiss\u00e3o de Infraestruturas, Mobilidade e Habita\u00e7\u00e3o, com acompanhamento da Lusa. A TAR \u00e9 considerada pela associa\u00e7\u00e3o como um instrumento crucial para a coes\u00e3o territorial, permitindo manter postos em locais com baixa utiliza\u00e7\u00e3o; o seu fim pode levar operadores a encerrarem milhares de pontos nesses locais e dificultar novas instala\u00e7\u00f5es. O novo regime tamb\u00e9m torna o modelo do chamado ponto \u00fanico de carregamento mais complexo e oneroso, afirmando que Portugal j\u00e1 disp\u00f5e de uma solu\u00e7\u00e3o funcional reconhecida a n\u00edvel europeu que n\u00e3o faz sentido abandonar sem uma alternativa comprovadamente superior. Embora reconhe\u00e7a avan\u00e7os do regime, a UVE mant\u00e9m preocupa\u00e7\u00f5es sobre a organiza\u00e7\u00e3o da rede de infraestruturas de carregamento, defendendo uma evolu\u00e7\u00e3o gradual em vez de regresso ao modelo anterior. A associa\u00e7\u00e3o recorda que o regime anterior ajudou a lan\u00e7ar a rede nacional h\u00e1 cerca de quinze anos; defende que o novo regime pode ser adequado a longo prazo com ajustes e transi\u00e7\u00e3o cuidada, mencionando melhoria significativa do carregamento em condom\u00ednios.","og_url":"https:\/\/portaltela.pt\/noticias\/2026\/02\/05\/regime-de-mobilidade-electrica-pode-afetar-carregamento-em-zonas-isoladas\/","og_site_name":"Portal Tela Portugal","article_published_time":"2026-02-05T05:00:00+00:00","author":"Telinha","twitter_card":"summary_large_image","twitter_misc":{"Escrito por":"Telinha","Tempo estimado de leitura":"2 minutos"},"schema":{"@context":"https:\/\/schema.org","@graph":[{"@type":"Article","@id":"https:\/\/portaltela.pt\/noticias\/2026\/02\/05\/regime-de-mobilidade-electrica-pode-afetar-carregamento-em-zonas-isoladas\/#article","isPartOf":{"@id":"https:\/\/portaltela.pt\/noticias\/2026\/02\/05\/regime-de-mobilidade-electrica-pode-afetar-carregamento-em-zonas-isoladas\/"},"author":{"name":"Telinha","@id":"https:\/\/portaltela.pt\/#\/schema\/person\/c4278d4a6028830caff9ee44b42d32ed"},"headline":"Regime de mobilidade el\u00e9ctrica pode afetar carregamento em zonas isoladas","datePublished":"2026-02-05T05:00:00+00:00","mainEntityOfPage":{"@id":"https:\/\/portaltela.pt\/noticias\/2026\/02\/05\/regime-de-mobilidade-electrica-pode-afetar-carregamento-em-zonas-isoladas\/"},"wordCount":375,"image":{"@id":"https:\/\/portaltela.pt\/noticias\/2026\/02\/05\/regime-de-mobilidade-electrica-pode-afetar-carregamento-em-zonas-isoladas\/#primaryimage"},"thumbnailUrl":"https:\/\/portaltela.pt\/s.01k8rhncp4jt1\/2026\/02\/unnamed-file-1475.jpg","keywords":["carregamentos","energia el\u00e9ctrica","infraestrutura","mobilidade","Mobilidade Sustent\u00e1vel","rede el\u00e9ctrica"],"articleSection":["Not\u00edcias"],"inLanguage":"pt-PT"},{"@type":"WebPage","@id":"https:\/\/portaltela.pt\/noticias\/2026\/02\/05\/regime-de-mobilidade-electrica-pode-afetar-carregamento-em-zonas-isoladas\/","url":"https:\/\/portaltela.pt\/noticias\/2026\/02\/05\/regime-de-mobilidade-electrica-pode-afetar-carregamento-em-zonas-isoladas\/","name":"Regime de mobilidade el\u00e9ctrica pode afetar carregamento em zonas isoladas - Portal Tela Portugal","isPartOf":{"@id":"https:\/\/portaltela.pt\/#website"},"primaryImageOfPage":{"@id":"https:\/\/portaltela.pt\/noticias\/2026\/02\/05\/regime-de-mobilidade-electrica-pode-afetar-carregamento-em-zonas-isoladas\/#primaryimage"},"image":{"@id":"https:\/\/portaltela.pt\/noticias\/2026\/02\/05\/regime-de-mobilidade-electrica-pode-afetar-carregamento-em-zonas-isoladas\/#primaryimage"},"thumbnailUrl":"https:\/\/portaltela.pt\/s.01k8rhncp4jt1\/2026\/02\/unnamed-file-1475.jpg","datePublished":"2026-02-05T05:00:00+00:00","author":{"@id":"https:\/\/portaltela.pt\/#\/schema\/person\/c4278d4a6028830caff9ee44b42d32ed"},"breadcrumb":{"@id":"https:\/\/portaltela.pt\/noticias\/2026\/02\/05\/regime-de-mobilidade-electrica-pode-afetar-carregamento-em-zonas-isoladas\/#breadcrumb"},"inLanguage":"pt-PT","potentialAction":[{"@type":"ReadAction","target":["https:\/\/portaltela.pt\/noticias\/2026\/02\/05\/regime-de-mobilidade-electrica-pode-afetar-carregamento-em-zonas-isoladas\/"]}]},{"@type":"ImageObject","inLanguage":"pt-PT","@id":"https:\/\/portaltela.pt\/noticias\/2026\/02\/05\/regime-de-mobilidade-electrica-pode-afetar-carregamento-em-zonas-isoladas\/#primaryimage","url":"https:\/\/portaltela.pt\/s.01k8rhncp4jt1\/2026\/02\/unnamed-file-1475.jpg","contentUrl":"https:\/\/portaltela.pt\/s.01k8rhncp4jt1\/2026\/02\/unnamed-file-1475.jpg","width":796,"height":448,"caption":"Novo regime da mobilidade el\u00e9trica pode comprometer rede de carregamento em zonas de baixa utiliza\u00e7\u00e3o"},{"@type":"BreadcrumbList","@id":"https:\/\/portaltela.pt\/noticias\/2026\/02\/05\/regime-de-mobilidade-electrica-pode-afetar-carregamento-em-zonas-isoladas\/#breadcrumb","itemListElement":[{"@type":"ListItem","position":1,"name":"In\u00edcio","item":"https:\/\/portaltela.pt\/"},{"@type":"ListItem","position":2,"name":"Regime de mobilidade el\u00e9ctrica pode afetar carregamento em zonas isoladas"}]},{"@type":"WebSite","@id":"https:\/\/portaltela.pt\/#website","url":"https:\/\/portaltela.pt\/","name":"Portal Tela Portugal","description":"","potentialAction":[{"@type":"SearchAction","target":{"@type":"EntryPoint","urlTemplate":"https:\/\/portaltela.pt\/?s={search_term_string}"},"query-input":{"@type":"PropertyValueSpecification","valueRequired":true,"valueName":"search_term_string"}}],"inLanguage":"pt-PT"},{"@type":"Person","@id":"https:\/\/portaltela.pt\/#\/schema\/person\/c4278d4a6028830caff9ee44b42d32ed","name":"Telinha","image":{"@type":"ImageObject","inLanguage":"pt-PT","@id":"https:\/\/portaltela.pt\/s.01k8rhncp4jt1\/2025\/11\/talking-bot-125x125.png","url":"https:\/\/portaltela.pt\/s.01k8rhncp4jt1\/2025\/11\/talking-bot-125x125.png","contentUrl":"https:\/\/portaltela.pt\/s.01k8rhncp4jt1\/2025\/11\/talking-bot-125x125.png","caption":"Telinha"},"sameAs":["https:\/\/portaltela.pt\/"],"url":"https:\/\/portaltela.pt\/por\/367410592786\/"}]}},"_links":{"self":[{"href":"https:\/\/portaltela.pt\/api\/wp\/v2\/posts\/198733","targetHints":{"allow":["GET"]}}],"collection":[{"href":"https:\/\/portaltela.pt\/api\/wp\/v2\/posts"}],"about":[{"href":"https:\/\/portaltela.pt\/api\/wp\/v2\/types\/post"}],"author":[{"embeddable":true,"href":"https:\/\/portaltela.pt\/api\/wp\/v2\/users\/2"}],"replies":[{"embeddable":true,"href":"https:\/\/portaltela.pt\/api\/wp\/v2\/comments?post=198733"}],"version-history":[{"count":0,"href":"https:\/\/portaltela.pt\/api\/wp\/v2\/posts\/198733\/revisions"}],"wp:featuredmedia":[{"embeddable":true,"href":"https:\/\/portaltela.pt\/api\/wp\/v2\/media\/198734"}],"wp:attachment":[{"href":"https:\/\/portaltela.pt\/api\/wp\/v2\/media?parent=198733"}],"wp:term":[{"taxonomy":"category","embeddable":true,"href":"https:\/\/portaltela.pt\/api\/wp\/v2\/categories?post=198733"},{"taxonomy":"post_tag","embeddable":true,"href":"https:\/\/portaltela.pt\/api\/wp\/v2\/tags?post=198733"}],"curies":[{"name":"wp","href":"https:\/\/api.w.org\/{rel}","templated":true}]}}