{"id":198685,"date":"2026-02-04T22:30:00","date_gmt":"2026-02-05T01:30:00","guid":{"rendered":"https:\/\/portaltela.pt\/noticias\/2026\/02\/04\/iniciativa-liberal-arquivou-duas-denuncias-de-assedio-desde-a-fundacao\/"},"modified":"2026-02-04T22:30:00","modified_gmt":"2026-02-05T01:30:00","slug":"iniciativa-liberal-arquivou-duas-denuncias-de-assedio-desde-a-fundacao","status":"publish","type":"post","link":"https:\/\/portaltela.pt\/noticias\/politica\/2026\/02\/04\/iniciativa-liberal-arquivou-duas-denuncias-de-assedio-desde-a-fundacao\/","title":{"rendered":"Iniciativa Liberal arquivou duas den\u00fancias de ass\u00e9dio desde a funda\u00e7\u00e3o"},"content":{"rendered":"<p>A Iniciativa Liberal arquivou dois casos de alegado ass\u00e9dio desde a sua funda\u00e7\u00e3o, em 2017. Ambos os inqu\u00e9ritos foram encerrados sem consequ\u00eancias para os suspeitos.<\/p>\n<p>Nenhum dos processos est\u00e1 ligado a Jo\u00e3o Cotrim Figueiredo, antigo presidente do partido, que foi acusado por uma ex-assessora no m\u00eas passado.<\/p>\n<p>O epis\u00f3dio envolvendo o ex-presidente foi reportado recentemente e n\u00e3o guarda liga\u00e7\u00e3o com os arquivamentos mencionados pela dire\u00e7\u00e3o do partido.<\/p>\n","protected":false},"excerpt":{"rendered":"<ul>\n<li>A Iniciativa Liberal arquivou duas den\u00fancias de ass\u00e9dio desde a sua funda\u00e7\u00e3o, em 2017.<\/li>\n<li>Ambas as queixas foram encerradas sem desfecho.<\/li>\n<li>Nenhuma das situa\u00e7\u00f5es est\u00e1 relacionada com Jo\u00e3o Cotrim Figueiredo, antigo presidente do partido.<\/li>\n<li>Cotrim Figueiredo foi acusado por uma ex-assessora do partido no m\u00eas passado.<\/li>\n<\/ul>\n","protected":false},"author":2,"featured_media":198692,"comment_status":"closed","ping_status":"closed","sticky":false,"template":"","format":"standard","meta":{"footnotes":""},"categories":[1,5],"tags":[3200,2861,1482,215,3145,2832],"class_list":["post-198685","post","type-post","status-publish","format-standard","has-post-thumbnail","hentry","category-noticias","category-politica","tag-assedio","tag-denuncia-crime","tag-iniciativa-liberal","tag-investigacao","tag-joao-cotrim-de-figueiredo","tag-politica"],"yoast_head":"<!-- This site is optimized with the Yoast SEO plugin v27.2 - https:\/\/yoast.com\/product\/yoast-seo-wordpress\/ -->\n<title>Iniciativa Liberal arquivou duas den\u00fancias de ass\u00e9dio desde a funda\u00e7\u00e3o - Portal Tela Portugal<\/title>\n<meta name=\"robots\" content=\"index, follow, max-snippet:-1, max-image-preview:large, max-video-preview:-1\" \/>\n<meta property=\"og:locale\" content=\"pt_PT\" \/>\n<meta property=\"og:type\" content=\"article\" \/>\n<meta property=\"og:title\" content=\"Iniciativa Liberal arquivou duas den\u00fancias de ass\u00e9dio desde a funda\u00e7\u00e3o - Portal Tela Portugal\" \/>\n<meta property=\"og:description\" content=\"A Iniciativa Liberal arquivou duas den\u00fancias de ass\u00e9dio desde a sua funda\u00e7\u00e3o, em 2017. Ambas as queixas foram encerradas sem desfecho. Nenhuma das situa\u00e7\u00f5es est\u00e1 relacionada com Jo\u00e3o Cotrim Figueiredo, antigo presidente do partido. Cotrim Figueiredo foi acusado por uma ex-assessora do partido no m\u00eas passado.\" \/>\n<meta property=\"og:url\" content=\"https:\/\/portaltela.pt\/noticias\/2026\/02\/04\/iniciativa-liberal-arquivou-duas-denuncias-de-assedio-desde-a-fundacao\/\" \/>\n<meta property=\"og:site_name\" content=\"Portal Tela Portugal\" \/>\n<meta property=\"article:published_time\" content=\"2026-02-05T01:30:00+00:00\" \/>\n<meta name=\"author\" content=\"Telinha\" \/>\n<meta name=\"twitter:card\" content=\"summary_large_image\" \/>\n<meta name=\"twitter:label1\" content=\"Escrito por\" \/>\n\t<meta name=\"twitter:data1\" content=\"Telinha\" \/>\n<script type=\"application\/ld+json\" class=\"yoast-schema-graph\">{\"@context\":\"https:\/\/schema.org\",\"@graph\":[{\"@type\":\"Article\",\"@id\":\"https:\/\/portaltela.pt\/noticias\/2026\/02\/04\/iniciativa-liberal-arquivou-duas-denuncias-de-assedio-desde-a-fundacao\/#article\",\"isPartOf\":{\"@id\":\"https:\/\/portaltela.pt\/noticias\/2026\/02\/04\/iniciativa-liberal-arquivou-duas-denuncias-de-assedio-desde-a-fundacao\/\"},\"author\":{\"name\":\"Telinha\",\"@id\":\"https:\/\/portaltela.pt\/#\/schema\/person\/c4278d4a6028830caff9ee44b42d32ed\"},\"headline\":\"Iniciativa Liberal arquivou duas den\u00fancias de ass\u00e9dio desde a funda\u00e7\u00e3o\",\"datePublished\":\"2026-02-05T01:30:00+00:00\",\"mainEntityOfPage\":{\"@id\":\"https:\/\/portaltela.pt\/noticias\/2026\/02\/04\/iniciativa-liberal-arquivou-duas-denuncias-de-assedio-desde-a-fundacao\/\"},\"wordCount\":89,\"image\":{\"@id\":\"https:\/\/portaltela.pt\/noticias\/2026\/02\/04\/iniciativa-liberal-arquivou-duas-denuncias-de-assedio-desde-a-fundacao\/#primaryimage\"},\"thumbnailUrl\":\"https:\/\/portaltela.pt\/s.01k8rhncp4jt1\/2026\/02\/img_1500x1000uu2026-01-13-11-34-00-2259791.jpg\",\"keywords\":[\"ass\u00e9dio\",\"den\u00fancia-crime\",\"Iniciativa Liberal\",\"investiga\u00e7\u00e3o\",\"Jo\u00e3o Cotrim de Figueiredo\",\"pol\u00edtica\"],\"articleSection\":[\"Not\u00edcias\",\"Pol\u00edtica\"],\"inLanguage\":\"pt-PT\"},{\"@type\":\"WebPage\",\"@id\":\"https:\/\/portaltela.pt\/noticias\/2026\/02\/04\/iniciativa-liberal-arquivou-duas-denuncias-de-assedio-desde-a-fundacao\/\",\"url\":\"https:\/\/portaltela.pt\/noticias\/2026\/02\/04\/iniciativa-liberal-arquivou-duas-denuncias-de-assedio-desde-a-fundacao\/\",\"name\":\"Iniciativa Liberal arquivou duas den\u00fancias de ass\u00e9dio desde a funda\u00e7\u00e3o - Portal Tela Portugal\",\"isPartOf\":{\"@id\":\"https:\/\/portaltela.pt\/#website\"},\"primaryImageOfPage\":{\"@id\":\"https:\/\/portaltela.pt\/noticias\/2026\/02\/04\/iniciativa-liberal-arquivou-duas-denuncias-de-assedio-desde-a-fundacao\/#primaryimage\"},\"image\":{\"@id\":\"https:\/\/portaltela.pt\/noticias\/2026\/02\/04\/iniciativa-liberal-arquivou-duas-denuncias-de-assedio-desde-a-fundacao\/#primaryimage\"},\"thumbnailUrl\":\"https:\/\/portaltela.pt\/s.01k8rhncp4jt1\/2026\/02\/img_1500x1000uu2026-01-13-11-34-00-2259791.jpg\",\"datePublished\":\"2026-02-05T01:30:00+00:00\",\"author\":{\"@id\":\"https:\/\/portaltela.pt\/#\/schema\/person\/c4278d4a6028830caff9ee44b42d32ed\"},\"breadcrumb\":{\"@id\":\"https:\/\/portaltela.pt\/noticias\/2026\/02\/04\/iniciativa-liberal-arquivou-duas-denuncias-de-assedio-desde-a-fundacao\/#breadcrumb\"},\"inLanguage\":\"pt-PT\",\"potentialAction\":[{\"@type\":\"ReadAction\",\"target\":[\"https:\/\/portaltela.pt\/noticias\/2026\/02\/04\/iniciativa-liberal-arquivou-duas-denuncias-de-assedio-desde-a-fundacao\/\"]}]},{\"@type\":\"ImageObject\",\"inLanguage\":\"pt-PT\",\"@id\":\"https:\/\/portaltela.pt\/noticias\/2026\/02\/04\/iniciativa-liberal-arquivou-duas-denuncias-de-assedio-desde-a-fundacao\/#primaryimage\",\"url\":\"https:\/\/portaltela.pt\/s.01k8rhncp4jt1\/2026\/02\/img_1500x1000uu2026-01-13-11-34-00-2259791.jpg\",\"contentUrl\":\"https:\/\/portaltela.pt\/s.01k8rhncp4jt1\/2026\/02\/img_1500x1000uu2026-01-13-11-34-00-2259791.jpg\",\"width\":796,\"height\":448,\"caption\":\"Jo\u00e3o Cotrim de Figueiredo\"},{\"@type\":\"BreadcrumbList\",\"@id\":\"https:\/\/portaltela.pt\/noticias\/2026\/02\/04\/iniciativa-liberal-arquivou-duas-denuncias-de-assedio-desde-a-fundacao\/#breadcrumb\",\"itemListElement\":[{\"@type\":\"ListItem\",\"position\":1,\"name\":\"In\u00edcio\",\"item\":\"https:\/\/portaltela.pt\/\"},{\"@type\":\"ListItem\",\"position\":2,\"name\":\"Iniciativa Liberal arquivou duas den\u00fancias de ass\u00e9dio desde a funda\u00e7\u00e3o\"}]},{\"@type\":\"WebSite\",\"@id\":\"https:\/\/portaltela.pt\/#website\",\"url\":\"https:\/\/portaltela.pt\/\",\"name\":\"Portal Tela Portugal\",\"description\":\"\",\"potentialAction\":[{\"@type\":\"SearchAction\",\"target\":{\"@type\":\"EntryPoint\",\"urlTemplate\":\"https:\/\/portaltela.pt\/?s={search_term_string}\"},\"query-input\":{\"@type\":\"PropertyValueSpecification\",\"valueRequired\":true,\"valueName\":\"search_term_string\"}}],\"inLanguage\":\"pt-PT\"},{\"@type\":\"Person\",\"@id\":\"https:\/\/portaltela.pt\/#\/schema\/person\/c4278d4a6028830caff9ee44b42d32ed\",\"name\":\"Telinha\",\"image\":{\"@type\":\"ImageObject\",\"inLanguage\":\"pt-PT\",\"@id\":\"https:\/\/portaltela.pt\/s.01k8rhncp4jt1\/2025\/11\/talking-bot-125x125.png\",\"url\":\"https:\/\/portaltela.pt\/s.01k8rhncp4jt1\/2025\/11\/talking-bot-125x125.png\",\"contentUrl\":\"https:\/\/portaltela.pt\/s.01k8rhncp4jt1\/2025\/11\/talking-bot-125x125.png\",\"caption\":\"Telinha\"},\"sameAs\":[\"https:\/\/portaltela.pt\/\"],\"url\":\"https:\/\/portaltela.pt\/por\/367410592786\/\"}]}<\/script>\n<!-- \/ Yoast SEO plugin. -->","yoast_head_json":{"title":"Iniciativa Liberal arquivou duas den\u00fancias de ass\u00e9dio desde a funda\u00e7\u00e3o - Portal Tela Portugal","robots":{"index":"index","follow":"follow","max-snippet":"max-snippet:-1","max-image-preview":"max-image-preview:large","max-video-preview":"max-video-preview:-1"},"og_locale":"pt_PT","og_type":"article","og_title":"Iniciativa Liberal arquivou duas den\u00fancias de ass\u00e9dio desde a funda\u00e7\u00e3o - Portal Tela Portugal","og_description":"A Iniciativa Liberal arquivou duas den\u00fancias de ass\u00e9dio desde a sua funda\u00e7\u00e3o, em 2017. Ambas as queixas foram encerradas sem desfecho. Nenhuma das situa\u00e7\u00f5es est\u00e1 relacionada com Jo\u00e3o Cotrim Figueiredo, antigo presidente do partido. Cotrim Figueiredo foi acusado por uma ex-assessora do partido no m\u00eas passado.","og_url":"https:\/\/portaltela.pt\/noticias\/2026\/02\/04\/iniciativa-liberal-arquivou-duas-denuncias-de-assedio-desde-a-fundacao\/","og_site_name":"Portal Tela Portugal","article_published_time":"2026-02-05T01:30:00+00:00","author":"Telinha","twitter_card":"summary_large_image","twitter_misc":{"Escrito por":"Telinha"},"schema":{"@context":"https:\/\/schema.org","@graph":[{"@type":"Article","@id":"https:\/\/portaltela.pt\/noticias\/2026\/02\/04\/iniciativa-liberal-arquivou-duas-denuncias-de-assedio-desde-a-fundacao\/#article","isPartOf":{"@id":"https:\/\/portaltela.pt\/noticias\/2026\/02\/04\/iniciativa-liberal-arquivou-duas-denuncias-de-assedio-desde-a-fundacao\/"},"author":{"name":"Telinha","@id":"https:\/\/portaltela.pt\/#\/schema\/person\/c4278d4a6028830caff9ee44b42d32ed"},"headline":"Iniciativa Liberal arquivou duas den\u00fancias de ass\u00e9dio desde a funda\u00e7\u00e3o","datePublished":"2026-02-05T01:30:00+00:00","mainEntityOfPage":{"@id":"https:\/\/portaltela.pt\/noticias\/2026\/02\/04\/iniciativa-liberal-arquivou-duas-denuncias-de-assedio-desde-a-fundacao\/"},"wordCount":89,"image":{"@id":"https:\/\/portaltela.pt\/noticias\/2026\/02\/04\/iniciativa-liberal-arquivou-duas-denuncias-de-assedio-desde-a-fundacao\/#primaryimage"},"thumbnailUrl":"https:\/\/portaltela.pt\/s.01k8rhncp4jt1\/2026\/02\/img_1500x1000uu2026-01-13-11-34-00-2259791.jpg","keywords":["ass\u00e9dio","den\u00fancia-crime","Iniciativa Liberal","investiga\u00e7\u00e3o","Jo\u00e3o Cotrim de Figueiredo","pol\u00edtica"],"articleSection":["Not\u00edcias","Pol\u00edtica"],"inLanguage":"pt-PT"},{"@type":"WebPage","@id":"https:\/\/portaltela.pt\/noticias\/2026\/02\/04\/iniciativa-liberal-arquivou-duas-denuncias-de-assedio-desde-a-fundacao\/","url":"https:\/\/portaltela.pt\/noticias\/2026\/02\/04\/iniciativa-liberal-arquivou-duas-denuncias-de-assedio-desde-a-fundacao\/","name":"Iniciativa Liberal arquivou duas den\u00fancias de ass\u00e9dio desde a funda\u00e7\u00e3o - Portal Tela Portugal","isPartOf":{"@id":"https:\/\/portaltela.pt\/#website"},"primaryImageOfPage":{"@id":"https:\/\/portaltela.pt\/noticias\/2026\/02\/04\/iniciativa-liberal-arquivou-duas-denuncias-de-assedio-desde-a-fundacao\/#primaryimage"},"image":{"@id":"https:\/\/portaltela.pt\/noticias\/2026\/02\/04\/iniciativa-liberal-arquivou-duas-denuncias-de-assedio-desde-a-fundacao\/#primaryimage"},"thumbnailUrl":"https:\/\/portaltela.pt\/s.01k8rhncp4jt1\/2026\/02\/img_1500x1000uu2026-01-13-11-34-00-2259791.jpg","datePublished":"2026-02-05T01:30:00+00:00","author":{"@id":"https:\/\/portaltela.pt\/#\/schema\/person\/c4278d4a6028830caff9ee44b42d32ed"},"breadcrumb":{"@id":"https:\/\/portaltela.pt\/noticias\/2026\/02\/04\/iniciativa-liberal-arquivou-duas-denuncias-de-assedio-desde-a-fundacao\/#breadcrumb"},"inLanguage":"pt-PT","potentialAction":[{"@type":"ReadAction","target":["https:\/\/portaltela.pt\/noticias\/2026\/02\/04\/iniciativa-liberal-arquivou-duas-denuncias-de-assedio-desde-a-fundacao\/"]}]},{"@type":"ImageObject","inLanguage":"pt-PT","@id":"https:\/\/portaltela.pt\/noticias\/2026\/02\/04\/iniciativa-liberal-arquivou-duas-denuncias-de-assedio-desde-a-fundacao\/#primaryimage","url":"https:\/\/portaltela.pt\/s.01k8rhncp4jt1\/2026\/02\/img_1500x1000uu2026-01-13-11-34-00-2259791.jpg","contentUrl":"https:\/\/portaltela.pt\/s.01k8rhncp4jt1\/2026\/02\/img_1500x1000uu2026-01-13-11-34-00-2259791.jpg","width":796,"height":448,"caption":"Jo\u00e3o Cotrim de Figueiredo"},{"@type":"BreadcrumbList","@id":"https:\/\/portaltela.pt\/noticias\/2026\/02\/04\/iniciativa-liberal-arquivou-duas-denuncias-de-assedio-desde-a-fundacao\/#breadcrumb","itemListElement":[{"@type":"ListItem","position":1,"name":"In\u00edcio","item":"https:\/\/portaltela.pt\/"},{"@type":"ListItem","position":2,"name":"Iniciativa Liberal arquivou duas den\u00fancias de ass\u00e9dio desde a funda\u00e7\u00e3o"}]},{"@type":"WebSite","@id":"https:\/\/portaltela.pt\/#website","url":"https:\/\/portaltela.pt\/","name":"Portal Tela Portugal","description":"","potentialAction":[{"@type":"SearchAction","target":{"@type":"EntryPoint","urlTemplate":"https:\/\/portaltela.pt\/?s={search_term_string}"},"query-input":{"@type":"PropertyValueSpecification","valueRequired":true,"valueName":"search_term_string"}}],"inLanguage":"pt-PT"},{"@type":"Person","@id":"https:\/\/portaltela.pt\/#\/schema\/person\/c4278d4a6028830caff9ee44b42d32ed","name":"Telinha","image":{"@type":"ImageObject","inLanguage":"pt-PT","@id":"https:\/\/portaltela.pt\/s.01k8rhncp4jt1\/2025\/11\/talking-bot-125x125.png","url":"https:\/\/portaltela.pt\/s.01k8rhncp4jt1\/2025\/11\/talking-bot-125x125.png","contentUrl":"https:\/\/portaltela.pt\/s.01k8rhncp4jt1\/2025\/11\/talking-bot-125x125.png","caption":"Telinha"},"sameAs":["https:\/\/portaltela.pt\/"],"url":"https:\/\/portaltela.pt\/por\/367410592786\/"}]}},"_links":{"self":[{"href":"https:\/\/portaltela.pt\/api\/wp\/v2\/posts\/198685","targetHints":{"allow":["GET"]}}],"collection":[{"href":"https:\/\/portaltela.pt\/api\/wp\/v2\/posts"}],"about":[{"href":"https:\/\/portaltela.pt\/api\/wp\/v2\/types\/post"}],"author":[{"embeddable":true,"href":"https:\/\/portaltela.pt\/api\/wp\/v2\/users\/2"}],"replies":[{"embeddable":true,"href":"https:\/\/portaltela.pt\/api\/wp\/v2\/comments?post=198685"}],"version-history":[{"count":0,"href":"https:\/\/portaltela.pt\/api\/wp\/v2\/posts\/198685\/revisions"}],"wp:featuredmedia":[{"embeddable":true,"href":"https:\/\/portaltela.pt\/api\/wp\/v2\/media\/198692"}],"wp:attachment":[{"href":"https:\/\/portaltela.pt\/api\/wp\/v2\/media?parent=198685"}],"wp:term":[{"taxonomy":"category","embeddable":true,"href":"https:\/\/portaltela.pt\/api\/wp\/v2\/categories?post=198685"},{"taxonomy":"post_tag","embeddable":true,"href":"https:\/\/portaltela.pt\/api\/wp\/v2\/tags?post=198685"}],"curies":[{"name":"wp","href":"https:\/\/api.w.org\/{rel}","templated":true}]}}