{"id":198666,"date":"2026-02-04T22:30:00","date_gmt":"2026-02-05T01:30:00","guid":{"rendered":"https:\/\/portaltela.pt\/noticias\/2026\/02\/04\/edmundo-morre-em-acidente-em-borba-ao-lado-do-filho-de-sete-anos\/"},"modified":"2026-02-04T22:30:00","modified_gmt":"2026-02-05T01:30:00","slug":"edmundo-morre-em-acidente-em-borba-ao-lado-do-filho-de-sete-anos","status":"publish","type":"post","link":"https:\/\/portaltela.pt\/noticias\/2026\/02\/04\/edmundo-morre-em-acidente-em-borba-ao-lado-do-filho-de-sete-anos\/","title":{"rendered":"Edmundo morre em acidente em Borba ao lado do filho de sete anos"},"content":{"rendered":"<p>No final da tarde de ter\u00e7a-feira, uma colis\u00e3o entre dois ve\u00edculos ligeiros, em Borba, vitimou Edmundo Macareno, 61 anos, que regressava a casa ap\u00f3s levar o filho Lu\u00eds, de 7 anos, do treino do Sport Clube Borbense. O menino ficou ferido com gravidade e foi encaminhado para o Hospital do Esp\u00edrito Santo, em \u00c9vora.<\/p>\n<p>Um homem de 37 anos ficou ferido em estado n\u00e3o grave e tamb\u00e9m foi transportado para o mesmo hospital, juntamente com Lu\u00eds. No local estiveram 25 bombeiros das corpora\u00e7\u00f5es de Borba e Vila Vi\u00e7osa, e a Viatura de Suporte Imediato de Vida de Estremoz.<\/p>\n<p>Edmundo Macareno viveu v\u00e1rios anos em Angola, onde casou, regressando depois a Borba, onde residia h\u00e1 algum tempo. Deixa al\u00e9m de Lu\u00eds mais tr\u00eas filhos. As circunst\u00e2ncias do acidente est\u00e3o a ser apuradas pelas autoridades competentes.<\/p>\n","protected":false},"excerpt":{"rendered":"<ul>\n<li>Edmundo Macareno, de 61 anos, morreu ap\u00f3s uma colis\u00e3o em Borba enquanto seguia para casa com o filho, Lu\u00eds, de 7 anos.<\/li>\n<li>O acidente aconteceu ao final da tarde de ter\u00e7a-feira, no trajeto ap\u00f3s o treino de futebol do Sport Clube Borbense.<\/li>\n<li>O menino ficou gravemente ferido e, juntamente com um homem de 37 anos que ficou com ferimentos sem gravidade, foi transportado para o Hospital do Esp\u00edrito Santo, em \u00c9vora.<\/li>\n<li>O \u00f3bito de Edmundo foi declarado no local pelos bombeiros.<\/li>\n<li>No socorro estiveram 25 bombeiros das corpora\u00e7\u00f5es de Borba e Vila Vi\u00e7osa, al\u00e9m da viatura de Suporte Imediato de Vida de Estremoz; Edmundo deixa, al\u00e9m de Lu\u00eds, mais tr\u00eas filhos.<\/li>\n<\/ul>\n","protected":false},"author":2,"featured_media":198672,"comment_status":"closed","ping_status":"closed","sticky":false,"template":"","format":"standard","meta":{"footnotes":""},"categories":[1],"tags":[4169,971,4070,3953,1074,633],"class_list":["post-198666","post","type-post","status-publish","format-standard","has-post-thumbnail","hentry","category-noticias","tag-acidente-rodoviario","tag-bombeiros","tag-borba","tag-criancas","tag-evora","tag-hospital"],"yoast_head":"<!-- This site is optimized with the Yoast SEO plugin v27.2 - https:\/\/yoast.com\/product\/yoast-seo-wordpress\/ -->\n<title>Edmundo morre em acidente em Borba ao lado do filho de sete anos - Portal Tela Portugal<\/title>\n<meta name=\"robots\" content=\"index, follow, max-snippet:-1, max-image-preview:large, max-video-preview:-1\" \/>\n<meta property=\"og:locale\" content=\"pt_PT\" \/>\n<meta property=\"og:type\" content=\"article\" \/>\n<meta property=\"og:title\" content=\"Edmundo morre em acidente em Borba ao lado do filho de sete anos - Portal Tela Portugal\" \/>\n<meta property=\"og:description\" content=\"Edmundo Macareno, de 61 anos, morreu ap\u00f3s uma colis\u00e3o em Borba enquanto seguia para casa com o filho, Lu\u00eds, de 7 anos. O acidente aconteceu ao final da tarde de ter\u00e7a-feira, no trajeto ap\u00f3s o treino de futebol do Sport Clube Borbense. O menino ficou gravemente ferido e, juntamente com um homem de 37 anos que ficou com ferimentos sem gravidade, foi transportado para o Hospital do Esp\u00edrito Santo, em \u00c9vora. O \u00f3bito de Edmundo foi declarado no local pelos bombeiros. No socorro estiveram 25 bombeiros das corpora\u00e7\u00f5es de Borba e Vila Vi\u00e7osa, al\u00e9m da viatura de Suporte Imediato de Vida de Estremoz; Edmundo deixa, al\u00e9m de Lu\u00eds, mais tr\u00eas filhos.\" \/>\n<meta property=\"og:url\" content=\"https:\/\/portaltela.pt\/noticias\/2026\/02\/04\/edmundo-morre-em-acidente-em-borba-ao-lado-do-filho-de-sete-anos\/\" \/>\n<meta property=\"og:site_name\" content=\"Portal Tela Portugal\" \/>\n<meta property=\"article:published_time\" content=\"2026-02-05T01:30:00+00:00\" \/>\n<meta name=\"author\" content=\"Telinha\" \/>\n<meta name=\"twitter:card\" content=\"summary_large_image\" \/>\n<meta name=\"twitter:label1\" content=\"Escrito por\" \/>\n\t<meta name=\"twitter:data1\" content=\"Telinha\" \/>\n\t<meta name=\"twitter:label2\" content=\"Tempo estimado de leitura\" \/>\n\t<meta name=\"twitter:data2\" content=\"1 minuto\" \/>\n<script type=\"application\/ld+json\" class=\"yoast-schema-graph\">{\"@context\":\"https:\/\/schema.org\",\"@graph\":[{\"@type\":\"Article\",\"@id\":\"https:\/\/portaltela.pt\/noticias\/2026\/02\/04\/edmundo-morre-em-acidente-em-borba-ao-lado-do-filho-de-sete-anos\/#article\",\"isPartOf\":{\"@id\":\"https:\/\/portaltela.pt\/noticias\/2026\/02\/04\/edmundo-morre-em-acidente-em-borba-ao-lado-do-filho-de-sete-anos\/\"},\"author\":{\"name\":\"Telinha\",\"@id\":\"https:\/\/portaltela.pt\/#\/schema\/person\/c4278d4a6028830caff9ee44b42d32ed\"},\"headline\":\"Edmundo morre em acidente em Borba ao lado do filho de sete anos\",\"datePublished\":\"2026-02-05T01:30:00+00:00\",\"mainEntityOfPage\":{\"@id\":\"https:\/\/portaltela.pt\/noticias\/2026\/02\/04\/edmundo-morre-em-acidente-em-borba-ao-lado-do-filho-de-sete-anos\/\"},\"wordCount\":160,\"image\":{\"@id\":\"https:\/\/portaltela.pt\/noticias\/2026\/02\/04\/edmundo-morre-em-acidente-em-borba-ao-lado-do-filho-de-sete-anos\/#primaryimage\"},\"thumbnailUrl\":\"https:\/\/portaltela.pt\/s.01k8rhncp4jt1\/2026\/02\/img_1280x721uu2026-02-04-21-20-38-2264835.jpg\",\"keywords\":[\"acidente rodovi\u00e1rio\",\"bombeiros\",\"Borba\",\"crian\u00e7as\",\"\u00c9vora\",\"hospital\"],\"articleSection\":[\"Not\u00edcias\"],\"inLanguage\":\"pt-PT\"},{\"@type\":\"WebPage\",\"@id\":\"https:\/\/portaltela.pt\/noticias\/2026\/02\/04\/edmundo-morre-em-acidente-em-borba-ao-lado-do-filho-de-sete-anos\/\",\"url\":\"https:\/\/portaltela.pt\/noticias\/2026\/02\/04\/edmundo-morre-em-acidente-em-borba-ao-lado-do-filho-de-sete-anos\/\",\"name\":\"Edmundo morre em acidente em Borba ao lado do filho de sete anos - Portal Tela Portugal\",\"isPartOf\":{\"@id\":\"https:\/\/portaltela.pt\/#website\"},\"primaryImageOfPage\":{\"@id\":\"https:\/\/portaltela.pt\/noticias\/2026\/02\/04\/edmundo-morre-em-acidente-em-borba-ao-lado-do-filho-de-sete-anos\/#primaryimage\"},\"image\":{\"@id\":\"https:\/\/portaltela.pt\/noticias\/2026\/02\/04\/edmundo-morre-em-acidente-em-borba-ao-lado-do-filho-de-sete-anos\/#primaryimage\"},\"thumbnailUrl\":\"https:\/\/portaltela.pt\/s.01k8rhncp4jt1\/2026\/02\/img_1280x721uu2026-02-04-21-20-38-2264835.jpg\",\"datePublished\":\"2026-02-05T01:30:00+00:00\",\"author\":{\"@id\":\"https:\/\/portaltela.pt\/#\/schema\/person\/c4278d4a6028830caff9ee44b42d32ed\"},\"breadcrumb\":{\"@id\":\"https:\/\/portaltela.pt\/noticias\/2026\/02\/04\/edmundo-morre-em-acidente-em-borba-ao-lado-do-filho-de-sete-anos\/#breadcrumb\"},\"inLanguage\":\"pt-PT\",\"potentialAction\":[{\"@type\":\"ReadAction\",\"target\":[\"https:\/\/portaltela.pt\/noticias\/2026\/02\/04\/edmundo-morre-em-acidente-em-borba-ao-lado-do-filho-de-sete-anos\/\"]}]},{\"@type\":\"ImageObject\",\"inLanguage\":\"pt-PT\",\"@id\":\"https:\/\/portaltela.pt\/noticias\/2026\/02\/04\/edmundo-morre-em-acidente-em-borba-ao-lado-do-filho-de-sete-anos\/#primaryimage\",\"url\":\"https:\/\/portaltela.pt\/s.01k8rhncp4jt1\/2026\/02\/img_1280x721uu2026-02-04-21-20-38-2264835.jpg\",\"contentUrl\":\"https:\/\/portaltela.pt\/s.01k8rhncp4jt1\/2026\/02\/img_1280x721uu2026-02-04-21-20-38-2264835.jpg\",\"width\":796,\"height\":448,\"caption\":\"Edmundo morreu em acidente em Borba ao lado do filho de sete anos\"},{\"@type\":\"BreadcrumbList\",\"@id\":\"https:\/\/portaltela.pt\/noticias\/2026\/02\/04\/edmundo-morre-em-acidente-em-borba-ao-lado-do-filho-de-sete-anos\/#breadcrumb\",\"itemListElement\":[{\"@type\":\"ListItem\",\"position\":1,\"name\":\"In\u00edcio\",\"item\":\"https:\/\/portaltela.pt\/\"},{\"@type\":\"ListItem\",\"position\":2,\"name\":\"Edmundo morre em acidente em Borba ao lado do filho de sete anos\"}]},{\"@type\":\"WebSite\",\"@id\":\"https:\/\/portaltela.pt\/#website\",\"url\":\"https:\/\/portaltela.pt\/\",\"name\":\"Portal Tela Portugal\",\"description\":\"\",\"potentialAction\":[{\"@type\":\"SearchAction\",\"target\":{\"@type\":\"EntryPoint\",\"urlTemplate\":\"https:\/\/portaltela.pt\/?s={search_term_string}\"},\"query-input\":{\"@type\":\"PropertyValueSpecification\",\"valueRequired\":true,\"valueName\":\"search_term_string\"}}],\"inLanguage\":\"pt-PT\"},{\"@type\":\"Person\",\"@id\":\"https:\/\/portaltela.pt\/#\/schema\/person\/c4278d4a6028830caff9ee44b42d32ed\",\"name\":\"Telinha\",\"image\":{\"@type\":\"ImageObject\",\"inLanguage\":\"pt-PT\",\"@id\":\"https:\/\/portaltela.pt\/s.01k8rhncp4jt1\/2025\/11\/talking-bot-125x125.png\",\"url\":\"https:\/\/portaltela.pt\/s.01k8rhncp4jt1\/2025\/11\/talking-bot-125x125.png\",\"contentUrl\":\"https:\/\/portaltela.pt\/s.01k8rhncp4jt1\/2025\/11\/talking-bot-125x125.png\",\"caption\":\"Telinha\"},\"sameAs\":[\"https:\/\/portaltela.pt\/\"],\"url\":\"https:\/\/portaltela.pt\/por\/367410592786\/\"}]}<\/script>\n<!-- \/ Yoast SEO plugin. -->","yoast_head_json":{"title":"Edmundo morre em acidente em Borba ao lado do filho de sete anos - Portal Tela Portugal","robots":{"index":"index","follow":"follow","max-snippet":"max-snippet:-1","max-image-preview":"max-image-preview:large","max-video-preview":"max-video-preview:-1"},"og_locale":"pt_PT","og_type":"article","og_title":"Edmundo morre em acidente em Borba ao lado do filho de sete anos - Portal Tela Portugal","og_description":"Edmundo Macareno, de 61 anos, morreu ap\u00f3s uma colis\u00e3o em Borba enquanto seguia para casa com o filho, Lu\u00eds, de 7 anos. O acidente aconteceu ao final da tarde de ter\u00e7a-feira, no trajeto ap\u00f3s o treino de futebol do Sport Clube Borbense. O menino ficou gravemente ferido e, juntamente com um homem de 37 anos que ficou com ferimentos sem gravidade, foi transportado para o Hospital do Esp\u00edrito Santo, em \u00c9vora. O \u00f3bito de Edmundo foi declarado no local pelos bombeiros. No socorro estiveram 25 bombeiros das corpora\u00e7\u00f5es de Borba e Vila Vi\u00e7osa, al\u00e9m da viatura de Suporte Imediato de Vida de Estremoz; Edmundo deixa, al\u00e9m de Lu\u00eds, mais tr\u00eas filhos.","og_url":"https:\/\/portaltela.pt\/noticias\/2026\/02\/04\/edmundo-morre-em-acidente-em-borba-ao-lado-do-filho-de-sete-anos\/","og_site_name":"Portal Tela Portugal","article_published_time":"2026-02-05T01:30:00+00:00","author":"Telinha","twitter_card":"summary_large_image","twitter_misc":{"Escrito por":"Telinha","Tempo estimado de leitura":"1 minuto"},"schema":{"@context":"https:\/\/schema.org","@graph":[{"@type":"Article","@id":"https:\/\/portaltela.pt\/noticias\/2026\/02\/04\/edmundo-morre-em-acidente-em-borba-ao-lado-do-filho-de-sete-anos\/#article","isPartOf":{"@id":"https:\/\/portaltela.pt\/noticias\/2026\/02\/04\/edmundo-morre-em-acidente-em-borba-ao-lado-do-filho-de-sete-anos\/"},"author":{"name":"Telinha","@id":"https:\/\/portaltela.pt\/#\/schema\/person\/c4278d4a6028830caff9ee44b42d32ed"},"headline":"Edmundo morre em acidente em Borba ao lado do filho de sete anos","datePublished":"2026-02-05T01:30:00+00:00","mainEntityOfPage":{"@id":"https:\/\/portaltela.pt\/noticias\/2026\/02\/04\/edmundo-morre-em-acidente-em-borba-ao-lado-do-filho-de-sete-anos\/"},"wordCount":160,"image":{"@id":"https:\/\/portaltela.pt\/noticias\/2026\/02\/04\/edmundo-morre-em-acidente-em-borba-ao-lado-do-filho-de-sete-anos\/#primaryimage"},"thumbnailUrl":"https:\/\/portaltela.pt\/s.01k8rhncp4jt1\/2026\/02\/img_1280x721uu2026-02-04-21-20-38-2264835.jpg","keywords":["acidente rodovi\u00e1rio","bombeiros","Borba","crian\u00e7as","\u00c9vora","hospital"],"articleSection":["Not\u00edcias"],"inLanguage":"pt-PT"},{"@type":"WebPage","@id":"https:\/\/portaltela.pt\/noticias\/2026\/02\/04\/edmundo-morre-em-acidente-em-borba-ao-lado-do-filho-de-sete-anos\/","url":"https:\/\/portaltela.pt\/noticias\/2026\/02\/04\/edmundo-morre-em-acidente-em-borba-ao-lado-do-filho-de-sete-anos\/","name":"Edmundo morre em acidente em Borba ao lado do filho de sete anos - Portal Tela Portugal","isPartOf":{"@id":"https:\/\/portaltela.pt\/#website"},"primaryImageOfPage":{"@id":"https:\/\/portaltela.pt\/noticias\/2026\/02\/04\/edmundo-morre-em-acidente-em-borba-ao-lado-do-filho-de-sete-anos\/#primaryimage"},"image":{"@id":"https:\/\/portaltela.pt\/noticias\/2026\/02\/04\/edmundo-morre-em-acidente-em-borba-ao-lado-do-filho-de-sete-anos\/#primaryimage"},"thumbnailUrl":"https:\/\/portaltela.pt\/s.01k8rhncp4jt1\/2026\/02\/img_1280x721uu2026-02-04-21-20-38-2264835.jpg","datePublished":"2026-02-05T01:30:00+00:00","author":{"@id":"https:\/\/portaltela.pt\/#\/schema\/person\/c4278d4a6028830caff9ee44b42d32ed"},"breadcrumb":{"@id":"https:\/\/portaltela.pt\/noticias\/2026\/02\/04\/edmundo-morre-em-acidente-em-borba-ao-lado-do-filho-de-sete-anos\/#breadcrumb"},"inLanguage":"pt-PT","potentialAction":[{"@type":"ReadAction","target":["https:\/\/portaltela.pt\/noticias\/2026\/02\/04\/edmundo-morre-em-acidente-em-borba-ao-lado-do-filho-de-sete-anos\/"]}]},{"@type":"ImageObject","inLanguage":"pt-PT","@id":"https:\/\/portaltela.pt\/noticias\/2026\/02\/04\/edmundo-morre-em-acidente-em-borba-ao-lado-do-filho-de-sete-anos\/#primaryimage","url":"https:\/\/portaltela.pt\/s.01k8rhncp4jt1\/2026\/02\/img_1280x721uu2026-02-04-21-20-38-2264835.jpg","contentUrl":"https:\/\/portaltela.pt\/s.01k8rhncp4jt1\/2026\/02\/img_1280x721uu2026-02-04-21-20-38-2264835.jpg","width":796,"height":448,"caption":"Edmundo morreu em acidente em Borba ao lado do filho de sete anos"},{"@type":"BreadcrumbList","@id":"https:\/\/portaltela.pt\/noticias\/2026\/02\/04\/edmundo-morre-em-acidente-em-borba-ao-lado-do-filho-de-sete-anos\/#breadcrumb","itemListElement":[{"@type":"ListItem","position":1,"name":"In\u00edcio","item":"https:\/\/portaltela.pt\/"},{"@type":"ListItem","position":2,"name":"Edmundo morre em acidente em Borba ao lado do filho de sete anos"}]},{"@type":"WebSite","@id":"https:\/\/portaltela.pt\/#website","url":"https:\/\/portaltela.pt\/","name":"Portal Tela Portugal","description":"","potentialAction":[{"@type":"SearchAction","target":{"@type":"EntryPoint","urlTemplate":"https:\/\/portaltela.pt\/?s={search_term_string}"},"query-input":{"@type":"PropertyValueSpecification","valueRequired":true,"valueName":"search_term_string"}}],"inLanguage":"pt-PT"},{"@type":"Person","@id":"https:\/\/portaltela.pt\/#\/schema\/person\/c4278d4a6028830caff9ee44b42d32ed","name":"Telinha","image":{"@type":"ImageObject","inLanguage":"pt-PT","@id":"https:\/\/portaltela.pt\/s.01k8rhncp4jt1\/2025\/11\/talking-bot-125x125.png","url":"https:\/\/portaltela.pt\/s.01k8rhncp4jt1\/2025\/11\/talking-bot-125x125.png","contentUrl":"https:\/\/portaltela.pt\/s.01k8rhncp4jt1\/2025\/11\/talking-bot-125x125.png","caption":"Telinha"},"sameAs":["https:\/\/portaltela.pt\/"],"url":"https:\/\/portaltela.pt\/por\/367410592786\/"}]}},"_links":{"self":[{"href":"https:\/\/portaltela.pt\/api\/wp\/v2\/posts\/198666","targetHints":{"allow":["GET"]}}],"collection":[{"href":"https:\/\/portaltela.pt\/api\/wp\/v2\/posts"}],"about":[{"href":"https:\/\/portaltela.pt\/api\/wp\/v2\/types\/post"}],"author":[{"embeddable":true,"href":"https:\/\/portaltela.pt\/api\/wp\/v2\/users\/2"}],"replies":[{"embeddable":true,"href":"https:\/\/portaltela.pt\/api\/wp\/v2\/comments?post=198666"}],"version-history":[{"count":0,"href":"https:\/\/portaltela.pt\/api\/wp\/v2\/posts\/198666\/revisions"}],"wp:featuredmedia":[{"embeddable":true,"href":"https:\/\/portaltela.pt\/api\/wp\/v2\/media\/198672"}],"wp:attachment":[{"href":"https:\/\/portaltela.pt\/api\/wp\/v2\/media?parent=198666"}],"wp:term":[{"taxonomy":"category","embeddable":true,"href":"https:\/\/portaltela.pt\/api\/wp\/v2\/categories?post=198666"},{"taxonomy":"post_tag","embeddable":true,"href":"https:\/\/portaltela.pt\/api\/wp\/v2\/tags?post=198666"}],"curies":[{"name":"wp","href":"https:\/\/api.w.org\/{rel}","templated":true}]}}