{"id":198653,"date":"2026-02-04T22:30:00","date_gmt":"2026-02-05T01:30:00","guid":{"rendered":"https:\/\/portaltela.pt\/noticias\/2026\/02\/04\/detido-em-mafra-por-possuir-1150-euros-em-notas-falsas\/"},"modified":"2026-02-04T22:30:00","modified_gmt":"2026-02-05T01:30:00","slug":"detido-em-mafra-por-possuir-1150-euros-em-notas-falsas","status":"publish","type":"post","link":"https:\/\/portaltela.pt\/noticias\/2026\/02\/04\/detido-em-mafra-por-possuir-1150-euros-em-notas-falsas\/","title":{"rendered":"Detido em Mafra por possuir 1150 euros em notas falsas"},"content":{"rendered":"<p>Um homem de 30 anos foi detido pela GNR na zona da Ericeira, Mafra, na posse de uma bolsa com 1150 euros em notas falsas.<\/p>\n<p>A deten\u00e7\u00e3o ocorreu ap\u00f3s a conduta do homem se ter tornado suspeita, segundo fonte oficial da GNR.<\/p>\n<p>A apreens\u00e3o envolve dinheiro contrafeito e ocorre numa \u00e1rea costeira de Mafra, junto \u00e0 Ericeira.<\/p>\n<p>A investiga\u00e7\u00e3o dever\u00e1 passar para a Pol\u00edcia Judici\u00e1ria, para apurar a origem do dinheiro falsificado apreendido.<\/p>\n","protected":false},"excerpt":{"rendered":"<ul>\n<li>Um homem de 30 anos foi detido pela GNR na zona da Ericeira, Mafra.<\/li>\n<li>Na posse trazia uma bolsa com 1.150 euros em notas falsas.<\/li>\n<li>A deten\u00e7\u00e3o ocorreu ap\u00f3s a conduta do suspeito ter-se revelado suspeita.<\/li>\n<li>A investiga\u00e7\u00e3o dever\u00e1 passar para a pol\u00edcia judici\u00e1ria (PJ) para apurar a origem do dinheiro contrafeito.<\/li>\n<li>A not\u00edcia n\u00e3o cita outras informa\u00e7\u00f5es adicionais sobre o caso.<\/li>\n<\/ul>\n","protected":false},"author":2,"featured_media":198656,"comment_status":"closed","ping_status":"closed","sticky":false,"template":"","format":"standard","meta":{"footnotes":""},"categories":[1],"tags":[521,147,653,2174,260,1802],"class_list":["post-198653","post","type-post","status-publish","format-standard","has-post-thumbnail","hentry","category-noticias","tag-contrafacao","tag-crime","tag-dinheiro","tag-ericeira","tag-falsificacao-de-documentos","tag-policia-judiciaria"],"yoast_head":"<!-- This site is optimized with the Yoast SEO plugin v27.2 - https:\/\/yoast.com\/product\/yoast-seo-wordpress\/ -->\n<title>Detido em Mafra por possuir 1150 euros em notas falsas - Portal Tela Portugal<\/title>\n<meta name=\"robots\" content=\"index, follow, max-snippet:-1, max-image-preview:large, max-video-preview:-1\" \/>\n<meta property=\"og:locale\" content=\"pt_PT\" \/>\n<meta property=\"og:type\" content=\"article\" \/>\n<meta property=\"og:title\" content=\"Detido em Mafra por possuir 1150 euros em notas falsas - Portal Tela Portugal\" \/>\n<meta property=\"og:description\" content=\"Um homem de 30 anos foi detido pela GNR na zona da Ericeira, Mafra. Na posse trazia uma bolsa com 1.150 euros em notas falsas. A deten\u00e7\u00e3o ocorreu ap\u00f3s a conduta do suspeito ter-se revelado suspeita. A investiga\u00e7\u00e3o dever\u00e1 passar para a pol\u00edcia judici\u00e1ria (PJ) para apurar a origem do dinheiro contrafeito. A not\u00edcia n\u00e3o cita outras informa\u00e7\u00f5es adicionais sobre o caso.\" \/>\n<meta property=\"og:url\" content=\"https:\/\/portaltela.pt\/noticias\/2026\/02\/04\/detido-em-mafra-por-possuir-1150-euros-em-notas-falsas\/\" \/>\n<meta property=\"og:site_name\" content=\"Portal Tela Portugal\" \/>\n<meta property=\"article:published_time\" content=\"2026-02-05T01:30:00+00:00\" \/>\n<meta name=\"author\" content=\"Telinha\" \/>\n<meta name=\"twitter:card\" content=\"summary_large_image\" \/>\n<meta name=\"twitter:label1\" content=\"Escrito por\" \/>\n\t<meta name=\"twitter:data1\" content=\"Telinha\" \/>\n<script type=\"application\/ld+json\" class=\"yoast-schema-graph\">{\"@context\":\"https:\/\/schema.org\",\"@graph\":[{\"@type\":\"Article\",\"@id\":\"https:\/\/portaltela.pt\/noticias\/2026\/02\/04\/detido-em-mafra-por-possuir-1150-euros-em-notas-falsas\/#article\",\"isPartOf\":{\"@id\":\"https:\/\/portaltela.pt\/noticias\/2026\/02\/04\/detido-em-mafra-por-possuir-1150-euros-em-notas-falsas\/\"},\"author\":{\"name\":\"Telinha\",\"@id\":\"https:\/\/portaltela.pt\/#\/schema\/person\/c4278d4a6028830caff9ee44b42d32ed\"},\"headline\":\"Detido em Mafra por possuir 1150 euros em notas falsas\",\"datePublished\":\"2026-02-05T01:30:00+00:00\",\"mainEntityOfPage\":{\"@id\":\"https:\/\/portaltela.pt\/noticias\/2026\/02\/04\/detido-em-mafra-por-possuir-1150-euros-em-notas-falsas\/\"},\"wordCount\":85,\"image\":{\"@id\":\"https:\/\/portaltela.pt\/noticias\/2026\/02\/04\/detido-em-mafra-por-possuir-1150-euros-em-notas-falsas\/#primaryimage\"},\"thumbnailUrl\":\"https:\/\/portaltela.pt\/s.01k8rhncp4jt1\/2026\/02\/img_1500x1000uu2023-04-11-17-17-34-1322269-3.jpg\",\"keywords\":[\"contrafa\u00e7\u00e3o\",\"crime\",\"dinheiro\",\"Ericeira\",\"falsifica\u00e7\u00e3o de documentos\",\"Pol\u00edcia Judici\u00e1ria\"],\"articleSection\":[\"Not\u00edcias\"],\"inLanguage\":\"pt-PT\"},{\"@type\":\"WebPage\",\"@id\":\"https:\/\/portaltela.pt\/noticias\/2026\/02\/04\/detido-em-mafra-por-possuir-1150-euros-em-notas-falsas\/\",\"url\":\"https:\/\/portaltela.pt\/noticias\/2026\/02\/04\/detido-em-mafra-por-possuir-1150-euros-em-notas-falsas\/\",\"name\":\"Detido em Mafra por possuir 1150 euros em notas falsas - Portal Tela Portugal\",\"isPartOf\":{\"@id\":\"https:\/\/portaltela.pt\/#website\"},\"primaryImageOfPage\":{\"@id\":\"https:\/\/portaltela.pt\/noticias\/2026\/02\/04\/detido-em-mafra-por-possuir-1150-euros-em-notas-falsas\/#primaryimage\"},\"image\":{\"@id\":\"https:\/\/portaltela.pt\/noticias\/2026\/02\/04\/detido-em-mafra-por-possuir-1150-euros-em-notas-falsas\/#primaryimage\"},\"thumbnailUrl\":\"https:\/\/portaltela.pt\/s.01k8rhncp4jt1\/2026\/02\/img_1500x1000uu2023-04-11-17-17-34-1322269-3.jpg\",\"datePublished\":\"2026-02-05T01:30:00+00:00\",\"author\":{\"@id\":\"https:\/\/portaltela.pt\/#\/schema\/person\/c4278d4a6028830caff9ee44b42d32ed\"},\"breadcrumb\":{\"@id\":\"https:\/\/portaltela.pt\/noticias\/2026\/02\/04\/detido-em-mafra-por-possuir-1150-euros-em-notas-falsas\/#breadcrumb\"},\"inLanguage\":\"pt-PT\",\"potentialAction\":[{\"@type\":\"ReadAction\",\"target\":[\"https:\/\/portaltela.pt\/noticias\/2026\/02\/04\/detido-em-mafra-por-possuir-1150-euros-em-notas-falsas\/\"]}]},{\"@type\":\"ImageObject\",\"inLanguage\":\"pt-PT\",\"@id\":\"https:\/\/portaltela.pt\/noticias\/2026\/02\/04\/detido-em-mafra-por-possuir-1150-euros-em-notas-falsas\/#primaryimage\",\"url\":\"https:\/\/portaltela.pt\/s.01k8rhncp4jt1\/2026\/02\/img_1500x1000uu2023-04-11-17-17-34-1322269-3.jpg\",\"contentUrl\":\"https:\/\/portaltela.pt\/s.01k8rhncp4jt1\/2026\/02\/img_1500x1000uu2023-04-11-17-17-34-1322269-3.jpg\",\"width\":796,\"height\":448,\"caption\":\"GNR\"},{\"@type\":\"BreadcrumbList\",\"@id\":\"https:\/\/portaltela.pt\/noticias\/2026\/02\/04\/detido-em-mafra-por-possuir-1150-euros-em-notas-falsas\/#breadcrumb\",\"itemListElement\":[{\"@type\":\"ListItem\",\"position\":1,\"name\":\"In\u00edcio\",\"item\":\"https:\/\/portaltela.pt\/\"},{\"@type\":\"ListItem\",\"position\":2,\"name\":\"Detido em Mafra por possuir 1150 euros em notas falsas\"}]},{\"@type\":\"WebSite\",\"@id\":\"https:\/\/portaltela.pt\/#website\",\"url\":\"https:\/\/portaltela.pt\/\",\"name\":\"Portal Tela Portugal\",\"description\":\"\",\"potentialAction\":[{\"@type\":\"SearchAction\",\"target\":{\"@type\":\"EntryPoint\",\"urlTemplate\":\"https:\/\/portaltela.pt\/?s={search_term_string}\"},\"query-input\":{\"@type\":\"PropertyValueSpecification\",\"valueRequired\":true,\"valueName\":\"search_term_string\"}}],\"inLanguage\":\"pt-PT\"},{\"@type\":\"Person\",\"@id\":\"https:\/\/portaltela.pt\/#\/schema\/person\/c4278d4a6028830caff9ee44b42d32ed\",\"name\":\"Telinha\",\"image\":{\"@type\":\"ImageObject\",\"inLanguage\":\"pt-PT\",\"@id\":\"https:\/\/portaltela.pt\/s.01k8rhncp4jt1\/2025\/11\/talking-bot-125x125.png\",\"url\":\"https:\/\/portaltela.pt\/s.01k8rhncp4jt1\/2025\/11\/talking-bot-125x125.png\",\"contentUrl\":\"https:\/\/portaltela.pt\/s.01k8rhncp4jt1\/2025\/11\/talking-bot-125x125.png\",\"caption\":\"Telinha\"},\"sameAs\":[\"https:\/\/portaltela.pt\/\"],\"url\":\"https:\/\/portaltela.pt\/por\/367410592786\/\"}]}<\/script>\n<!-- \/ Yoast SEO plugin. -->","yoast_head_json":{"title":"Detido em Mafra por possuir 1150 euros em notas falsas - Portal Tela Portugal","robots":{"index":"index","follow":"follow","max-snippet":"max-snippet:-1","max-image-preview":"max-image-preview:large","max-video-preview":"max-video-preview:-1"},"og_locale":"pt_PT","og_type":"article","og_title":"Detido em Mafra por possuir 1150 euros em notas falsas - Portal Tela Portugal","og_description":"Um homem de 30 anos foi detido pela GNR na zona da Ericeira, Mafra. Na posse trazia uma bolsa com 1.150 euros em notas falsas. A deten\u00e7\u00e3o ocorreu ap\u00f3s a conduta do suspeito ter-se revelado suspeita. A investiga\u00e7\u00e3o dever\u00e1 passar para a pol\u00edcia judici\u00e1ria (PJ) para apurar a origem do dinheiro contrafeito. A not\u00edcia n\u00e3o cita outras informa\u00e7\u00f5es adicionais sobre o caso.","og_url":"https:\/\/portaltela.pt\/noticias\/2026\/02\/04\/detido-em-mafra-por-possuir-1150-euros-em-notas-falsas\/","og_site_name":"Portal Tela Portugal","article_published_time":"2026-02-05T01:30:00+00:00","author":"Telinha","twitter_card":"summary_large_image","twitter_misc":{"Escrito por":"Telinha"},"schema":{"@context":"https:\/\/schema.org","@graph":[{"@type":"Article","@id":"https:\/\/portaltela.pt\/noticias\/2026\/02\/04\/detido-em-mafra-por-possuir-1150-euros-em-notas-falsas\/#article","isPartOf":{"@id":"https:\/\/portaltela.pt\/noticias\/2026\/02\/04\/detido-em-mafra-por-possuir-1150-euros-em-notas-falsas\/"},"author":{"name":"Telinha","@id":"https:\/\/portaltela.pt\/#\/schema\/person\/c4278d4a6028830caff9ee44b42d32ed"},"headline":"Detido em Mafra por possuir 1150 euros em notas falsas","datePublished":"2026-02-05T01:30:00+00:00","mainEntityOfPage":{"@id":"https:\/\/portaltela.pt\/noticias\/2026\/02\/04\/detido-em-mafra-por-possuir-1150-euros-em-notas-falsas\/"},"wordCount":85,"image":{"@id":"https:\/\/portaltela.pt\/noticias\/2026\/02\/04\/detido-em-mafra-por-possuir-1150-euros-em-notas-falsas\/#primaryimage"},"thumbnailUrl":"https:\/\/portaltela.pt\/s.01k8rhncp4jt1\/2026\/02\/img_1500x1000uu2023-04-11-17-17-34-1322269-3.jpg","keywords":["contrafa\u00e7\u00e3o","crime","dinheiro","Ericeira","falsifica\u00e7\u00e3o de documentos","Pol\u00edcia Judici\u00e1ria"],"articleSection":["Not\u00edcias"],"inLanguage":"pt-PT"},{"@type":"WebPage","@id":"https:\/\/portaltela.pt\/noticias\/2026\/02\/04\/detido-em-mafra-por-possuir-1150-euros-em-notas-falsas\/","url":"https:\/\/portaltela.pt\/noticias\/2026\/02\/04\/detido-em-mafra-por-possuir-1150-euros-em-notas-falsas\/","name":"Detido em Mafra por possuir 1150 euros em notas falsas - Portal Tela Portugal","isPartOf":{"@id":"https:\/\/portaltela.pt\/#website"},"primaryImageOfPage":{"@id":"https:\/\/portaltela.pt\/noticias\/2026\/02\/04\/detido-em-mafra-por-possuir-1150-euros-em-notas-falsas\/#primaryimage"},"image":{"@id":"https:\/\/portaltela.pt\/noticias\/2026\/02\/04\/detido-em-mafra-por-possuir-1150-euros-em-notas-falsas\/#primaryimage"},"thumbnailUrl":"https:\/\/portaltela.pt\/s.01k8rhncp4jt1\/2026\/02\/img_1500x1000uu2023-04-11-17-17-34-1322269-3.jpg","datePublished":"2026-02-05T01:30:00+00:00","author":{"@id":"https:\/\/portaltela.pt\/#\/schema\/person\/c4278d4a6028830caff9ee44b42d32ed"},"breadcrumb":{"@id":"https:\/\/portaltela.pt\/noticias\/2026\/02\/04\/detido-em-mafra-por-possuir-1150-euros-em-notas-falsas\/#breadcrumb"},"inLanguage":"pt-PT","potentialAction":[{"@type":"ReadAction","target":["https:\/\/portaltela.pt\/noticias\/2026\/02\/04\/detido-em-mafra-por-possuir-1150-euros-em-notas-falsas\/"]}]},{"@type":"ImageObject","inLanguage":"pt-PT","@id":"https:\/\/portaltela.pt\/noticias\/2026\/02\/04\/detido-em-mafra-por-possuir-1150-euros-em-notas-falsas\/#primaryimage","url":"https:\/\/portaltela.pt\/s.01k8rhncp4jt1\/2026\/02\/img_1500x1000uu2023-04-11-17-17-34-1322269-3.jpg","contentUrl":"https:\/\/portaltela.pt\/s.01k8rhncp4jt1\/2026\/02\/img_1500x1000uu2023-04-11-17-17-34-1322269-3.jpg","width":796,"height":448,"caption":"GNR"},{"@type":"BreadcrumbList","@id":"https:\/\/portaltela.pt\/noticias\/2026\/02\/04\/detido-em-mafra-por-possuir-1150-euros-em-notas-falsas\/#breadcrumb","itemListElement":[{"@type":"ListItem","position":1,"name":"In\u00edcio","item":"https:\/\/portaltela.pt\/"},{"@type":"ListItem","position":2,"name":"Detido em Mafra por possuir 1150 euros em notas falsas"}]},{"@type":"WebSite","@id":"https:\/\/portaltela.pt\/#website","url":"https:\/\/portaltela.pt\/","name":"Portal Tela Portugal","description":"","potentialAction":[{"@type":"SearchAction","target":{"@type":"EntryPoint","urlTemplate":"https:\/\/portaltela.pt\/?s={search_term_string}"},"query-input":{"@type":"PropertyValueSpecification","valueRequired":true,"valueName":"search_term_string"}}],"inLanguage":"pt-PT"},{"@type":"Person","@id":"https:\/\/portaltela.pt\/#\/schema\/person\/c4278d4a6028830caff9ee44b42d32ed","name":"Telinha","image":{"@type":"ImageObject","inLanguage":"pt-PT","@id":"https:\/\/portaltela.pt\/s.01k8rhncp4jt1\/2025\/11\/talking-bot-125x125.png","url":"https:\/\/portaltela.pt\/s.01k8rhncp4jt1\/2025\/11\/talking-bot-125x125.png","contentUrl":"https:\/\/portaltela.pt\/s.01k8rhncp4jt1\/2025\/11\/talking-bot-125x125.png","caption":"Telinha"},"sameAs":["https:\/\/portaltela.pt\/"],"url":"https:\/\/portaltela.pt\/por\/367410592786\/"}]}},"_links":{"self":[{"href":"https:\/\/portaltela.pt\/api\/wp\/v2\/posts\/198653","targetHints":{"allow":["GET"]}}],"collection":[{"href":"https:\/\/portaltela.pt\/api\/wp\/v2\/posts"}],"about":[{"href":"https:\/\/portaltela.pt\/api\/wp\/v2\/types\/post"}],"author":[{"embeddable":true,"href":"https:\/\/portaltela.pt\/api\/wp\/v2\/users\/2"}],"replies":[{"embeddable":true,"href":"https:\/\/portaltela.pt\/api\/wp\/v2\/comments?post=198653"}],"version-history":[{"count":0,"href":"https:\/\/portaltela.pt\/api\/wp\/v2\/posts\/198653\/revisions"}],"wp:featuredmedia":[{"embeddable":true,"href":"https:\/\/portaltela.pt\/api\/wp\/v2\/media\/198656"}],"wp:attachment":[{"href":"https:\/\/portaltela.pt\/api\/wp\/v2\/media?parent=198653"}],"wp:term":[{"taxonomy":"category","embeddable":true,"href":"https:\/\/portaltela.pt\/api\/wp\/v2\/categories?post=198653"},{"taxonomy":"post_tag","embeddable":true,"href":"https:\/\/portaltela.pt\/api\/wp\/v2\/tags?post=198653"}],"curies":[{"name":"wp","href":"https:\/\/api.w.org\/{rel}","templated":true}]}}