{"id":198609,"date":"2026-02-04T21:11:08","date_gmt":"2026-02-05T00:11:08","guid":{"rendered":"https:\/\/portaltela.pt\/noticias\/2026\/02\/04\/investigadores-apreendem-bicicletas-do-tio-de-emile\/"},"modified":"2026-02-04T21:11:08","modified_gmt":"2026-02-05T00:11:08","slug":"investigadores-apreendem-bicicletas-do-tio-de-emile","status":"publish","type":"post","link":"https:\/\/portaltela.pt\/noticias\/2026\/02\/04\/investigadores-apreendem-bicicletas-do-tio-de-emile\/","title":{"rendered":"Investigadores apreendem bicicletas do tio de \u00c9mile"},"content":{"rendered":"<p>O desaparecimento do menino \u00c9mile, ocorrido em julho de 2023 na regi\u00e3o de Vernet, Alpes-de-Haute-Provence, continua sem respostas conclusivas, mesmo com restos mortais encontrados em mar\u00e7o de 2024. A investiga\u00e7\u00e3o encara o caso como n\u00e3o solucionado at\u00e9 o momento.<\/p>\n<p>Pouco antes do Natal, investigadores apreenderam duas bicicletas de montanha em Haut-Vernet, pertencentes ao tio da crian\u00e7a. Ap\u00f3s per\u00edcias, n\u00e3o foram detectados vest\u00edgios de sangue, fluidos biol\u00f3gicos ou deforma\u00e7\u00f5es relevantes nas bicicletas.<\/p>\n<p>As dilig\u00eancias recentes incluem pedidos dos advogados dos av\u00f3s para novas dilig\u00eancias aos ju\u00edzes de instru\u00e7\u00e3o de Aix-en-Provence, respons\u00e1veis pelo caso. Entre as propostas est\u00e3o novas entrevistas a testemunhas e uma an\u00e1lise mais aprofundada do registo telef\u00f3nico. Os advogados defendem que \u00e1reas j\u00e1 exploradas merecem revisita.<\/p>\n<h3>Quem \u00e9 Maximin, um dos tios de \u00c9mile?<\/h3>\n<p>Maximin, de 20 anos, estava em Haut-Vernet no dia do desaparecimento. Ele utilizava as bicicletas apreendidas nas f\u00e9rias na vila. Em mar\u00e7o de 2025, foi detido, juntamente com os pais Anne e Philippe Vedovini e com a irm\u00e3 Marthe, por homic\u00eddio doloso e oculta\u00e7\u00e3o de cad\u00e1ver, mas acabou libertado.<\/p>\n<h3>O que aconteceu a \u00c9mile?<\/h3>\n<p>\u00c9mile desapareceu a 8 de julho de 2023, quando brincava no jardim dos av\u00f3s. Restos mortais do menino foram encontrados em mar\u00e7o de 2024. Em fevereiro do ano seguinte, houve uma cerim\u00f3nia de sepultamento, a que os av\u00f3s agradeceram o apoio. Dias depois, os av\u00f3s e dois tios foram detidos, mas libertados sem acusa\u00e7\u00e3o formal.<\/p>\n","protected":false},"excerpt":{"rendered":"<ul>\n<li>Investigadores apreenderam duas bicicletas em Haut-Vernet, pertencentes ao tio de \u00c9mile, pouco before o Natal; an\u00e1lises n\u00e3o encontraram vest\u00edgios relevantes.<\/li>\n<li>Exames recentes n\u00e3o detectaram sangue, fluidos biol\u00f3gicos ou deforma\u00e7\u00f5es significativas nas bicicletas, conforme fontes da imprensa francesa.<\/li>\n<li>Advogados dos av\u00f3s apresentaram pedidos adicionais aos ju\u00edzes de instru\u00e7\u00e3o para novas dilig\u00eancias, incluindo entrevistas a testemunhas e an\u00e1lise aprofundada de registos telef\u00f3nicos, bem como poss\u00edvel recolha de ADN de moradores de Haut-Vernet.<\/li>\n<li>Maximin, tio de \u00c9mile, tinha 20 anos e, em mar\u00e7o de 2025, foi detido com os pais e a irm\u00e3 por homic\u00eddio doloso e oculta\u00e7\u00e3o de cad\u00e1ver; foram liberados posteriormente.<\/li>\n<li>\u00c9mile desapareceu a 8 de julho de 2023 no jardim da casa dos av\u00f3s, em Vernet, Alpes-de-Haute-Provence; restos mortais foram encontrados em mar\u00e7o de 2024, e o rapaz foi sepultado em fevereiro do ano seguinte.<\/li>\n<\/ul>\n","protected":false},"author":2,"featured_media":198614,"comment_status":"closed","ping_status":"closed","sticky":false,"template":"","format":"standard","meta":{"footnotes":""},"categories":[1],"tags":[1345,215,217,294,4207],"class_list":["post-198609","post","type-post","status-publish","format-standard","has-post-thumbnail","hentry","category-noticias","tag-homicidio","tag-investigacao","tag-investigacao-criminal","tag-ocultacao-de-cadaver","tag-testemunhos"],"yoast_head":"<!-- This site is optimized with the Yoast SEO plugin v27.2 - https:\/\/yoast.com\/product\/yoast-seo-wordpress\/ -->\n<title>Investigadores apreendem bicicletas do tio de \u00c9mile - Portal Tela Portugal<\/title>\n<meta name=\"robots\" content=\"index, follow, max-snippet:-1, max-image-preview:large, max-video-preview:-1\" \/>\n<meta property=\"og:locale\" content=\"pt_PT\" \/>\n<meta property=\"og:type\" content=\"article\" \/>\n<meta property=\"og:title\" content=\"Investigadores apreendem bicicletas do tio de \u00c9mile - Portal Tela Portugal\" \/>\n<meta property=\"og:description\" content=\"Investigadores apreenderam duas bicicletas em Haut-Vernet, pertencentes ao tio de \u00c9mile, pouco before o Natal; an\u00e1lises n\u00e3o encontraram vest\u00edgios relevantes. Exames recentes n\u00e3o detectaram sangue, fluidos biol\u00f3gicos ou deforma\u00e7\u00f5es significativas nas bicicletas, conforme fontes da imprensa francesa. Advogados dos av\u00f3s apresentaram pedidos adicionais aos ju\u00edzes de instru\u00e7\u00e3o para novas dilig\u00eancias, incluindo entrevistas a testemunhas e an\u00e1lise aprofundada de registos telef\u00f3nicos, bem como poss\u00edvel recolha de ADN de moradores de Haut-Vernet. Maximin, tio de \u00c9mile, tinha 20 anos e, em mar\u00e7o de 2025, foi detido com os pais e a irm\u00e3 por homic\u00eddio doloso e oculta\u00e7\u00e3o de cad\u00e1ver; foram liberados posteriormente. \u00c9mile desapareceu a 8 de julho de 2023 no jardim da casa dos av\u00f3s, em Vernet, Alpes-de-Haute-Provence; restos mortais foram encontrados em mar\u00e7o de 2024, e o rapaz foi sepultado em fevereiro do ano seguinte.\" \/>\n<meta property=\"og:url\" content=\"https:\/\/portaltela.pt\/noticias\/2026\/02\/04\/investigadores-apreendem-bicicletas-do-tio-de-emile\/\" \/>\n<meta property=\"og:site_name\" content=\"Portal Tela Portugal\" \/>\n<meta property=\"article:published_time\" content=\"2026-02-05T00:11:08+00:00\" \/>\n<meta name=\"author\" content=\"Telinha\" \/>\n<meta name=\"twitter:card\" content=\"summary_large_image\" \/>\n<meta name=\"twitter:label1\" content=\"Escrito por\" \/>\n\t<meta name=\"twitter:data1\" content=\"Telinha\" \/>\n\t<meta name=\"twitter:label2\" content=\"Tempo estimado de leitura\" \/>\n\t<meta name=\"twitter:data2\" content=\"1 minuto\" \/>\n<script type=\"application\/ld+json\" class=\"yoast-schema-graph\">{\"@context\":\"https:\/\/schema.org\",\"@graph\":[{\"@type\":\"Article\",\"@id\":\"https:\/\/portaltela.pt\/noticias\/2026\/02\/04\/investigadores-apreendem-bicicletas-do-tio-de-emile\/#article\",\"isPartOf\":{\"@id\":\"https:\/\/portaltela.pt\/noticias\/2026\/02\/04\/investigadores-apreendem-bicicletas-do-tio-de-emile\/\"},\"author\":{\"name\":\"Telinha\",\"@id\":\"https:\/\/portaltela.pt\/#\/schema\/person\/c4278d4a6028830caff9ee44b42d32ed\"},\"headline\":\"Investigadores apreendem bicicletas do tio de \u00c9mile\",\"datePublished\":\"2026-02-05T00:11:08+00:00\",\"mainEntityOfPage\":{\"@id\":\"https:\/\/portaltela.pt\/noticias\/2026\/02\/04\/investigadores-apreendem-bicicletas-do-tio-de-emile\/\"},\"wordCount\":264,\"image\":{\"@id\":\"https:\/\/portaltela.pt\/noticias\/2026\/02\/04\/investigadores-apreendem-bicicletas-do-tio-de-emile\/#primaryimage\"},\"thumbnailUrl\":\"https:\/\/portaltela.pt\/s.01k8rhncp4jt1\/2026\/02\/unnamed-file-1463.jpg\",\"keywords\":[\"homic\u00eddio\",\"investiga\u00e7\u00e3o\",\"investiga\u00e7\u00e3o criminal\",\"oculta\u00e7\u00e3o de cad\u00e1ver\",\"testemunhos\"],\"articleSection\":[\"Not\u00edcias\"],\"inLanguage\":\"pt-PT\"},{\"@type\":\"WebPage\",\"@id\":\"https:\/\/portaltela.pt\/noticias\/2026\/02\/04\/investigadores-apreendem-bicicletas-do-tio-de-emile\/\",\"url\":\"https:\/\/portaltela.pt\/noticias\/2026\/02\/04\/investigadores-apreendem-bicicletas-do-tio-de-emile\/\",\"name\":\"Investigadores apreendem bicicletas do tio de \u00c9mile - Portal Tela Portugal\",\"isPartOf\":{\"@id\":\"https:\/\/portaltela.pt\/#website\"},\"primaryImageOfPage\":{\"@id\":\"https:\/\/portaltela.pt\/noticias\/2026\/02\/04\/investigadores-apreendem-bicicletas-do-tio-de-emile\/#primaryimage\"},\"image\":{\"@id\":\"https:\/\/portaltela.pt\/noticias\/2026\/02\/04\/investigadores-apreendem-bicicletas-do-tio-de-emile\/#primaryimage\"},\"thumbnailUrl\":\"https:\/\/portaltela.pt\/s.01k8rhncp4jt1\/2026\/02\/unnamed-file-1463.jpg\",\"datePublished\":\"2026-02-05T00:11:08+00:00\",\"author\":{\"@id\":\"https:\/\/portaltela.pt\/#\/schema\/person\/c4278d4a6028830caff9ee44b42d32ed\"},\"breadcrumb\":{\"@id\":\"https:\/\/portaltela.pt\/noticias\/2026\/02\/04\/investigadores-apreendem-bicicletas-do-tio-de-emile\/#breadcrumb\"},\"inLanguage\":\"pt-PT\",\"potentialAction\":[{\"@type\":\"ReadAction\",\"target\":[\"https:\/\/portaltela.pt\/noticias\/2026\/02\/04\/investigadores-apreendem-bicicletas-do-tio-de-emile\/\"]}]},{\"@type\":\"ImageObject\",\"inLanguage\":\"pt-PT\",\"@id\":\"https:\/\/portaltela.pt\/noticias\/2026\/02\/04\/investigadores-apreendem-bicicletas-do-tio-de-emile\/#primaryimage\",\"url\":\"https:\/\/portaltela.pt\/s.01k8rhncp4jt1\/2026\/02\/unnamed-file-1463.jpg\",\"contentUrl\":\"https:\/\/portaltela.pt\/s.01k8rhncp4jt1\/2026\/02\/unnamed-file-1463.jpg\",\"width\":796,\"height\":448,\"caption\":\"Morte de \u00c9mile: Investigadores apreendem bicicletas do tio do menino\"},{\"@type\":\"BreadcrumbList\",\"@id\":\"https:\/\/portaltela.pt\/noticias\/2026\/02\/04\/investigadores-apreendem-bicicletas-do-tio-de-emile\/#breadcrumb\",\"itemListElement\":[{\"@type\":\"ListItem\",\"position\":1,\"name\":\"In\u00edcio\",\"item\":\"https:\/\/portaltela.pt\/\"},{\"@type\":\"ListItem\",\"position\":2,\"name\":\"Investigadores apreendem bicicletas do tio de \u00c9mile\"}]},{\"@type\":\"WebSite\",\"@id\":\"https:\/\/portaltela.pt\/#website\",\"url\":\"https:\/\/portaltela.pt\/\",\"name\":\"Portal Tela Portugal\",\"description\":\"\",\"potentialAction\":[{\"@type\":\"SearchAction\",\"target\":{\"@type\":\"EntryPoint\",\"urlTemplate\":\"https:\/\/portaltela.pt\/?s={search_term_string}\"},\"query-input\":{\"@type\":\"PropertyValueSpecification\",\"valueRequired\":true,\"valueName\":\"search_term_string\"}}],\"inLanguage\":\"pt-PT\"},{\"@type\":\"Person\",\"@id\":\"https:\/\/portaltela.pt\/#\/schema\/person\/c4278d4a6028830caff9ee44b42d32ed\",\"name\":\"Telinha\",\"image\":{\"@type\":\"ImageObject\",\"inLanguage\":\"pt-PT\",\"@id\":\"https:\/\/portaltela.pt\/s.01k8rhncp4jt1\/2025\/11\/talking-bot-125x125.png\",\"url\":\"https:\/\/portaltela.pt\/s.01k8rhncp4jt1\/2025\/11\/talking-bot-125x125.png\",\"contentUrl\":\"https:\/\/portaltela.pt\/s.01k8rhncp4jt1\/2025\/11\/talking-bot-125x125.png\",\"caption\":\"Telinha\"},\"sameAs\":[\"https:\/\/portaltela.pt\/\"],\"url\":\"https:\/\/portaltela.pt\/por\/367410592786\/\"}]}<\/script>\n<!-- \/ Yoast SEO plugin. -->","yoast_head_json":{"title":"Investigadores apreendem bicicletas do tio de \u00c9mile - Portal Tela Portugal","robots":{"index":"index","follow":"follow","max-snippet":"max-snippet:-1","max-image-preview":"max-image-preview:large","max-video-preview":"max-video-preview:-1"},"og_locale":"pt_PT","og_type":"article","og_title":"Investigadores apreendem bicicletas do tio de \u00c9mile - Portal Tela Portugal","og_description":"Investigadores apreenderam duas bicicletas em Haut-Vernet, pertencentes ao tio de \u00c9mile, pouco before o Natal; an\u00e1lises n\u00e3o encontraram vest\u00edgios relevantes. Exames recentes n\u00e3o detectaram sangue, fluidos biol\u00f3gicos ou deforma\u00e7\u00f5es significativas nas bicicletas, conforme fontes da imprensa francesa. Advogados dos av\u00f3s apresentaram pedidos adicionais aos ju\u00edzes de instru\u00e7\u00e3o para novas dilig\u00eancias, incluindo entrevistas a testemunhas e an\u00e1lise aprofundada de registos telef\u00f3nicos, bem como poss\u00edvel recolha de ADN de moradores de Haut-Vernet. Maximin, tio de \u00c9mile, tinha 20 anos e, em mar\u00e7o de 2025, foi detido com os pais e a irm\u00e3 por homic\u00eddio doloso e oculta\u00e7\u00e3o de cad\u00e1ver; foram liberados posteriormente. \u00c9mile desapareceu a 8 de julho de 2023 no jardim da casa dos av\u00f3s, em Vernet, Alpes-de-Haute-Provence; restos mortais foram encontrados em mar\u00e7o de 2024, e o rapaz foi sepultado em fevereiro do ano seguinte.","og_url":"https:\/\/portaltela.pt\/noticias\/2026\/02\/04\/investigadores-apreendem-bicicletas-do-tio-de-emile\/","og_site_name":"Portal Tela Portugal","article_published_time":"2026-02-05T00:11:08+00:00","author":"Telinha","twitter_card":"summary_large_image","twitter_misc":{"Escrito por":"Telinha","Tempo estimado de leitura":"1 minuto"},"schema":{"@context":"https:\/\/schema.org","@graph":[{"@type":"Article","@id":"https:\/\/portaltela.pt\/noticias\/2026\/02\/04\/investigadores-apreendem-bicicletas-do-tio-de-emile\/#article","isPartOf":{"@id":"https:\/\/portaltela.pt\/noticias\/2026\/02\/04\/investigadores-apreendem-bicicletas-do-tio-de-emile\/"},"author":{"name":"Telinha","@id":"https:\/\/portaltela.pt\/#\/schema\/person\/c4278d4a6028830caff9ee44b42d32ed"},"headline":"Investigadores apreendem bicicletas do tio de \u00c9mile","datePublished":"2026-02-05T00:11:08+00:00","mainEntityOfPage":{"@id":"https:\/\/portaltela.pt\/noticias\/2026\/02\/04\/investigadores-apreendem-bicicletas-do-tio-de-emile\/"},"wordCount":264,"image":{"@id":"https:\/\/portaltela.pt\/noticias\/2026\/02\/04\/investigadores-apreendem-bicicletas-do-tio-de-emile\/#primaryimage"},"thumbnailUrl":"https:\/\/portaltela.pt\/s.01k8rhncp4jt1\/2026\/02\/unnamed-file-1463.jpg","keywords":["homic\u00eddio","investiga\u00e7\u00e3o","investiga\u00e7\u00e3o criminal","oculta\u00e7\u00e3o de cad\u00e1ver","testemunhos"],"articleSection":["Not\u00edcias"],"inLanguage":"pt-PT"},{"@type":"WebPage","@id":"https:\/\/portaltela.pt\/noticias\/2026\/02\/04\/investigadores-apreendem-bicicletas-do-tio-de-emile\/","url":"https:\/\/portaltela.pt\/noticias\/2026\/02\/04\/investigadores-apreendem-bicicletas-do-tio-de-emile\/","name":"Investigadores apreendem bicicletas do tio de \u00c9mile - Portal Tela Portugal","isPartOf":{"@id":"https:\/\/portaltela.pt\/#website"},"primaryImageOfPage":{"@id":"https:\/\/portaltela.pt\/noticias\/2026\/02\/04\/investigadores-apreendem-bicicletas-do-tio-de-emile\/#primaryimage"},"image":{"@id":"https:\/\/portaltela.pt\/noticias\/2026\/02\/04\/investigadores-apreendem-bicicletas-do-tio-de-emile\/#primaryimage"},"thumbnailUrl":"https:\/\/portaltela.pt\/s.01k8rhncp4jt1\/2026\/02\/unnamed-file-1463.jpg","datePublished":"2026-02-05T00:11:08+00:00","author":{"@id":"https:\/\/portaltela.pt\/#\/schema\/person\/c4278d4a6028830caff9ee44b42d32ed"},"breadcrumb":{"@id":"https:\/\/portaltela.pt\/noticias\/2026\/02\/04\/investigadores-apreendem-bicicletas-do-tio-de-emile\/#breadcrumb"},"inLanguage":"pt-PT","potentialAction":[{"@type":"ReadAction","target":["https:\/\/portaltela.pt\/noticias\/2026\/02\/04\/investigadores-apreendem-bicicletas-do-tio-de-emile\/"]}]},{"@type":"ImageObject","inLanguage":"pt-PT","@id":"https:\/\/portaltela.pt\/noticias\/2026\/02\/04\/investigadores-apreendem-bicicletas-do-tio-de-emile\/#primaryimage","url":"https:\/\/portaltela.pt\/s.01k8rhncp4jt1\/2026\/02\/unnamed-file-1463.jpg","contentUrl":"https:\/\/portaltela.pt\/s.01k8rhncp4jt1\/2026\/02\/unnamed-file-1463.jpg","width":796,"height":448,"caption":"Morte de \u00c9mile: Investigadores apreendem bicicletas do tio do menino"},{"@type":"BreadcrumbList","@id":"https:\/\/portaltela.pt\/noticias\/2026\/02\/04\/investigadores-apreendem-bicicletas-do-tio-de-emile\/#breadcrumb","itemListElement":[{"@type":"ListItem","position":1,"name":"In\u00edcio","item":"https:\/\/portaltela.pt\/"},{"@type":"ListItem","position":2,"name":"Investigadores apreendem bicicletas do tio de \u00c9mile"}]},{"@type":"WebSite","@id":"https:\/\/portaltela.pt\/#website","url":"https:\/\/portaltela.pt\/","name":"Portal Tela Portugal","description":"","potentialAction":[{"@type":"SearchAction","target":{"@type":"EntryPoint","urlTemplate":"https:\/\/portaltela.pt\/?s={search_term_string}"},"query-input":{"@type":"PropertyValueSpecification","valueRequired":true,"valueName":"search_term_string"}}],"inLanguage":"pt-PT"},{"@type":"Person","@id":"https:\/\/portaltela.pt\/#\/schema\/person\/c4278d4a6028830caff9ee44b42d32ed","name":"Telinha","image":{"@type":"ImageObject","inLanguage":"pt-PT","@id":"https:\/\/portaltela.pt\/s.01k8rhncp4jt1\/2025\/11\/talking-bot-125x125.png","url":"https:\/\/portaltela.pt\/s.01k8rhncp4jt1\/2025\/11\/talking-bot-125x125.png","contentUrl":"https:\/\/portaltela.pt\/s.01k8rhncp4jt1\/2025\/11\/talking-bot-125x125.png","caption":"Telinha"},"sameAs":["https:\/\/portaltela.pt\/"],"url":"https:\/\/portaltela.pt\/por\/367410592786\/"}]}},"_links":{"self":[{"href":"https:\/\/portaltela.pt\/api\/wp\/v2\/posts\/198609","targetHints":{"allow":["GET"]}}],"collection":[{"href":"https:\/\/portaltela.pt\/api\/wp\/v2\/posts"}],"about":[{"href":"https:\/\/portaltela.pt\/api\/wp\/v2\/types\/post"}],"author":[{"embeddable":true,"href":"https:\/\/portaltela.pt\/api\/wp\/v2\/users\/2"}],"replies":[{"embeddable":true,"href":"https:\/\/portaltela.pt\/api\/wp\/v2\/comments?post=198609"}],"version-history":[{"count":0,"href":"https:\/\/portaltela.pt\/api\/wp\/v2\/posts\/198609\/revisions"}],"wp:featuredmedia":[{"embeddable":true,"href":"https:\/\/portaltela.pt\/api\/wp\/v2\/media\/198614"}],"wp:attachment":[{"href":"https:\/\/portaltela.pt\/api\/wp\/v2\/media?parent=198609"}],"wp:term":[{"taxonomy":"category","embeddable":true,"href":"https:\/\/portaltela.pt\/api\/wp\/v2\/categories?post=198609"},{"taxonomy":"post_tag","embeddable":true,"href":"https:\/\/portaltela.pt\/api\/wp\/v2\/tags?post=198609"}],"curies":[{"name":"wp","href":"https:\/\/api.w.org\/{rel}","templated":true}]}}