{"id":198561,"date":"2026-02-04T21:01:28","date_gmt":"2026-02-05T00:01:28","guid":{"rendered":"https:\/\/portaltela.pt\/noticias\/2026\/02\/04\/diamantino-miranda-comenta-nomeacoes-para-o-classico-e-a-escolha-no-sporting\/"},"modified":"2026-02-04T21:01:28","modified_gmt":"2026-02-05T00:01:28","slug":"diamantino-miranda-comenta-nomeacoes-para-o-classico-e-a-escolha-no-sporting","status":"publish","type":"post","link":"https:\/\/portaltela.pt\/desporto\/futebol\/2026\/02\/04\/diamantino-miranda-comenta-nomeacoes-para-o-classico-e-a-escolha-no-sporting\/","title":{"rendered":"Diamantino Miranda comenta nomea\u00e7\u00f5es para o Cl\u00e1ssico e a escolha no Sporting"},"content":{"rendered":"<p>Na noite de 5 de fevereiro de 2026, um comentador da CMTV afirmou que a nomea\u00e7\u00e3o dos \u00e1rbitros Lu\u00eds Godinho e Tiago Martins para o Cl\u00e1ssico FC Porto-Sporting n\u00e3o seria aconselh\u00e1vel. A cr\u00edtica baseia-se nas avalia\u00e7\u00f5es do desempenho da dupla na final da Ta\u00e7a de Portugal.<\/p>\n<p>A not\u00edcia envolve Diamantino Miranda, a CMTV e as nomea\u00e7\u00f5es para o encontro entre FC Porto e Sporting. Os \u00e1rbitros em quest\u00e3o s\u00e3o Godinho e Martins, cuja atua\u00e7\u00e3o na final anterior tem sido alvo de controv\u00e9rsia entre adeptos e meios de comunica\u00e7\u00e3o.<\/p>\n<p>O Cl\u00e1ssico realiza-se em Portugal, com a imprensa a acompanhar de perto as escolhas de arbitragem para o jogo entre Porto e Sporting. A posi\u00e7\u00e3o emitida sugere preocupa\u00e7\u00f5es sobre imparcialidade percebida devido \u00e0s cr\u00edticas anteriores.<\/p>\n<p>Segundo o relato, a observa\u00e7\u00e3o do comentador centra-se na avalia\u00e7\u00e3o p\u00fablica do trabalho da dupla na Ta\u00e7a e, assim, levanta questionamentos sobre a conveni\u00eancia de a nomea\u00e7\u00e3o avan\u00e7ar. N\u00e3o h\u00e1 confirma\u00e7\u00e3o de altera\u00e7\u00f5es, apenas uma posi\u00e7\u00e3o expressa pela comunica\u00e7\u00e3o social. Fonte: CMTV.<\/p>\n","protected":false},"excerpt":{"rendered":"<ul>\n<li>Diamantino Miranda est\u00e1 envolvido nas nomea\u00e7\u00f5es para o Cl\u00e1ssico entre FC Porto e Sporting, com os \u00e1rbitros Lu\u00eds Godinho e Tiago Martins escolhidos para o jogo.<\/li>\n<li>Um comentador da CMTV afirmou que a nomea\u00e7\u00e3o dos dois \u00e1rbitros \u201cn\u00e3o era aconselh\u00e1vel\u201d face \u00e0s cr\u00edticas ao desempenho da dupla na final da Ta\u00e7a de Portugal.<\/li>\n<li>A an\u00e1lise surge como parte da cobertura do Cl\u00e1ssico, destacando a perce\u00e7\u00e3o de conten\u00e7\u00e3o de controv\u00e9rsia em torno das escolhas de arbitragem.<\/li>\n<li>A nota concentra-se na decis\u00e3o de nomea\u00e7\u00e3o e nas cr\u00edticas recebidas pela atua\u00e7\u00e3o da dupla na final da Ta\u00e7a de Portugal.<\/li>\n<li>Data da publica\u00e7\u00e3o: 05 de fevereiro de 2026 \u00e0s 00:01.<\/li>\n<\/ul>\n","protected":false},"author":2,"featured_media":198566,"comment_status":"closed","ping_status":"closed","sticky":false,"template":"","format":"standard","meta":{"footnotes":""},"categories":[21,24],"tags":[1289,1336,2778,2816,2028,1652],"class_list":["post-198561","post","type-post","status-publish","format-standard","has-post-thumbnail","hentry","category-desporto","category-futebol","tag-arbitragem","tag-arbitro","tag-cmtv","tag-diamantino-miranda","tag-fc-porto","tag-sporting"],"yoast_head":"<!-- This site is optimized with the Yoast SEO plugin v27.2 - https:\/\/yoast.com\/product\/yoast-seo-wordpress\/ -->\n<title>Diamantino Miranda comenta nomea\u00e7\u00f5es para o Cl\u00e1ssico e a escolha no Sporting - Portal Tela Portugal<\/title>\n<meta name=\"robots\" content=\"index, follow, max-snippet:-1, max-image-preview:large, max-video-preview:-1\" \/>\n<meta property=\"og:locale\" content=\"pt_PT\" \/>\n<meta property=\"og:type\" content=\"article\" \/>\n<meta property=\"og:title\" content=\"Diamantino Miranda comenta nomea\u00e7\u00f5es para o Cl\u00e1ssico e a escolha no Sporting - Portal Tela Portugal\" \/>\n<meta property=\"og:description\" content=\"Diamantino Miranda est\u00e1 envolvido nas nomea\u00e7\u00f5es para o Cl\u00e1ssico entre FC Porto e Sporting, com os \u00e1rbitros Lu\u00eds Godinho e Tiago Martins escolhidos para o jogo. Um comentador da CMTV afirmou que a nomea\u00e7\u00e3o dos dois \u00e1rbitros \u201cn\u00e3o era aconselh\u00e1vel\u201d face \u00e0s cr\u00edticas ao desempenho da dupla na final da Ta\u00e7a de Portugal. A an\u00e1lise surge como parte da cobertura do Cl\u00e1ssico, destacando a perce\u00e7\u00e3o de conten\u00e7\u00e3o de controv\u00e9rsia em torno das escolhas de arbitragem. A nota concentra-se na decis\u00e3o de nomea\u00e7\u00e3o e nas cr\u00edticas recebidas pela atua\u00e7\u00e3o da dupla na final da Ta\u00e7a de Portugal. Data da publica\u00e7\u00e3o: 05 de fevereiro de 2026 \u00e0s 00:01.\" \/>\n<meta property=\"og:url\" content=\"https:\/\/portaltela.pt\/noticias\/2026\/02\/04\/diamantino-miranda-comenta-nomeacoes-para-o-classico-e-a-escolha-no-sporting\/\" \/>\n<meta property=\"og:site_name\" content=\"Portal Tela Portugal\" \/>\n<meta property=\"article:published_time\" content=\"2026-02-05T00:01:28+00:00\" \/>\n<meta name=\"author\" content=\"Telinha\" \/>\n<meta name=\"twitter:card\" content=\"summary_large_image\" \/>\n<meta name=\"twitter:label1\" content=\"Escrito por\" \/>\n\t<meta name=\"twitter:data1\" content=\"Telinha\" \/>\n\t<meta name=\"twitter:label2\" content=\"Tempo estimado de leitura\" \/>\n\t<meta name=\"twitter:data2\" content=\"1 minuto\" \/>\n<script type=\"application\/ld+json\" class=\"yoast-schema-graph\">{\"@context\":\"https:\/\/schema.org\",\"@graph\":[{\"@type\":\"Article\",\"@id\":\"https:\/\/portaltela.pt\/noticias\/2026\/02\/04\/diamantino-miranda-comenta-nomeacoes-para-o-classico-e-a-escolha-no-sporting\/#article\",\"isPartOf\":{\"@id\":\"https:\/\/portaltela.pt\/noticias\/2026\/02\/04\/diamantino-miranda-comenta-nomeacoes-para-o-classico-e-a-escolha-no-sporting\/\"},\"author\":{\"name\":\"Telinha\",\"@id\":\"https:\/\/portaltela.pt\/#\/schema\/person\/c4278d4a6028830caff9ee44b42d32ed\"},\"headline\":\"Diamantino Miranda comenta nomea\u00e7\u00f5es para o Cl\u00e1ssico e a escolha no Sporting\",\"datePublished\":\"2026-02-05T00:01:28+00:00\",\"mainEntityOfPage\":{\"@id\":\"https:\/\/portaltela.pt\/noticias\/2026\/02\/04\/diamantino-miranda-comenta-nomeacoes-para-o-classico-e-a-escolha-no-sporting\/\"},\"wordCount\":208,\"image\":{\"@id\":\"https:\/\/portaltela.pt\/noticias\/2026\/02\/04\/diamantino-miranda-comenta-nomeacoes-para-o-classico-e-a-escolha-no-sporting\/#primaryimage\"},\"thumbnailUrl\":\"https:\/\/portaltela.pt\/s.01k8rhncp4jt1\/2026\/02\/img_1280x722uu2026-02-04-23-54-54-2264874.jpg\",\"keywords\":[\"arbitragem\",\"\u00e1rbitro\",\"CMTV\",\"Diamantino Miranda\",\"FC Porto\",\"Sporting\"],\"articleSection\":[\"Desporto\",\"Futebol\"],\"inLanguage\":\"pt-PT\"},{\"@type\":\"WebPage\",\"@id\":\"https:\/\/portaltela.pt\/noticias\/2026\/02\/04\/diamantino-miranda-comenta-nomeacoes-para-o-classico-e-a-escolha-no-sporting\/\",\"url\":\"https:\/\/portaltela.pt\/noticias\/2026\/02\/04\/diamantino-miranda-comenta-nomeacoes-para-o-classico-e-a-escolha-no-sporting\/\",\"name\":\"Diamantino Miranda comenta nomea\u00e7\u00f5es para o Cl\u00e1ssico e a escolha no Sporting - Portal Tela Portugal\",\"isPartOf\":{\"@id\":\"https:\/\/portaltela.pt\/#website\"},\"primaryImageOfPage\":{\"@id\":\"https:\/\/portaltela.pt\/noticias\/2026\/02\/04\/diamantino-miranda-comenta-nomeacoes-para-o-classico-e-a-escolha-no-sporting\/#primaryimage\"},\"image\":{\"@id\":\"https:\/\/portaltela.pt\/noticias\/2026\/02\/04\/diamantino-miranda-comenta-nomeacoes-para-o-classico-e-a-escolha-no-sporting\/#primaryimage\"},\"thumbnailUrl\":\"https:\/\/portaltela.pt\/s.01k8rhncp4jt1\/2026\/02\/img_1280x722uu2026-02-04-23-54-54-2264874.jpg\",\"datePublished\":\"2026-02-05T00:01:28+00:00\",\"author\":{\"@id\":\"https:\/\/portaltela.pt\/#\/schema\/person\/c4278d4a6028830caff9ee44b42d32ed\"},\"breadcrumb\":{\"@id\":\"https:\/\/portaltela.pt\/noticias\/2026\/02\/04\/diamantino-miranda-comenta-nomeacoes-para-o-classico-e-a-escolha-no-sporting\/#breadcrumb\"},\"inLanguage\":\"pt-PT\",\"potentialAction\":[{\"@type\":\"ReadAction\",\"target\":[\"https:\/\/portaltela.pt\/noticias\/2026\/02\/04\/diamantino-miranda-comenta-nomeacoes-para-o-classico-e-a-escolha-no-sporting\/\"]}]},{\"@type\":\"ImageObject\",\"inLanguage\":\"pt-PT\",\"@id\":\"https:\/\/portaltela.pt\/noticias\/2026\/02\/04\/diamantino-miranda-comenta-nomeacoes-para-o-classico-e-a-escolha-no-sporting\/#primaryimage\",\"url\":\"https:\/\/portaltela.pt\/s.01k8rhncp4jt1\/2026\/02\/img_1280x722uu2026-02-04-23-54-54-2264874.jpg\",\"contentUrl\":\"https:\/\/portaltela.pt\/s.01k8rhncp4jt1\/2026\/02\/img_1280x722uu2026-02-04-23-54-54-2264874.jpg\",\"width\":796,\"height\":448,\"caption\":\"Photo\"},{\"@type\":\"BreadcrumbList\",\"@id\":\"https:\/\/portaltela.pt\/noticias\/2026\/02\/04\/diamantino-miranda-comenta-nomeacoes-para-o-classico-e-a-escolha-no-sporting\/#breadcrumb\",\"itemListElement\":[{\"@type\":\"ListItem\",\"position\":1,\"name\":\"In\u00edcio\",\"item\":\"https:\/\/portaltela.pt\/\"},{\"@type\":\"ListItem\",\"position\":2,\"name\":\"Diamantino Miranda comenta nomea\u00e7\u00f5es para o Cl\u00e1ssico e a escolha no Sporting\"}]},{\"@type\":\"WebSite\",\"@id\":\"https:\/\/portaltela.pt\/#website\",\"url\":\"https:\/\/portaltela.pt\/\",\"name\":\"Portal Tela Portugal\",\"description\":\"\",\"potentialAction\":[{\"@type\":\"SearchAction\",\"target\":{\"@type\":\"EntryPoint\",\"urlTemplate\":\"https:\/\/portaltela.pt\/?s={search_term_string}\"},\"query-input\":{\"@type\":\"PropertyValueSpecification\",\"valueRequired\":true,\"valueName\":\"search_term_string\"}}],\"inLanguage\":\"pt-PT\"},{\"@type\":\"Person\",\"@id\":\"https:\/\/portaltela.pt\/#\/schema\/person\/c4278d4a6028830caff9ee44b42d32ed\",\"name\":\"Telinha\",\"image\":{\"@type\":\"ImageObject\",\"inLanguage\":\"pt-PT\",\"@id\":\"https:\/\/portaltela.pt\/s.01k8rhncp4jt1\/2025\/11\/talking-bot-125x125.png\",\"url\":\"https:\/\/portaltela.pt\/s.01k8rhncp4jt1\/2025\/11\/talking-bot-125x125.png\",\"contentUrl\":\"https:\/\/portaltela.pt\/s.01k8rhncp4jt1\/2025\/11\/talking-bot-125x125.png\",\"caption\":\"Telinha\"},\"sameAs\":[\"https:\/\/portaltela.pt\/\"],\"url\":\"https:\/\/portaltela.pt\/por\/367410592786\/\"}]}<\/script>\n<!-- \/ Yoast SEO plugin. -->","yoast_head_json":{"title":"Diamantino Miranda comenta nomea\u00e7\u00f5es para o Cl\u00e1ssico e a escolha no Sporting - Portal Tela Portugal","robots":{"index":"index","follow":"follow","max-snippet":"max-snippet:-1","max-image-preview":"max-image-preview:large","max-video-preview":"max-video-preview:-1"},"og_locale":"pt_PT","og_type":"article","og_title":"Diamantino Miranda comenta nomea\u00e7\u00f5es para o Cl\u00e1ssico e a escolha no Sporting - Portal Tela Portugal","og_description":"Diamantino Miranda est\u00e1 envolvido nas nomea\u00e7\u00f5es para o Cl\u00e1ssico entre FC Porto e Sporting, com os \u00e1rbitros Lu\u00eds Godinho e Tiago Martins escolhidos para o jogo. Um comentador da CMTV afirmou que a nomea\u00e7\u00e3o dos dois \u00e1rbitros \u201cn\u00e3o era aconselh\u00e1vel\u201d face \u00e0s cr\u00edticas ao desempenho da dupla na final da Ta\u00e7a de Portugal. A an\u00e1lise surge como parte da cobertura do Cl\u00e1ssico, destacando a perce\u00e7\u00e3o de conten\u00e7\u00e3o de controv\u00e9rsia em torno das escolhas de arbitragem. A nota concentra-se na decis\u00e3o de nomea\u00e7\u00e3o e nas cr\u00edticas recebidas pela atua\u00e7\u00e3o da dupla na final da Ta\u00e7a de Portugal. Data da publica\u00e7\u00e3o: 05 de fevereiro de 2026 \u00e0s 00:01.","og_url":"https:\/\/portaltela.pt\/noticias\/2026\/02\/04\/diamantino-miranda-comenta-nomeacoes-para-o-classico-e-a-escolha-no-sporting\/","og_site_name":"Portal Tela Portugal","article_published_time":"2026-02-05T00:01:28+00:00","author":"Telinha","twitter_card":"summary_large_image","twitter_misc":{"Escrito por":"Telinha","Tempo estimado de leitura":"1 minuto"},"schema":{"@context":"https:\/\/schema.org","@graph":[{"@type":"Article","@id":"https:\/\/portaltela.pt\/noticias\/2026\/02\/04\/diamantino-miranda-comenta-nomeacoes-para-o-classico-e-a-escolha-no-sporting\/#article","isPartOf":{"@id":"https:\/\/portaltela.pt\/noticias\/2026\/02\/04\/diamantino-miranda-comenta-nomeacoes-para-o-classico-e-a-escolha-no-sporting\/"},"author":{"name":"Telinha","@id":"https:\/\/portaltela.pt\/#\/schema\/person\/c4278d4a6028830caff9ee44b42d32ed"},"headline":"Diamantino Miranda comenta nomea\u00e7\u00f5es para o Cl\u00e1ssico e a escolha no Sporting","datePublished":"2026-02-05T00:01:28+00:00","mainEntityOfPage":{"@id":"https:\/\/portaltela.pt\/noticias\/2026\/02\/04\/diamantino-miranda-comenta-nomeacoes-para-o-classico-e-a-escolha-no-sporting\/"},"wordCount":208,"image":{"@id":"https:\/\/portaltela.pt\/noticias\/2026\/02\/04\/diamantino-miranda-comenta-nomeacoes-para-o-classico-e-a-escolha-no-sporting\/#primaryimage"},"thumbnailUrl":"https:\/\/portaltela.pt\/s.01k8rhncp4jt1\/2026\/02\/img_1280x722uu2026-02-04-23-54-54-2264874.jpg","keywords":["arbitragem","\u00e1rbitro","CMTV","Diamantino Miranda","FC Porto","Sporting"],"articleSection":["Desporto","Futebol"],"inLanguage":"pt-PT"},{"@type":"WebPage","@id":"https:\/\/portaltela.pt\/noticias\/2026\/02\/04\/diamantino-miranda-comenta-nomeacoes-para-o-classico-e-a-escolha-no-sporting\/","url":"https:\/\/portaltela.pt\/noticias\/2026\/02\/04\/diamantino-miranda-comenta-nomeacoes-para-o-classico-e-a-escolha-no-sporting\/","name":"Diamantino Miranda comenta nomea\u00e7\u00f5es para o Cl\u00e1ssico e a escolha no Sporting - Portal Tela Portugal","isPartOf":{"@id":"https:\/\/portaltela.pt\/#website"},"primaryImageOfPage":{"@id":"https:\/\/portaltela.pt\/noticias\/2026\/02\/04\/diamantino-miranda-comenta-nomeacoes-para-o-classico-e-a-escolha-no-sporting\/#primaryimage"},"image":{"@id":"https:\/\/portaltela.pt\/noticias\/2026\/02\/04\/diamantino-miranda-comenta-nomeacoes-para-o-classico-e-a-escolha-no-sporting\/#primaryimage"},"thumbnailUrl":"https:\/\/portaltela.pt\/s.01k8rhncp4jt1\/2026\/02\/img_1280x722uu2026-02-04-23-54-54-2264874.jpg","datePublished":"2026-02-05T00:01:28+00:00","author":{"@id":"https:\/\/portaltela.pt\/#\/schema\/person\/c4278d4a6028830caff9ee44b42d32ed"},"breadcrumb":{"@id":"https:\/\/portaltela.pt\/noticias\/2026\/02\/04\/diamantino-miranda-comenta-nomeacoes-para-o-classico-e-a-escolha-no-sporting\/#breadcrumb"},"inLanguage":"pt-PT","potentialAction":[{"@type":"ReadAction","target":["https:\/\/portaltela.pt\/noticias\/2026\/02\/04\/diamantino-miranda-comenta-nomeacoes-para-o-classico-e-a-escolha-no-sporting\/"]}]},{"@type":"ImageObject","inLanguage":"pt-PT","@id":"https:\/\/portaltela.pt\/noticias\/2026\/02\/04\/diamantino-miranda-comenta-nomeacoes-para-o-classico-e-a-escolha-no-sporting\/#primaryimage","url":"https:\/\/portaltela.pt\/s.01k8rhncp4jt1\/2026\/02\/img_1280x722uu2026-02-04-23-54-54-2264874.jpg","contentUrl":"https:\/\/portaltela.pt\/s.01k8rhncp4jt1\/2026\/02\/img_1280x722uu2026-02-04-23-54-54-2264874.jpg","width":796,"height":448,"caption":"Photo"},{"@type":"BreadcrumbList","@id":"https:\/\/portaltela.pt\/noticias\/2026\/02\/04\/diamantino-miranda-comenta-nomeacoes-para-o-classico-e-a-escolha-no-sporting\/#breadcrumb","itemListElement":[{"@type":"ListItem","position":1,"name":"In\u00edcio","item":"https:\/\/portaltela.pt\/"},{"@type":"ListItem","position":2,"name":"Diamantino Miranda comenta nomea\u00e7\u00f5es para o Cl\u00e1ssico e a escolha no Sporting"}]},{"@type":"WebSite","@id":"https:\/\/portaltela.pt\/#website","url":"https:\/\/portaltela.pt\/","name":"Portal Tela Portugal","description":"","potentialAction":[{"@type":"SearchAction","target":{"@type":"EntryPoint","urlTemplate":"https:\/\/portaltela.pt\/?s={search_term_string}"},"query-input":{"@type":"PropertyValueSpecification","valueRequired":true,"valueName":"search_term_string"}}],"inLanguage":"pt-PT"},{"@type":"Person","@id":"https:\/\/portaltela.pt\/#\/schema\/person\/c4278d4a6028830caff9ee44b42d32ed","name":"Telinha","image":{"@type":"ImageObject","inLanguage":"pt-PT","@id":"https:\/\/portaltela.pt\/s.01k8rhncp4jt1\/2025\/11\/talking-bot-125x125.png","url":"https:\/\/portaltela.pt\/s.01k8rhncp4jt1\/2025\/11\/talking-bot-125x125.png","contentUrl":"https:\/\/portaltela.pt\/s.01k8rhncp4jt1\/2025\/11\/talking-bot-125x125.png","caption":"Telinha"},"sameAs":["https:\/\/portaltela.pt\/"],"url":"https:\/\/portaltela.pt\/por\/367410592786\/"}]}},"_links":{"self":[{"href":"https:\/\/portaltela.pt\/api\/wp\/v2\/posts\/198561","targetHints":{"allow":["GET"]}}],"collection":[{"href":"https:\/\/portaltela.pt\/api\/wp\/v2\/posts"}],"about":[{"href":"https:\/\/portaltela.pt\/api\/wp\/v2\/types\/post"}],"author":[{"embeddable":true,"href":"https:\/\/portaltela.pt\/api\/wp\/v2\/users\/2"}],"replies":[{"embeddable":true,"href":"https:\/\/portaltela.pt\/api\/wp\/v2\/comments?post=198561"}],"version-history":[{"count":0,"href":"https:\/\/portaltela.pt\/api\/wp\/v2\/posts\/198561\/revisions"}],"wp:featuredmedia":[{"embeddable":true,"href":"https:\/\/portaltela.pt\/api\/wp\/v2\/media\/198566"}],"wp:attachment":[{"href":"https:\/\/portaltela.pt\/api\/wp\/v2\/media?parent=198561"}],"wp:term":[{"taxonomy":"category","embeddable":true,"href":"https:\/\/portaltela.pt\/api\/wp\/v2\/categories?post=198561"},{"taxonomy":"post_tag","embeddable":true,"href":"https:\/\/portaltela.pt\/api\/wp\/v2\/tags?post=198561"}],"curies":[{"name":"wp","href":"https:\/\/api.w.org\/{rel}","templated":true}]}}