{"id":198557,"date":"2026-02-04T21:08:59","date_gmt":"2026-02-05T00:08:59","guid":{"rendered":"https:\/\/portaltela.pt\/noticias\/2026\/02\/04\/chuva-provoca-cortes-de-transito-e-condicionamentos-em-varias-estradas-de-sousel\/"},"modified":"2026-02-04T21:08:59","modified_gmt":"2026-02-05T00:08:59","slug":"chuva-provoca-cortes-de-transito-e-condicionamentos-em-varias-estradas-de-sousel","status":"publish","type":"post","link":"https:\/\/portaltela.pt\/noticias\/2026\/02\/04\/chuva-provoca-cortes-de-transito-e-condicionamentos-em-varias-estradas-de-sousel\/","title":{"rendered":"Chuva provoca cortes de tr\u00e2nsito e condicionamentos em v\u00e1rias estradas de Sousel"},"content":{"rendered":"<p>O Munic\u00edpio de Sousel mant\u00e9m v\u00e1rios avisos \u00e0 popula\u00e7\u00e3o devido \u00e0s condi\u00e7\u00f5es meteorol\u00f3gicas adversas. As chuvas provocaram cortes de tr\u00e2nsito e circula\u00e7\u00e3o condicionada em v\u00e1rias vias municipais, com um aviso preventivo relacionado com o Ribeiro do Lupe, na freguesia de Santo Amaro. A autarquia atualiza a informa\u00e7\u00e3o ao longo da tarde em articula\u00e7\u00e3o com os servi\u00e7os de Prote\u00e7\u00e3o Civil.<\/p>\n<p>A C\u00e2mara Municipal de Sousel informa que a situa\u00e7\u00e3o \u00e9 monitorizada continuamente, com a coopera\u00e7\u00e3o das autoridades locais. As medidas visam garantir a seguran\u00e7a rodovi\u00e1ria e prevenir impactos nas \u00e1reas mais sens\u00edveis do concelho.<\/p>\n<h3>Estradas municipais com circula\u00e7\u00e3o cortada<\/h3>\n<p>As vias abaixo encontram-se temporariamente indispon\u00edveis para circula\u00e7\u00e3o:<\/p>\n<ul>\n<li>Estrada Municipal 503 (Estrada das Romeiras), entre Cano e Santa Vit\u00f3ria.<\/li>\n<li>Estrada Municipal 538, entre Sousel e Figueira e Barros, ap\u00f3s o cruzamento com a Estrada da Rouca.<\/li>\n<li>Caminho Municipal 1093, conhecido como Estrada de Lisboa.<\/li>\n<\/ul>\n<p>A autarquia recomenda percursos alternativos.<\/p>\n<h3>EM 507 reaberta, mas com circula\u00e7\u00e3o condicionada<\/h3>\n<p>A Estrada Municipal 507, entre Cano e Ervedal, j\u00e1 est\u00e1 aberta. Na entrada de Cano deve-se manter especial prud\u00eancia devido \u00e0 forma\u00e7\u00e3o de len\u00e7\u00f3is de \u00e1gua que podem dificultar a circula\u00e7\u00e3o.<\/p>\n<h3>Circula\u00e7\u00e3o condicionada noutras estradas do concelho<\/h3>\n<p>O Munic\u00edpio de Sousel alerta para len\u00e7\u00f3is de \u00e1gua em v\u00e1rias vias, com orienta\u00e7\u00e3o para condu\u00e7\u00e3o com precau\u00e7\u00e3o:<\/p>\n<ul>\n<li>Estrada Municipal 372, ligando Cano a Sousel.<\/li>\n<li>Estrada Municipal 3721, entre Casa Branca e Vimieiro.<\/li>\n<li>Estrada de Cano para Casa Branca.<\/li>\n<li>Estrada Sousel \u2013 Figueira e Barros, junto ao Monte das Abertas, com acumula\u00e7\u00e3o de \u00e1gua, apesar de transit\u00e1vel.<\/li>\n<li>Estrada de Santo Amaro para Fronteira.<\/li>\n<li>Estradas EM 508 e Caminho Municipal 1096, na liga\u00e7\u00e3o Cano \u2013 Avis.<\/li>\n<\/ul>\n<h3>Aviso preventivo em Santo Amaro<\/h3>\n<p>Foi emitido um aviso preventivo devido ao hist\u00f3rico de cheias do Ribeiro do Lupe, \u00e0s condi\u00e7\u00f5es meteorol\u00f3gicas atuais e \u00e0s previs\u00f5es para os pr\u00f3ximos dias. O objetivo \u00e9 refor\u00e7ar a aten\u00e7\u00e3o nas zonas mais pr\u00f3ximas do ribeiro.<\/p>\n<p>O Munic\u00edpio de Sousel afirma que continuar\u00e1 a acompanhar a situa\u00e7\u00e3o regularmente, em articula\u00e7\u00e3o com a Prote\u00e7\u00e3o Civil, e divulgar\u00e1 novas informa\u00e7\u00f5es assim que houver altera\u00e7\u00f5es. A autarquia apela \u00e0 colabora\u00e7\u00e3o da popula\u00e7\u00e3o e \u00e0 ado\u00e7\u00e3o de comportamentos prudentes durante as condi\u00e7\u00f5es adversas.<\/p>\n","protected":false},"excerpt":{"rendered":"<ul>\n<li>Chuva provoca cortes de tr\u00e2nsito em v\u00e1rias vias municipais de Sousel: EM 503 (Estrada das Romeiras), EM 538 e o Caminho Municipal 1093 (Estrada de Lisboa), com circuitos temporariamente interrompidos.<\/li>\n<li>A EM 507 j\u00e1 est\u00e1 aberta, mas circula-se com aten\u00e7\u00e3o junto \u00e0 entrada de Cano devido a len\u00e7\u00f3is de \u00e1gua que podem dificultar a passagem.<\/li>\n<li>V\u00e1rias estradas mant\u00eam circula\u00e7\u00e3o condicionada por len\u00e7\u00f3is de \u00e1gua, incluindo as EM 372, EM 3721, trajeto de Cano a Casa Branca, estrada Sousel\u2013Figueira e Barros junto ao Monte das Abertas, estrada de Santo Amaro a Fronteira e liga\u00e7\u00f5es EM 508 e Caminho Municipal 1096 (Cano\u2013Avis).<\/li>\n<li>Foi emitido um aviso preventivo em Santo Amaro devido ao Ribeiro do Lupe, considerando cheias hist\u00f3ricas, com recomenda\u00e7\u00f5es para evitar objetos nas margens, n\u00e3o deixar viaturas junto \u00e0s margens e monitorizar altera\u00e7\u00f5es do caudal.<\/li>\n<li>O munic\u00edpio acompanha a situa\u00e7\u00e3o em articula\u00e7\u00e3o com a Prote\u00e7\u00e3o Civil, atualizando informa\u00e7\u00f5es \u00e0 medida que ocorr\u00eancias ou condi\u00e7\u00f5es evoluam.<\/li>\n<\/ul>\n","protected":false},"author":2,"featured_media":198572,"comment_status":"closed","ping_status":"closed","sticky":false,"template":"","format":"standard","meta":{"footnotes":""},"categories":[1],"tags":[3658,5329,4216,1083,320,4672],"class_list":["post-198557","post","type-post","status-publish","format-standard","has-post-thumbnail","hentry","category-noticias","tag-aviso-amarelo","tag-chuva","tag-condicoes-de-transito","tag-estradas","tag-protecao-civil","tag-sousel"],"yoast_head":"<!-- This site is optimized with the Yoast SEO plugin v27.2 - https:\/\/yoast.com\/product\/yoast-seo-wordpress\/ -->\n<title>Chuva provoca cortes de tr\u00e2nsito e condicionamentos em v\u00e1rias estradas de Sousel - Portal Tela Portugal<\/title>\n<meta name=\"robots\" content=\"index, follow, max-snippet:-1, max-image-preview:large, max-video-preview:-1\" \/>\n<meta property=\"og:locale\" content=\"pt_PT\" \/>\n<meta property=\"og:type\" content=\"article\" \/>\n<meta property=\"og:title\" content=\"Chuva provoca cortes de tr\u00e2nsito e condicionamentos em v\u00e1rias estradas de Sousel - Portal Tela Portugal\" \/>\n<meta property=\"og:description\" content=\"Chuva provoca cortes de tr\u00e2nsito em v\u00e1rias vias municipais de Sousel: EM 503 (Estrada das Romeiras), EM 538 e o Caminho Municipal 1093 (Estrada de Lisboa), com circuitos temporariamente interrompidos. A EM 507 j\u00e1 est\u00e1 aberta, mas circula-se com aten\u00e7\u00e3o junto \u00e0 entrada de Cano devido a len\u00e7\u00f3is de \u00e1gua que podem dificultar a passagem. V\u00e1rias estradas mant\u00eam circula\u00e7\u00e3o condicionada por len\u00e7\u00f3is de \u00e1gua, incluindo as EM 372, EM 3721, trajeto de Cano a Casa Branca, estrada Sousel\u2013Figueira e Barros junto ao Monte das Abertas, estrada de Santo Amaro a Fronteira e liga\u00e7\u00f5es EM 508 e Caminho Municipal 1096 (Cano\u2013Avis). Foi emitido um aviso preventivo em Santo Amaro devido ao Ribeiro do Lupe, considerando cheias hist\u00f3ricas, com recomenda\u00e7\u00f5es para evitar objetos nas margens, n\u00e3o deixar viaturas junto \u00e0s margens e monitorizar altera\u00e7\u00f5es do caudal. O munic\u00edpio acompanha a situa\u00e7\u00e3o em articula\u00e7\u00e3o com a Prote\u00e7\u00e3o Civil, atualizando informa\u00e7\u00f5es \u00e0 medida que ocorr\u00eancias ou condi\u00e7\u00f5es evoluam.\" \/>\n<meta property=\"og:url\" content=\"https:\/\/portaltela.pt\/noticias\/2026\/02\/04\/chuva-provoca-cortes-de-transito-e-condicionamentos-em-varias-estradas-de-sousel\/\" \/>\n<meta property=\"og:site_name\" content=\"Portal Tela Portugal\" \/>\n<meta property=\"article:published_time\" content=\"2026-02-05T00:08:59+00:00\" \/>\n<meta name=\"author\" content=\"Telinha\" \/>\n<meta name=\"twitter:card\" content=\"summary_large_image\" \/>\n<meta name=\"twitter:label1\" content=\"Escrito por\" \/>\n\t<meta name=\"twitter:data1\" content=\"Telinha\" \/>\n\t<meta name=\"twitter:label2\" content=\"Tempo estimado de leitura\" \/>\n\t<meta name=\"twitter:data2\" content=\"2 minutos\" \/>\n<script type=\"application\/ld+json\" class=\"yoast-schema-graph\">{\"@context\":\"https:\/\/schema.org\",\"@graph\":[{\"@type\":\"Article\",\"@id\":\"https:\/\/portaltela.pt\/noticias\/2026\/02\/04\/chuva-provoca-cortes-de-transito-e-condicionamentos-em-varias-estradas-de-sousel\/#article\",\"isPartOf\":{\"@id\":\"https:\/\/portaltela.pt\/noticias\/2026\/02\/04\/chuva-provoca-cortes-de-transito-e-condicionamentos-em-varias-estradas-de-sousel\/\"},\"author\":{\"name\":\"Telinha\",\"@id\":\"https:\/\/portaltela.pt\/#\/schema\/person\/c4278d4a6028830caff9ee44b42d32ed\"},\"headline\":\"Chuva provoca cortes de tr\u00e2nsito e condicionamentos em v\u00e1rias estradas de Sousel\",\"datePublished\":\"2026-02-05T00:08:59+00:00\",\"mainEntityOfPage\":{\"@id\":\"https:\/\/portaltela.pt\/noticias\/2026\/02\/04\/chuva-provoca-cortes-de-transito-e-condicionamentos-em-varias-estradas-de-sousel\/\"},\"wordCount\":405,\"image\":{\"@id\":\"https:\/\/portaltela.pt\/noticias\/2026\/02\/04\/chuva-provoca-cortes-de-transito-e-condicionamentos-em-varias-estradas-de-sousel\/#primaryimage\"},\"thumbnailUrl\":\"https:\/\/portaltela.pt\/s.01k8rhncp4jt1\/2026\/02\/imagem_odigital-1200-x-675-px-24-1.jpg\",\"keywords\":[\"aviso amarelo\",\"chuva\",\"condi\u00e7\u00f5es de tr\u00e2nsito\",\"estradas\",\"prote\u00e7\u00e3o civil\",\"Sousel\"],\"articleSection\":[\"Not\u00edcias\"],\"inLanguage\":\"pt-PT\"},{\"@type\":\"WebPage\",\"@id\":\"https:\/\/portaltela.pt\/noticias\/2026\/02\/04\/chuva-provoca-cortes-de-transito-e-condicionamentos-em-varias-estradas-de-sousel\/\",\"url\":\"https:\/\/portaltela.pt\/noticias\/2026\/02\/04\/chuva-provoca-cortes-de-transito-e-condicionamentos-em-varias-estradas-de-sousel\/\",\"name\":\"Chuva provoca cortes de tr\u00e2nsito e condicionamentos em v\u00e1rias estradas de Sousel - Portal Tela Portugal\",\"isPartOf\":{\"@id\":\"https:\/\/portaltela.pt\/#website\"},\"primaryImageOfPage\":{\"@id\":\"https:\/\/portaltela.pt\/noticias\/2026\/02\/04\/chuva-provoca-cortes-de-transito-e-condicionamentos-em-varias-estradas-de-sousel\/#primaryimage\"},\"image\":{\"@id\":\"https:\/\/portaltela.pt\/noticias\/2026\/02\/04\/chuva-provoca-cortes-de-transito-e-condicionamentos-em-varias-estradas-de-sousel\/#primaryimage\"},\"thumbnailUrl\":\"https:\/\/portaltela.pt\/s.01k8rhncp4jt1\/2026\/02\/imagem_odigital-1200-x-675-px-24-1.jpg\",\"datePublished\":\"2026-02-05T00:08:59+00:00\",\"author\":{\"@id\":\"https:\/\/portaltela.pt\/#\/schema\/person\/c4278d4a6028830caff9ee44b42d32ed\"},\"breadcrumb\":{\"@id\":\"https:\/\/portaltela.pt\/noticias\/2026\/02\/04\/chuva-provoca-cortes-de-transito-e-condicionamentos-em-varias-estradas-de-sousel\/#breadcrumb\"},\"inLanguage\":\"pt-PT\",\"potentialAction\":[{\"@type\":\"ReadAction\",\"target\":[\"https:\/\/portaltela.pt\/noticias\/2026\/02\/04\/chuva-provoca-cortes-de-transito-e-condicionamentos-em-varias-estradas-de-sousel\/\"]}]},{\"@type\":\"ImageObject\",\"inLanguage\":\"pt-PT\",\"@id\":\"https:\/\/portaltela.pt\/noticias\/2026\/02\/04\/chuva-provoca-cortes-de-transito-e-condicionamentos-em-varias-estradas-de-sousel\/#primaryimage\",\"url\":\"https:\/\/portaltela.pt\/s.01k8rhncp4jt1\/2026\/02\/imagem_odigital-1200-x-675-px-24-1.jpg\",\"contentUrl\":\"https:\/\/portaltela.pt\/s.01k8rhncp4jt1\/2026\/02\/imagem_odigital-1200-x-675-px-24-1.jpg\",\"width\":796,\"height\":448,\"caption\":\"Chuva provoca cortes de tr\u00e2nsito e condicionamentos em v\u00e1rias estradas do concelho de Sousel\"},{\"@type\":\"BreadcrumbList\",\"@id\":\"https:\/\/portaltela.pt\/noticias\/2026\/02\/04\/chuva-provoca-cortes-de-transito-e-condicionamentos-em-varias-estradas-de-sousel\/#breadcrumb\",\"itemListElement\":[{\"@type\":\"ListItem\",\"position\":1,\"name\":\"In\u00edcio\",\"item\":\"https:\/\/portaltela.pt\/\"},{\"@type\":\"ListItem\",\"position\":2,\"name\":\"Chuva provoca cortes de tr\u00e2nsito e condicionamentos em v\u00e1rias estradas de Sousel\"}]},{\"@type\":\"WebSite\",\"@id\":\"https:\/\/portaltela.pt\/#website\",\"url\":\"https:\/\/portaltela.pt\/\",\"name\":\"Portal Tela Portugal\",\"description\":\"\",\"potentialAction\":[{\"@type\":\"SearchAction\",\"target\":{\"@type\":\"EntryPoint\",\"urlTemplate\":\"https:\/\/portaltela.pt\/?s={search_term_string}\"},\"query-input\":{\"@type\":\"PropertyValueSpecification\",\"valueRequired\":true,\"valueName\":\"search_term_string\"}}],\"inLanguage\":\"pt-PT\"},{\"@type\":\"Person\",\"@id\":\"https:\/\/portaltela.pt\/#\/schema\/person\/c4278d4a6028830caff9ee44b42d32ed\",\"name\":\"Telinha\",\"image\":{\"@type\":\"ImageObject\",\"inLanguage\":\"pt-PT\",\"@id\":\"https:\/\/portaltela.pt\/s.01k8rhncp4jt1\/2025\/11\/talking-bot-125x125.png\",\"url\":\"https:\/\/portaltela.pt\/s.01k8rhncp4jt1\/2025\/11\/talking-bot-125x125.png\",\"contentUrl\":\"https:\/\/portaltela.pt\/s.01k8rhncp4jt1\/2025\/11\/talking-bot-125x125.png\",\"caption\":\"Telinha\"},\"sameAs\":[\"https:\/\/portaltela.pt\/\"],\"url\":\"https:\/\/portaltela.pt\/por\/367410592786\/\"}]}<\/script>\n<!-- \/ Yoast SEO plugin. -->","yoast_head_json":{"title":"Chuva provoca cortes de tr\u00e2nsito e condicionamentos em v\u00e1rias estradas de Sousel - Portal Tela Portugal","robots":{"index":"index","follow":"follow","max-snippet":"max-snippet:-1","max-image-preview":"max-image-preview:large","max-video-preview":"max-video-preview:-1"},"og_locale":"pt_PT","og_type":"article","og_title":"Chuva provoca cortes de tr\u00e2nsito e condicionamentos em v\u00e1rias estradas de Sousel - Portal Tela Portugal","og_description":"Chuva provoca cortes de tr\u00e2nsito em v\u00e1rias vias municipais de Sousel: EM 503 (Estrada das Romeiras), EM 538 e o Caminho Municipal 1093 (Estrada de Lisboa), com circuitos temporariamente interrompidos. A EM 507 j\u00e1 est\u00e1 aberta, mas circula-se com aten\u00e7\u00e3o junto \u00e0 entrada de Cano devido a len\u00e7\u00f3is de \u00e1gua que podem dificultar a passagem. V\u00e1rias estradas mant\u00eam circula\u00e7\u00e3o condicionada por len\u00e7\u00f3is de \u00e1gua, incluindo as EM 372, EM 3721, trajeto de Cano a Casa Branca, estrada Sousel\u2013Figueira e Barros junto ao Monte das Abertas, estrada de Santo Amaro a Fronteira e liga\u00e7\u00f5es EM 508 e Caminho Municipal 1096 (Cano\u2013Avis). Foi emitido um aviso preventivo em Santo Amaro devido ao Ribeiro do Lupe, considerando cheias hist\u00f3ricas, com recomenda\u00e7\u00f5es para evitar objetos nas margens, n\u00e3o deixar viaturas junto \u00e0s margens e monitorizar altera\u00e7\u00f5es do caudal. O munic\u00edpio acompanha a situa\u00e7\u00e3o em articula\u00e7\u00e3o com a Prote\u00e7\u00e3o Civil, atualizando informa\u00e7\u00f5es \u00e0 medida que ocorr\u00eancias ou condi\u00e7\u00f5es evoluam.","og_url":"https:\/\/portaltela.pt\/noticias\/2026\/02\/04\/chuva-provoca-cortes-de-transito-e-condicionamentos-em-varias-estradas-de-sousel\/","og_site_name":"Portal Tela Portugal","article_published_time":"2026-02-05T00:08:59+00:00","author":"Telinha","twitter_card":"summary_large_image","twitter_misc":{"Escrito por":"Telinha","Tempo estimado de leitura":"2 minutos"},"schema":{"@context":"https:\/\/schema.org","@graph":[{"@type":"Article","@id":"https:\/\/portaltela.pt\/noticias\/2026\/02\/04\/chuva-provoca-cortes-de-transito-e-condicionamentos-em-varias-estradas-de-sousel\/#article","isPartOf":{"@id":"https:\/\/portaltela.pt\/noticias\/2026\/02\/04\/chuva-provoca-cortes-de-transito-e-condicionamentos-em-varias-estradas-de-sousel\/"},"author":{"name":"Telinha","@id":"https:\/\/portaltela.pt\/#\/schema\/person\/c4278d4a6028830caff9ee44b42d32ed"},"headline":"Chuva provoca cortes de tr\u00e2nsito e condicionamentos em v\u00e1rias estradas de Sousel","datePublished":"2026-02-05T00:08:59+00:00","mainEntityOfPage":{"@id":"https:\/\/portaltela.pt\/noticias\/2026\/02\/04\/chuva-provoca-cortes-de-transito-e-condicionamentos-em-varias-estradas-de-sousel\/"},"wordCount":405,"image":{"@id":"https:\/\/portaltela.pt\/noticias\/2026\/02\/04\/chuva-provoca-cortes-de-transito-e-condicionamentos-em-varias-estradas-de-sousel\/#primaryimage"},"thumbnailUrl":"https:\/\/portaltela.pt\/s.01k8rhncp4jt1\/2026\/02\/imagem_odigital-1200-x-675-px-24-1.jpg","keywords":["aviso amarelo","chuva","condi\u00e7\u00f5es de tr\u00e2nsito","estradas","prote\u00e7\u00e3o civil","Sousel"],"articleSection":["Not\u00edcias"],"inLanguage":"pt-PT"},{"@type":"WebPage","@id":"https:\/\/portaltela.pt\/noticias\/2026\/02\/04\/chuva-provoca-cortes-de-transito-e-condicionamentos-em-varias-estradas-de-sousel\/","url":"https:\/\/portaltela.pt\/noticias\/2026\/02\/04\/chuva-provoca-cortes-de-transito-e-condicionamentos-em-varias-estradas-de-sousel\/","name":"Chuva provoca cortes de tr\u00e2nsito e condicionamentos em v\u00e1rias estradas de Sousel - Portal Tela Portugal","isPartOf":{"@id":"https:\/\/portaltela.pt\/#website"},"primaryImageOfPage":{"@id":"https:\/\/portaltela.pt\/noticias\/2026\/02\/04\/chuva-provoca-cortes-de-transito-e-condicionamentos-em-varias-estradas-de-sousel\/#primaryimage"},"image":{"@id":"https:\/\/portaltela.pt\/noticias\/2026\/02\/04\/chuva-provoca-cortes-de-transito-e-condicionamentos-em-varias-estradas-de-sousel\/#primaryimage"},"thumbnailUrl":"https:\/\/portaltela.pt\/s.01k8rhncp4jt1\/2026\/02\/imagem_odigital-1200-x-675-px-24-1.jpg","datePublished":"2026-02-05T00:08:59+00:00","author":{"@id":"https:\/\/portaltela.pt\/#\/schema\/person\/c4278d4a6028830caff9ee44b42d32ed"},"breadcrumb":{"@id":"https:\/\/portaltela.pt\/noticias\/2026\/02\/04\/chuva-provoca-cortes-de-transito-e-condicionamentos-em-varias-estradas-de-sousel\/#breadcrumb"},"inLanguage":"pt-PT","potentialAction":[{"@type":"ReadAction","target":["https:\/\/portaltela.pt\/noticias\/2026\/02\/04\/chuva-provoca-cortes-de-transito-e-condicionamentos-em-varias-estradas-de-sousel\/"]}]},{"@type":"ImageObject","inLanguage":"pt-PT","@id":"https:\/\/portaltela.pt\/noticias\/2026\/02\/04\/chuva-provoca-cortes-de-transito-e-condicionamentos-em-varias-estradas-de-sousel\/#primaryimage","url":"https:\/\/portaltela.pt\/s.01k8rhncp4jt1\/2026\/02\/imagem_odigital-1200-x-675-px-24-1.jpg","contentUrl":"https:\/\/portaltela.pt\/s.01k8rhncp4jt1\/2026\/02\/imagem_odigital-1200-x-675-px-24-1.jpg","width":796,"height":448,"caption":"Chuva provoca cortes de tr\u00e2nsito e condicionamentos em v\u00e1rias estradas do concelho de Sousel"},{"@type":"BreadcrumbList","@id":"https:\/\/portaltela.pt\/noticias\/2026\/02\/04\/chuva-provoca-cortes-de-transito-e-condicionamentos-em-varias-estradas-de-sousel\/#breadcrumb","itemListElement":[{"@type":"ListItem","position":1,"name":"In\u00edcio","item":"https:\/\/portaltela.pt\/"},{"@type":"ListItem","position":2,"name":"Chuva provoca cortes de tr\u00e2nsito e condicionamentos em v\u00e1rias estradas de Sousel"}]},{"@type":"WebSite","@id":"https:\/\/portaltela.pt\/#website","url":"https:\/\/portaltela.pt\/","name":"Portal Tela Portugal","description":"","potentialAction":[{"@type":"SearchAction","target":{"@type":"EntryPoint","urlTemplate":"https:\/\/portaltela.pt\/?s={search_term_string}"},"query-input":{"@type":"PropertyValueSpecification","valueRequired":true,"valueName":"search_term_string"}}],"inLanguage":"pt-PT"},{"@type":"Person","@id":"https:\/\/portaltela.pt\/#\/schema\/person\/c4278d4a6028830caff9ee44b42d32ed","name":"Telinha","image":{"@type":"ImageObject","inLanguage":"pt-PT","@id":"https:\/\/portaltela.pt\/s.01k8rhncp4jt1\/2025\/11\/talking-bot-125x125.png","url":"https:\/\/portaltela.pt\/s.01k8rhncp4jt1\/2025\/11\/talking-bot-125x125.png","contentUrl":"https:\/\/portaltela.pt\/s.01k8rhncp4jt1\/2025\/11\/talking-bot-125x125.png","caption":"Telinha"},"sameAs":["https:\/\/portaltela.pt\/"],"url":"https:\/\/portaltela.pt\/por\/367410592786\/"}]}},"_links":{"self":[{"href":"https:\/\/portaltela.pt\/api\/wp\/v2\/posts\/198557","targetHints":{"allow":["GET"]}}],"collection":[{"href":"https:\/\/portaltela.pt\/api\/wp\/v2\/posts"}],"about":[{"href":"https:\/\/portaltela.pt\/api\/wp\/v2\/types\/post"}],"author":[{"embeddable":true,"href":"https:\/\/portaltela.pt\/api\/wp\/v2\/users\/2"}],"replies":[{"embeddable":true,"href":"https:\/\/portaltela.pt\/api\/wp\/v2\/comments?post=198557"}],"version-history":[{"count":0,"href":"https:\/\/portaltela.pt\/api\/wp\/v2\/posts\/198557\/revisions"}],"wp:featuredmedia":[{"embeddable":true,"href":"https:\/\/portaltela.pt\/api\/wp\/v2\/media\/198572"}],"wp:attachment":[{"href":"https:\/\/portaltela.pt\/api\/wp\/v2\/media?parent=198557"}],"wp:term":[{"taxonomy":"category","embeddable":true,"href":"https:\/\/portaltela.pt\/api\/wp\/v2\/categories?post=198557"},{"taxonomy":"post_tag","embeddable":true,"href":"https:\/\/portaltela.pt\/api\/wp\/v2\/tags?post=198557"}],"curies":[{"name":"wp","href":"https:\/\/api.w.org\/{rel}","templated":true}]}}