{"id":198497,"date":"2026-02-04T20:39:16","date_gmt":"2026-02-04T23:39:16","guid":{"rendered":"https:\/\/portaltela.pt\/noticias\/2026\/02\/04\/reclusos-de-leiria-e-castelo-branco-ajudam-obras-em-cadeias-afetadas-por-kristin\/"},"modified":"2026-02-04T20:39:16","modified_gmt":"2026-02-04T23:39:16","slug":"reclusos-de-leiria-e-castelo-branco-ajudam-obras-em-cadeias-afetadas-por-kristin","status":"publish","type":"post","link":"https:\/\/portaltela.pt\/noticias\/2026\/02\/04\/reclusos-de-leiria-e-castelo-branco-ajudam-obras-em-cadeias-afetadas-por-kristin\/","title":{"rendered":"Reclusos de Leiria e Castelo Branco ajudam obras em cadeias afetadas por Kristin"},"content":{"rendered":"<p>O Minist\u00e9rio da Justi\u00e7a (MJ) informou que, devido \u00e0 depress\u00e3o Kristin, os reclusos das cadeias de Leiria e Castelo Branco t\u00eam ajudado nas obras de recupera\u00e7\u00e3o desde a primeira hora. As pris\u00f5es n\u00e3o registaram cela inabit\u00e1vel e o contacto com familiares foi mantido, apesar dos constrangimentos.<\/p>\n<p>Segundo o MJ, o levantamento dos estragos nos tribunais servir\u00e1 para orientar repara\u00e7\u00f5es nas comarcas afetadas. Em zonas mais atingidas, ser\u00e3o celebrados contratos interadministrativos com os munic\u00edpios de Alvai\u00e1zere, Condeixa-a-Nova, Oliveira do Hospital, Ourique e Serpa.<\/p>\n<p>As equipas do IGFEJ e da DGAJ conclu\u00edram visitas a todas as comarcas com preju\u00edzos. Onde for necess\u00e1rio, interv\u00e9m o IGFEJ para repor a normalidade, com planeamento baseado no risco e tipologias de emerg\u00eancia, corretiva ou estrutural.<\/p>\n<p>O minist\u00e9rio disse que as equipas monitorizam diariamente as comarcas afetadas e j\u00e1 existe um cronograma de interven\u00e7\u00f5es, com estimativas de custo. Novas desloca\u00e7\u00f5es est\u00e3o previstas para Beja, Serpa e Odemira.<\/p>\n<p>Recorde-se que a depress\u00e3o Kristin, h\u00e1 uma semana, provocou mortes, danos materiais generalizados e cortes em transportes, energia, \u00e1gua e comunica\u00e7\u00f5es. O Governo decretou calamidade at\u00e9 domingo para 68 concelhos e anunciou apoio de at\u00e9 2,5 mil milh\u00f5es de euros.<\/p>\n<h3>Interven\u00e7\u00f5es e planos de a\u00e7\u00e3o<\/h3>\n<p>Equipas t\u00e9cnicas seguem a avaliar danos e coordena\u00e7\u00e3o entre entidades. A participa\u00e7\u00e3o dos reclusos \u00e9 descrita pelo MJ como uma resposta r\u00e1pida e prolongada \u00e0 recupera\u00e7\u00e3o das instala\u00e7\u00f5es.<\/p>\n","protected":false},"excerpt":{"rendered":"<ul>\n<li>Os reclusos das cadeias de Leiria e Castelo Branco ajudam nas obras das pris\u00f5es afetadas pela depress\u00e3o Kristin desde a primeira hora, segundo o Minist\u00e9rio da Justi\u00e7a.<\/li>\n<li>Apesar dos estragos, nenhuma cela ficou inabit\u00e1vel e os contactos com as fam\u00edlias foram mantidos, mesmo com constrangimentos causados pelas tempestades.<\/li>\n<li>O MJ realizou um levantamento dos estragos nos tribunais do pa\u00eds e prev\u00ea contratos interadministrativos com os munic\u00edpios de Alvai\u00e1zere, Condeixa-a-Nova, Oliveira do Hospital, Ourique e Serpa para as zonas mais afetadas.<\/li>\n<li>Em outras situa\u00e7\u00f5es, o Instituto de Gest\u00e3o Financeira e Equipamentos da Justi\u00e7a interv\u00e9m diretamente para restabelecer a normalidade; o planeamento prev\u00ea interven\u00e7\u00f5es com base no risco, custos estimados e cronograma faseado.<\/li>\n<li>As equipas t\u00e9cnicas v\u00e3o continuar a inspecionar outras regi\u00f5es, com desloca\u00e7\u00f5es previstas \u00e0 Comarca de Beja, aos Pal\u00e1cios de Justi\u00e7a de Serpa e de Odemira, numa resposta \u00e0 depress\u00e3o Kristin que j\u00e1 causou impacto significativo no Centro do pa\u00eds.<\/li>\n<\/ul>\n","protected":false},"author":2,"featured_media":198503,"comment_status":"closed","ping_status":"closed","sticky":false,"template":"","format":"standard","meta":{"footnotes":""},"categories":[1],"tags":[4687,1112,1385,1648,2014,3120],"class_list":["post-198497","post","type-post","status-publish","format-standard","has-post-thumbnail","hentry","category-noticias","tag-calamidade-publica","tag-castelo-branco","tag-leiria","tag-odemira","tag-ourique","tag-serpa"],"yoast_head":"<!-- This site is optimized with the Yoast SEO plugin v27.2 - https:\/\/yoast.com\/product\/yoast-seo-wordpress\/ -->\n<title>Reclusos de Leiria e Castelo Branco ajudam obras em cadeias afetadas por Kristin - Portal Tela Portugal<\/title>\n<meta name=\"robots\" content=\"index, follow, max-snippet:-1, max-image-preview:large, max-video-preview:-1\" \/>\n<meta property=\"og:locale\" content=\"pt_PT\" \/>\n<meta property=\"og:type\" content=\"article\" \/>\n<meta property=\"og:title\" content=\"Reclusos de Leiria e Castelo Branco ajudam obras em cadeias afetadas por Kristin - Portal Tela Portugal\" \/>\n<meta property=\"og:description\" content=\"Os reclusos das cadeias de Leiria e Castelo Branco ajudam nas obras das pris\u00f5es afetadas pela depress\u00e3o Kristin desde a primeira hora, segundo o Minist\u00e9rio da Justi\u00e7a. Apesar dos estragos, nenhuma cela ficou inabit\u00e1vel e os contactos com as fam\u00edlias foram mantidos, mesmo com constrangimentos causados pelas tempestades. O MJ realizou um levantamento dos estragos nos tribunais do pa\u00eds e prev\u00ea contratos interadministrativos com os munic\u00edpios de Alvai\u00e1zere, Condeixa-a-Nova, Oliveira do Hospital, Ourique e Serpa para as zonas mais afetadas. Em outras situa\u00e7\u00f5es, o Instituto de Gest\u00e3o Financeira e Equipamentos da Justi\u00e7a interv\u00e9m diretamente para restabelecer a normalidade; o planeamento prev\u00ea interven\u00e7\u00f5es com base no risco, custos estimados e cronograma faseado. As equipas t\u00e9cnicas v\u00e3o continuar a inspecionar outras regi\u00f5es, com desloca\u00e7\u00f5es previstas \u00e0 Comarca de Beja, aos Pal\u00e1cios de Justi\u00e7a de Serpa e de Odemira, numa resposta \u00e0 depress\u00e3o Kristin que j\u00e1 causou impacto significativo no Centro do pa\u00eds.\" \/>\n<meta property=\"og:url\" content=\"https:\/\/portaltela.pt\/noticias\/2026\/02\/04\/reclusos-de-leiria-e-castelo-branco-ajudam-obras-em-cadeias-afetadas-por-kristin\/\" \/>\n<meta property=\"og:site_name\" content=\"Portal Tela Portugal\" \/>\n<meta property=\"article:published_time\" content=\"2026-02-04T23:39:16+00:00\" \/>\n<meta name=\"author\" content=\"Telinha\" \/>\n<meta name=\"twitter:card\" content=\"summary_large_image\" \/>\n<meta name=\"twitter:label1\" content=\"Escrito por\" \/>\n\t<meta name=\"twitter:data1\" content=\"Telinha\" \/>\n\t<meta name=\"twitter:label2\" content=\"Tempo estimado de leitura\" \/>\n\t<meta name=\"twitter:data2\" content=\"1 minuto\" \/>\n<script type=\"application\/ld+json\" class=\"yoast-schema-graph\">{\"@context\":\"https:\/\/schema.org\",\"@graph\":[{\"@type\":\"Article\",\"@id\":\"https:\/\/portaltela.pt\/noticias\/2026\/02\/04\/reclusos-de-leiria-e-castelo-branco-ajudam-obras-em-cadeias-afetadas-por-kristin\/#article\",\"isPartOf\":{\"@id\":\"https:\/\/portaltela.pt\/noticias\/2026\/02\/04\/reclusos-de-leiria-e-castelo-branco-ajudam-obras-em-cadeias-afetadas-por-kristin\/\"},\"author\":{\"name\":\"Telinha\",\"@id\":\"https:\/\/portaltela.pt\/#\/schema\/person\/c4278d4a6028830caff9ee44b42d32ed\"},\"headline\":\"Reclusos de Leiria e Castelo Branco ajudam obras em cadeias afetadas por Kristin\",\"datePublished\":\"2026-02-04T23:39:16+00:00\",\"mainEntityOfPage\":{\"@id\":\"https:\/\/portaltela.pt\/noticias\/2026\/02\/04\/reclusos-de-leiria-e-castelo-branco-ajudam-obras-em-cadeias-afetadas-por-kristin\/\"},\"wordCount\":263,\"image\":{\"@id\":\"https:\/\/portaltela.pt\/noticias\/2026\/02\/04\/reclusos-de-leiria-e-castelo-branco-ajudam-obras-em-cadeias-afetadas-por-kristin\/#primaryimage\"},\"thumbnailUrl\":\"https:\/\/portaltela.pt\/s.01k8rhncp4jt1\/2026\/02\/img_1500x1000uu2021-08-20-21-43-31-1072804.jpg\",\"keywords\":[\"calamidade p\u00fablica\",\"Castelo Branco\",\"Leiria\",\"Odemira\",\"Ourique\",\"Serpa\"],\"articleSection\":[\"Not\u00edcias\"],\"inLanguage\":\"pt-PT\"},{\"@type\":\"WebPage\",\"@id\":\"https:\/\/portaltela.pt\/noticias\/2026\/02\/04\/reclusos-de-leiria-e-castelo-branco-ajudam-obras-em-cadeias-afetadas-por-kristin\/\",\"url\":\"https:\/\/portaltela.pt\/noticias\/2026\/02\/04\/reclusos-de-leiria-e-castelo-branco-ajudam-obras-em-cadeias-afetadas-por-kristin\/\",\"name\":\"Reclusos de Leiria e Castelo Branco ajudam obras em cadeias afetadas por Kristin - Portal Tela Portugal\",\"isPartOf\":{\"@id\":\"https:\/\/portaltela.pt\/#website\"},\"primaryImageOfPage\":{\"@id\":\"https:\/\/portaltela.pt\/noticias\/2026\/02\/04\/reclusos-de-leiria-e-castelo-branco-ajudam-obras-em-cadeias-afetadas-por-kristin\/#primaryimage\"},\"image\":{\"@id\":\"https:\/\/portaltela.pt\/noticias\/2026\/02\/04\/reclusos-de-leiria-e-castelo-branco-ajudam-obras-em-cadeias-afetadas-por-kristin\/#primaryimage\"},\"thumbnailUrl\":\"https:\/\/portaltela.pt\/s.01k8rhncp4jt1\/2026\/02\/img_1500x1000uu2021-08-20-21-43-31-1072804.jpg\",\"datePublished\":\"2026-02-04T23:39:16+00:00\",\"author\":{\"@id\":\"https:\/\/portaltela.pt\/#\/schema\/person\/c4278d4a6028830caff9ee44b42d32ed\"},\"breadcrumb\":{\"@id\":\"https:\/\/portaltela.pt\/noticias\/2026\/02\/04\/reclusos-de-leiria-e-castelo-branco-ajudam-obras-em-cadeias-afetadas-por-kristin\/#breadcrumb\"},\"inLanguage\":\"pt-PT\",\"potentialAction\":[{\"@type\":\"ReadAction\",\"target\":[\"https:\/\/portaltela.pt\/noticias\/2026\/02\/04\/reclusos-de-leiria-e-castelo-branco-ajudam-obras-em-cadeias-afetadas-por-kristin\/\"]}]},{\"@type\":\"ImageObject\",\"inLanguage\":\"pt-PT\",\"@id\":\"https:\/\/portaltela.pt\/noticias\/2026\/02\/04\/reclusos-de-leiria-e-castelo-branco-ajudam-obras-em-cadeias-afetadas-por-kristin\/#primaryimage\",\"url\":\"https:\/\/portaltela.pt\/s.01k8rhncp4jt1\/2026\/02\/img_1500x1000uu2021-08-20-21-43-31-1072804.jpg\",\"contentUrl\":\"https:\/\/portaltela.pt\/s.01k8rhncp4jt1\/2026\/02\/img_1500x1000uu2021-08-20-21-43-31-1072804.jpg\",\"width\":796,\"height\":448,\"caption\":\"Cadeia de Castelo Branco\"},{\"@type\":\"BreadcrumbList\",\"@id\":\"https:\/\/portaltela.pt\/noticias\/2026\/02\/04\/reclusos-de-leiria-e-castelo-branco-ajudam-obras-em-cadeias-afetadas-por-kristin\/#breadcrumb\",\"itemListElement\":[{\"@type\":\"ListItem\",\"position\":1,\"name\":\"In\u00edcio\",\"item\":\"https:\/\/portaltela.pt\/\"},{\"@type\":\"ListItem\",\"position\":2,\"name\":\"Reclusos de Leiria e Castelo Branco ajudam obras em cadeias afetadas por Kristin\"}]},{\"@type\":\"WebSite\",\"@id\":\"https:\/\/portaltela.pt\/#website\",\"url\":\"https:\/\/portaltela.pt\/\",\"name\":\"Portal Tela Portugal\",\"description\":\"\",\"potentialAction\":[{\"@type\":\"SearchAction\",\"target\":{\"@type\":\"EntryPoint\",\"urlTemplate\":\"https:\/\/portaltela.pt\/?s={search_term_string}\"},\"query-input\":{\"@type\":\"PropertyValueSpecification\",\"valueRequired\":true,\"valueName\":\"search_term_string\"}}],\"inLanguage\":\"pt-PT\"},{\"@type\":\"Person\",\"@id\":\"https:\/\/portaltela.pt\/#\/schema\/person\/c4278d4a6028830caff9ee44b42d32ed\",\"name\":\"Telinha\",\"image\":{\"@type\":\"ImageObject\",\"inLanguage\":\"pt-PT\",\"@id\":\"https:\/\/portaltela.pt\/s.01k8rhncp4jt1\/2025\/11\/talking-bot-125x125.png\",\"url\":\"https:\/\/portaltela.pt\/s.01k8rhncp4jt1\/2025\/11\/talking-bot-125x125.png\",\"contentUrl\":\"https:\/\/portaltela.pt\/s.01k8rhncp4jt1\/2025\/11\/talking-bot-125x125.png\",\"caption\":\"Telinha\"},\"sameAs\":[\"https:\/\/portaltela.pt\/\"],\"url\":\"https:\/\/portaltela.pt\/por\/367410592786\/\"}]}<\/script>\n<!-- \/ Yoast SEO plugin. -->","yoast_head_json":{"title":"Reclusos de Leiria e Castelo Branco ajudam obras em cadeias afetadas por Kristin - Portal Tela Portugal","robots":{"index":"index","follow":"follow","max-snippet":"max-snippet:-1","max-image-preview":"max-image-preview:large","max-video-preview":"max-video-preview:-1"},"og_locale":"pt_PT","og_type":"article","og_title":"Reclusos de Leiria e Castelo Branco ajudam obras em cadeias afetadas por Kristin - Portal Tela Portugal","og_description":"Os reclusos das cadeias de Leiria e Castelo Branco ajudam nas obras das pris\u00f5es afetadas pela depress\u00e3o Kristin desde a primeira hora, segundo o Minist\u00e9rio da Justi\u00e7a. Apesar dos estragos, nenhuma cela ficou inabit\u00e1vel e os contactos com as fam\u00edlias foram mantidos, mesmo com constrangimentos causados pelas tempestades. O MJ realizou um levantamento dos estragos nos tribunais do pa\u00eds e prev\u00ea contratos interadministrativos com os munic\u00edpios de Alvai\u00e1zere, Condeixa-a-Nova, Oliveira do Hospital, Ourique e Serpa para as zonas mais afetadas. Em outras situa\u00e7\u00f5es, o Instituto de Gest\u00e3o Financeira e Equipamentos da Justi\u00e7a interv\u00e9m diretamente para restabelecer a normalidade; o planeamento prev\u00ea interven\u00e7\u00f5es com base no risco, custos estimados e cronograma faseado. As equipas t\u00e9cnicas v\u00e3o continuar a inspecionar outras regi\u00f5es, com desloca\u00e7\u00f5es previstas \u00e0 Comarca de Beja, aos Pal\u00e1cios de Justi\u00e7a de Serpa e de Odemira, numa resposta \u00e0 depress\u00e3o Kristin que j\u00e1 causou impacto significativo no Centro do pa\u00eds.","og_url":"https:\/\/portaltela.pt\/noticias\/2026\/02\/04\/reclusos-de-leiria-e-castelo-branco-ajudam-obras-em-cadeias-afetadas-por-kristin\/","og_site_name":"Portal Tela Portugal","article_published_time":"2026-02-04T23:39:16+00:00","author":"Telinha","twitter_card":"summary_large_image","twitter_misc":{"Escrito por":"Telinha","Tempo estimado de leitura":"1 minuto"},"schema":{"@context":"https:\/\/schema.org","@graph":[{"@type":"Article","@id":"https:\/\/portaltela.pt\/noticias\/2026\/02\/04\/reclusos-de-leiria-e-castelo-branco-ajudam-obras-em-cadeias-afetadas-por-kristin\/#article","isPartOf":{"@id":"https:\/\/portaltela.pt\/noticias\/2026\/02\/04\/reclusos-de-leiria-e-castelo-branco-ajudam-obras-em-cadeias-afetadas-por-kristin\/"},"author":{"name":"Telinha","@id":"https:\/\/portaltela.pt\/#\/schema\/person\/c4278d4a6028830caff9ee44b42d32ed"},"headline":"Reclusos de Leiria e Castelo Branco ajudam obras em cadeias afetadas por Kristin","datePublished":"2026-02-04T23:39:16+00:00","mainEntityOfPage":{"@id":"https:\/\/portaltela.pt\/noticias\/2026\/02\/04\/reclusos-de-leiria-e-castelo-branco-ajudam-obras-em-cadeias-afetadas-por-kristin\/"},"wordCount":263,"image":{"@id":"https:\/\/portaltela.pt\/noticias\/2026\/02\/04\/reclusos-de-leiria-e-castelo-branco-ajudam-obras-em-cadeias-afetadas-por-kristin\/#primaryimage"},"thumbnailUrl":"https:\/\/portaltela.pt\/s.01k8rhncp4jt1\/2026\/02\/img_1500x1000uu2021-08-20-21-43-31-1072804.jpg","keywords":["calamidade p\u00fablica","Castelo Branco","Leiria","Odemira","Ourique","Serpa"],"articleSection":["Not\u00edcias"],"inLanguage":"pt-PT"},{"@type":"WebPage","@id":"https:\/\/portaltela.pt\/noticias\/2026\/02\/04\/reclusos-de-leiria-e-castelo-branco-ajudam-obras-em-cadeias-afetadas-por-kristin\/","url":"https:\/\/portaltela.pt\/noticias\/2026\/02\/04\/reclusos-de-leiria-e-castelo-branco-ajudam-obras-em-cadeias-afetadas-por-kristin\/","name":"Reclusos de Leiria e Castelo Branco ajudam obras em cadeias afetadas por Kristin - Portal Tela Portugal","isPartOf":{"@id":"https:\/\/portaltela.pt\/#website"},"primaryImageOfPage":{"@id":"https:\/\/portaltela.pt\/noticias\/2026\/02\/04\/reclusos-de-leiria-e-castelo-branco-ajudam-obras-em-cadeias-afetadas-por-kristin\/#primaryimage"},"image":{"@id":"https:\/\/portaltela.pt\/noticias\/2026\/02\/04\/reclusos-de-leiria-e-castelo-branco-ajudam-obras-em-cadeias-afetadas-por-kristin\/#primaryimage"},"thumbnailUrl":"https:\/\/portaltela.pt\/s.01k8rhncp4jt1\/2026\/02\/img_1500x1000uu2021-08-20-21-43-31-1072804.jpg","datePublished":"2026-02-04T23:39:16+00:00","author":{"@id":"https:\/\/portaltela.pt\/#\/schema\/person\/c4278d4a6028830caff9ee44b42d32ed"},"breadcrumb":{"@id":"https:\/\/portaltela.pt\/noticias\/2026\/02\/04\/reclusos-de-leiria-e-castelo-branco-ajudam-obras-em-cadeias-afetadas-por-kristin\/#breadcrumb"},"inLanguage":"pt-PT","potentialAction":[{"@type":"ReadAction","target":["https:\/\/portaltela.pt\/noticias\/2026\/02\/04\/reclusos-de-leiria-e-castelo-branco-ajudam-obras-em-cadeias-afetadas-por-kristin\/"]}]},{"@type":"ImageObject","inLanguage":"pt-PT","@id":"https:\/\/portaltela.pt\/noticias\/2026\/02\/04\/reclusos-de-leiria-e-castelo-branco-ajudam-obras-em-cadeias-afetadas-por-kristin\/#primaryimage","url":"https:\/\/portaltela.pt\/s.01k8rhncp4jt1\/2026\/02\/img_1500x1000uu2021-08-20-21-43-31-1072804.jpg","contentUrl":"https:\/\/portaltela.pt\/s.01k8rhncp4jt1\/2026\/02\/img_1500x1000uu2021-08-20-21-43-31-1072804.jpg","width":796,"height":448,"caption":"Cadeia de Castelo Branco"},{"@type":"BreadcrumbList","@id":"https:\/\/portaltela.pt\/noticias\/2026\/02\/04\/reclusos-de-leiria-e-castelo-branco-ajudam-obras-em-cadeias-afetadas-por-kristin\/#breadcrumb","itemListElement":[{"@type":"ListItem","position":1,"name":"In\u00edcio","item":"https:\/\/portaltela.pt\/"},{"@type":"ListItem","position":2,"name":"Reclusos de Leiria e Castelo Branco ajudam obras em cadeias afetadas por Kristin"}]},{"@type":"WebSite","@id":"https:\/\/portaltela.pt\/#website","url":"https:\/\/portaltela.pt\/","name":"Portal Tela Portugal","description":"","potentialAction":[{"@type":"SearchAction","target":{"@type":"EntryPoint","urlTemplate":"https:\/\/portaltela.pt\/?s={search_term_string}"},"query-input":{"@type":"PropertyValueSpecification","valueRequired":true,"valueName":"search_term_string"}}],"inLanguage":"pt-PT"},{"@type":"Person","@id":"https:\/\/portaltela.pt\/#\/schema\/person\/c4278d4a6028830caff9ee44b42d32ed","name":"Telinha","image":{"@type":"ImageObject","inLanguage":"pt-PT","@id":"https:\/\/portaltela.pt\/s.01k8rhncp4jt1\/2025\/11\/talking-bot-125x125.png","url":"https:\/\/portaltela.pt\/s.01k8rhncp4jt1\/2025\/11\/talking-bot-125x125.png","contentUrl":"https:\/\/portaltela.pt\/s.01k8rhncp4jt1\/2025\/11\/talking-bot-125x125.png","caption":"Telinha"},"sameAs":["https:\/\/portaltela.pt\/"],"url":"https:\/\/portaltela.pt\/por\/367410592786\/"}]}},"_links":{"self":[{"href":"https:\/\/portaltela.pt\/api\/wp\/v2\/posts\/198497","targetHints":{"allow":["GET"]}}],"collection":[{"href":"https:\/\/portaltela.pt\/api\/wp\/v2\/posts"}],"about":[{"href":"https:\/\/portaltela.pt\/api\/wp\/v2\/types\/post"}],"author":[{"embeddable":true,"href":"https:\/\/portaltela.pt\/api\/wp\/v2\/users\/2"}],"replies":[{"embeddable":true,"href":"https:\/\/portaltela.pt\/api\/wp\/v2\/comments?post=198497"}],"version-history":[{"count":0,"href":"https:\/\/portaltela.pt\/api\/wp\/v2\/posts\/198497\/revisions"}],"wp:featuredmedia":[{"embeddable":true,"href":"https:\/\/portaltela.pt\/api\/wp\/v2\/media\/198503"}],"wp:attachment":[{"href":"https:\/\/portaltela.pt\/api\/wp\/v2\/media?parent=198497"}],"wp:term":[{"taxonomy":"category","embeddable":true,"href":"https:\/\/portaltela.pt\/api\/wp\/v2\/categories?post=198497"},{"taxonomy":"post_tag","embeddable":true,"href":"https:\/\/portaltela.pt\/api\/wp\/v2\/tags?post=198497"}],"curies":[{"name":"wp","href":"https:\/\/api.w.org\/{rel}","templated":true}]}}