{"id":198429,"date":"2026-02-04T20:06:45","date_gmt":"2026-02-04T23:06:45","guid":{"rendered":"https:\/\/portaltela.pt\/noticias\/2026\/02\/04\/estradas-condicionadas-ao-transito-em-monforte-e-arronches\/"},"modified":"2026-02-04T20:06:45","modified_gmt":"2026-02-04T23:06:45","slug":"estradas-condicionadas-ao-transito-em-monforte-e-arronches","status":"publish","type":"post","link":"https:\/\/portaltela.pt\/noticias\/2026\/02\/04\/estradas-condicionadas-ao-transito-em-monforte-e-arronches\/","title":{"rendered":"Estradas condicionadas ao tr\u00e2nsito em Monforte e Arronches"},"content":{"rendered":"<p>A Estrada Municipal EM 372, no tro\u00e7o entre Santo Aleixo e Veiros, foi reaberta ao tr\u00e2nsito ap\u00f3s nova avalia\u00e7\u00e3o das condi\u00e7\u00f5es de circula\u00e7\u00e3o. O Munic\u00edpio de Monforte informou que a via est\u00e1 em regime de tr\u00e2nsito condicionado, com limita\u00e7\u00f5es ainda em vigor.<\/p>\n<p>A autarquia sublinha a necessidade de condu\u00e7\u00e3o com m\u00e1xima aten\u00e7\u00e3o e prud\u00eancia, dada a forma\u00e7\u00e3o de len\u00e7\u00f3is de \u00e1gua ao longo da via. Os condutores s\u00e3o lembrados de cumprir a sinaliza\u00e7\u00e3o existente, dada a persist\u00eancia de cuidados acrescidos.<\/p>\n<p>A EM 372 ficou reaberta, mas mant\u00e9m restri\u00e7\u00f5es para assegurar a seguran\u00e7a de quem circula na \u00e1rea. A avalia\u00e7\u00e3o foi realizada pela autarquia local, que atualizou a decis\u00e3o de circula\u00e7\u00e3o.<\/p>\n<h3>Circula\u00e7\u00e3o condicionada e apelo \u00e0 prud\u00eancia<\/h3>\n<p>A autarquia solicita especial aten\u00e7\u00e3o na circula\u00e7\u00e3o neste tro\u00e7o, com foco na redu\u00e7\u00e3o de velocidades e na observ\u00e2ncia de sinaliza\u00e7\u00e3o complementar. Condutores devem adaptar a condu\u00e7\u00e3o \u00e0s condi\u00e7\u00f5es atuais.<\/p>\n<h3>Situa\u00e7\u00e3o da EM 515 mant\u00e9m-se inalterada<\/h3>\n<p>A EM 515, que liga Monforte a Arronches, continua cortada ao tr\u00e2nsito devido \u00e0 submers\u00e3o de parte da via junto ao limite do concelho. Como alternativa, permanece a EN 371, no trajeto Monforte \u2013 Assumar \u2013 Arronches.<\/p>\n","protected":false},"excerpt":{"rendered":"<ul>\n<li>A Estrada Municipal EM 372, no tro\u00e7o entre Santo Aleixo e Veiros, foi reaberta ao tr\u00e2nsito ap\u00f3s nova avalia\u00e7\u00e3o das condi\u00e7\u00f5es de circula\u00e7\u00e3o, mantendo-se em regime de tr\u00e2nsito condicionado.<\/li>\n<li>Mant\u00eam-se limita\u00e7\u00f5es \u00e0 circula\u00e7\u00e3o na EM 372, com chamada \u00e0 m\u00e1xima prud\u00eancia devido \u00e0 forma\u00e7\u00e3o de len\u00e7\u00f3is de \u00e1gua ao longo da via.<\/li>\n<li>O Munic\u00edpio de Monforte refor\u00e7a a necessidade de cumprir a sinaliza\u00e7\u00e3o existente no local.<\/li>\n<li>A EM 515, que liga Monforte a Arronches, continua cortada ao tr\u00e2nsito por submers\u00e3o de parte da via junto ao limite do concelho.<\/li>\n<li>Como alternativa para o trajeto Monforte \u2013 Arronches, permanece a EN 371, no itiner\u00e1rio Monforte \u2013 Assumar \u2013 Arronches.<\/li>\n<\/ul>\n","protected":false},"author":2,"featured_media":198432,"comment_status":"closed","ping_status":"closed","sticky":false,"template":"","format":"standard","meta":{"footnotes":""},"categories":[1],"tags":[3812,2834,1083,2110,2761,4353],"class_list":["post-198429","post","type-post","status-publish","format-standard","has-post-thumbnail","hentry","category-noticias","tag-alagamentos","tag-arronches","tag-estradas","tag-mobilidade","tag-seguranca-rodoviaria","tag-vias-publicas"],"yoast_head":"<!-- This site is optimized with the Yoast SEO plugin v27.2 - https:\/\/yoast.com\/product\/yoast-seo-wordpress\/ -->\n<title>Estradas condicionadas ao tr\u00e2nsito em Monforte e Arronches - Portal Tela Portugal<\/title>\n<meta name=\"robots\" content=\"index, follow, max-snippet:-1, max-image-preview:large, max-video-preview:-1\" \/>\n<meta property=\"og:locale\" content=\"pt_PT\" \/>\n<meta property=\"og:type\" content=\"article\" \/>\n<meta property=\"og:title\" content=\"Estradas condicionadas ao tr\u00e2nsito em Monforte e Arronches - Portal Tela Portugal\" \/>\n<meta property=\"og:description\" content=\"A Estrada Municipal EM 372, no tro\u00e7o entre Santo Aleixo e Veiros, foi reaberta ao tr\u00e2nsito ap\u00f3s nova avalia\u00e7\u00e3o das condi\u00e7\u00f5es de circula\u00e7\u00e3o, mantendo-se em regime de tr\u00e2nsito condicionado. Mant\u00eam-se limita\u00e7\u00f5es \u00e0 circula\u00e7\u00e3o na EM 372, com chamada \u00e0 m\u00e1xima prud\u00eancia devido \u00e0 forma\u00e7\u00e3o de len\u00e7\u00f3is de \u00e1gua ao longo da via. O Munic\u00edpio de Monforte refor\u00e7a a necessidade de cumprir a sinaliza\u00e7\u00e3o existente no local. A EM 515, que liga Monforte a Arronches, continua cortada ao tr\u00e2nsito por submers\u00e3o de parte da via junto ao limite do concelho. Como alternativa para o trajeto Monforte \u2013 Arronches, permanece a EN 371, no itiner\u00e1rio Monforte \u2013 Assumar \u2013 Arronches.\" \/>\n<meta property=\"og:url\" content=\"https:\/\/portaltela.pt\/noticias\/2026\/02\/04\/estradas-condicionadas-ao-transito-em-monforte-e-arronches\/\" \/>\n<meta property=\"og:site_name\" content=\"Portal Tela Portugal\" \/>\n<meta property=\"article:published_time\" content=\"2026-02-04T23:06:45+00:00\" \/>\n<meta name=\"author\" content=\"Telinha\" \/>\n<meta name=\"twitter:card\" content=\"summary_large_image\" \/>\n<meta name=\"twitter:label1\" content=\"Escrito por\" \/>\n\t<meta name=\"twitter:data1\" content=\"Telinha\" \/>\n\t<meta name=\"twitter:label2\" content=\"Tempo estimado de leitura\" \/>\n\t<meta name=\"twitter:data2\" content=\"1 minuto\" \/>\n<script type=\"application\/ld+json\" class=\"yoast-schema-graph\">{\"@context\":\"https:\/\/schema.org\",\"@graph\":[{\"@type\":\"Article\",\"@id\":\"https:\/\/portaltela.pt\/noticias\/2026\/02\/04\/estradas-condicionadas-ao-transito-em-monforte-e-arronches\/#article\",\"isPartOf\":{\"@id\":\"https:\/\/portaltela.pt\/noticias\/2026\/02\/04\/estradas-condicionadas-ao-transito-em-monforte-e-arronches\/\"},\"author\":{\"name\":\"Telinha\",\"@id\":\"https:\/\/portaltela.pt\/#\/schema\/person\/c4278d4a6028830caff9ee44b42d32ed\"},\"headline\":\"Estradas condicionadas ao tr\u00e2nsito em Monforte e Arronches\",\"datePublished\":\"2026-02-04T23:06:45+00:00\",\"mainEntityOfPage\":{\"@id\":\"https:\/\/portaltela.pt\/noticias\/2026\/02\/04\/estradas-condicionadas-ao-transito-em-monforte-e-arronches\/\"},\"wordCount\":226,\"image\":{\"@id\":\"https:\/\/portaltela.pt\/noticias\/2026\/02\/04\/estradas-condicionadas-ao-transito-em-monforte-e-arronches\/#primaryimage\"},\"thumbnailUrl\":\"https:\/\/portaltela.pt\/s.01k8rhncp4jt1\/2026\/02\/imagem_odigital-1200-x-675-px-23-1.jpg\",\"keywords\":[\"alagamentos\",\"Arronches\",\"estradas\",\"mobilidade\",\"seguran\u00e7a rodovi\u00e1ria\",\"vias p\u00fablicas\"],\"articleSection\":[\"Not\u00edcias\"],\"inLanguage\":\"pt-PT\"},{\"@type\":\"WebPage\",\"@id\":\"https:\/\/portaltela.pt\/noticias\/2026\/02\/04\/estradas-condicionadas-ao-transito-em-monforte-e-arronches\/\",\"url\":\"https:\/\/portaltela.pt\/noticias\/2026\/02\/04\/estradas-condicionadas-ao-transito-em-monforte-e-arronches\/\",\"name\":\"Estradas condicionadas ao tr\u00e2nsito em Monforte e Arronches - Portal Tela Portugal\",\"isPartOf\":{\"@id\":\"https:\/\/portaltela.pt\/#website\"},\"primaryImageOfPage\":{\"@id\":\"https:\/\/portaltela.pt\/noticias\/2026\/02\/04\/estradas-condicionadas-ao-transito-em-monforte-e-arronches\/#primaryimage\"},\"image\":{\"@id\":\"https:\/\/portaltela.pt\/noticias\/2026\/02\/04\/estradas-condicionadas-ao-transito-em-monforte-e-arronches\/#primaryimage\"},\"thumbnailUrl\":\"https:\/\/portaltela.pt\/s.01k8rhncp4jt1\/2026\/02\/imagem_odigital-1200-x-675-px-23-1.jpg\",\"datePublished\":\"2026-02-04T23:06:45+00:00\",\"author\":{\"@id\":\"https:\/\/portaltela.pt\/#\/schema\/person\/c4278d4a6028830caff9ee44b42d32ed\"},\"breadcrumb\":{\"@id\":\"https:\/\/portaltela.pt\/noticias\/2026\/02\/04\/estradas-condicionadas-ao-transito-em-monforte-e-arronches\/#breadcrumb\"},\"inLanguage\":\"pt-PT\",\"potentialAction\":[{\"@type\":\"ReadAction\",\"target\":[\"https:\/\/portaltela.pt\/noticias\/2026\/02\/04\/estradas-condicionadas-ao-transito-em-monforte-e-arronches\/\"]}]},{\"@type\":\"ImageObject\",\"inLanguage\":\"pt-PT\",\"@id\":\"https:\/\/portaltela.pt\/noticias\/2026\/02\/04\/estradas-condicionadas-ao-transito-em-monforte-e-arronches\/#primaryimage\",\"url\":\"https:\/\/portaltela.pt\/s.01k8rhncp4jt1\/2026\/02\/imagem_odigital-1200-x-675-px-23-1.jpg\",\"contentUrl\":\"https:\/\/portaltela.pt\/s.01k8rhncp4jt1\/2026\/02\/imagem_odigital-1200-x-675-px-23-1.jpg\",\"width\":796,\"height\":448,\"caption\":\"Estradas condicionadas e cortadas ao tr\u00e2nsito nos concelhos de Monforte e Arronches\"},{\"@type\":\"BreadcrumbList\",\"@id\":\"https:\/\/portaltela.pt\/noticias\/2026\/02\/04\/estradas-condicionadas-ao-transito-em-monforte-e-arronches\/#breadcrumb\",\"itemListElement\":[{\"@type\":\"ListItem\",\"position\":1,\"name\":\"In\u00edcio\",\"item\":\"https:\/\/portaltela.pt\/\"},{\"@type\":\"ListItem\",\"position\":2,\"name\":\"Estradas condicionadas ao tr\u00e2nsito em Monforte e Arronches\"}]},{\"@type\":\"WebSite\",\"@id\":\"https:\/\/portaltela.pt\/#website\",\"url\":\"https:\/\/portaltela.pt\/\",\"name\":\"Portal Tela Portugal\",\"description\":\"\",\"potentialAction\":[{\"@type\":\"SearchAction\",\"target\":{\"@type\":\"EntryPoint\",\"urlTemplate\":\"https:\/\/portaltela.pt\/?s={search_term_string}\"},\"query-input\":{\"@type\":\"PropertyValueSpecification\",\"valueRequired\":true,\"valueName\":\"search_term_string\"}}],\"inLanguage\":\"pt-PT\"},{\"@type\":\"Person\",\"@id\":\"https:\/\/portaltela.pt\/#\/schema\/person\/c4278d4a6028830caff9ee44b42d32ed\",\"name\":\"Telinha\",\"image\":{\"@type\":\"ImageObject\",\"inLanguage\":\"pt-PT\",\"@id\":\"https:\/\/portaltela.pt\/s.01k8rhncp4jt1\/2025\/11\/talking-bot-125x125.png\",\"url\":\"https:\/\/portaltela.pt\/s.01k8rhncp4jt1\/2025\/11\/talking-bot-125x125.png\",\"contentUrl\":\"https:\/\/portaltela.pt\/s.01k8rhncp4jt1\/2025\/11\/talking-bot-125x125.png\",\"caption\":\"Telinha\"},\"sameAs\":[\"https:\/\/portaltela.pt\/\"],\"url\":\"https:\/\/portaltela.pt\/por\/367410592786\/\"}]}<\/script>\n<!-- \/ Yoast SEO plugin. -->","yoast_head_json":{"title":"Estradas condicionadas ao tr\u00e2nsito em Monforte e Arronches - Portal Tela Portugal","robots":{"index":"index","follow":"follow","max-snippet":"max-snippet:-1","max-image-preview":"max-image-preview:large","max-video-preview":"max-video-preview:-1"},"og_locale":"pt_PT","og_type":"article","og_title":"Estradas condicionadas ao tr\u00e2nsito em Monforte e Arronches - Portal Tela Portugal","og_description":"A Estrada Municipal EM 372, no tro\u00e7o entre Santo Aleixo e Veiros, foi reaberta ao tr\u00e2nsito ap\u00f3s nova avalia\u00e7\u00e3o das condi\u00e7\u00f5es de circula\u00e7\u00e3o, mantendo-se em regime de tr\u00e2nsito condicionado. Mant\u00eam-se limita\u00e7\u00f5es \u00e0 circula\u00e7\u00e3o na EM 372, com chamada \u00e0 m\u00e1xima prud\u00eancia devido \u00e0 forma\u00e7\u00e3o de len\u00e7\u00f3is de \u00e1gua ao longo da via. O Munic\u00edpio de Monforte refor\u00e7a a necessidade de cumprir a sinaliza\u00e7\u00e3o existente no local. A EM 515, que liga Monforte a Arronches, continua cortada ao tr\u00e2nsito por submers\u00e3o de parte da via junto ao limite do concelho. Como alternativa para o trajeto Monforte \u2013 Arronches, permanece a EN 371, no itiner\u00e1rio Monforte \u2013 Assumar \u2013 Arronches.","og_url":"https:\/\/portaltela.pt\/noticias\/2026\/02\/04\/estradas-condicionadas-ao-transito-em-monforte-e-arronches\/","og_site_name":"Portal Tela Portugal","article_published_time":"2026-02-04T23:06:45+00:00","author":"Telinha","twitter_card":"summary_large_image","twitter_misc":{"Escrito por":"Telinha","Tempo estimado de leitura":"1 minuto"},"schema":{"@context":"https:\/\/schema.org","@graph":[{"@type":"Article","@id":"https:\/\/portaltela.pt\/noticias\/2026\/02\/04\/estradas-condicionadas-ao-transito-em-monforte-e-arronches\/#article","isPartOf":{"@id":"https:\/\/portaltela.pt\/noticias\/2026\/02\/04\/estradas-condicionadas-ao-transito-em-monforte-e-arronches\/"},"author":{"name":"Telinha","@id":"https:\/\/portaltela.pt\/#\/schema\/person\/c4278d4a6028830caff9ee44b42d32ed"},"headline":"Estradas condicionadas ao tr\u00e2nsito em Monforte e Arronches","datePublished":"2026-02-04T23:06:45+00:00","mainEntityOfPage":{"@id":"https:\/\/portaltela.pt\/noticias\/2026\/02\/04\/estradas-condicionadas-ao-transito-em-monforte-e-arronches\/"},"wordCount":226,"image":{"@id":"https:\/\/portaltela.pt\/noticias\/2026\/02\/04\/estradas-condicionadas-ao-transito-em-monforte-e-arronches\/#primaryimage"},"thumbnailUrl":"https:\/\/portaltela.pt\/s.01k8rhncp4jt1\/2026\/02\/imagem_odigital-1200-x-675-px-23-1.jpg","keywords":["alagamentos","Arronches","estradas","mobilidade","seguran\u00e7a rodovi\u00e1ria","vias p\u00fablicas"],"articleSection":["Not\u00edcias"],"inLanguage":"pt-PT"},{"@type":"WebPage","@id":"https:\/\/portaltela.pt\/noticias\/2026\/02\/04\/estradas-condicionadas-ao-transito-em-monforte-e-arronches\/","url":"https:\/\/portaltela.pt\/noticias\/2026\/02\/04\/estradas-condicionadas-ao-transito-em-monforte-e-arronches\/","name":"Estradas condicionadas ao tr\u00e2nsito em Monforte e Arronches - Portal Tela Portugal","isPartOf":{"@id":"https:\/\/portaltela.pt\/#website"},"primaryImageOfPage":{"@id":"https:\/\/portaltela.pt\/noticias\/2026\/02\/04\/estradas-condicionadas-ao-transito-em-monforte-e-arronches\/#primaryimage"},"image":{"@id":"https:\/\/portaltela.pt\/noticias\/2026\/02\/04\/estradas-condicionadas-ao-transito-em-monforte-e-arronches\/#primaryimage"},"thumbnailUrl":"https:\/\/portaltela.pt\/s.01k8rhncp4jt1\/2026\/02\/imagem_odigital-1200-x-675-px-23-1.jpg","datePublished":"2026-02-04T23:06:45+00:00","author":{"@id":"https:\/\/portaltela.pt\/#\/schema\/person\/c4278d4a6028830caff9ee44b42d32ed"},"breadcrumb":{"@id":"https:\/\/portaltela.pt\/noticias\/2026\/02\/04\/estradas-condicionadas-ao-transito-em-monforte-e-arronches\/#breadcrumb"},"inLanguage":"pt-PT","potentialAction":[{"@type":"ReadAction","target":["https:\/\/portaltela.pt\/noticias\/2026\/02\/04\/estradas-condicionadas-ao-transito-em-monforte-e-arronches\/"]}]},{"@type":"ImageObject","inLanguage":"pt-PT","@id":"https:\/\/portaltela.pt\/noticias\/2026\/02\/04\/estradas-condicionadas-ao-transito-em-monforte-e-arronches\/#primaryimage","url":"https:\/\/portaltela.pt\/s.01k8rhncp4jt1\/2026\/02\/imagem_odigital-1200-x-675-px-23-1.jpg","contentUrl":"https:\/\/portaltela.pt\/s.01k8rhncp4jt1\/2026\/02\/imagem_odigital-1200-x-675-px-23-1.jpg","width":796,"height":448,"caption":"Estradas condicionadas e cortadas ao tr\u00e2nsito nos concelhos de Monforte e Arronches"},{"@type":"BreadcrumbList","@id":"https:\/\/portaltela.pt\/noticias\/2026\/02\/04\/estradas-condicionadas-ao-transito-em-monforte-e-arronches\/#breadcrumb","itemListElement":[{"@type":"ListItem","position":1,"name":"In\u00edcio","item":"https:\/\/portaltela.pt\/"},{"@type":"ListItem","position":2,"name":"Estradas condicionadas ao tr\u00e2nsito em Monforte e Arronches"}]},{"@type":"WebSite","@id":"https:\/\/portaltela.pt\/#website","url":"https:\/\/portaltela.pt\/","name":"Portal Tela Portugal","description":"","potentialAction":[{"@type":"SearchAction","target":{"@type":"EntryPoint","urlTemplate":"https:\/\/portaltela.pt\/?s={search_term_string}"},"query-input":{"@type":"PropertyValueSpecification","valueRequired":true,"valueName":"search_term_string"}}],"inLanguage":"pt-PT"},{"@type":"Person","@id":"https:\/\/portaltela.pt\/#\/schema\/person\/c4278d4a6028830caff9ee44b42d32ed","name":"Telinha","image":{"@type":"ImageObject","inLanguage":"pt-PT","@id":"https:\/\/portaltela.pt\/s.01k8rhncp4jt1\/2025\/11\/talking-bot-125x125.png","url":"https:\/\/portaltela.pt\/s.01k8rhncp4jt1\/2025\/11\/talking-bot-125x125.png","contentUrl":"https:\/\/portaltela.pt\/s.01k8rhncp4jt1\/2025\/11\/talking-bot-125x125.png","caption":"Telinha"},"sameAs":["https:\/\/portaltela.pt\/"],"url":"https:\/\/portaltela.pt\/por\/367410592786\/"}]}},"_links":{"self":[{"href":"https:\/\/portaltela.pt\/api\/wp\/v2\/posts\/198429","targetHints":{"allow":["GET"]}}],"collection":[{"href":"https:\/\/portaltela.pt\/api\/wp\/v2\/posts"}],"about":[{"href":"https:\/\/portaltela.pt\/api\/wp\/v2\/types\/post"}],"author":[{"embeddable":true,"href":"https:\/\/portaltela.pt\/api\/wp\/v2\/users\/2"}],"replies":[{"embeddable":true,"href":"https:\/\/portaltela.pt\/api\/wp\/v2\/comments?post=198429"}],"version-history":[{"count":0,"href":"https:\/\/portaltela.pt\/api\/wp\/v2\/posts\/198429\/revisions"}],"wp:featuredmedia":[{"embeddable":true,"href":"https:\/\/portaltela.pt\/api\/wp\/v2\/media\/198432"}],"wp:attachment":[{"href":"https:\/\/portaltela.pt\/api\/wp\/v2\/media?parent=198429"}],"wp:term":[{"taxonomy":"category","embeddable":true,"href":"https:\/\/portaltela.pt\/api\/wp\/v2\/categories?post=198429"},{"taxonomy":"post_tag","embeddable":true,"href":"https:\/\/portaltela.pt\/api\/wp\/v2\/tags?post=198429"}],"curies":[{"name":"wp","href":"https:\/\/api.w.org\/{rel}","templated":true}]}}