{"id":198427,"date":"2026-02-04T20:11:00","date_gmt":"2026-02-04T23:11:00","guid":{"rendered":"https:\/\/portaltela.pt\/noticias\/2026\/02\/04\/jaime-reis-macedo-preso-politico-luso-descendente-libertado-na-venezuela\/"},"modified":"2026-02-04T20:11:00","modified_gmt":"2026-02-04T23:11:00","slug":"jaime-reis-macedo-preso-politico-luso-descendente-libertado-na-venezuela","status":"publish","type":"post","link":"https:\/\/portaltela.pt\/noticias\/politica\/2026\/02\/04\/jaime-reis-macedo-preso-politico-luso-descendente-libertado-na-venezuela\/","title":{"rendered":"Jaime Reis Macedo, preso pol\u00edtico luso-descendente, libertado na Venezuela"},"content":{"rendered":"<p>Jaime Reis Macedo, luso-descendente, foi libertado na Venezuela, onde estava detido desde 18 de julho de 2025. O Governo de Portugal confirmou a liberta\u00e7\u00e3o e expressou solidariedade \u00e0 fam\u00edlia, mantendo o compromisso com a liberdade de presos pol\u00edticos e direitos humanos.<\/p>\n<p>O Minist\u00e9rio dos Neg\u00f3cios Estrangeiros (MNE) indicou ao P\u00fablico que a deten\u00e7\u00e3o ocorreu por alegadas infra\u00e7\u00f5es de incitamento ao \u00f3dio e associa\u00e7\u00e3o por delinquir. O caso ligava o suspeito a dois ativistas de direitos humanos e opositores do regime de Nicol\u00e1s Maduro.<\/p>\n<p>No in\u00edcio de fevereiro, o MNE anunciou tamb\u00e9m a liberta\u00e7\u00e3o de Pedro Javier Rodriguez, m\u00e9dico de 43 anos com ascend\u00eancia madeirense, que ficou detido tr\u00eas meses por atividade oposicionista nas redes sociais. A Madeira saudou a decis\u00e3o e mencionou a proposta de amnistia para presos desde 1999.<\/p>\n<p>Carla da Silva, libertada a 26 de janeiro, j\u00e1 soma cinco anos de pris\u00e3o. Com estas liberta\u00e7\u00f5es, Jaime Macedo tornou-se o terceiro lusodescendente libertado desde o ataque \u00e0 Venezuela pelos EUA. Em janeiro, o embaixador foi citado entre nove presos pol\u00edticos lusovenezuelanos, com quatro acusados de crimes comuns.<\/p>\n<p>O Governo da Madeira ressalvou que, al\u00e9m de Macedo, permanecem detidos outros madeirenses ou com liga\u00e7\u00f5es \u00e0 regi\u00e3o, como Juan Francisco Rodr\u00edguez dos Ramos e Fernando Ven\u00e2ncio Mart\u00ednez, cuja situa\u00e7\u00e3o continua sob observa\u00e7\u00e3o.<\/p>\n<p>Segundo a ONG Foro Penal, na Venezuela existem pelo menos 711 presos pol\u00edticos, incluindo 65 estrangeiros. O Governo venezuelano prometeu liberta\u00e7\u00f5es para janeiro, mas a liberta\u00e7\u00e3o tem ocorrido de forma irregular e espor\u00e1dica.<\/p>\n<p>A Foro Penal reportou 418 liberta\u00e7\u00f5es desde dezembro, sendo 303 ap\u00f3s 8 de janeiro. ONG confirmam que muitos libertados continuam sob condi\u00e7\u00f5es restritivas, com obrigatoriedade de comparecimento peri\u00f3dico perante tribunais e imposi\u00e7\u00e3o de restri\u00e7\u00f5es de viagem.<\/p>\n<p>Martha Tineo, coordenadora da Justi\u00e7a, Encontro e Perd\u00e3o, afirmou que presos libertados recentemente enfrentam limita\u00e7\u00f5es como proibi\u00e7\u00e3o de deixar o pa\u00eds e de falar com a imprensa, al\u00e9m de audi\u00eancias cont\u00ednuas nos tribunais.<\/p>\n","protected":false},"excerpt":{"rendered":"<ul>\n<li>O Governo portugu\u00eas celebrou a liberta\u00e7\u00e3o de Jaime Reis Macedo, luso-descendente detido na Venezuela desde 18 de julho de 2025.<\/li>\n<li>O Minist\u00e9rio dos Neg\u00f3cios Estrangeiros afirmou que Portugal mant\u00e9m o compromisso com a liberdade de presos pol\u00edticos e direitos humanos, manifestando solidariedade a Macedo e \u00e0 sua fam\u00edlia.<\/li>\n<li>Macedo foi acusado de incitamento ao \u00f3dio e associa\u00e7\u00e3o por delinquir; o MNE indicou que n\u00e3o teria atividade pol\u00edtica, e que o caso estaria relacionado com la\u00e7os familiares a dois ativistas de direitos humanos opositores do regime de Nicol\u00e1s Maduro.<\/li>\n<li>No mesmo processo, foi libertado a 1 de fevereiro o m\u00e9dico Pedro Javier Rodriguez, de 43 anos, que permaneceu tr\u00eas meses detido por atividade oposicionista nas redes sociais; a Madeira expressou expectativa de ver discutida uma proposta de amnistia anunciada pela Presidente interina Delcy Rodr\u00edguez.<\/li>\n<li>A Madeira relembrou ainda outros madeirenses\/luso-descendentes detidos, em contexto de redu\u00e7\u00e3o de casos na Venezuela, onde ONG indicam hoje haver cerca de setecentos e onze presos pol\u00edticos, incluindo sessenta e cinco estrangeiros.<\/li>\n<\/ul>\n","protected":false},"author":2,"featured_media":198428,"comment_status":"closed","ping_status":"closed","sticky":false,"template":"","format":"standard","meta":{"footnotes":""},"categories":[1,5],"tags":[5456,2633,3528,859,5088,2758],"class_list":["post-198427","post","type-post","status-publish","format-standard","has-post-thumbnail","hentry","category-noticias","category-politica","tag-associacao-por-delinquir","tag-direitos-humanos","tag-incitamento-ao-odio","tag-madeira","tag-presos","tag-venezuela"],"yoast_head":"<!-- This site is optimized with the Yoast SEO plugin v27.2 - https:\/\/yoast.com\/product\/yoast-seo-wordpress\/ -->\n<title>Jaime Reis Macedo, preso pol\u00edtico luso-descendente, libertado na Venezuela - Portal Tela Portugal<\/title>\n<meta name=\"robots\" content=\"index, follow, max-snippet:-1, max-image-preview:large, max-video-preview:-1\" \/>\n<meta property=\"og:locale\" content=\"pt_PT\" \/>\n<meta property=\"og:type\" content=\"article\" \/>\n<meta property=\"og:title\" content=\"Jaime Reis Macedo, preso pol\u00edtico luso-descendente, libertado na Venezuela - Portal Tela Portugal\" \/>\n<meta property=\"og:description\" content=\"O Governo portugu\u00eas celebrou a liberta\u00e7\u00e3o de Jaime Reis Macedo, luso-descendente detido na Venezuela desde 18 de julho de 2025. O Minist\u00e9rio dos Neg\u00f3cios Estrangeiros afirmou que Portugal mant\u00e9m o compromisso com a liberdade de presos pol\u00edticos e direitos humanos, manifestando solidariedade a Macedo e \u00e0 sua fam\u00edlia. Macedo foi acusado de incitamento ao \u00f3dio e associa\u00e7\u00e3o por delinquir; o MNE indicou que n\u00e3o teria atividade pol\u00edtica, e que o caso estaria relacionado com la\u00e7os familiares a dois ativistas de direitos humanos opositores do regime de Nicol\u00e1s Maduro. No mesmo processo, foi libertado a 1 de fevereiro o m\u00e9dico Pedro Javier Rodriguez, de 43 anos, que permaneceu tr\u00eas meses detido por atividade oposicionista nas redes sociais; a Madeira expressou expectativa de ver discutida uma proposta de amnistia anunciada pela Presidente interina Delcy Rodr\u00edguez. A Madeira relembrou ainda outros madeirenses\/luso-descendentes detidos, em contexto de redu\u00e7\u00e3o de casos na Venezuela, onde ONG indicam hoje haver cerca de setecentos e onze presos pol\u00edticos, incluindo sessenta e cinco estrangeiros.\" \/>\n<meta property=\"og:url\" content=\"https:\/\/portaltela.pt\/noticias\/2026\/02\/04\/jaime-reis-macedo-preso-politico-luso-descendente-libertado-na-venezuela\/\" \/>\n<meta property=\"og:site_name\" content=\"Portal Tela Portugal\" \/>\n<meta property=\"article:published_time\" content=\"2026-02-04T23:11:00+00:00\" \/>\n<meta name=\"author\" content=\"Telinha\" \/>\n<meta name=\"twitter:card\" content=\"summary_large_image\" \/>\n<meta name=\"twitter:label1\" content=\"Escrito por\" \/>\n\t<meta name=\"twitter:data1\" content=\"Telinha\" \/>\n\t<meta name=\"twitter:label2\" content=\"Tempo estimado de leitura\" \/>\n\t<meta name=\"twitter:data2\" content=\"2 minutos\" \/>\n<script type=\"application\/ld+json\" class=\"yoast-schema-graph\">{\"@context\":\"https:\/\/schema.org\",\"@graph\":[{\"@type\":\"Article\",\"@id\":\"https:\/\/portaltela.pt\/noticias\/2026\/02\/04\/jaime-reis-macedo-preso-politico-luso-descendente-libertado-na-venezuela\/#article\",\"isPartOf\":{\"@id\":\"https:\/\/portaltela.pt\/noticias\/2026\/02\/04\/jaime-reis-macedo-preso-politico-luso-descendente-libertado-na-venezuela\/\"},\"author\":{\"name\":\"Telinha\",\"@id\":\"https:\/\/portaltela.pt\/#\/schema\/person\/c4278d4a6028830caff9ee44b42d32ed\"},\"headline\":\"Jaime Reis Macedo, preso pol\u00edtico luso-descendente, libertado na Venezuela\",\"datePublished\":\"2026-02-04T23:11:00+00:00\",\"mainEntityOfPage\":{\"@id\":\"https:\/\/portaltela.pt\/noticias\/2026\/02\/04\/jaime-reis-macedo-preso-politico-luso-descendente-libertado-na-venezuela\/\"},\"wordCount\":356,\"image\":{\"@id\":\"https:\/\/portaltela.pt\/noticias\/2026\/02\/04\/jaime-reis-macedo-preso-politico-luso-descendente-libertado-na-venezuela\/#primaryimage\"},\"thumbnailUrl\":\"https:\/\/portaltela.pt\/s.01k8rhncp4jt1\/2026\/02\/2064618.jpg\",\"keywords\":[\"associa\u00e7\u00e3o por delinquir\",\"direitos humanos\",\"incitamento ao \u00f3dio\",\"Madeira\",\"presos\",\"Venezuela\"],\"articleSection\":[\"Not\u00edcias\",\"Pol\u00edtica\"],\"inLanguage\":\"pt-PT\"},{\"@type\":\"WebPage\",\"@id\":\"https:\/\/portaltela.pt\/noticias\/2026\/02\/04\/jaime-reis-macedo-preso-politico-luso-descendente-libertado-na-venezuela\/\",\"url\":\"https:\/\/portaltela.pt\/noticias\/2026\/02\/04\/jaime-reis-macedo-preso-politico-luso-descendente-libertado-na-venezuela\/\",\"name\":\"Jaime Reis Macedo, preso pol\u00edtico luso-descendente, libertado na Venezuela - Portal Tela Portugal\",\"isPartOf\":{\"@id\":\"https:\/\/portaltela.pt\/#website\"},\"primaryImageOfPage\":{\"@id\":\"https:\/\/portaltela.pt\/noticias\/2026\/02\/04\/jaime-reis-macedo-preso-politico-luso-descendente-libertado-na-venezuela\/#primaryimage\"},\"image\":{\"@id\":\"https:\/\/portaltela.pt\/noticias\/2026\/02\/04\/jaime-reis-macedo-preso-politico-luso-descendente-libertado-na-venezuela\/#primaryimage\"},\"thumbnailUrl\":\"https:\/\/portaltela.pt\/s.01k8rhncp4jt1\/2026\/02\/2064618.jpg\",\"datePublished\":\"2026-02-04T23:11:00+00:00\",\"author\":{\"@id\":\"https:\/\/portaltela.pt\/#\/schema\/person\/c4278d4a6028830caff9ee44b42d32ed\"},\"breadcrumb\":{\"@id\":\"https:\/\/portaltela.pt\/noticias\/2026\/02\/04\/jaime-reis-macedo-preso-politico-luso-descendente-libertado-na-venezuela\/#breadcrumb\"},\"inLanguage\":\"pt-PT\",\"potentialAction\":[{\"@type\":\"ReadAction\",\"target\":[\"https:\/\/portaltela.pt\/noticias\/2026\/02\/04\/jaime-reis-macedo-preso-politico-luso-descendente-libertado-na-venezuela\/\"]}]},{\"@type\":\"ImageObject\",\"inLanguage\":\"pt-PT\",\"@id\":\"https:\/\/portaltela.pt\/noticias\/2026\/02\/04\/jaime-reis-macedo-preso-politico-luso-descendente-libertado-na-venezuela\/#primaryimage\",\"url\":\"https:\/\/portaltela.pt\/s.01k8rhncp4jt1\/2026\/02\/2064618.jpg\",\"contentUrl\":\"https:\/\/portaltela.pt\/s.01k8rhncp4jt1\/2026\/02\/2064618.jpg\",\"width\":796,\"height\":448,\"caption\":\"Vig\u00edlia pela liberta\u00e7\u00e3o de presos pol\u00edticos na Venezuela\"},{\"@type\":\"BreadcrumbList\",\"@id\":\"https:\/\/portaltela.pt\/noticias\/2026\/02\/04\/jaime-reis-macedo-preso-politico-luso-descendente-libertado-na-venezuela\/#breadcrumb\",\"itemListElement\":[{\"@type\":\"ListItem\",\"position\":1,\"name\":\"In\u00edcio\",\"item\":\"https:\/\/portaltela.pt\/\"},{\"@type\":\"ListItem\",\"position\":2,\"name\":\"Jaime Reis Macedo, preso pol\u00edtico luso-descendente, libertado na Venezuela\"}]},{\"@type\":\"WebSite\",\"@id\":\"https:\/\/portaltela.pt\/#website\",\"url\":\"https:\/\/portaltela.pt\/\",\"name\":\"Portal Tela Portugal\",\"description\":\"\",\"potentialAction\":[{\"@type\":\"SearchAction\",\"target\":{\"@type\":\"EntryPoint\",\"urlTemplate\":\"https:\/\/portaltela.pt\/?s={search_term_string}\"},\"query-input\":{\"@type\":\"PropertyValueSpecification\",\"valueRequired\":true,\"valueName\":\"search_term_string\"}}],\"inLanguage\":\"pt-PT\"},{\"@type\":\"Person\",\"@id\":\"https:\/\/portaltela.pt\/#\/schema\/person\/c4278d4a6028830caff9ee44b42d32ed\",\"name\":\"Telinha\",\"image\":{\"@type\":\"ImageObject\",\"inLanguage\":\"pt-PT\",\"@id\":\"https:\/\/portaltela.pt\/s.01k8rhncp4jt1\/2025\/11\/talking-bot-125x125.png\",\"url\":\"https:\/\/portaltela.pt\/s.01k8rhncp4jt1\/2025\/11\/talking-bot-125x125.png\",\"contentUrl\":\"https:\/\/portaltela.pt\/s.01k8rhncp4jt1\/2025\/11\/talking-bot-125x125.png\",\"caption\":\"Telinha\"},\"sameAs\":[\"https:\/\/portaltela.pt\/\"],\"url\":\"https:\/\/portaltela.pt\/por\/367410592786\/\"}]}<\/script>\n<!-- \/ Yoast SEO plugin. -->","yoast_head_json":{"title":"Jaime Reis Macedo, preso pol\u00edtico luso-descendente, libertado na Venezuela - Portal Tela Portugal","robots":{"index":"index","follow":"follow","max-snippet":"max-snippet:-1","max-image-preview":"max-image-preview:large","max-video-preview":"max-video-preview:-1"},"og_locale":"pt_PT","og_type":"article","og_title":"Jaime Reis Macedo, preso pol\u00edtico luso-descendente, libertado na Venezuela - Portal Tela Portugal","og_description":"O Governo portugu\u00eas celebrou a liberta\u00e7\u00e3o de Jaime Reis Macedo, luso-descendente detido na Venezuela desde 18 de julho de 2025. O Minist\u00e9rio dos Neg\u00f3cios Estrangeiros afirmou que Portugal mant\u00e9m o compromisso com a liberdade de presos pol\u00edticos e direitos humanos, manifestando solidariedade a Macedo e \u00e0 sua fam\u00edlia. Macedo foi acusado de incitamento ao \u00f3dio e associa\u00e7\u00e3o por delinquir; o MNE indicou que n\u00e3o teria atividade pol\u00edtica, e que o caso estaria relacionado com la\u00e7os familiares a dois ativistas de direitos humanos opositores do regime de Nicol\u00e1s Maduro. No mesmo processo, foi libertado a 1 de fevereiro o m\u00e9dico Pedro Javier Rodriguez, de 43 anos, que permaneceu tr\u00eas meses detido por atividade oposicionista nas redes sociais; a Madeira expressou expectativa de ver discutida uma proposta de amnistia anunciada pela Presidente interina Delcy Rodr\u00edguez. A Madeira relembrou ainda outros madeirenses\/luso-descendentes detidos, em contexto de redu\u00e7\u00e3o de casos na Venezuela, onde ONG indicam hoje haver cerca de setecentos e onze presos pol\u00edticos, incluindo sessenta e cinco estrangeiros.","og_url":"https:\/\/portaltela.pt\/noticias\/2026\/02\/04\/jaime-reis-macedo-preso-politico-luso-descendente-libertado-na-venezuela\/","og_site_name":"Portal Tela Portugal","article_published_time":"2026-02-04T23:11:00+00:00","author":"Telinha","twitter_card":"summary_large_image","twitter_misc":{"Escrito por":"Telinha","Tempo estimado de leitura":"2 minutos"},"schema":{"@context":"https:\/\/schema.org","@graph":[{"@type":"Article","@id":"https:\/\/portaltela.pt\/noticias\/2026\/02\/04\/jaime-reis-macedo-preso-politico-luso-descendente-libertado-na-venezuela\/#article","isPartOf":{"@id":"https:\/\/portaltela.pt\/noticias\/2026\/02\/04\/jaime-reis-macedo-preso-politico-luso-descendente-libertado-na-venezuela\/"},"author":{"name":"Telinha","@id":"https:\/\/portaltela.pt\/#\/schema\/person\/c4278d4a6028830caff9ee44b42d32ed"},"headline":"Jaime Reis Macedo, preso pol\u00edtico luso-descendente, libertado na Venezuela","datePublished":"2026-02-04T23:11:00+00:00","mainEntityOfPage":{"@id":"https:\/\/portaltela.pt\/noticias\/2026\/02\/04\/jaime-reis-macedo-preso-politico-luso-descendente-libertado-na-venezuela\/"},"wordCount":356,"image":{"@id":"https:\/\/portaltela.pt\/noticias\/2026\/02\/04\/jaime-reis-macedo-preso-politico-luso-descendente-libertado-na-venezuela\/#primaryimage"},"thumbnailUrl":"https:\/\/portaltela.pt\/s.01k8rhncp4jt1\/2026\/02\/2064618.jpg","keywords":["associa\u00e7\u00e3o por delinquir","direitos humanos","incitamento ao \u00f3dio","Madeira","presos","Venezuela"],"articleSection":["Not\u00edcias","Pol\u00edtica"],"inLanguage":"pt-PT"},{"@type":"WebPage","@id":"https:\/\/portaltela.pt\/noticias\/2026\/02\/04\/jaime-reis-macedo-preso-politico-luso-descendente-libertado-na-venezuela\/","url":"https:\/\/portaltela.pt\/noticias\/2026\/02\/04\/jaime-reis-macedo-preso-politico-luso-descendente-libertado-na-venezuela\/","name":"Jaime Reis Macedo, preso pol\u00edtico luso-descendente, libertado na Venezuela - Portal Tela Portugal","isPartOf":{"@id":"https:\/\/portaltela.pt\/#website"},"primaryImageOfPage":{"@id":"https:\/\/portaltela.pt\/noticias\/2026\/02\/04\/jaime-reis-macedo-preso-politico-luso-descendente-libertado-na-venezuela\/#primaryimage"},"image":{"@id":"https:\/\/portaltela.pt\/noticias\/2026\/02\/04\/jaime-reis-macedo-preso-politico-luso-descendente-libertado-na-venezuela\/#primaryimage"},"thumbnailUrl":"https:\/\/portaltela.pt\/s.01k8rhncp4jt1\/2026\/02\/2064618.jpg","datePublished":"2026-02-04T23:11:00+00:00","author":{"@id":"https:\/\/portaltela.pt\/#\/schema\/person\/c4278d4a6028830caff9ee44b42d32ed"},"breadcrumb":{"@id":"https:\/\/portaltela.pt\/noticias\/2026\/02\/04\/jaime-reis-macedo-preso-politico-luso-descendente-libertado-na-venezuela\/#breadcrumb"},"inLanguage":"pt-PT","potentialAction":[{"@type":"ReadAction","target":["https:\/\/portaltela.pt\/noticias\/2026\/02\/04\/jaime-reis-macedo-preso-politico-luso-descendente-libertado-na-venezuela\/"]}]},{"@type":"ImageObject","inLanguage":"pt-PT","@id":"https:\/\/portaltela.pt\/noticias\/2026\/02\/04\/jaime-reis-macedo-preso-politico-luso-descendente-libertado-na-venezuela\/#primaryimage","url":"https:\/\/portaltela.pt\/s.01k8rhncp4jt1\/2026\/02\/2064618.jpg","contentUrl":"https:\/\/portaltela.pt\/s.01k8rhncp4jt1\/2026\/02\/2064618.jpg","width":796,"height":448,"caption":"Vig\u00edlia pela liberta\u00e7\u00e3o de presos pol\u00edticos na Venezuela"},{"@type":"BreadcrumbList","@id":"https:\/\/portaltela.pt\/noticias\/2026\/02\/04\/jaime-reis-macedo-preso-politico-luso-descendente-libertado-na-venezuela\/#breadcrumb","itemListElement":[{"@type":"ListItem","position":1,"name":"In\u00edcio","item":"https:\/\/portaltela.pt\/"},{"@type":"ListItem","position":2,"name":"Jaime Reis Macedo, preso pol\u00edtico luso-descendente, libertado na Venezuela"}]},{"@type":"WebSite","@id":"https:\/\/portaltela.pt\/#website","url":"https:\/\/portaltela.pt\/","name":"Portal Tela Portugal","description":"","potentialAction":[{"@type":"SearchAction","target":{"@type":"EntryPoint","urlTemplate":"https:\/\/portaltela.pt\/?s={search_term_string}"},"query-input":{"@type":"PropertyValueSpecification","valueRequired":true,"valueName":"search_term_string"}}],"inLanguage":"pt-PT"},{"@type":"Person","@id":"https:\/\/portaltela.pt\/#\/schema\/person\/c4278d4a6028830caff9ee44b42d32ed","name":"Telinha","image":{"@type":"ImageObject","inLanguage":"pt-PT","@id":"https:\/\/portaltela.pt\/s.01k8rhncp4jt1\/2025\/11\/talking-bot-125x125.png","url":"https:\/\/portaltela.pt\/s.01k8rhncp4jt1\/2025\/11\/talking-bot-125x125.png","contentUrl":"https:\/\/portaltela.pt\/s.01k8rhncp4jt1\/2025\/11\/talking-bot-125x125.png","caption":"Telinha"},"sameAs":["https:\/\/portaltela.pt\/"],"url":"https:\/\/portaltela.pt\/por\/367410592786\/"}]}},"_links":{"self":[{"href":"https:\/\/portaltela.pt\/api\/wp\/v2\/posts\/198427","targetHints":{"allow":["GET"]}}],"collection":[{"href":"https:\/\/portaltela.pt\/api\/wp\/v2\/posts"}],"about":[{"href":"https:\/\/portaltela.pt\/api\/wp\/v2\/types\/post"}],"author":[{"embeddable":true,"href":"https:\/\/portaltela.pt\/api\/wp\/v2\/users\/2"}],"replies":[{"embeddable":true,"href":"https:\/\/portaltela.pt\/api\/wp\/v2\/comments?post=198427"}],"version-history":[{"count":0,"href":"https:\/\/portaltela.pt\/api\/wp\/v2\/posts\/198427\/revisions"}],"wp:featuredmedia":[{"embeddable":true,"href":"https:\/\/portaltela.pt\/api\/wp\/v2\/media\/198428"}],"wp:attachment":[{"href":"https:\/\/portaltela.pt\/api\/wp\/v2\/media?parent=198427"}],"wp:term":[{"taxonomy":"category","embeddable":true,"href":"https:\/\/portaltela.pt\/api\/wp\/v2\/categories?post=198427"},{"taxonomy":"post_tag","embeddable":true,"href":"https:\/\/portaltela.pt\/api\/wp\/v2\/tags?post=198427"}],"curies":[{"name":"wp","href":"https:\/\/api.w.org\/{rel}","templated":true}]}}