{"id":198412,"date":"2026-02-04T20:12:02","date_gmt":"2026-02-04T23:12:02","guid":{"rendered":"https:\/\/portaltela.pt\/noticias\/2026\/02\/04\/ugt-propoe-reduzir-a-jornada-para-35-horas-e-aumentar-o-valor-das-horas-extra\/"},"modified":"2026-02-04T20:12:02","modified_gmt":"2026-02-04T23:12:02","slug":"ugt-propoe-reduzir-a-jornada-para-35-horas-e-aumentar-o-valor-das-horas-extra","status":"publish","type":"post","link":"https:\/\/portaltela.pt\/noticias\/2026\/02\/04\/ugt-propoe-reduzir-a-jornada-para-35-horas-e-aumentar-o-valor-das-horas-extra\/","title":{"rendered":"UGT prop\u00f5e reduzir a jornada para 35 horas e aumentar o valor das horas extra"},"content":{"rendered":"<p>A UGT entregou ao Governo uma contraproposta intitulada Trabalho com Direitos XXI, que prev\u00ea a redu\u00e7\u00e3o do hor\u00e1rio de trabalho para 35 horas semanais e o aumento do pagamento do trabalho suplementar e noturno. A entrega ocorreu nesta quarta-feira.<\/p>\n<p>Entre as medidas, a central defende que o banco de horas grupal possa ser aprovado por referendo de 60% dos trabalhadores abrangidos, em vez dos atuais 65%. Tamb\u00e9m prop\u00f5e limites ao per\u00edodo noturno com adaptabilidade, para n\u00e3o exceder sete horas di\u00e1rias em m\u00e9dia semanal.<\/p>\n<p>A proposta fixa ainda que o trabalhador noturno n\u00e3o possa ultrapassar sete horas num intervalo de 24 horas em atividades de risco ou de tens\u00e3o f\u00edsica ou mental elevada, incluindo ind\u00fastria extrativa, fabrico, transporte ou uso de explosivos e pirotecnia. O regime atual permite oito horas.<\/p>\n<p>Relativamente ao pagamento do trabalho noturno, a UGT defende um acr\u00e9scimo de 50% face ao valor diurno, em vez dos 25% atualmente previstos por lei. O objetivo \u00e9 tornar o trabalho noturno mais valorizado.<\/p>\n<p>No que toca ao trabalho suplementar, a contraproposta retira a possibilidade de considerar o trabalho para compensar aus\u00eancias por iniciativa do trabalhador e prop\u00f5e altera\u00e7\u00f5es no descanso compensat\u00f3rio e em regimes especiais por horas extra. A remunera\u00e7\u00e3o \u00e9 tamb\u00e9m ajustada.<\/p>\n<p>Para o regime de horas extra, a UGT prop\u00f5e 50% de aumentos na primeira hora e 75% nas horas subsequentes durante dias \u00fateis, e 100% em feriados ou em dias de descanso semanal obrigat\u00f3rio ou complementar. O objetivo \u00e9 tornar as compensa\u00e7\u00f5es mais elevadas.<\/p>\n<p>A central defende reduzir o per\u00edodo normal de trabalho de 40 para 35 horas semanais, com a refer\u00eancia de sete horas por dia. O texto aponta que o limite \u00e9 de 35 horas semanais, n\u00e3o devendo exceder esse valor.<\/p>\n<p>No que diz respeito \u00e0s f\u00e9rias, a UGT defende aumentar o per\u00edodo normal de f\u00e9rias de 22 para 25 dias, com redu\u00e7\u00f5es proporcionais caso o trabalhador tenha faltas injustificadas. Um dia de f\u00e9rias pode ser perdido por uma falta, por exemplo.<\/p>\n","protected":false},"excerpt":{"rendered":"<ul>\n<li>A UGT entregou ao Governo a contraproposta \u201cTrabalho com Direitos XXI\u201d, que inclui reduzir o hor\u00e1rio de trabalho para 35 horas semanais e aumentar o pagamento das horas extra.<\/li>\n<li>Prop\u00f5e que o banco de horas grupal possa ser aprovado por referendo de 60% dos trabalhadores abrangidos, em vez dos 65% atuais.<\/li>\n<li>Defende limites ao trabalho noturno em regimes de adaptabilidade: n\u00e3o pode ser superior a sete horas di\u00e1rias, em m\u00e9dia semanal, e n\u00e3o deve exceder sete horas em vinte e quatro horas em atividades de risco.<\/li>\n<li>Defende ainda que o trabalhador noturno receba 50% a mais do que o trabalho diurno, em vez dos 25% previstos por lei.<\/li>\n<li>Prop\u00f5e subir as dias de f\u00e9rias de 22 para 25, com redu\u00e7\u00e3o por faltas injustificadas, e altera\u00e7\u00f5es no regime de horas extra e no descanso compensat\u00f3rio (com pagamentos de 50% na primeira hora, 75% subsequente, e 100% em feriados).<\/li>\n<\/ul>\n","protected":false},"author":2,"featured_media":198416,"comment_status":"closed","ping_status":"closed","sticky":false,"template":"","format":"standard","meta":{"footnotes":""},"categories":[1],"tags":[1004,4408,5455,229,2201,1072],"class_list":["post-198412","post","type-post","status-publish","format-standard","has-post-thumbnail","hentry","category-noticias","tag-direitos-laborais","tag-direitos-sociais","tag-ferias","tag-politica-publica","tag-trabalho","tag-trabalho-suplementar"],"yoast_head":"<!-- This site is optimized with the Yoast SEO plugin v27.2 - https:\/\/yoast.com\/product\/yoast-seo-wordpress\/ -->\n<title>UGT prop\u00f5e reduzir a jornada para 35 horas e aumentar o valor das horas extra - Portal Tela Portugal<\/title>\n<meta name=\"robots\" content=\"index, follow, max-snippet:-1, max-image-preview:large, max-video-preview:-1\" \/>\n<meta property=\"og:locale\" content=\"pt_PT\" \/>\n<meta property=\"og:type\" content=\"article\" \/>\n<meta property=\"og:title\" content=\"UGT prop\u00f5e reduzir a jornada para 35 horas e aumentar o valor das horas extra - Portal Tela Portugal\" \/>\n<meta property=\"og:description\" content=\"A UGT entregou ao Governo a contraproposta \u201cTrabalho com Direitos XXI\u201d, que inclui reduzir o hor\u00e1rio de trabalho para 35 horas semanais e aumentar o pagamento das horas extra. Prop\u00f5e que o banco de horas grupal possa ser aprovado por referendo de 60% dos trabalhadores abrangidos, em vez dos 65% atuais. Defende limites ao trabalho noturno em regimes de adaptabilidade: n\u00e3o pode ser superior a sete horas di\u00e1rias, em m\u00e9dia semanal, e n\u00e3o deve exceder sete horas em vinte e quatro horas em atividades de risco. Defende ainda que o trabalhador noturno receba 50% a mais do que o trabalho diurno, em vez dos 25% previstos por lei. Prop\u00f5e subir as dias de f\u00e9rias de 22 para 25, com redu\u00e7\u00e3o por faltas injustificadas, e altera\u00e7\u00f5es no regime de horas extra e no descanso compensat\u00f3rio (com pagamentos de 50% na primeira hora, 75% subsequente, e 100% em feriados).\" \/>\n<meta property=\"og:url\" content=\"https:\/\/portaltela.pt\/noticias\/2026\/02\/04\/ugt-propoe-reduzir-a-jornada-para-35-horas-e-aumentar-o-valor-das-horas-extra\/\" \/>\n<meta property=\"og:site_name\" content=\"Portal Tela Portugal\" \/>\n<meta property=\"article:published_time\" content=\"2026-02-04T23:12:02+00:00\" \/>\n<meta name=\"author\" content=\"Telinha\" \/>\n<meta name=\"twitter:card\" content=\"summary_large_image\" \/>\n<meta name=\"twitter:label1\" content=\"Escrito por\" \/>\n\t<meta name=\"twitter:data1\" content=\"Telinha\" \/>\n\t<meta name=\"twitter:label2\" content=\"Tempo estimado de leitura\" \/>\n\t<meta name=\"twitter:data2\" content=\"2 minutos\" \/>\n<script type=\"application\/ld+json\" class=\"yoast-schema-graph\">{\"@context\":\"https:\/\/schema.org\",\"@graph\":[{\"@type\":\"Article\",\"@id\":\"https:\/\/portaltela.pt\/noticias\/2026\/02\/04\/ugt-propoe-reduzir-a-jornada-para-35-horas-e-aumentar-o-valor-das-horas-extra\/#article\",\"isPartOf\":{\"@id\":\"https:\/\/portaltela.pt\/noticias\/2026\/02\/04\/ugt-propoe-reduzir-a-jornada-para-35-horas-e-aumentar-o-valor-das-horas-extra\/\"},\"author\":{\"name\":\"Telinha\",\"@id\":\"https:\/\/portaltela.pt\/#\/schema\/person\/c4278d4a6028830caff9ee44b42d32ed\"},\"headline\":\"UGT prop\u00f5e reduzir a jornada para 35 horas e aumentar o valor das horas extra\",\"datePublished\":\"2026-02-04T23:12:02+00:00\",\"mainEntityOfPage\":{\"@id\":\"https:\/\/portaltela.pt\/noticias\/2026\/02\/04\/ugt-propoe-reduzir-a-jornada-para-35-horas-e-aumentar-o-valor-das-horas-extra\/\"},\"wordCount\":354,\"image\":{\"@id\":\"https:\/\/portaltela.pt\/noticias\/2026\/02\/04\/ugt-propoe-reduzir-a-jornada-para-35-horas-e-aumentar-o-valor-das-horas-extra\/#primaryimage\"},\"thumbnailUrl\":\"https:\/\/portaltela.pt\/s.01k8rhncp4jt1\/2026\/02\/img_1500x1000uu2025-09-13-19-15-20-2235108.jpg\",\"keywords\":[\"direitos laborais\",\"direitos sociais\",\"f\u00e9rias\",\"pol\u00edtica p\u00fablica\",\"trabalho\",\"trabalho suplementar\"],\"articleSection\":[\"Not\u00edcias\"],\"inLanguage\":\"pt-PT\"},{\"@type\":\"WebPage\",\"@id\":\"https:\/\/portaltela.pt\/noticias\/2026\/02\/04\/ugt-propoe-reduzir-a-jornada-para-35-horas-e-aumentar-o-valor-das-horas-extra\/\",\"url\":\"https:\/\/portaltela.pt\/noticias\/2026\/02\/04\/ugt-propoe-reduzir-a-jornada-para-35-horas-e-aumentar-o-valor-das-horas-extra\/\",\"name\":\"UGT prop\u00f5e reduzir a jornada para 35 horas e aumentar o valor das horas extra - Portal Tela Portugal\",\"isPartOf\":{\"@id\":\"https:\/\/portaltela.pt\/#website\"},\"primaryImageOfPage\":{\"@id\":\"https:\/\/portaltela.pt\/noticias\/2026\/02\/04\/ugt-propoe-reduzir-a-jornada-para-35-horas-e-aumentar-o-valor-das-horas-extra\/#primaryimage\"},\"image\":{\"@id\":\"https:\/\/portaltela.pt\/noticias\/2026\/02\/04\/ugt-propoe-reduzir-a-jornada-para-35-horas-e-aumentar-o-valor-das-horas-extra\/#primaryimage\"},\"thumbnailUrl\":\"https:\/\/portaltela.pt\/s.01k8rhncp4jt1\/2026\/02\/img_1500x1000uu2025-09-13-19-15-20-2235108.jpg\",\"datePublished\":\"2026-02-04T23:12:02+00:00\",\"author\":{\"@id\":\"https:\/\/portaltela.pt\/#\/schema\/person\/c4278d4a6028830caff9ee44b42d32ed\"},\"breadcrumb\":{\"@id\":\"https:\/\/portaltela.pt\/noticias\/2026\/02\/04\/ugt-propoe-reduzir-a-jornada-para-35-horas-e-aumentar-o-valor-das-horas-extra\/#breadcrumb\"},\"inLanguage\":\"pt-PT\",\"potentialAction\":[{\"@type\":\"ReadAction\",\"target\":[\"https:\/\/portaltela.pt\/noticias\/2026\/02\/04\/ugt-propoe-reduzir-a-jornada-para-35-horas-e-aumentar-o-valor-das-horas-extra\/\"]}]},{\"@type\":\"ImageObject\",\"inLanguage\":\"pt-PT\",\"@id\":\"https:\/\/portaltela.pt\/noticias\/2026\/02\/04\/ugt-propoe-reduzir-a-jornada-para-35-horas-e-aumentar-o-valor-das-horas-extra\/#primaryimage\",\"url\":\"https:\/\/portaltela.pt\/s.01k8rhncp4jt1\/2026\/02\/img_1500x1000uu2025-09-13-19-15-20-2235108.jpg\",\"contentUrl\":\"https:\/\/portaltela.pt\/s.01k8rhncp4jt1\/2026\/02\/img_1500x1000uu2025-09-13-19-15-20-2235108.jpg\",\"width\":796,\"height\":448,\"caption\":\"Manifestantes durante a concentra\u00e7\u00e3o nacional contra a reforma laboral do Governo, junto \u00e0 Assembleia da Rep\u00fablica em Lisboa\"},{\"@type\":\"BreadcrumbList\",\"@id\":\"https:\/\/portaltela.pt\/noticias\/2026\/02\/04\/ugt-propoe-reduzir-a-jornada-para-35-horas-e-aumentar-o-valor-das-horas-extra\/#breadcrumb\",\"itemListElement\":[{\"@type\":\"ListItem\",\"position\":1,\"name\":\"In\u00edcio\",\"item\":\"https:\/\/portaltela.pt\/\"},{\"@type\":\"ListItem\",\"position\":2,\"name\":\"UGT prop\u00f5e reduzir a jornada para 35 horas e aumentar o valor das horas extra\"}]},{\"@type\":\"WebSite\",\"@id\":\"https:\/\/portaltela.pt\/#website\",\"url\":\"https:\/\/portaltela.pt\/\",\"name\":\"Portal Tela Portugal\",\"description\":\"\",\"potentialAction\":[{\"@type\":\"SearchAction\",\"target\":{\"@type\":\"EntryPoint\",\"urlTemplate\":\"https:\/\/portaltela.pt\/?s={search_term_string}\"},\"query-input\":{\"@type\":\"PropertyValueSpecification\",\"valueRequired\":true,\"valueName\":\"search_term_string\"}}],\"inLanguage\":\"pt-PT\"},{\"@type\":\"Person\",\"@id\":\"https:\/\/portaltela.pt\/#\/schema\/person\/c4278d4a6028830caff9ee44b42d32ed\",\"name\":\"Telinha\",\"image\":{\"@type\":\"ImageObject\",\"inLanguage\":\"pt-PT\",\"@id\":\"https:\/\/portaltela.pt\/s.01k8rhncp4jt1\/2025\/11\/talking-bot-125x125.png\",\"url\":\"https:\/\/portaltela.pt\/s.01k8rhncp4jt1\/2025\/11\/talking-bot-125x125.png\",\"contentUrl\":\"https:\/\/portaltela.pt\/s.01k8rhncp4jt1\/2025\/11\/talking-bot-125x125.png\",\"caption\":\"Telinha\"},\"sameAs\":[\"https:\/\/portaltela.pt\/\"],\"url\":\"https:\/\/portaltela.pt\/por\/367410592786\/\"}]}<\/script>\n<!-- \/ Yoast SEO plugin. -->","yoast_head_json":{"title":"UGT prop\u00f5e reduzir a jornada para 35 horas e aumentar o valor das horas extra - Portal Tela Portugal","robots":{"index":"index","follow":"follow","max-snippet":"max-snippet:-1","max-image-preview":"max-image-preview:large","max-video-preview":"max-video-preview:-1"},"og_locale":"pt_PT","og_type":"article","og_title":"UGT prop\u00f5e reduzir a jornada para 35 horas e aumentar o valor das horas extra - Portal Tela Portugal","og_description":"A UGT entregou ao Governo a contraproposta \u201cTrabalho com Direitos XXI\u201d, que inclui reduzir o hor\u00e1rio de trabalho para 35 horas semanais e aumentar o pagamento das horas extra. Prop\u00f5e que o banco de horas grupal possa ser aprovado por referendo de 60% dos trabalhadores abrangidos, em vez dos 65% atuais. Defende limites ao trabalho noturno em regimes de adaptabilidade: n\u00e3o pode ser superior a sete horas di\u00e1rias, em m\u00e9dia semanal, e n\u00e3o deve exceder sete horas em vinte e quatro horas em atividades de risco. Defende ainda que o trabalhador noturno receba 50% a mais do que o trabalho diurno, em vez dos 25% previstos por lei. Prop\u00f5e subir as dias de f\u00e9rias de 22 para 25, com redu\u00e7\u00e3o por faltas injustificadas, e altera\u00e7\u00f5es no regime de horas extra e no descanso compensat\u00f3rio (com pagamentos de 50% na primeira hora, 75% subsequente, e 100% em feriados).","og_url":"https:\/\/portaltela.pt\/noticias\/2026\/02\/04\/ugt-propoe-reduzir-a-jornada-para-35-horas-e-aumentar-o-valor-das-horas-extra\/","og_site_name":"Portal Tela Portugal","article_published_time":"2026-02-04T23:12:02+00:00","author":"Telinha","twitter_card":"summary_large_image","twitter_misc":{"Escrito por":"Telinha","Tempo estimado de leitura":"2 minutos"},"schema":{"@context":"https:\/\/schema.org","@graph":[{"@type":"Article","@id":"https:\/\/portaltela.pt\/noticias\/2026\/02\/04\/ugt-propoe-reduzir-a-jornada-para-35-horas-e-aumentar-o-valor-das-horas-extra\/#article","isPartOf":{"@id":"https:\/\/portaltela.pt\/noticias\/2026\/02\/04\/ugt-propoe-reduzir-a-jornada-para-35-horas-e-aumentar-o-valor-das-horas-extra\/"},"author":{"name":"Telinha","@id":"https:\/\/portaltela.pt\/#\/schema\/person\/c4278d4a6028830caff9ee44b42d32ed"},"headline":"UGT prop\u00f5e reduzir a jornada para 35 horas e aumentar o valor das horas extra","datePublished":"2026-02-04T23:12:02+00:00","mainEntityOfPage":{"@id":"https:\/\/portaltela.pt\/noticias\/2026\/02\/04\/ugt-propoe-reduzir-a-jornada-para-35-horas-e-aumentar-o-valor-das-horas-extra\/"},"wordCount":354,"image":{"@id":"https:\/\/portaltela.pt\/noticias\/2026\/02\/04\/ugt-propoe-reduzir-a-jornada-para-35-horas-e-aumentar-o-valor-das-horas-extra\/#primaryimage"},"thumbnailUrl":"https:\/\/portaltela.pt\/s.01k8rhncp4jt1\/2026\/02\/img_1500x1000uu2025-09-13-19-15-20-2235108.jpg","keywords":["direitos laborais","direitos sociais","f\u00e9rias","pol\u00edtica p\u00fablica","trabalho","trabalho suplementar"],"articleSection":["Not\u00edcias"],"inLanguage":"pt-PT"},{"@type":"WebPage","@id":"https:\/\/portaltela.pt\/noticias\/2026\/02\/04\/ugt-propoe-reduzir-a-jornada-para-35-horas-e-aumentar-o-valor-das-horas-extra\/","url":"https:\/\/portaltela.pt\/noticias\/2026\/02\/04\/ugt-propoe-reduzir-a-jornada-para-35-horas-e-aumentar-o-valor-das-horas-extra\/","name":"UGT prop\u00f5e reduzir a jornada para 35 horas e aumentar o valor das horas extra - Portal Tela Portugal","isPartOf":{"@id":"https:\/\/portaltela.pt\/#website"},"primaryImageOfPage":{"@id":"https:\/\/portaltela.pt\/noticias\/2026\/02\/04\/ugt-propoe-reduzir-a-jornada-para-35-horas-e-aumentar-o-valor-das-horas-extra\/#primaryimage"},"image":{"@id":"https:\/\/portaltela.pt\/noticias\/2026\/02\/04\/ugt-propoe-reduzir-a-jornada-para-35-horas-e-aumentar-o-valor-das-horas-extra\/#primaryimage"},"thumbnailUrl":"https:\/\/portaltela.pt\/s.01k8rhncp4jt1\/2026\/02\/img_1500x1000uu2025-09-13-19-15-20-2235108.jpg","datePublished":"2026-02-04T23:12:02+00:00","author":{"@id":"https:\/\/portaltela.pt\/#\/schema\/person\/c4278d4a6028830caff9ee44b42d32ed"},"breadcrumb":{"@id":"https:\/\/portaltela.pt\/noticias\/2026\/02\/04\/ugt-propoe-reduzir-a-jornada-para-35-horas-e-aumentar-o-valor-das-horas-extra\/#breadcrumb"},"inLanguage":"pt-PT","potentialAction":[{"@type":"ReadAction","target":["https:\/\/portaltela.pt\/noticias\/2026\/02\/04\/ugt-propoe-reduzir-a-jornada-para-35-horas-e-aumentar-o-valor-das-horas-extra\/"]}]},{"@type":"ImageObject","inLanguage":"pt-PT","@id":"https:\/\/portaltela.pt\/noticias\/2026\/02\/04\/ugt-propoe-reduzir-a-jornada-para-35-horas-e-aumentar-o-valor-das-horas-extra\/#primaryimage","url":"https:\/\/portaltela.pt\/s.01k8rhncp4jt1\/2026\/02\/img_1500x1000uu2025-09-13-19-15-20-2235108.jpg","contentUrl":"https:\/\/portaltela.pt\/s.01k8rhncp4jt1\/2026\/02\/img_1500x1000uu2025-09-13-19-15-20-2235108.jpg","width":796,"height":448,"caption":"Manifestantes durante a concentra\u00e7\u00e3o nacional contra a reforma laboral do Governo, junto \u00e0 Assembleia da Rep\u00fablica em Lisboa"},{"@type":"BreadcrumbList","@id":"https:\/\/portaltela.pt\/noticias\/2026\/02\/04\/ugt-propoe-reduzir-a-jornada-para-35-horas-e-aumentar-o-valor-das-horas-extra\/#breadcrumb","itemListElement":[{"@type":"ListItem","position":1,"name":"In\u00edcio","item":"https:\/\/portaltela.pt\/"},{"@type":"ListItem","position":2,"name":"UGT prop\u00f5e reduzir a jornada para 35 horas e aumentar o valor das horas extra"}]},{"@type":"WebSite","@id":"https:\/\/portaltela.pt\/#website","url":"https:\/\/portaltela.pt\/","name":"Portal Tela Portugal","description":"","potentialAction":[{"@type":"SearchAction","target":{"@type":"EntryPoint","urlTemplate":"https:\/\/portaltela.pt\/?s={search_term_string}"},"query-input":{"@type":"PropertyValueSpecification","valueRequired":true,"valueName":"search_term_string"}}],"inLanguage":"pt-PT"},{"@type":"Person","@id":"https:\/\/portaltela.pt\/#\/schema\/person\/c4278d4a6028830caff9ee44b42d32ed","name":"Telinha","image":{"@type":"ImageObject","inLanguage":"pt-PT","@id":"https:\/\/portaltela.pt\/s.01k8rhncp4jt1\/2025\/11\/talking-bot-125x125.png","url":"https:\/\/portaltela.pt\/s.01k8rhncp4jt1\/2025\/11\/talking-bot-125x125.png","contentUrl":"https:\/\/portaltela.pt\/s.01k8rhncp4jt1\/2025\/11\/talking-bot-125x125.png","caption":"Telinha"},"sameAs":["https:\/\/portaltela.pt\/"],"url":"https:\/\/portaltela.pt\/por\/367410592786\/"}]}},"_links":{"self":[{"href":"https:\/\/portaltela.pt\/api\/wp\/v2\/posts\/198412","targetHints":{"allow":["GET"]}}],"collection":[{"href":"https:\/\/portaltela.pt\/api\/wp\/v2\/posts"}],"about":[{"href":"https:\/\/portaltela.pt\/api\/wp\/v2\/types\/post"}],"author":[{"embeddable":true,"href":"https:\/\/portaltela.pt\/api\/wp\/v2\/users\/2"}],"replies":[{"embeddable":true,"href":"https:\/\/portaltela.pt\/api\/wp\/v2\/comments?post=198412"}],"version-history":[{"count":0,"href":"https:\/\/portaltela.pt\/api\/wp\/v2\/posts\/198412\/revisions"}],"wp:featuredmedia":[{"embeddable":true,"href":"https:\/\/portaltela.pt\/api\/wp\/v2\/media\/198416"}],"wp:attachment":[{"href":"https:\/\/portaltela.pt\/api\/wp\/v2\/media?parent=198412"}],"wp:term":[{"taxonomy":"category","embeddable":true,"href":"https:\/\/portaltela.pt\/api\/wp\/v2\/categories?post=198412"},{"taxonomy":"post_tag","embeddable":true,"href":"https:\/\/portaltela.pt\/api\/wp\/v2\/tags?post=198412"}],"curies":[{"name":"wp","href":"https:\/\/api.w.org\/{rel}","templated":true}]}}