{"id":198405,"date":"2026-02-04T19:43:36","date_gmt":"2026-02-04T22:43:36","guid":{"rendered":"https:\/\/portaltela.pt\/noticias\/2026\/02\/04\/mau-tempo-causa-prejuizos-estimados-de-20-milhoes-de-euros-em-odemira\/"},"modified":"2026-02-04T19:43:36","modified_gmt":"2026-02-04T22:43:36","slug":"mau-tempo-causa-prejuizos-estimados-de-20-milhoes-de-euros-em-odemira","status":"publish","type":"post","link":"https:\/\/portaltela.pt\/noticias\/2026\/02\/04\/mau-tempo-causa-prejuizos-estimados-de-20-milhoes-de-euros-em-odemira\/","title":{"rendered":"Mau tempo causa preju\u00edzos estimados de 20 milh\u00f5es de euros em Odemira"},"content":{"rendered":"<p>A for\u00e7a do vento e a chuva intensificaram os danos em instala\u00e7\u00f5es agr\u00edcolas no sudoeste alentejano, com preju\u00edzos estimados em cerca de 20 milh\u00f5es de euros. A informa\u00e7\u00e3o foi avan\u00e7ada pela AHSA, associa\u00e7\u00e3o que representa hortofruticultores da regi\u00e3o, em declara\u00e7\u00f5es \u00e0 Lusa. O foco principal s\u00e3o as estufas, t\u00faneis e explora\u00e7\u00f5es afetadas em Odemira, Beja.<\/p>\n<p>Segundo Lu\u00eds Mesquita Dias, presidente da AHSA, os preju\u00edzos acumulam-se e podem ser superiores ao valor estimado, dado o n\u00famero de empresas atingidas. Entre os deficits identificados, destaca-se a quebra em \u00e1reas de produ\u00e7\u00e3o de frutos vermelhos, que abrangem centenas de hectares.<\/p>\n<p>A AHSA e outras organiza\u00e7\u00f5es agr\u00edcolas j\u00e1 apontam para um cen\u00e1rio de danos da tempestade Kristin e da chuva persistente, com dificuldades na quantifica\u00e7\u00e3o de perdas, sobretudo quando as estruturas est\u00e3o danificadas e as planta\u00e7\u00f5es permanecem alagadas. O quadro agrava-se com a possibilidade de perdas totais se a \u00e1gua persistir.<\/p>\n<h3>Preju\u00edzos em fruticultura e horticultura<\/h3>\n<p>A Lusomorango, que representa produtores de pequenos frutos em Odemira, indica preju\u00edzos provis\u00f3rios superiores a 10 milh\u00f5es de euros. A organiza\u00e7\u00e3o sublinha que o montante decorre de cerca de 40 produtores associados e exige apoio governamental j\u00e1 anunciado.<\/p>\n<h3>Contexto e respostas oficiais<\/h3>\n<p>\u00d3rg\u00e3os oficiais indicam que, desde a semana passada, o mau tempo deixou dezenas de feridos e v\u00e1rias mortes provocadas pela depress\u00e3o Kristin. O Governo decretou calamidade em 68 concelhos e revelou um pacote de apoio financeiro de at\u00e9 2,5 mil milh\u00f5es de euros.<\/p>\n","protected":false},"excerpt":{"rendered":"<ul>\n<li>Odemira enfrenta preju\u00edzos estimados em cerca de 20 milh\u00f5es de euros devido ao vento e \u00e0 chuva, afetando instala\u00e7\u00f5es agr\u00edcolas, estufas e t\u00faneis, segundo a AHSA.<\/li>\n<li>A AHSA revela que cerca de 200 hectares de estufas ou t\u00faneis foram afetados, num universo de produ\u00e7\u00e3o de frutos vermelhos que envolve cerca de 500 hectares.<\/li>\n<li>A produ\u00e7\u00e3o hortofrut\u00edcola tamb\u00e9m ficou marcada pelos danos, com a presidente da AHSA a indicar que a quantifica\u00e7\u00e3o final ainda \u00e9 incerta e que a continua\u00e7\u00e3o das chuvas agrava o cen\u00e1rio.<\/li>\n<li>A Lusomorango, que representa produtores de pequenos frutos em Odemira, aponta preju\u00edzos provis\u00f3rios superiores a 10 milh\u00f5es de euros para cerca de 40 produtores.<\/li>\n<li>O Governo declarou situa\u00e7\u00e3o de calamidade at\u00e9 ao pr\u00f3ximo domingo para 68 concelhos e anunciou um conjunto de medidas de apoio, num pacote de at\u00e9 2,5 mil milh\u00f5es de euros.<\/li>\n<\/ul>\n","protected":false},"author":2,"featured_media":198408,"comment_status":"closed","ping_status":"closed","sticky":false,"template":"","format":"standard","meta":{"footnotes":""},"categories":[1],"tags":[179,3812,943,4687,3481,1648],"class_list":["post-198405","post","type-post","status-publish","format-standard","has-post-thumbnail","hentry","category-noticias","tag-agricultura","tag-alagamentos","tag-beja","tag-calamidade-publica","tag-horticultura","tag-odemira"],"yoast_head":"<!-- This site is optimized with the Yoast SEO plugin v27.2 - https:\/\/yoast.com\/product\/yoast-seo-wordpress\/ -->\n<title>Mau tempo causa preju\u00edzos estimados de 20 milh\u00f5es de euros em Odemira - Portal Tela Portugal<\/title>\n<meta name=\"robots\" content=\"index, follow, max-snippet:-1, max-image-preview:large, max-video-preview:-1\" \/>\n<meta property=\"og:locale\" content=\"pt_PT\" \/>\n<meta property=\"og:type\" content=\"article\" \/>\n<meta property=\"og:title\" content=\"Mau tempo causa preju\u00edzos estimados de 20 milh\u00f5es de euros em Odemira - Portal Tela Portugal\" \/>\n<meta property=\"og:description\" content=\"Odemira enfrenta preju\u00edzos estimados em cerca de 20 milh\u00f5es de euros devido ao vento e \u00e0 chuva, afetando instala\u00e7\u00f5es agr\u00edcolas, estufas e t\u00faneis, segundo a AHSA. A AHSA revela que cerca de 200 hectares de estufas ou t\u00faneis foram afetados, num universo de produ\u00e7\u00e3o de frutos vermelhos que envolve cerca de 500 hectares. A produ\u00e7\u00e3o hortofrut\u00edcola tamb\u00e9m ficou marcada pelos danos, com a presidente da AHSA a indicar que a quantifica\u00e7\u00e3o final ainda \u00e9 incerta e que a continua\u00e7\u00e3o das chuvas agrava o cen\u00e1rio. A Lusomorango, que representa produtores de pequenos frutos em Odemira, aponta preju\u00edzos provis\u00f3rios superiores a 10 milh\u00f5es de euros para cerca de 40 produtores. O Governo declarou situa\u00e7\u00e3o de calamidade at\u00e9 ao pr\u00f3ximo domingo para 68 concelhos e anunciou um conjunto de medidas de apoio, num pacote de at\u00e9 2,5 mil milh\u00f5es de euros.\" \/>\n<meta property=\"og:url\" content=\"https:\/\/portaltela.pt\/noticias\/2026\/02\/04\/mau-tempo-causa-prejuizos-estimados-de-20-milhoes-de-euros-em-odemira\/\" \/>\n<meta property=\"og:site_name\" content=\"Portal Tela Portugal\" \/>\n<meta property=\"article:published_time\" content=\"2026-02-04T22:43:36+00:00\" \/>\n<meta name=\"author\" content=\"Telinha\" \/>\n<meta name=\"twitter:card\" content=\"summary_large_image\" \/>\n<meta name=\"twitter:label1\" content=\"Escrito por\" \/>\n\t<meta name=\"twitter:data1\" content=\"Telinha\" \/>\n\t<meta name=\"twitter:label2\" content=\"Tempo estimado de leitura\" \/>\n\t<meta name=\"twitter:data2\" content=\"1 minuto\" \/>\n<script type=\"application\/ld+json\" class=\"yoast-schema-graph\">{\"@context\":\"https:\/\/schema.org\",\"@graph\":[{\"@type\":\"Article\",\"@id\":\"https:\/\/portaltela.pt\/noticias\/2026\/02\/04\/mau-tempo-causa-prejuizos-estimados-de-20-milhoes-de-euros-em-odemira\/#article\",\"isPartOf\":{\"@id\":\"https:\/\/portaltela.pt\/noticias\/2026\/02\/04\/mau-tempo-causa-prejuizos-estimados-de-20-milhoes-de-euros-em-odemira\/\"},\"author\":{\"name\":\"Telinha\",\"@id\":\"https:\/\/portaltela.pt\/#\/schema\/person\/c4278d4a6028830caff9ee44b42d32ed\"},\"headline\":\"Mau tempo causa preju\u00edzos estimados de 20 milh\u00f5es de euros em Odemira\",\"datePublished\":\"2026-02-04T22:43:36+00:00\",\"mainEntityOfPage\":{\"@id\":\"https:\/\/portaltela.pt\/noticias\/2026\/02\/04\/mau-tempo-causa-prejuizos-estimados-de-20-milhoes-de-euros-em-odemira\/\"},\"wordCount\":276,\"image\":{\"@id\":\"https:\/\/portaltela.pt\/noticias\/2026\/02\/04\/mau-tempo-causa-prejuizos-estimados-de-20-milhoes-de-euros-em-odemira\/#primaryimage\"},\"thumbnailUrl\":\"https:\/\/portaltela.pt\/s.01k8rhncp4jt1\/2026\/02\/imagem_odigital-1200-x-675-px-22-1.jpg\",\"keywords\":[\"agricultura\",\"alagamentos\",\"Beja\",\"calamidade p\u00fablica\",\"horticultura\",\"Odemira\"],\"articleSection\":[\"Not\u00edcias\"],\"inLanguage\":\"pt-PT\"},{\"@type\":\"WebPage\",\"@id\":\"https:\/\/portaltela.pt\/noticias\/2026\/02\/04\/mau-tempo-causa-prejuizos-estimados-de-20-milhoes-de-euros-em-odemira\/\",\"url\":\"https:\/\/portaltela.pt\/noticias\/2026\/02\/04\/mau-tempo-causa-prejuizos-estimados-de-20-milhoes-de-euros-em-odemira\/\",\"name\":\"Mau tempo causa preju\u00edzos estimados de 20 milh\u00f5es de euros em Odemira - Portal Tela Portugal\",\"isPartOf\":{\"@id\":\"https:\/\/portaltela.pt\/#website\"},\"primaryImageOfPage\":{\"@id\":\"https:\/\/portaltela.pt\/noticias\/2026\/02\/04\/mau-tempo-causa-prejuizos-estimados-de-20-milhoes-de-euros-em-odemira\/#primaryimage\"},\"image\":{\"@id\":\"https:\/\/portaltela.pt\/noticias\/2026\/02\/04\/mau-tempo-causa-prejuizos-estimados-de-20-milhoes-de-euros-em-odemira\/#primaryimage\"},\"thumbnailUrl\":\"https:\/\/portaltela.pt\/s.01k8rhncp4jt1\/2026\/02\/imagem_odigital-1200-x-675-px-22-1.jpg\",\"datePublished\":\"2026-02-04T22:43:36+00:00\",\"author\":{\"@id\":\"https:\/\/portaltela.pt\/#\/schema\/person\/c4278d4a6028830caff9ee44b42d32ed\"},\"breadcrumb\":{\"@id\":\"https:\/\/portaltela.pt\/noticias\/2026\/02\/04\/mau-tempo-causa-prejuizos-estimados-de-20-milhoes-de-euros-em-odemira\/#breadcrumb\"},\"inLanguage\":\"pt-PT\",\"potentialAction\":[{\"@type\":\"ReadAction\",\"target\":[\"https:\/\/portaltela.pt\/noticias\/2026\/02\/04\/mau-tempo-causa-prejuizos-estimados-de-20-milhoes-de-euros-em-odemira\/\"]}]},{\"@type\":\"ImageObject\",\"inLanguage\":\"pt-PT\",\"@id\":\"https:\/\/portaltela.pt\/noticias\/2026\/02\/04\/mau-tempo-causa-prejuizos-estimados-de-20-milhoes-de-euros-em-odemira\/#primaryimage\",\"url\":\"https:\/\/portaltela.pt\/s.01k8rhncp4jt1\/2026\/02\/imagem_odigital-1200-x-675-px-22-1.jpg\",\"contentUrl\":\"https:\/\/portaltela.pt\/s.01k8rhncp4jt1\/2026\/02\/imagem_odigital-1200-x-675-px-22-1.jpg\",\"width\":796,\"height\":448,\"caption\":\"Mau tempo: Associa\u00e7\u00e3o estima 20M\u20ac de preju\u00edzos em estufas e explora\u00e7\u00f5es agr\u00edcolas de Odemira\"},{\"@type\":\"BreadcrumbList\",\"@id\":\"https:\/\/portaltela.pt\/noticias\/2026\/02\/04\/mau-tempo-causa-prejuizos-estimados-de-20-milhoes-de-euros-em-odemira\/#breadcrumb\",\"itemListElement\":[{\"@type\":\"ListItem\",\"position\":1,\"name\":\"In\u00edcio\",\"item\":\"https:\/\/portaltela.pt\/\"},{\"@type\":\"ListItem\",\"position\":2,\"name\":\"Mau tempo causa preju\u00edzos estimados de 20 milh\u00f5es de euros em Odemira\"}]},{\"@type\":\"WebSite\",\"@id\":\"https:\/\/portaltela.pt\/#website\",\"url\":\"https:\/\/portaltela.pt\/\",\"name\":\"Portal Tela Portugal\",\"description\":\"\",\"potentialAction\":[{\"@type\":\"SearchAction\",\"target\":{\"@type\":\"EntryPoint\",\"urlTemplate\":\"https:\/\/portaltela.pt\/?s={search_term_string}\"},\"query-input\":{\"@type\":\"PropertyValueSpecification\",\"valueRequired\":true,\"valueName\":\"search_term_string\"}}],\"inLanguage\":\"pt-PT\"},{\"@type\":\"Person\",\"@id\":\"https:\/\/portaltela.pt\/#\/schema\/person\/c4278d4a6028830caff9ee44b42d32ed\",\"name\":\"Telinha\",\"image\":{\"@type\":\"ImageObject\",\"inLanguage\":\"pt-PT\",\"@id\":\"https:\/\/portaltela.pt\/s.01k8rhncp4jt1\/2025\/11\/talking-bot-125x125.png\",\"url\":\"https:\/\/portaltela.pt\/s.01k8rhncp4jt1\/2025\/11\/talking-bot-125x125.png\",\"contentUrl\":\"https:\/\/portaltela.pt\/s.01k8rhncp4jt1\/2025\/11\/talking-bot-125x125.png\",\"caption\":\"Telinha\"},\"sameAs\":[\"https:\/\/portaltela.pt\/\"],\"url\":\"https:\/\/portaltela.pt\/por\/367410592786\/\"}]}<\/script>\n<!-- \/ Yoast SEO plugin. -->","yoast_head_json":{"title":"Mau tempo causa preju\u00edzos estimados de 20 milh\u00f5es de euros em Odemira - Portal Tela Portugal","robots":{"index":"index","follow":"follow","max-snippet":"max-snippet:-1","max-image-preview":"max-image-preview:large","max-video-preview":"max-video-preview:-1"},"og_locale":"pt_PT","og_type":"article","og_title":"Mau tempo causa preju\u00edzos estimados de 20 milh\u00f5es de euros em Odemira - Portal Tela Portugal","og_description":"Odemira enfrenta preju\u00edzos estimados em cerca de 20 milh\u00f5es de euros devido ao vento e \u00e0 chuva, afetando instala\u00e7\u00f5es agr\u00edcolas, estufas e t\u00faneis, segundo a AHSA. A AHSA revela que cerca de 200 hectares de estufas ou t\u00faneis foram afetados, num universo de produ\u00e7\u00e3o de frutos vermelhos que envolve cerca de 500 hectares. A produ\u00e7\u00e3o hortofrut\u00edcola tamb\u00e9m ficou marcada pelos danos, com a presidente da AHSA a indicar que a quantifica\u00e7\u00e3o final ainda \u00e9 incerta e que a continua\u00e7\u00e3o das chuvas agrava o cen\u00e1rio. A Lusomorango, que representa produtores de pequenos frutos em Odemira, aponta preju\u00edzos provis\u00f3rios superiores a 10 milh\u00f5es de euros para cerca de 40 produtores. O Governo declarou situa\u00e7\u00e3o de calamidade at\u00e9 ao pr\u00f3ximo domingo para 68 concelhos e anunciou um conjunto de medidas de apoio, num pacote de at\u00e9 2,5 mil milh\u00f5es de euros.","og_url":"https:\/\/portaltela.pt\/noticias\/2026\/02\/04\/mau-tempo-causa-prejuizos-estimados-de-20-milhoes-de-euros-em-odemira\/","og_site_name":"Portal Tela Portugal","article_published_time":"2026-02-04T22:43:36+00:00","author":"Telinha","twitter_card":"summary_large_image","twitter_misc":{"Escrito por":"Telinha","Tempo estimado de leitura":"1 minuto"},"schema":{"@context":"https:\/\/schema.org","@graph":[{"@type":"Article","@id":"https:\/\/portaltela.pt\/noticias\/2026\/02\/04\/mau-tempo-causa-prejuizos-estimados-de-20-milhoes-de-euros-em-odemira\/#article","isPartOf":{"@id":"https:\/\/portaltela.pt\/noticias\/2026\/02\/04\/mau-tempo-causa-prejuizos-estimados-de-20-milhoes-de-euros-em-odemira\/"},"author":{"name":"Telinha","@id":"https:\/\/portaltela.pt\/#\/schema\/person\/c4278d4a6028830caff9ee44b42d32ed"},"headline":"Mau tempo causa preju\u00edzos estimados de 20 milh\u00f5es de euros em Odemira","datePublished":"2026-02-04T22:43:36+00:00","mainEntityOfPage":{"@id":"https:\/\/portaltela.pt\/noticias\/2026\/02\/04\/mau-tempo-causa-prejuizos-estimados-de-20-milhoes-de-euros-em-odemira\/"},"wordCount":276,"image":{"@id":"https:\/\/portaltela.pt\/noticias\/2026\/02\/04\/mau-tempo-causa-prejuizos-estimados-de-20-milhoes-de-euros-em-odemira\/#primaryimage"},"thumbnailUrl":"https:\/\/portaltela.pt\/s.01k8rhncp4jt1\/2026\/02\/imagem_odigital-1200-x-675-px-22-1.jpg","keywords":["agricultura","alagamentos","Beja","calamidade p\u00fablica","horticultura","Odemira"],"articleSection":["Not\u00edcias"],"inLanguage":"pt-PT"},{"@type":"WebPage","@id":"https:\/\/portaltela.pt\/noticias\/2026\/02\/04\/mau-tempo-causa-prejuizos-estimados-de-20-milhoes-de-euros-em-odemira\/","url":"https:\/\/portaltela.pt\/noticias\/2026\/02\/04\/mau-tempo-causa-prejuizos-estimados-de-20-milhoes-de-euros-em-odemira\/","name":"Mau tempo causa preju\u00edzos estimados de 20 milh\u00f5es de euros em Odemira - Portal Tela Portugal","isPartOf":{"@id":"https:\/\/portaltela.pt\/#website"},"primaryImageOfPage":{"@id":"https:\/\/portaltela.pt\/noticias\/2026\/02\/04\/mau-tempo-causa-prejuizos-estimados-de-20-milhoes-de-euros-em-odemira\/#primaryimage"},"image":{"@id":"https:\/\/portaltela.pt\/noticias\/2026\/02\/04\/mau-tempo-causa-prejuizos-estimados-de-20-milhoes-de-euros-em-odemira\/#primaryimage"},"thumbnailUrl":"https:\/\/portaltela.pt\/s.01k8rhncp4jt1\/2026\/02\/imagem_odigital-1200-x-675-px-22-1.jpg","datePublished":"2026-02-04T22:43:36+00:00","author":{"@id":"https:\/\/portaltela.pt\/#\/schema\/person\/c4278d4a6028830caff9ee44b42d32ed"},"breadcrumb":{"@id":"https:\/\/portaltela.pt\/noticias\/2026\/02\/04\/mau-tempo-causa-prejuizos-estimados-de-20-milhoes-de-euros-em-odemira\/#breadcrumb"},"inLanguage":"pt-PT","potentialAction":[{"@type":"ReadAction","target":["https:\/\/portaltela.pt\/noticias\/2026\/02\/04\/mau-tempo-causa-prejuizos-estimados-de-20-milhoes-de-euros-em-odemira\/"]}]},{"@type":"ImageObject","inLanguage":"pt-PT","@id":"https:\/\/portaltela.pt\/noticias\/2026\/02\/04\/mau-tempo-causa-prejuizos-estimados-de-20-milhoes-de-euros-em-odemira\/#primaryimage","url":"https:\/\/portaltela.pt\/s.01k8rhncp4jt1\/2026\/02\/imagem_odigital-1200-x-675-px-22-1.jpg","contentUrl":"https:\/\/portaltela.pt\/s.01k8rhncp4jt1\/2026\/02\/imagem_odigital-1200-x-675-px-22-1.jpg","width":796,"height":448,"caption":"Mau tempo: Associa\u00e7\u00e3o estima 20M\u20ac de preju\u00edzos em estufas e explora\u00e7\u00f5es agr\u00edcolas de Odemira"},{"@type":"BreadcrumbList","@id":"https:\/\/portaltela.pt\/noticias\/2026\/02\/04\/mau-tempo-causa-prejuizos-estimados-de-20-milhoes-de-euros-em-odemira\/#breadcrumb","itemListElement":[{"@type":"ListItem","position":1,"name":"In\u00edcio","item":"https:\/\/portaltela.pt\/"},{"@type":"ListItem","position":2,"name":"Mau tempo causa preju\u00edzos estimados de 20 milh\u00f5es de euros em Odemira"}]},{"@type":"WebSite","@id":"https:\/\/portaltela.pt\/#website","url":"https:\/\/portaltela.pt\/","name":"Portal Tela Portugal","description":"","potentialAction":[{"@type":"SearchAction","target":{"@type":"EntryPoint","urlTemplate":"https:\/\/portaltela.pt\/?s={search_term_string}"},"query-input":{"@type":"PropertyValueSpecification","valueRequired":true,"valueName":"search_term_string"}}],"inLanguage":"pt-PT"},{"@type":"Person","@id":"https:\/\/portaltela.pt\/#\/schema\/person\/c4278d4a6028830caff9ee44b42d32ed","name":"Telinha","image":{"@type":"ImageObject","inLanguage":"pt-PT","@id":"https:\/\/portaltela.pt\/s.01k8rhncp4jt1\/2025\/11\/talking-bot-125x125.png","url":"https:\/\/portaltela.pt\/s.01k8rhncp4jt1\/2025\/11\/talking-bot-125x125.png","contentUrl":"https:\/\/portaltela.pt\/s.01k8rhncp4jt1\/2025\/11\/talking-bot-125x125.png","caption":"Telinha"},"sameAs":["https:\/\/portaltela.pt\/"],"url":"https:\/\/portaltela.pt\/por\/367410592786\/"}]}},"_links":{"self":[{"href":"https:\/\/portaltela.pt\/api\/wp\/v2\/posts\/198405","targetHints":{"allow":["GET"]}}],"collection":[{"href":"https:\/\/portaltela.pt\/api\/wp\/v2\/posts"}],"about":[{"href":"https:\/\/portaltela.pt\/api\/wp\/v2\/types\/post"}],"author":[{"embeddable":true,"href":"https:\/\/portaltela.pt\/api\/wp\/v2\/users\/2"}],"replies":[{"embeddable":true,"href":"https:\/\/portaltela.pt\/api\/wp\/v2\/comments?post=198405"}],"version-history":[{"count":0,"href":"https:\/\/portaltela.pt\/api\/wp\/v2\/posts\/198405\/revisions"}],"wp:featuredmedia":[{"embeddable":true,"href":"https:\/\/portaltela.pt\/api\/wp\/v2\/media\/198408"}],"wp:attachment":[{"href":"https:\/\/portaltela.pt\/api\/wp\/v2\/media?parent=198405"}],"wp:term":[{"taxonomy":"category","embeddable":true,"href":"https:\/\/portaltela.pt\/api\/wp\/v2\/categories?post=198405"},{"taxonomy":"post_tag","embeddable":true,"href":"https:\/\/portaltela.pt\/api\/wp\/v2\/tags?post=198405"}],"curies":[{"name":"wp","href":"https:\/\/api.w.org\/{rel}","templated":true}]}}