{"id":198401,"date":"2026-02-04T19:52:00","date_gmt":"2026-02-04T22:52:00","guid":{"rendered":"https:\/\/portaltela.pt\/noticias\/2026\/02\/04\/protocolo-para-a-coleccao-ellipse-desperta-criticas-por-ser-disparatado\/"},"modified":"2026-02-04T19:52:00","modified_gmt":"2026-02-04T22:52:00","slug":"protocolo-para-a-coleccao-ellipse-desperta-criticas-por-ser-disparatado","status":"publish","type":"post","link":"https:\/\/portaltela.pt\/noticias\/2026\/02\/04\/protocolo-para-a-coleccao-ellipse-desperta-criticas-por-ser-disparatado\/","title":{"rendered":"Protocolo para a colec\u00e7\u00e3o Ellipse desperta cr\u00edticas por ser disparatado"},"content":{"rendered":"<p>A controv\u00e9rsia em torno da Cole\u00e7\u00e3o Ellipse voltou a ganhar f\u00f4lego com a contesta\u00e7\u00e3o de artistas e historiadores de arte ao novo protocolo que dispensa o dep\u00f3sito integral daEllipseno MAC\/CCB. A negocia\u00e7\u00e3o \u00e9 vista como uma sa\u00edda pr\u00e1tica pela Administra\u00e7\u00e3o, mas tem recebido cr\u00edticas por parte dos signat\u00e1rios da carta aberta.<\/p>\n<p>Os signat\u00e1rios que divergem do acordo defendem que a Cole\u00e7\u00e3o Ellipse deve permanecer integralmente sob dep\u00f3sito no MAC\/CCB, indicando que o mecanismo atual representa uma solu\u00e7\u00e3o inadequada. A carta aponta riscos para a gest\u00e3o e preserva\u00e7\u00e3o da cole\u00e7\u00e3o, segundo os organizadores.<\/p>\n<p>A mensagem p\u00fablica dirigida \u00e0 ministra da Cultura, Margarida Balseiro Lopes, cresce a cada dia. Os cr\u00edticos destacam, entre os motivos de desacordo, a import\u00e2ncia de manter o conjunto art\u00edstico acess\u00edvel ao p\u00fablico no maior espa\u00e7o poss\u00edvel de exposi\u00e7\u00e3o.<\/p>\n<h3>Novo cap\u00edtulo na discuss\u00e3o<\/h3>\n<p>O aumento de ades\u00f5es \u00e0 carta aberta intensifica o debate sobre a forma de salvaguardar a Ellipse. Analisam-se impactos museol\u00f3gicos, t\u00e9cnicos e de financiamento, com diferentes actores a apresentar perspetivas sobre o que \u00e9 melhor para a continuidade da preserva\u00e7\u00e3o e frui\u00e7\u00e3o da cole\u00e7\u00e3o.<\/p>\n<p>At\u00e9 ao momento, a Administra\u00e7\u00e3o defende que o protocolo atual constitui uma solu\u00e7\u00e3o funcional, destinada a assegurar a conserva\u00e7\u00e3o e a gest\u00e3o eficiente da cole\u00e7\u00e3o, enquanto os cr\u00edticos apelam a uma revis\u00e3o para manter o dep\u00f3sito completo no MAC\/CCB.<\/p>\n","protected":false},"excerpt":{"rendered":"<ul>\n<li>Novo protocolo sobre a Colec\u00e7\u00e3o Ellipse \u00e9 contestado por artistas e historiadores de arte.<\/li>\n<li>Alegam que o acordo p\u00f5e termo ao dep\u00f3sito integral da Ellipse no Centro Cultural de Bel\u00e9m (MAC\/CCB).<\/li>\n<li>A Administra\u00e7\u00e3o afirma que a medida representa uma solu\u00e7\u00e3o funcional.<\/li>\n<li>Os artistas criticam ainda o sil\u00eancio da ministra da Cultura, Margarida Balseiro Lopes.<\/li>\n<li>A carta aberta \u00e0 ministra, que defende a perman\u00eancia da Ellipse no MAC\/CCB, continua a somar signat\u00e1rios.<\/li>\n<\/ul>\n","protected":false},"author":2,"featured_media":198402,"comment_status":"closed","ping_status":"closed","sticky":false,"template":"","format":"standard","meta":{"footnotes":""},"categories":[1],"tags":[145,1397,1144,1192,1175,4489],"class_list":["post-198401","post","type-post","status-publish","format-standard","has-post-thumbnail","hentry","category-noticias","tag-cultura","tag-exposicoes","tag-instituicoes","tag-museus-arquivos","tag-patrimonio-cultural","tag-patrimonio-publico"],"yoast_head":"<!-- This site is optimized with the Yoast SEO plugin v27.2 - https:\/\/yoast.com\/product\/yoast-seo-wordpress\/ -->\n<title>Protocolo para a colec\u00e7\u00e3o Ellipse desperta cr\u00edticas por ser disparatado - Portal Tela Portugal<\/title>\n<meta name=\"robots\" content=\"index, follow, max-snippet:-1, max-image-preview:large, max-video-preview:-1\" \/>\n<meta property=\"og:locale\" content=\"pt_PT\" \/>\n<meta property=\"og:type\" content=\"article\" \/>\n<meta property=\"og:title\" content=\"Protocolo para a colec\u00e7\u00e3o Ellipse desperta cr\u00edticas por ser disparatado - Portal Tela Portugal\" \/>\n<meta property=\"og:description\" content=\"Novo protocolo sobre a Colec\u00e7\u00e3o Ellipse \u00e9 contestado por artistas e historiadores de arte. Alegam que o acordo p\u00f5e termo ao dep\u00f3sito integral da Ellipse no Centro Cultural de Bel\u00e9m (MAC\/CCB). A Administra\u00e7\u00e3o afirma que a medida representa uma solu\u00e7\u00e3o funcional. Os artistas criticam ainda o sil\u00eancio da ministra da Cultura, Margarida Balseiro Lopes. A carta aberta \u00e0 ministra, que defende a perman\u00eancia da Ellipse no MAC\/CCB, continua a somar signat\u00e1rios.\" \/>\n<meta property=\"og:url\" content=\"https:\/\/portaltela.pt\/noticias\/2026\/02\/04\/protocolo-para-a-coleccao-ellipse-desperta-criticas-por-ser-disparatado\/\" \/>\n<meta property=\"og:site_name\" content=\"Portal Tela Portugal\" \/>\n<meta property=\"article:published_time\" content=\"2026-02-04T22:52:00+00:00\" \/>\n<meta name=\"author\" content=\"Telinha\" \/>\n<meta name=\"twitter:card\" content=\"summary_large_image\" \/>\n<meta name=\"twitter:label1\" content=\"Escrito por\" \/>\n\t<meta name=\"twitter:data1\" content=\"Telinha\" \/>\n\t<meta name=\"twitter:label2\" content=\"Tempo estimado de leitura\" \/>\n\t<meta name=\"twitter:data2\" content=\"1 minuto\" \/>\n<script type=\"application\/ld+json\" class=\"yoast-schema-graph\">{\"@context\":\"https:\/\/schema.org\",\"@graph\":[{\"@type\":\"Article\",\"@id\":\"https:\/\/portaltela.pt\/noticias\/2026\/02\/04\/protocolo-para-a-coleccao-ellipse-desperta-criticas-por-ser-disparatado\/#article\",\"isPartOf\":{\"@id\":\"https:\/\/portaltela.pt\/noticias\/2026\/02\/04\/protocolo-para-a-coleccao-ellipse-desperta-criticas-por-ser-disparatado\/\"},\"author\":{\"name\":\"Telinha\",\"@id\":\"https:\/\/portaltela.pt\/#\/schema\/person\/c4278d4a6028830caff9ee44b42d32ed\"},\"headline\":\"Protocolo para a colec\u00e7\u00e3o Ellipse desperta cr\u00edticas por ser disparatado\",\"datePublished\":\"2026-02-04T22:52:00+00:00\",\"mainEntityOfPage\":{\"@id\":\"https:\/\/portaltela.pt\/noticias\/2026\/02\/04\/protocolo-para-a-coleccao-ellipse-desperta-criticas-por-ser-disparatado\/\"},\"wordCount\":272,\"image\":{\"@id\":\"https:\/\/portaltela.pt\/noticias\/2026\/02\/04\/protocolo-para-a-coleccao-ellipse-desperta-criticas-por-ser-disparatado\/#primaryimage\"},\"thumbnailUrl\":\"https:\/\/portaltela.pt\/s.01k8rhncp4jt1\/2026\/02\/2064598.jpg\",\"keywords\":[\"cultura\",\"exposi\u00e7\u00f5es\",\"institui\u00e7\u00f5es\",\"museus\/arquivos\",\"Patrim\u00f3nio Cultural\",\"patrim\u00f3nio p\u00fablico\"],\"articleSection\":[\"Not\u00edcias\"],\"inLanguage\":\"pt-PT\"},{\"@type\":\"WebPage\",\"@id\":\"https:\/\/portaltela.pt\/noticias\/2026\/02\/04\/protocolo-para-a-coleccao-ellipse-desperta-criticas-por-ser-disparatado\/\",\"url\":\"https:\/\/portaltela.pt\/noticias\/2026\/02\/04\/protocolo-para-a-coleccao-ellipse-desperta-criticas-por-ser-disparatado\/\",\"name\":\"Protocolo para a colec\u00e7\u00e3o Ellipse desperta cr\u00edticas por ser disparatado - Portal Tela Portugal\",\"isPartOf\":{\"@id\":\"https:\/\/portaltela.pt\/#website\"},\"primaryImageOfPage\":{\"@id\":\"https:\/\/portaltela.pt\/noticias\/2026\/02\/04\/protocolo-para-a-coleccao-ellipse-desperta-criticas-por-ser-disparatado\/#primaryimage\"},\"image\":{\"@id\":\"https:\/\/portaltela.pt\/noticias\/2026\/02\/04\/protocolo-para-a-coleccao-ellipse-desperta-criticas-por-ser-disparatado\/#primaryimage\"},\"thumbnailUrl\":\"https:\/\/portaltela.pt\/s.01k8rhncp4jt1\/2026\/02\/2064598.jpg\",\"datePublished\":\"2026-02-04T22:52:00+00:00\",\"author\":{\"@id\":\"https:\/\/portaltela.pt\/#\/schema\/person\/c4278d4a6028830caff9ee44b42d32ed\"},\"breadcrumb\":{\"@id\":\"https:\/\/portaltela.pt\/noticias\/2026\/02\/04\/protocolo-para-a-coleccao-ellipse-desperta-criticas-por-ser-disparatado\/#breadcrumb\"},\"inLanguage\":\"pt-PT\",\"potentialAction\":[{\"@type\":\"ReadAction\",\"target\":[\"https:\/\/portaltela.pt\/noticias\/2026\/02\/04\/protocolo-para-a-coleccao-ellipse-desperta-criticas-por-ser-disparatado\/\"]}]},{\"@type\":\"ImageObject\",\"inLanguage\":\"pt-PT\",\"@id\":\"https:\/\/portaltela.pt\/noticias\/2026\/02\/04\/protocolo-para-a-coleccao-ellipse-desperta-criticas-por-ser-disparatado\/#primaryimage\",\"url\":\"https:\/\/portaltela.pt\/s.01k8rhncp4jt1\/2026\/02\/2064598.jpg\",\"contentUrl\":\"https:\/\/portaltela.pt\/s.01k8rhncp4jt1\/2026\/02\/2064598.jpg\",\"width\":796,\"height\":448,\"caption\":\"A curadora da Colec\u00e7\u00e3o de Arte Contempor\u00e2nea do Estado (CACE), Sandra Vieira J\u00fcrgens, \u00e0 esquerda, numa visita com a ministra da Cultura Margarida Balseiro Lopes\"},{\"@type\":\"BreadcrumbList\",\"@id\":\"https:\/\/portaltela.pt\/noticias\/2026\/02\/04\/protocolo-para-a-coleccao-ellipse-desperta-criticas-por-ser-disparatado\/#breadcrumb\",\"itemListElement\":[{\"@type\":\"ListItem\",\"position\":1,\"name\":\"In\u00edcio\",\"item\":\"https:\/\/portaltela.pt\/\"},{\"@type\":\"ListItem\",\"position\":2,\"name\":\"Protocolo para a colec\u00e7\u00e3o Ellipse desperta cr\u00edticas por ser disparatado\"}]},{\"@type\":\"WebSite\",\"@id\":\"https:\/\/portaltela.pt\/#website\",\"url\":\"https:\/\/portaltela.pt\/\",\"name\":\"Portal Tela Portugal\",\"description\":\"\",\"potentialAction\":[{\"@type\":\"SearchAction\",\"target\":{\"@type\":\"EntryPoint\",\"urlTemplate\":\"https:\/\/portaltela.pt\/?s={search_term_string}\"},\"query-input\":{\"@type\":\"PropertyValueSpecification\",\"valueRequired\":true,\"valueName\":\"search_term_string\"}}],\"inLanguage\":\"pt-PT\"},{\"@type\":\"Person\",\"@id\":\"https:\/\/portaltela.pt\/#\/schema\/person\/c4278d4a6028830caff9ee44b42d32ed\",\"name\":\"Telinha\",\"image\":{\"@type\":\"ImageObject\",\"inLanguage\":\"pt-PT\",\"@id\":\"https:\/\/portaltela.pt\/s.01k8rhncp4jt1\/2025\/11\/talking-bot-125x125.png\",\"url\":\"https:\/\/portaltela.pt\/s.01k8rhncp4jt1\/2025\/11\/talking-bot-125x125.png\",\"contentUrl\":\"https:\/\/portaltela.pt\/s.01k8rhncp4jt1\/2025\/11\/talking-bot-125x125.png\",\"caption\":\"Telinha\"},\"sameAs\":[\"https:\/\/portaltela.pt\/\"],\"url\":\"https:\/\/portaltela.pt\/por\/367410592786\/\"}]}<\/script>\n<!-- \/ Yoast SEO plugin. -->","yoast_head_json":{"title":"Protocolo para a colec\u00e7\u00e3o Ellipse desperta cr\u00edticas por ser disparatado - Portal Tela Portugal","robots":{"index":"index","follow":"follow","max-snippet":"max-snippet:-1","max-image-preview":"max-image-preview:large","max-video-preview":"max-video-preview:-1"},"og_locale":"pt_PT","og_type":"article","og_title":"Protocolo para a colec\u00e7\u00e3o Ellipse desperta cr\u00edticas por ser disparatado - Portal Tela Portugal","og_description":"Novo protocolo sobre a Colec\u00e7\u00e3o Ellipse \u00e9 contestado por artistas e historiadores de arte. Alegam que o acordo p\u00f5e termo ao dep\u00f3sito integral da Ellipse no Centro Cultural de Bel\u00e9m (MAC\/CCB). A Administra\u00e7\u00e3o afirma que a medida representa uma solu\u00e7\u00e3o funcional. Os artistas criticam ainda o sil\u00eancio da ministra da Cultura, Margarida Balseiro Lopes. A carta aberta \u00e0 ministra, que defende a perman\u00eancia da Ellipse no MAC\/CCB, continua a somar signat\u00e1rios.","og_url":"https:\/\/portaltela.pt\/noticias\/2026\/02\/04\/protocolo-para-a-coleccao-ellipse-desperta-criticas-por-ser-disparatado\/","og_site_name":"Portal Tela Portugal","article_published_time":"2026-02-04T22:52:00+00:00","author":"Telinha","twitter_card":"summary_large_image","twitter_misc":{"Escrito por":"Telinha","Tempo estimado de leitura":"1 minuto"},"schema":{"@context":"https:\/\/schema.org","@graph":[{"@type":"Article","@id":"https:\/\/portaltela.pt\/noticias\/2026\/02\/04\/protocolo-para-a-coleccao-ellipse-desperta-criticas-por-ser-disparatado\/#article","isPartOf":{"@id":"https:\/\/portaltela.pt\/noticias\/2026\/02\/04\/protocolo-para-a-coleccao-ellipse-desperta-criticas-por-ser-disparatado\/"},"author":{"name":"Telinha","@id":"https:\/\/portaltela.pt\/#\/schema\/person\/c4278d4a6028830caff9ee44b42d32ed"},"headline":"Protocolo para a colec\u00e7\u00e3o Ellipse desperta cr\u00edticas por ser disparatado","datePublished":"2026-02-04T22:52:00+00:00","mainEntityOfPage":{"@id":"https:\/\/portaltela.pt\/noticias\/2026\/02\/04\/protocolo-para-a-coleccao-ellipse-desperta-criticas-por-ser-disparatado\/"},"wordCount":272,"image":{"@id":"https:\/\/portaltela.pt\/noticias\/2026\/02\/04\/protocolo-para-a-coleccao-ellipse-desperta-criticas-por-ser-disparatado\/#primaryimage"},"thumbnailUrl":"https:\/\/portaltela.pt\/s.01k8rhncp4jt1\/2026\/02\/2064598.jpg","keywords":["cultura","exposi\u00e7\u00f5es","institui\u00e7\u00f5es","museus\/arquivos","Patrim\u00f3nio Cultural","patrim\u00f3nio p\u00fablico"],"articleSection":["Not\u00edcias"],"inLanguage":"pt-PT"},{"@type":"WebPage","@id":"https:\/\/portaltela.pt\/noticias\/2026\/02\/04\/protocolo-para-a-coleccao-ellipse-desperta-criticas-por-ser-disparatado\/","url":"https:\/\/portaltela.pt\/noticias\/2026\/02\/04\/protocolo-para-a-coleccao-ellipse-desperta-criticas-por-ser-disparatado\/","name":"Protocolo para a colec\u00e7\u00e3o Ellipse desperta cr\u00edticas por ser disparatado - Portal Tela Portugal","isPartOf":{"@id":"https:\/\/portaltela.pt\/#website"},"primaryImageOfPage":{"@id":"https:\/\/portaltela.pt\/noticias\/2026\/02\/04\/protocolo-para-a-coleccao-ellipse-desperta-criticas-por-ser-disparatado\/#primaryimage"},"image":{"@id":"https:\/\/portaltela.pt\/noticias\/2026\/02\/04\/protocolo-para-a-coleccao-ellipse-desperta-criticas-por-ser-disparatado\/#primaryimage"},"thumbnailUrl":"https:\/\/portaltela.pt\/s.01k8rhncp4jt1\/2026\/02\/2064598.jpg","datePublished":"2026-02-04T22:52:00+00:00","author":{"@id":"https:\/\/portaltela.pt\/#\/schema\/person\/c4278d4a6028830caff9ee44b42d32ed"},"breadcrumb":{"@id":"https:\/\/portaltela.pt\/noticias\/2026\/02\/04\/protocolo-para-a-coleccao-ellipse-desperta-criticas-por-ser-disparatado\/#breadcrumb"},"inLanguage":"pt-PT","potentialAction":[{"@type":"ReadAction","target":["https:\/\/portaltela.pt\/noticias\/2026\/02\/04\/protocolo-para-a-coleccao-ellipse-desperta-criticas-por-ser-disparatado\/"]}]},{"@type":"ImageObject","inLanguage":"pt-PT","@id":"https:\/\/portaltela.pt\/noticias\/2026\/02\/04\/protocolo-para-a-coleccao-ellipse-desperta-criticas-por-ser-disparatado\/#primaryimage","url":"https:\/\/portaltela.pt\/s.01k8rhncp4jt1\/2026\/02\/2064598.jpg","contentUrl":"https:\/\/portaltela.pt\/s.01k8rhncp4jt1\/2026\/02\/2064598.jpg","width":796,"height":448,"caption":"A curadora da Colec\u00e7\u00e3o de Arte Contempor\u00e2nea do Estado (CACE), Sandra Vieira J\u00fcrgens, \u00e0 esquerda, numa visita com a ministra da Cultura Margarida Balseiro Lopes"},{"@type":"BreadcrumbList","@id":"https:\/\/portaltela.pt\/noticias\/2026\/02\/04\/protocolo-para-a-coleccao-ellipse-desperta-criticas-por-ser-disparatado\/#breadcrumb","itemListElement":[{"@type":"ListItem","position":1,"name":"In\u00edcio","item":"https:\/\/portaltela.pt\/"},{"@type":"ListItem","position":2,"name":"Protocolo para a colec\u00e7\u00e3o Ellipse desperta cr\u00edticas por ser disparatado"}]},{"@type":"WebSite","@id":"https:\/\/portaltela.pt\/#website","url":"https:\/\/portaltela.pt\/","name":"Portal Tela Portugal","description":"","potentialAction":[{"@type":"SearchAction","target":{"@type":"EntryPoint","urlTemplate":"https:\/\/portaltela.pt\/?s={search_term_string}"},"query-input":{"@type":"PropertyValueSpecification","valueRequired":true,"valueName":"search_term_string"}}],"inLanguage":"pt-PT"},{"@type":"Person","@id":"https:\/\/portaltela.pt\/#\/schema\/person\/c4278d4a6028830caff9ee44b42d32ed","name":"Telinha","image":{"@type":"ImageObject","inLanguage":"pt-PT","@id":"https:\/\/portaltela.pt\/s.01k8rhncp4jt1\/2025\/11\/talking-bot-125x125.png","url":"https:\/\/portaltela.pt\/s.01k8rhncp4jt1\/2025\/11\/talking-bot-125x125.png","contentUrl":"https:\/\/portaltela.pt\/s.01k8rhncp4jt1\/2025\/11\/talking-bot-125x125.png","caption":"Telinha"},"sameAs":["https:\/\/portaltela.pt\/"],"url":"https:\/\/portaltela.pt\/por\/367410592786\/"}]}},"_links":{"self":[{"href":"https:\/\/portaltela.pt\/api\/wp\/v2\/posts\/198401","targetHints":{"allow":["GET"]}}],"collection":[{"href":"https:\/\/portaltela.pt\/api\/wp\/v2\/posts"}],"about":[{"href":"https:\/\/portaltela.pt\/api\/wp\/v2\/types\/post"}],"author":[{"embeddable":true,"href":"https:\/\/portaltela.pt\/api\/wp\/v2\/users\/2"}],"replies":[{"embeddable":true,"href":"https:\/\/portaltela.pt\/api\/wp\/v2\/comments?post=198401"}],"version-history":[{"count":0,"href":"https:\/\/portaltela.pt\/api\/wp\/v2\/posts\/198401\/revisions"}],"wp:featuredmedia":[{"embeddable":true,"href":"https:\/\/portaltela.pt\/api\/wp\/v2\/media\/198402"}],"wp:attachment":[{"href":"https:\/\/portaltela.pt\/api\/wp\/v2\/media?parent=198401"}],"wp:term":[{"taxonomy":"category","embeddable":true,"href":"https:\/\/portaltela.pt\/api\/wp\/v2\/categories?post=198401"},{"taxonomy":"post_tag","embeddable":true,"href":"https:\/\/portaltela.pt\/api\/wp\/v2\/tags?post=198401"}],"curies":[{"name":"wp","href":"https:\/\/api.w.org\/{rel}","templated":true}]}}