{"id":198363,"date":"2026-02-04T19:33:57","date_gmt":"2026-02-04T22:33:57","guid":{"rendered":"https:\/\/portaltela.pt\/noticias\/2026\/02\/04\/rajiv-aguiar-ja-nao-e-treinador-do-sp-covilha-b\/"},"modified":"2026-02-04T19:33:57","modified_gmt":"2026-02-04T22:33:57","slug":"rajiv-aguiar-ja-nao-e-treinador-do-sp-covilha-b","status":"publish","type":"post","link":"https:\/\/portaltela.pt\/desporto\/futebol\/2026\/02\/04\/rajiv-aguiar-ja-nao-e-treinador-do-sp-covilha-b\/","title":{"rendered":"Rajiv Aguiar j\u00e1 n\u00e3o \u00e9 treinador do Sp. Covilh\u00e3 B"},"content":{"rendered":"<p>Nos \u00faltimos dias, a Comiss\u00e3o de Gest\u00e3o do Sp. Covilh\u00e3 anunciou medidas relativas \u00e0 equipa B, que compete no campeonato distrital da AFCB. A explica\u00e7\u00e3o surge no contexto de dificuldades administrativas e financeiras enfrentadas pelo clube.<\/p>\n<p>A dire\u00e7\u00e3o cessante celebrou, no passado, um protocolo com uma empresa parceira para criar a equipa B, colocando o nome institucional do Sporting da Covilh\u00e3, mas transferindo todas as responsabilidades para a entidade externa. Os novos respons\u00e1veis destacam incumprimentos por parte da parceria.<\/p>\n<p>Desde 21 de janeiro, a gest\u00e3o entrou em fun\u00e7\u00f5es e j\u00e1 tomou conhecimento de v\u00e1rios problemas com a empresa parceira, o que contribuiu para a instabilidade da equipa e para a sa\u00edda de Rajiv Aguiar Manshukhlal do comando t\u00e9cnico. O clube afirma n\u00e3o assumir contratos firmados por terceiros.<\/p>\n<h3>Contexto e decis\u00f5es<\/h3>\n<p>Na mensagem divulgada, o Sp. Covilh\u00e3 assegura que n\u00e3o tem responsabilidade sobre acordos de terceiros, mas ressalta o interesse em defender o bom nome do clube. A Administra\u00e7\u00e3o avan\u00e7a que recorrer\u00e1 judicialmente ao incumprimento do protocolo e que garantir\u00e1 a continuidade da equipa B at\u00e9 ao final da \u00e9poca, com moldes ainda por definir.<\/p>\n<p>O treinador deixante, Rajiv Aguiar Manshukhlal, \u00e9 substitu\u00eddo por Jos\u00e9 Miguel Rosa, atual treinador de Juvenis do clube. A mudan\u00e7a visa assegurar a orienta\u00e7\u00e3o da equipa B enquanto persiste a instabilidade administrativa. A equipa B ocupa o 9.\u00ba lugar da Liga CRP da AF Castelo Branco, com 13 pontos, e \u00e9 5.\u00aa na Ta\u00e7a de Honra JF AFCB, com 4 pontos.<\/p>\n<h3>Futuro da equipa B<\/h3>\n<p>A gest\u00e3o confirma a continuidade da equipa B at\u00e9 ao final da \u00e9poca, com ajustes a anunciar oportunamente. O objetivo passa por salvaguardar os interesses dos atletas, t\u00e9cnicos e restante staff, mantendo o foco na competi\u00e7\u00e3o e no desenvolvimento da forma\u00e7\u00e3o do clube.<\/p>\n","protected":false},"excerpt":{"rendered":"<ul>\n<li>Rajiv Aguiar Manshukhlal deixou de ser treinador da equipa B do Sp. Covilh\u00e3.<\/li>\n<li>A Comiss\u00e3o de Gest\u00e3o, liderada por Carlos Casteleiro Alves, explicou que a dire\u00e7\u00e3o anterior celebrou com uma empresa parceira um protocolo que cedia apenas o nome institucional do clube, ficando a empresa com as responsabilidades financeiras e desportivas.<\/li>\n<li>Os novos dirigentes identificaram incumprimentos da empresa parceira com entidades terceiras, o que explica a instabilidade da equipa e a sa\u00edda do treinador.<\/li>\n<li>O Sp. Covilh\u00e3 n\u00e3o assume contratos de terceiros e vai avan\u00e7ar judicialmente contra o incumprimento, assegurando a continuidade da equipa B at\u00e9 ao fim da \u00e9poca, em moldes a definir.<\/li>\n<li>Jos\u00e9 Miguel Rosa, treinador dos Juvenis, vai orientar a equipa B, que ocupa nove lugar na Liga CRP da AF Castelo Branco com 13 pontos e quinto lugar na Ta\u00e7a de Honra \u201cJF\u201d da AFCB com 4 pontos.<\/li>\n<\/ul>\n","protected":false},"author":2,"featured_media":198369,"comment_status":"closed","ping_status":"closed","sticky":false,"template":"","format":"standard","meta":{"footnotes":""},"categories":[21,24],"tags":[3133,1112,1306,152,1290,32],"class_list":["post-198363","post","type-post","status-publish","format-standard","has-post-thumbnail","hentry","category-desporto","category-futebol","tag-a-briosa","tag-castelo-branco","tag-covilha","tag-desporto","tag-formacao","tag-futebol"],"yoast_head":"<!-- This site is optimized with the Yoast SEO plugin v27.2 - https:\/\/yoast.com\/product\/yoast-seo-wordpress\/ -->\n<title>Rajiv Aguiar j\u00e1 n\u00e3o \u00e9 treinador do Sp. Covilh\u00e3 B - Portal Tela Portugal<\/title>\n<meta name=\"robots\" content=\"index, follow, max-snippet:-1, max-image-preview:large, max-video-preview:-1\" \/>\n<meta property=\"og:locale\" content=\"pt_PT\" \/>\n<meta property=\"og:type\" content=\"article\" \/>\n<meta property=\"og:title\" content=\"Rajiv Aguiar j\u00e1 n\u00e3o \u00e9 treinador do Sp. Covilh\u00e3 B - Portal Tela Portugal\" \/>\n<meta property=\"og:description\" content=\"Rajiv Aguiar Manshukhlal deixou de ser treinador da equipa B do Sp. Covilh\u00e3. A Comiss\u00e3o de Gest\u00e3o, liderada por Carlos Casteleiro Alves, explicou que a dire\u00e7\u00e3o anterior celebrou com uma empresa parceira um protocolo que cedia apenas o nome institucional do clube, ficando a empresa com as responsabilidades financeiras e desportivas. Os novos dirigentes identificaram incumprimentos da empresa parceira com entidades terceiras, o que explica a instabilidade da equipa e a sa\u00edda do treinador. O Sp. Covilh\u00e3 n\u00e3o assume contratos de terceiros e vai avan\u00e7ar judicialmente contra o incumprimento, assegurando a continuidade da equipa B at\u00e9 ao fim da \u00e9poca, em moldes a definir. Jos\u00e9 Miguel Rosa, treinador dos Juvenis, vai orientar a equipa B, que ocupa nove lugar na Liga CRP da AF Castelo Branco com 13 pontos e quinto lugar na Ta\u00e7a de Honra \u201cJF\u201d da AFCB com 4 pontos.\" \/>\n<meta property=\"og:url\" content=\"https:\/\/portaltela.pt\/noticias\/2026\/02\/04\/rajiv-aguiar-ja-nao-e-treinador-do-sp-covilha-b\/\" \/>\n<meta property=\"og:site_name\" content=\"Portal Tela Portugal\" \/>\n<meta property=\"article:published_time\" content=\"2026-02-04T22:33:57+00:00\" \/>\n<meta name=\"author\" content=\"Telinha\" \/>\n<meta name=\"twitter:card\" content=\"summary_large_image\" \/>\n<meta name=\"twitter:label1\" content=\"Escrito por\" \/>\n\t<meta name=\"twitter:data1\" content=\"Telinha\" \/>\n\t<meta name=\"twitter:label2\" content=\"Tempo estimado de leitura\" \/>\n\t<meta name=\"twitter:data2\" content=\"2 minutos\" \/>\n<script type=\"application\/ld+json\" class=\"yoast-schema-graph\">{\"@context\":\"https:\/\/schema.org\",\"@graph\":[{\"@type\":\"Article\",\"@id\":\"https:\/\/portaltela.pt\/noticias\/2026\/02\/04\/rajiv-aguiar-ja-nao-e-treinador-do-sp-covilha-b\/#article\",\"isPartOf\":{\"@id\":\"https:\/\/portaltela.pt\/noticias\/2026\/02\/04\/rajiv-aguiar-ja-nao-e-treinador-do-sp-covilha-b\/\"},\"author\":{\"name\":\"Telinha\",\"@id\":\"https:\/\/portaltela.pt\/#\/schema\/person\/c4278d4a6028830caff9ee44b42d32ed\"},\"headline\":\"Rajiv Aguiar j\u00e1 n\u00e3o \u00e9 treinador do Sp. Covilh\u00e3 B\",\"datePublished\":\"2026-02-04T22:33:57+00:00\",\"mainEntityOfPage\":{\"@id\":\"https:\/\/portaltela.pt\/noticias\/2026\/02\/04\/rajiv-aguiar-ja-nao-e-treinador-do-sp-covilha-b\/\"},\"wordCount\":317,\"image\":{\"@id\":\"https:\/\/portaltela.pt\/noticias\/2026\/02\/04\/rajiv-aguiar-ja-nao-e-treinador-do-sp-covilha-b\/#primaryimage\"},\"thumbnailUrl\":\"https:\/\/portaltela.pt\/s.01k8rhncp4jt1\/2026\/02\/img_920x518uu2026-02-04-22-18-01-2419609-im-639058403322704552.jpg\",\"keywords\":[\"A Briosa\",\"Castelo Branco\",\"Covilh\u00e3\",\"desporto\",\"forma\u00e7\u00e3o\",\"futebol\"],\"articleSection\":[\"Desporto\",\"Futebol\"],\"inLanguage\":\"pt-PT\"},{\"@type\":\"WebPage\",\"@id\":\"https:\/\/portaltela.pt\/noticias\/2026\/02\/04\/rajiv-aguiar-ja-nao-e-treinador-do-sp-covilha-b\/\",\"url\":\"https:\/\/portaltela.pt\/noticias\/2026\/02\/04\/rajiv-aguiar-ja-nao-e-treinador-do-sp-covilha-b\/\",\"name\":\"Rajiv Aguiar j\u00e1 n\u00e3o \u00e9 treinador do Sp. Covilh\u00e3 B - Portal Tela Portugal\",\"isPartOf\":{\"@id\":\"https:\/\/portaltela.pt\/#website\"},\"primaryImageOfPage\":{\"@id\":\"https:\/\/portaltela.pt\/noticias\/2026\/02\/04\/rajiv-aguiar-ja-nao-e-treinador-do-sp-covilha-b\/#primaryimage\"},\"image\":{\"@id\":\"https:\/\/portaltela.pt\/noticias\/2026\/02\/04\/rajiv-aguiar-ja-nao-e-treinador-do-sp-covilha-b\/#primaryimage\"},\"thumbnailUrl\":\"https:\/\/portaltela.pt\/s.01k8rhncp4jt1\/2026\/02\/img_920x518uu2026-02-04-22-18-01-2419609-im-639058403322704552.jpg\",\"datePublished\":\"2026-02-04T22:33:57+00:00\",\"author\":{\"@id\":\"https:\/\/portaltela.pt\/#\/schema\/person\/c4278d4a6028830caff9ee44b42d32ed\"},\"breadcrumb\":{\"@id\":\"https:\/\/portaltela.pt\/noticias\/2026\/02\/04\/rajiv-aguiar-ja-nao-e-treinador-do-sp-covilha-b\/#breadcrumb\"},\"inLanguage\":\"pt-PT\",\"potentialAction\":[{\"@type\":\"ReadAction\",\"target\":[\"https:\/\/portaltela.pt\/noticias\/2026\/02\/04\/rajiv-aguiar-ja-nao-e-treinador-do-sp-covilha-b\/\"]}]},{\"@type\":\"ImageObject\",\"inLanguage\":\"pt-PT\",\"@id\":\"https:\/\/portaltela.pt\/noticias\/2026\/02\/04\/rajiv-aguiar-ja-nao-e-treinador-do-sp-covilha-b\/#primaryimage\",\"url\":\"https:\/\/portaltela.pt\/s.01k8rhncp4jt1\/2026\/02\/img_920x518uu2026-02-04-22-18-01-2419609-im-639058403322704552.jpg\",\"contentUrl\":\"https:\/\/portaltela.pt\/s.01k8rhncp4jt1\/2026\/02\/img_920x518uu2026-02-04-22-18-01-2419609-im-639058403322704552.jpg\",\"width\":796,\"height\":448,\"caption\":\"Rajiv Aguiar j\u00e1 n\u00e3o \u00e9 treinador do Sp. Covilh\u00e3 B\"},{\"@type\":\"BreadcrumbList\",\"@id\":\"https:\/\/portaltela.pt\/noticias\/2026\/02\/04\/rajiv-aguiar-ja-nao-e-treinador-do-sp-covilha-b\/#breadcrumb\",\"itemListElement\":[{\"@type\":\"ListItem\",\"position\":1,\"name\":\"In\u00edcio\",\"item\":\"https:\/\/portaltela.pt\/\"},{\"@type\":\"ListItem\",\"position\":2,\"name\":\"Rajiv Aguiar j\u00e1 n\u00e3o \u00e9 treinador do Sp. Covilh\u00e3 B\"}]},{\"@type\":\"WebSite\",\"@id\":\"https:\/\/portaltela.pt\/#website\",\"url\":\"https:\/\/portaltela.pt\/\",\"name\":\"Portal Tela Portugal\",\"description\":\"\",\"potentialAction\":[{\"@type\":\"SearchAction\",\"target\":{\"@type\":\"EntryPoint\",\"urlTemplate\":\"https:\/\/portaltela.pt\/?s={search_term_string}\"},\"query-input\":{\"@type\":\"PropertyValueSpecification\",\"valueRequired\":true,\"valueName\":\"search_term_string\"}}],\"inLanguage\":\"pt-PT\"},{\"@type\":\"Person\",\"@id\":\"https:\/\/portaltela.pt\/#\/schema\/person\/c4278d4a6028830caff9ee44b42d32ed\",\"name\":\"Telinha\",\"image\":{\"@type\":\"ImageObject\",\"inLanguage\":\"pt-PT\",\"@id\":\"https:\/\/portaltela.pt\/s.01k8rhncp4jt1\/2025\/11\/talking-bot-125x125.png\",\"url\":\"https:\/\/portaltela.pt\/s.01k8rhncp4jt1\/2025\/11\/talking-bot-125x125.png\",\"contentUrl\":\"https:\/\/portaltela.pt\/s.01k8rhncp4jt1\/2025\/11\/talking-bot-125x125.png\",\"caption\":\"Telinha\"},\"sameAs\":[\"https:\/\/portaltela.pt\/\"],\"url\":\"https:\/\/portaltela.pt\/por\/367410592786\/\"}]}<\/script>\n<!-- \/ Yoast SEO plugin. -->","yoast_head_json":{"title":"Rajiv Aguiar j\u00e1 n\u00e3o \u00e9 treinador do Sp. Covilh\u00e3 B - Portal Tela Portugal","robots":{"index":"index","follow":"follow","max-snippet":"max-snippet:-1","max-image-preview":"max-image-preview:large","max-video-preview":"max-video-preview:-1"},"og_locale":"pt_PT","og_type":"article","og_title":"Rajiv Aguiar j\u00e1 n\u00e3o \u00e9 treinador do Sp. Covilh\u00e3 B - Portal Tela Portugal","og_description":"Rajiv Aguiar Manshukhlal deixou de ser treinador da equipa B do Sp. Covilh\u00e3. A Comiss\u00e3o de Gest\u00e3o, liderada por Carlos Casteleiro Alves, explicou que a dire\u00e7\u00e3o anterior celebrou com uma empresa parceira um protocolo que cedia apenas o nome institucional do clube, ficando a empresa com as responsabilidades financeiras e desportivas. Os novos dirigentes identificaram incumprimentos da empresa parceira com entidades terceiras, o que explica a instabilidade da equipa e a sa\u00edda do treinador. O Sp. Covilh\u00e3 n\u00e3o assume contratos de terceiros e vai avan\u00e7ar judicialmente contra o incumprimento, assegurando a continuidade da equipa B at\u00e9 ao fim da \u00e9poca, em moldes a definir. Jos\u00e9 Miguel Rosa, treinador dos Juvenis, vai orientar a equipa B, que ocupa nove lugar na Liga CRP da AF Castelo Branco com 13 pontos e quinto lugar na Ta\u00e7a de Honra \u201cJF\u201d da AFCB com 4 pontos.","og_url":"https:\/\/portaltela.pt\/noticias\/2026\/02\/04\/rajiv-aguiar-ja-nao-e-treinador-do-sp-covilha-b\/","og_site_name":"Portal Tela Portugal","article_published_time":"2026-02-04T22:33:57+00:00","author":"Telinha","twitter_card":"summary_large_image","twitter_misc":{"Escrito por":"Telinha","Tempo estimado de leitura":"2 minutos"},"schema":{"@context":"https:\/\/schema.org","@graph":[{"@type":"Article","@id":"https:\/\/portaltela.pt\/noticias\/2026\/02\/04\/rajiv-aguiar-ja-nao-e-treinador-do-sp-covilha-b\/#article","isPartOf":{"@id":"https:\/\/portaltela.pt\/noticias\/2026\/02\/04\/rajiv-aguiar-ja-nao-e-treinador-do-sp-covilha-b\/"},"author":{"name":"Telinha","@id":"https:\/\/portaltela.pt\/#\/schema\/person\/c4278d4a6028830caff9ee44b42d32ed"},"headline":"Rajiv Aguiar j\u00e1 n\u00e3o \u00e9 treinador do Sp. Covilh\u00e3 B","datePublished":"2026-02-04T22:33:57+00:00","mainEntityOfPage":{"@id":"https:\/\/portaltela.pt\/noticias\/2026\/02\/04\/rajiv-aguiar-ja-nao-e-treinador-do-sp-covilha-b\/"},"wordCount":317,"image":{"@id":"https:\/\/portaltela.pt\/noticias\/2026\/02\/04\/rajiv-aguiar-ja-nao-e-treinador-do-sp-covilha-b\/#primaryimage"},"thumbnailUrl":"https:\/\/portaltela.pt\/s.01k8rhncp4jt1\/2026\/02\/img_920x518uu2026-02-04-22-18-01-2419609-im-639058403322704552.jpg","keywords":["A Briosa","Castelo Branco","Covilh\u00e3","desporto","forma\u00e7\u00e3o","futebol"],"articleSection":["Desporto","Futebol"],"inLanguage":"pt-PT"},{"@type":"WebPage","@id":"https:\/\/portaltela.pt\/noticias\/2026\/02\/04\/rajiv-aguiar-ja-nao-e-treinador-do-sp-covilha-b\/","url":"https:\/\/portaltela.pt\/noticias\/2026\/02\/04\/rajiv-aguiar-ja-nao-e-treinador-do-sp-covilha-b\/","name":"Rajiv Aguiar j\u00e1 n\u00e3o \u00e9 treinador do Sp. Covilh\u00e3 B - Portal Tela Portugal","isPartOf":{"@id":"https:\/\/portaltela.pt\/#website"},"primaryImageOfPage":{"@id":"https:\/\/portaltela.pt\/noticias\/2026\/02\/04\/rajiv-aguiar-ja-nao-e-treinador-do-sp-covilha-b\/#primaryimage"},"image":{"@id":"https:\/\/portaltela.pt\/noticias\/2026\/02\/04\/rajiv-aguiar-ja-nao-e-treinador-do-sp-covilha-b\/#primaryimage"},"thumbnailUrl":"https:\/\/portaltela.pt\/s.01k8rhncp4jt1\/2026\/02\/img_920x518uu2026-02-04-22-18-01-2419609-im-639058403322704552.jpg","datePublished":"2026-02-04T22:33:57+00:00","author":{"@id":"https:\/\/portaltela.pt\/#\/schema\/person\/c4278d4a6028830caff9ee44b42d32ed"},"breadcrumb":{"@id":"https:\/\/portaltela.pt\/noticias\/2026\/02\/04\/rajiv-aguiar-ja-nao-e-treinador-do-sp-covilha-b\/#breadcrumb"},"inLanguage":"pt-PT","potentialAction":[{"@type":"ReadAction","target":["https:\/\/portaltela.pt\/noticias\/2026\/02\/04\/rajiv-aguiar-ja-nao-e-treinador-do-sp-covilha-b\/"]}]},{"@type":"ImageObject","inLanguage":"pt-PT","@id":"https:\/\/portaltela.pt\/noticias\/2026\/02\/04\/rajiv-aguiar-ja-nao-e-treinador-do-sp-covilha-b\/#primaryimage","url":"https:\/\/portaltela.pt\/s.01k8rhncp4jt1\/2026\/02\/img_920x518uu2026-02-04-22-18-01-2419609-im-639058403322704552.jpg","contentUrl":"https:\/\/portaltela.pt\/s.01k8rhncp4jt1\/2026\/02\/img_920x518uu2026-02-04-22-18-01-2419609-im-639058403322704552.jpg","width":796,"height":448,"caption":"Rajiv Aguiar j\u00e1 n\u00e3o \u00e9 treinador do Sp. Covilh\u00e3 B"},{"@type":"BreadcrumbList","@id":"https:\/\/portaltela.pt\/noticias\/2026\/02\/04\/rajiv-aguiar-ja-nao-e-treinador-do-sp-covilha-b\/#breadcrumb","itemListElement":[{"@type":"ListItem","position":1,"name":"In\u00edcio","item":"https:\/\/portaltela.pt\/"},{"@type":"ListItem","position":2,"name":"Rajiv Aguiar j\u00e1 n\u00e3o \u00e9 treinador do Sp. Covilh\u00e3 B"}]},{"@type":"WebSite","@id":"https:\/\/portaltela.pt\/#website","url":"https:\/\/portaltela.pt\/","name":"Portal Tela Portugal","description":"","potentialAction":[{"@type":"SearchAction","target":{"@type":"EntryPoint","urlTemplate":"https:\/\/portaltela.pt\/?s={search_term_string}"},"query-input":{"@type":"PropertyValueSpecification","valueRequired":true,"valueName":"search_term_string"}}],"inLanguage":"pt-PT"},{"@type":"Person","@id":"https:\/\/portaltela.pt\/#\/schema\/person\/c4278d4a6028830caff9ee44b42d32ed","name":"Telinha","image":{"@type":"ImageObject","inLanguage":"pt-PT","@id":"https:\/\/portaltela.pt\/s.01k8rhncp4jt1\/2025\/11\/talking-bot-125x125.png","url":"https:\/\/portaltela.pt\/s.01k8rhncp4jt1\/2025\/11\/talking-bot-125x125.png","contentUrl":"https:\/\/portaltela.pt\/s.01k8rhncp4jt1\/2025\/11\/talking-bot-125x125.png","caption":"Telinha"},"sameAs":["https:\/\/portaltela.pt\/"],"url":"https:\/\/portaltela.pt\/por\/367410592786\/"}]}},"_links":{"self":[{"href":"https:\/\/portaltela.pt\/api\/wp\/v2\/posts\/198363","targetHints":{"allow":["GET"]}}],"collection":[{"href":"https:\/\/portaltela.pt\/api\/wp\/v2\/posts"}],"about":[{"href":"https:\/\/portaltela.pt\/api\/wp\/v2\/types\/post"}],"author":[{"embeddable":true,"href":"https:\/\/portaltela.pt\/api\/wp\/v2\/users\/2"}],"replies":[{"embeddable":true,"href":"https:\/\/portaltela.pt\/api\/wp\/v2\/comments?post=198363"}],"version-history":[{"count":0,"href":"https:\/\/portaltela.pt\/api\/wp\/v2\/posts\/198363\/revisions"}],"wp:featuredmedia":[{"embeddable":true,"href":"https:\/\/portaltela.pt\/api\/wp\/v2\/media\/198369"}],"wp:attachment":[{"href":"https:\/\/portaltela.pt\/api\/wp\/v2\/media?parent=198363"}],"wp:term":[{"taxonomy":"category","embeddable":true,"href":"https:\/\/portaltela.pt\/api\/wp\/v2\/categories?post=198363"},{"taxonomy":"post_tag","embeddable":true,"href":"https:\/\/portaltela.pt\/api\/wp\/v2\/tags?post=198363"}],"curies":[{"name":"wp","href":"https:\/\/api.w.org\/{rel}","templated":true}]}}