{"id":198355,"date":"2026-02-04T19:05:46","date_gmt":"2026-02-04T22:05:46","guid":{"rendered":"https:\/\/portaltela.pt\/noticias\/2026\/02\/04\/mne-iraniano-confirma-negociacoes-com-eua-em-oma-na-sexta-feira\/"},"modified":"2026-02-04T19:05:46","modified_gmt":"2026-02-04T22:05:46","slug":"mne-iraniano-confirma-negociacoes-com-eua-em-oma-na-sexta-feira","status":"publish","type":"post","link":"https:\/\/portaltela.pt\/noticias\/politica\/2026\/02\/04\/mne-iraniano-confirma-negociacoes-com-eua-em-oma-na-sexta-feira\/","title":{"rendered":"MNE iraniano confirma negocia\u00e7\u00f5es com EUA em Om\u00e3 na sexta-feira"},"content":{"rendered":"<p>O ministro dos Neg\u00f3cios Estrangeiros do Ir\u00e3o confirmou negocia\u00e7\u00f5es com os Estados Unidos, marcadas para sexta-feira em Mascate, Om\u00e3. O objetivo seria tratar do programa nuclear, entre outras quest\u00f5es regionais, no contexto de tens\u00f5es entre as duas pot\u00eancias.<\/p>\n<p>A imprensa iraniana j\u00e1 reportava que o encontro envolveria delega\u00e7\u00f5es de alto n\u00edvel de ambos os lados, com apoio de mediadores regionais. O an\u00fancio sucede a sinais de mudan\u00e7as no formato das negocia\u00e7\u00f5es, que ter\u00e3o de manter o foco no desarmamento nuclear.<\/p>\n<p>As autoridades norte-americanas indicavam que, al\u00e9m de um acordo nuclear, as conversa\u00e7\u00f5es deveriam abordar limita\u00e7\u00f5es ao programa de m\u00edsseis bal\u00edsticos e ao apoio a grupos regionais como o Hezbollah, posi\u00e7\u00f5es rejeitadas por Teer\u00e3o.<\/p>\n<p>O Ir\u00e3o tem defendido que o programa de defesa \u00e9 essencial e que as negocia\u00e7\u00f5es devem manter fins exclusivamente pac\u00edficos para o programa nuclear. Balan\u00e7o recente sugere que as conversas anteriores ocorreram em Mascate.<\/p>\n<p>Entretanto, o Governo dos EUA tem mantido press\u00e3o, com declara\u00e7\u00f5es sobre a import\u00e2ncia de alcan\u00e7ar um acordo, e com o refor\u00e7o militar na regi\u00e3o, incluindo a presen\u00e7a do porta-avi\u00f5es Abraham Lincoln.<\/p>\n<p>Paralelamente, avan\u00e7as de \u00f3rg\u00e3os internacionais apontam para um n\u00famero elevado de mortos e deten\u00e7\u00f5es nos protestos antigovernamentais no Ir\u00e3o, com contesta\u00e7\u00e3o de entidades de direitos humanos sobre a contabilidade oficial.<\/p>\n","protected":false},"excerpt":{"rendered":"<ul>\n<li>O ministro dos Neg\u00f3cios Estrangeiros do Ir\u00e3o, Abbas Araqchi, confirmou negocia\u00e7\u00f5es nucleares com os EUA a decorrerem na sexta-feira em Mascate, Om\u00e3.<\/li>\n<li>O an\u00fancio ocorre ap\u00f3s a Casa Branca ter amea\u00e7ado com ataque \u00e0 Rep\u00fablica Isl\u00e2mica devido ao programa nuclear e \u00e0 repress\u00e3o de manifestantes.<\/li>\n<li>As negocia\u00e7\u00f5es, lideradas pelo enviado dos EUA, Steve Witkoff, eram originalmente previstas para Istambul, com participa\u00e7\u00e3o de outros dirigentes do M\u00e9dio Oriente, e realizam-se agora em Om\u00e3.<\/li>\n<li>Washington quer incluir limita\u00e7\u00f5es ao programa de m\u00edsseis bal\u00edsticos e ao apoio a grupos regionais, pedido rejeitado por Teer\u00e3o.<\/li>\n<li>O Ir\u00e3o mant\u00e9m que o seu programa de defesa \u00e9 necesario e que as negocia\u00e7\u00f5es t\u00eam fins pac\u00edficos; anteriores rodadas em Mascate tinham sido interrompidas pelo conflito com Israel.<\/li>\n<\/ul>\n","protected":false},"author":2,"featured_media":198359,"comment_status":"closed","ping_status":"closed","sticky":false,"template":"","format":"standard","meta":{"footnotes":""},"categories":[1,5],"tags":[182,207,29,1600,3153,2036],"class_list":["post-198355","post","type-post","status-publish","format-standard","has-post-thumbnail","hentry","category-noticias","category-politica","tag-armas","tag-desarmamento","tag-diplomacia","tag-estados-unidos","tag-ira","tag-negociacoes-internacionais"],"yoast_head":"<!-- This site is optimized with the Yoast SEO plugin v27.2 - https:\/\/yoast.com\/product\/yoast-seo-wordpress\/ -->\n<title>MNE iraniano confirma negocia\u00e7\u00f5es com EUA em Om\u00e3 na sexta-feira - Portal Tela Portugal<\/title>\n<meta name=\"robots\" content=\"index, follow, max-snippet:-1, max-image-preview:large, max-video-preview:-1\" \/>\n<meta property=\"og:locale\" content=\"pt_PT\" \/>\n<meta property=\"og:type\" content=\"article\" \/>\n<meta property=\"og:title\" content=\"MNE iraniano confirma negocia\u00e7\u00f5es com EUA em Om\u00e3 na sexta-feira - Portal Tela Portugal\" \/>\n<meta property=\"og:description\" content=\"O ministro dos Neg\u00f3cios Estrangeiros do Ir\u00e3o, Abbas Araqchi, confirmou negocia\u00e7\u00f5es nucleares com os EUA a decorrerem na sexta-feira em Mascate, Om\u00e3. O an\u00fancio ocorre ap\u00f3s a Casa Branca ter amea\u00e7ado com ataque \u00e0 Rep\u00fablica Isl\u00e2mica devido ao programa nuclear e \u00e0 repress\u00e3o de manifestantes. As negocia\u00e7\u00f5es, lideradas pelo enviado dos EUA, Steve Witkoff, eram originalmente previstas para Istambul, com participa\u00e7\u00e3o de outros dirigentes do M\u00e9dio Oriente, e realizam-se agora em Om\u00e3. Washington quer incluir limita\u00e7\u00f5es ao programa de m\u00edsseis bal\u00edsticos e ao apoio a grupos regionais, pedido rejeitado por Teer\u00e3o. O Ir\u00e3o mant\u00e9m que o seu programa de defesa \u00e9 necesario e que as negocia\u00e7\u00f5es t\u00eam fins pac\u00edficos; anteriores rodadas em Mascate tinham sido interrompidas pelo conflito com Israel.\" \/>\n<meta property=\"og:url\" content=\"https:\/\/portaltela.pt\/noticias\/2026\/02\/04\/mne-iraniano-confirma-negociacoes-com-eua-em-oma-na-sexta-feira\/\" \/>\n<meta property=\"og:site_name\" content=\"Portal Tela Portugal\" \/>\n<meta property=\"article:published_time\" content=\"2026-02-04T22:05:46+00:00\" \/>\n<meta name=\"author\" content=\"Telinha\" \/>\n<meta name=\"twitter:card\" content=\"summary_large_image\" \/>\n<meta name=\"twitter:label1\" content=\"Escrito por\" \/>\n\t<meta name=\"twitter:data1\" content=\"Telinha\" \/>\n\t<meta name=\"twitter:label2\" content=\"Tempo estimado de leitura\" \/>\n\t<meta name=\"twitter:data2\" content=\"1 minuto\" \/>\n<script type=\"application\/ld+json\" class=\"yoast-schema-graph\">{\"@context\":\"https:\/\/schema.org\",\"@graph\":[{\"@type\":\"Article\",\"@id\":\"https:\/\/portaltela.pt\/noticias\/2026\/02\/04\/mne-iraniano-confirma-negociacoes-com-eua-em-oma-na-sexta-feira\/#article\",\"isPartOf\":{\"@id\":\"https:\/\/portaltela.pt\/noticias\/2026\/02\/04\/mne-iraniano-confirma-negociacoes-com-eua-em-oma-na-sexta-feira\/\"},\"author\":{\"name\":\"Telinha\",\"@id\":\"https:\/\/portaltela.pt\/#\/schema\/person\/c4278d4a6028830caff9ee44b42d32ed\"},\"headline\":\"MNE iraniano confirma negocia\u00e7\u00f5es com EUA em Om\u00e3 na sexta-feira\",\"datePublished\":\"2026-02-04T22:05:46+00:00\",\"mainEntityOfPage\":{\"@id\":\"https:\/\/portaltela.pt\/noticias\/2026\/02\/04\/mne-iraniano-confirma-negociacoes-com-eua-em-oma-na-sexta-feira\/\"},\"wordCount\":255,\"image\":{\"@id\":\"https:\/\/portaltela.pt\/noticias\/2026\/02\/04\/mne-iraniano-confirma-negociacoes-com-eua-em-oma-na-sexta-feira\/#primaryimage\"},\"thumbnailUrl\":\"https:\/\/portaltela.pt\/s.01k8rhncp4jt1\/2026\/02\/naom_684c2a21dd7be.jpg\",\"keywords\":[\"armas\",\"desarmamento\",\"diplomacia\",\"Estados Unidos\",\"Ir\u00e3\",\"negocia\u00e7\u00f5es internacionais\"],\"articleSection\":[\"Not\u00edcias\",\"Pol\u00edtica\"],\"inLanguage\":\"pt-PT\"},{\"@type\":\"WebPage\",\"@id\":\"https:\/\/portaltela.pt\/noticias\/2026\/02\/04\/mne-iraniano-confirma-negociacoes-com-eua-em-oma-na-sexta-feira\/\",\"url\":\"https:\/\/portaltela.pt\/noticias\/2026\/02\/04\/mne-iraniano-confirma-negociacoes-com-eua-em-oma-na-sexta-feira\/\",\"name\":\"MNE iraniano confirma negocia\u00e7\u00f5es com EUA em Om\u00e3 na sexta-feira - Portal Tela Portugal\",\"isPartOf\":{\"@id\":\"https:\/\/portaltela.pt\/#website\"},\"primaryImageOfPage\":{\"@id\":\"https:\/\/portaltela.pt\/noticias\/2026\/02\/04\/mne-iraniano-confirma-negociacoes-com-eua-em-oma-na-sexta-feira\/#primaryimage\"},\"image\":{\"@id\":\"https:\/\/portaltela.pt\/noticias\/2026\/02\/04\/mne-iraniano-confirma-negociacoes-com-eua-em-oma-na-sexta-feira\/#primaryimage\"},\"thumbnailUrl\":\"https:\/\/portaltela.pt\/s.01k8rhncp4jt1\/2026\/02\/naom_684c2a21dd7be.jpg\",\"datePublished\":\"2026-02-04T22:05:46+00:00\",\"author\":{\"@id\":\"https:\/\/portaltela.pt\/#\/schema\/person\/c4278d4a6028830caff9ee44b42d32ed\"},\"breadcrumb\":{\"@id\":\"https:\/\/portaltela.pt\/noticias\/2026\/02\/04\/mne-iraniano-confirma-negociacoes-com-eua-em-oma-na-sexta-feira\/#breadcrumb\"},\"inLanguage\":\"pt-PT\",\"potentialAction\":[{\"@type\":\"ReadAction\",\"target\":[\"https:\/\/portaltela.pt\/noticias\/2026\/02\/04\/mne-iraniano-confirma-negociacoes-com-eua-em-oma-na-sexta-feira\/\"]}]},{\"@type\":\"ImageObject\",\"inLanguage\":\"pt-PT\",\"@id\":\"https:\/\/portaltela.pt\/noticias\/2026\/02\/04\/mne-iraniano-confirma-negociacoes-com-eua-em-oma-na-sexta-feira\/#primaryimage\",\"url\":\"https:\/\/portaltela.pt\/s.01k8rhncp4jt1\/2026\/02\/naom_684c2a21dd7be.jpg\",\"contentUrl\":\"https:\/\/portaltela.pt\/s.01k8rhncp4jt1\/2026\/02\/naom_684c2a21dd7be.jpg\",\"width\":796,\"height\":448,\"caption\":\"MNE iraniano confirma negocia\u00e7\u00f5es com EUA na sexta-feira em Om\u00e3\"},{\"@type\":\"BreadcrumbList\",\"@id\":\"https:\/\/portaltela.pt\/noticias\/2026\/02\/04\/mne-iraniano-confirma-negociacoes-com-eua-em-oma-na-sexta-feira\/#breadcrumb\",\"itemListElement\":[{\"@type\":\"ListItem\",\"position\":1,\"name\":\"In\u00edcio\",\"item\":\"https:\/\/portaltela.pt\/\"},{\"@type\":\"ListItem\",\"position\":2,\"name\":\"MNE iraniano confirma negocia\u00e7\u00f5es com EUA em Om\u00e3 na sexta-feira\"}]},{\"@type\":\"WebSite\",\"@id\":\"https:\/\/portaltela.pt\/#website\",\"url\":\"https:\/\/portaltela.pt\/\",\"name\":\"Portal Tela Portugal\",\"description\":\"\",\"potentialAction\":[{\"@type\":\"SearchAction\",\"target\":{\"@type\":\"EntryPoint\",\"urlTemplate\":\"https:\/\/portaltela.pt\/?s={search_term_string}\"},\"query-input\":{\"@type\":\"PropertyValueSpecification\",\"valueRequired\":true,\"valueName\":\"search_term_string\"}}],\"inLanguage\":\"pt-PT\"},{\"@type\":\"Person\",\"@id\":\"https:\/\/portaltela.pt\/#\/schema\/person\/c4278d4a6028830caff9ee44b42d32ed\",\"name\":\"Telinha\",\"image\":{\"@type\":\"ImageObject\",\"inLanguage\":\"pt-PT\",\"@id\":\"https:\/\/portaltela.pt\/s.01k8rhncp4jt1\/2025\/11\/talking-bot-125x125.png\",\"url\":\"https:\/\/portaltela.pt\/s.01k8rhncp4jt1\/2025\/11\/talking-bot-125x125.png\",\"contentUrl\":\"https:\/\/portaltela.pt\/s.01k8rhncp4jt1\/2025\/11\/talking-bot-125x125.png\",\"caption\":\"Telinha\"},\"sameAs\":[\"https:\/\/portaltela.pt\/\"],\"url\":\"https:\/\/portaltela.pt\/por\/367410592786\/\"}]}<\/script>\n<!-- \/ Yoast SEO plugin. -->","yoast_head_json":{"title":"MNE iraniano confirma negocia\u00e7\u00f5es com EUA em Om\u00e3 na sexta-feira - Portal Tela Portugal","robots":{"index":"index","follow":"follow","max-snippet":"max-snippet:-1","max-image-preview":"max-image-preview:large","max-video-preview":"max-video-preview:-1"},"og_locale":"pt_PT","og_type":"article","og_title":"MNE iraniano confirma negocia\u00e7\u00f5es com EUA em Om\u00e3 na sexta-feira - Portal Tela Portugal","og_description":"O ministro dos Neg\u00f3cios Estrangeiros do Ir\u00e3o, Abbas Araqchi, confirmou negocia\u00e7\u00f5es nucleares com os EUA a decorrerem na sexta-feira em Mascate, Om\u00e3. O an\u00fancio ocorre ap\u00f3s a Casa Branca ter amea\u00e7ado com ataque \u00e0 Rep\u00fablica Isl\u00e2mica devido ao programa nuclear e \u00e0 repress\u00e3o de manifestantes. As negocia\u00e7\u00f5es, lideradas pelo enviado dos EUA, Steve Witkoff, eram originalmente previstas para Istambul, com participa\u00e7\u00e3o de outros dirigentes do M\u00e9dio Oriente, e realizam-se agora em Om\u00e3. Washington quer incluir limita\u00e7\u00f5es ao programa de m\u00edsseis bal\u00edsticos e ao apoio a grupos regionais, pedido rejeitado por Teer\u00e3o. O Ir\u00e3o mant\u00e9m que o seu programa de defesa \u00e9 necesario e que as negocia\u00e7\u00f5es t\u00eam fins pac\u00edficos; anteriores rodadas em Mascate tinham sido interrompidas pelo conflito com Israel.","og_url":"https:\/\/portaltela.pt\/noticias\/2026\/02\/04\/mne-iraniano-confirma-negociacoes-com-eua-em-oma-na-sexta-feira\/","og_site_name":"Portal Tela Portugal","article_published_time":"2026-02-04T22:05:46+00:00","author":"Telinha","twitter_card":"summary_large_image","twitter_misc":{"Escrito por":"Telinha","Tempo estimado de leitura":"1 minuto"},"schema":{"@context":"https:\/\/schema.org","@graph":[{"@type":"Article","@id":"https:\/\/portaltela.pt\/noticias\/2026\/02\/04\/mne-iraniano-confirma-negociacoes-com-eua-em-oma-na-sexta-feira\/#article","isPartOf":{"@id":"https:\/\/portaltela.pt\/noticias\/2026\/02\/04\/mne-iraniano-confirma-negociacoes-com-eua-em-oma-na-sexta-feira\/"},"author":{"name":"Telinha","@id":"https:\/\/portaltela.pt\/#\/schema\/person\/c4278d4a6028830caff9ee44b42d32ed"},"headline":"MNE iraniano confirma negocia\u00e7\u00f5es com EUA em Om\u00e3 na sexta-feira","datePublished":"2026-02-04T22:05:46+00:00","mainEntityOfPage":{"@id":"https:\/\/portaltela.pt\/noticias\/2026\/02\/04\/mne-iraniano-confirma-negociacoes-com-eua-em-oma-na-sexta-feira\/"},"wordCount":255,"image":{"@id":"https:\/\/portaltela.pt\/noticias\/2026\/02\/04\/mne-iraniano-confirma-negociacoes-com-eua-em-oma-na-sexta-feira\/#primaryimage"},"thumbnailUrl":"https:\/\/portaltela.pt\/s.01k8rhncp4jt1\/2026\/02\/naom_684c2a21dd7be.jpg","keywords":["armas","desarmamento","diplomacia","Estados Unidos","Ir\u00e3","negocia\u00e7\u00f5es internacionais"],"articleSection":["Not\u00edcias","Pol\u00edtica"],"inLanguage":"pt-PT"},{"@type":"WebPage","@id":"https:\/\/portaltela.pt\/noticias\/2026\/02\/04\/mne-iraniano-confirma-negociacoes-com-eua-em-oma-na-sexta-feira\/","url":"https:\/\/portaltela.pt\/noticias\/2026\/02\/04\/mne-iraniano-confirma-negociacoes-com-eua-em-oma-na-sexta-feira\/","name":"MNE iraniano confirma negocia\u00e7\u00f5es com EUA em Om\u00e3 na sexta-feira - Portal Tela Portugal","isPartOf":{"@id":"https:\/\/portaltela.pt\/#website"},"primaryImageOfPage":{"@id":"https:\/\/portaltela.pt\/noticias\/2026\/02\/04\/mne-iraniano-confirma-negociacoes-com-eua-em-oma-na-sexta-feira\/#primaryimage"},"image":{"@id":"https:\/\/portaltela.pt\/noticias\/2026\/02\/04\/mne-iraniano-confirma-negociacoes-com-eua-em-oma-na-sexta-feira\/#primaryimage"},"thumbnailUrl":"https:\/\/portaltela.pt\/s.01k8rhncp4jt1\/2026\/02\/naom_684c2a21dd7be.jpg","datePublished":"2026-02-04T22:05:46+00:00","author":{"@id":"https:\/\/portaltela.pt\/#\/schema\/person\/c4278d4a6028830caff9ee44b42d32ed"},"breadcrumb":{"@id":"https:\/\/portaltela.pt\/noticias\/2026\/02\/04\/mne-iraniano-confirma-negociacoes-com-eua-em-oma-na-sexta-feira\/#breadcrumb"},"inLanguage":"pt-PT","potentialAction":[{"@type":"ReadAction","target":["https:\/\/portaltela.pt\/noticias\/2026\/02\/04\/mne-iraniano-confirma-negociacoes-com-eua-em-oma-na-sexta-feira\/"]}]},{"@type":"ImageObject","inLanguage":"pt-PT","@id":"https:\/\/portaltela.pt\/noticias\/2026\/02\/04\/mne-iraniano-confirma-negociacoes-com-eua-em-oma-na-sexta-feira\/#primaryimage","url":"https:\/\/portaltela.pt\/s.01k8rhncp4jt1\/2026\/02\/naom_684c2a21dd7be.jpg","contentUrl":"https:\/\/portaltela.pt\/s.01k8rhncp4jt1\/2026\/02\/naom_684c2a21dd7be.jpg","width":796,"height":448,"caption":"MNE iraniano confirma negocia\u00e7\u00f5es com EUA na sexta-feira em Om\u00e3"},{"@type":"BreadcrumbList","@id":"https:\/\/portaltela.pt\/noticias\/2026\/02\/04\/mne-iraniano-confirma-negociacoes-com-eua-em-oma-na-sexta-feira\/#breadcrumb","itemListElement":[{"@type":"ListItem","position":1,"name":"In\u00edcio","item":"https:\/\/portaltela.pt\/"},{"@type":"ListItem","position":2,"name":"MNE iraniano confirma negocia\u00e7\u00f5es com EUA em Om\u00e3 na sexta-feira"}]},{"@type":"WebSite","@id":"https:\/\/portaltela.pt\/#website","url":"https:\/\/portaltela.pt\/","name":"Portal Tela Portugal","description":"","potentialAction":[{"@type":"SearchAction","target":{"@type":"EntryPoint","urlTemplate":"https:\/\/portaltela.pt\/?s={search_term_string}"},"query-input":{"@type":"PropertyValueSpecification","valueRequired":true,"valueName":"search_term_string"}}],"inLanguage":"pt-PT"},{"@type":"Person","@id":"https:\/\/portaltela.pt\/#\/schema\/person\/c4278d4a6028830caff9ee44b42d32ed","name":"Telinha","image":{"@type":"ImageObject","inLanguage":"pt-PT","@id":"https:\/\/portaltela.pt\/s.01k8rhncp4jt1\/2025\/11\/talking-bot-125x125.png","url":"https:\/\/portaltela.pt\/s.01k8rhncp4jt1\/2025\/11\/talking-bot-125x125.png","contentUrl":"https:\/\/portaltela.pt\/s.01k8rhncp4jt1\/2025\/11\/talking-bot-125x125.png","caption":"Telinha"},"sameAs":["https:\/\/portaltela.pt\/"],"url":"https:\/\/portaltela.pt\/por\/367410592786\/"}]}},"_links":{"self":[{"href":"https:\/\/portaltela.pt\/api\/wp\/v2\/posts\/198355","targetHints":{"allow":["GET"]}}],"collection":[{"href":"https:\/\/portaltela.pt\/api\/wp\/v2\/posts"}],"about":[{"href":"https:\/\/portaltela.pt\/api\/wp\/v2\/types\/post"}],"author":[{"embeddable":true,"href":"https:\/\/portaltela.pt\/api\/wp\/v2\/users\/2"}],"replies":[{"embeddable":true,"href":"https:\/\/portaltela.pt\/api\/wp\/v2\/comments?post=198355"}],"version-history":[{"count":0,"href":"https:\/\/portaltela.pt\/api\/wp\/v2\/posts\/198355\/revisions"}],"wp:featuredmedia":[{"embeddable":true,"href":"https:\/\/portaltela.pt\/api\/wp\/v2\/media\/198359"}],"wp:attachment":[{"href":"https:\/\/portaltela.pt\/api\/wp\/v2\/media?parent=198355"}],"wp:term":[{"taxonomy":"category","embeddable":true,"href":"https:\/\/portaltela.pt\/api\/wp\/v2\/categories?post=198355"},{"taxonomy":"post_tag","embeddable":true,"href":"https:\/\/portaltela.pt\/api\/wp\/v2\/tags?post=198355"}],"curies":[{"name":"wp","href":"https:\/\/api.w.org\/{rel}","templated":true}]}}