{"id":198350,"date":"2026-02-04T19:21:17","date_gmt":"2026-02-04T22:21:17","guid":{"rendered":"https:\/\/portaltela.pt\/noticias\/2026\/02\/04\/montalegre-vence-cumieira-e-assume-lideranca-da-divisao-de-honra\/"},"modified":"2026-02-04T19:21:17","modified_gmt":"2026-02-04T22:21:17","slug":"montalegre-vence-cumieira-e-assume-lideranca-da-divisao-de-honra","status":"publish","type":"post","link":"https:\/\/portaltela.pt\/desporto\/futebol\/2026\/02\/04\/montalegre-vence-cumieira-e-assume-lideranca-da-divisao-de-honra\/","title":{"rendered":"Montalegre vence Cumieira e assume lideran\u00e7a da Divis\u00e3o de Honra"},"content":{"rendered":"<p>O CDC Montalegre venceu o SC Cumieira por 1-0, em atraso da 19.\u00aa jornada da Divis\u00e3o de Honra da AFVR. O jogo realizou-se no Complexo Desportivo Francisco Carvalho, em Chaves, com um golo decisivo de Igor Sevivas aos 19 minutos. A vit\u00f3ria coloca os barros\u00f5es na lideran\u00e7a.<\/p>\n<p>O refor\u00e7o recente do Montalegre foi o jogador decisivo, ao apontar o \u00fanico tento da partida. O triunfo devolve a lideran\u00e7a ao conjunto do Barroso, que soma assim mais tr\u00eas pontos importantes na corrida pelo t\u00edtulo.<\/p>\n<p>A equipa orientada por Jos\u00e9 Manuel Viage chega aos 47 pontos, com um ponto de vantagem sobre o SC R\u00e9gua, que tem ainda um jogo a disputar a mais. A diferen\u00e7a entre ambos mant\u00e9m-se curta na fase decisiva da \u00e9poca.<\/p>\n<h3>Classifica\u00e7\u00e3o atual<\/h3>\n<p>1) Montalegre, 18 jogos, 47 pts; 2) R\u00e9gua, 19 jogos, 46 pts; 3) Vila Pouca, 19 jogos, 43 pts; 4) Mondinense, 19 jogos, 37 pts; 5) Vidago, 19 jogos, 36 pts; 6) Vilar Perdizes, 18 jogos, 34 pts.<\/p>\n","protected":false},"excerpt":{"rendered":"<ul>\n<li>O CDC Montalegre venceu o SC Cumieira por 1-0, em atraso da 19.\u00aa jornada da Divis\u00e3o de Honra da AFVR, no Complexo Desportivo Francisco Carvalho, em Chaves.<\/li>\n<li>O golo solit\u00e1rio foi apontado por Igor Sevivas aos 19 minutos, tornando-se protagonista da partida.<\/li>\n<li>Com a vit\u00f3ria, o Montalegre soma 47 pontos e regressa \u00e0 lideran\u00e7a da classifica\u00e7\u00e3o.<\/li>\n<li>O SC R\u00e9gua, com mais um jogo disputado, soma 46 pontos, mantendo-se em segundo lugar.<\/li>\n<li>A luta pela lideran\u00e7a deve manter-se acesa nas pr\u00f3ximas jornadas, com Montalegre e R\u00e9gua separados por apenas um ponto.<\/li>\n<\/ul>\n","protected":false},"author":2,"featured_media":198357,"comment_status":"closed","ping_status":"closed","sticky":false,"template":"","format":"standard","meta":{"footnotes":""},"categories":[21,24],"tags":[3955,32,1390,3913,1391,2884],"class_list":["post-198350","post","type-post","status-publish","format-standard","has-post-thumbnail","hentry","category-desporto","category-futebol","tag-divisao-de-honra-serie-b","tag-futebol","tag-mondinense","tag-montalegre","tag-regua","tag-vidago"],"yoast_head":"<!-- This site is optimized with the Yoast SEO plugin v27.2 - https:\/\/yoast.com\/product\/yoast-seo-wordpress\/ -->\n<title>Montalegre vence Cumieira e assume lideran\u00e7a da Divis\u00e3o de Honra - Portal Tela Portugal<\/title>\n<meta name=\"robots\" content=\"index, follow, max-snippet:-1, max-image-preview:large, max-video-preview:-1\" \/>\n<meta property=\"og:locale\" content=\"pt_PT\" \/>\n<meta property=\"og:type\" content=\"article\" \/>\n<meta property=\"og:title\" content=\"Montalegre vence Cumieira e assume lideran\u00e7a da Divis\u00e3o de Honra - Portal Tela Portugal\" \/>\n<meta property=\"og:description\" content=\"O CDC Montalegre venceu o SC Cumieira por 1-0, em atraso da 19.\u00aa jornada da Divis\u00e3o de Honra da AFVR, no Complexo Desportivo Francisco Carvalho, em Chaves. O golo solit\u00e1rio foi apontado por Igor Sevivas aos 19 minutos, tornando-se protagonista da partida. Com a vit\u00f3ria, o Montalegre soma 47 pontos e regressa \u00e0 lideran\u00e7a da classifica\u00e7\u00e3o. O SC R\u00e9gua, com mais um jogo disputado, soma 46 pontos, mantendo-se em segundo lugar. A luta pela lideran\u00e7a deve manter-se acesa nas pr\u00f3ximas jornadas, com Montalegre e R\u00e9gua separados por apenas um ponto.\" \/>\n<meta property=\"og:url\" content=\"https:\/\/portaltela.pt\/noticias\/2026\/02\/04\/montalegre-vence-cumieira-e-assume-lideranca-da-divisao-de-honra\/\" \/>\n<meta property=\"og:site_name\" content=\"Portal Tela Portugal\" \/>\n<meta property=\"article:published_time\" content=\"2026-02-04T22:21:17+00:00\" \/>\n<meta name=\"author\" content=\"Telinha\" \/>\n<meta name=\"twitter:card\" content=\"summary_large_image\" \/>\n<meta name=\"twitter:label1\" content=\"Escrito por\" \/>\n\t<meta name=\"twitter:data1\" content=\"Telinha\" \/>\n\t<meta name=\"twitter:label2\" content=\"Tempo estimado de leitura\" \/>\n\t<meta name=\"twitter:data2\" content=\"1 minuto\" \/>\n<script type=\"application\/ld+json\" class=\"yoast-schema-graph\">{\"@context\":\"https:\/\/schema.org\",\"@graph\":[{\"@type\":\"Article\",\"@id\":\"https:\/\/portaltela.pt\/noticias\/2026\/02\/04\/montalegre-vence-cumieira-e-assume-lideranca-da-divisao-de-honra\/#article\",\"isPartOf\":{\"@id\":\"https:\/\/portaltela.pt\/noticias\/2026\/02\/04\/montalegre-vence-cumieira-e-assume-lideranca-da-divisao-de-honra\/\"},\"author\":{\"name\":\"Telinha\",\"@id\":\"https:\/\/portaltela.pt\/#\/schema\/person\/c4278d4a6028830caff9ee44b42d32ed\"},\"headline\":\"Montalegre vence Cumieira e assume lideran\u00e7a da Divis\u00e3o de Honra\",\"datePublished\":\"2026-02-04T22:21:17+00:00\",\"mainEntityOfPage\":{\"@id\":\"https:\/\/portaltela.pt\/noticias\/2026\/02\/04\/montalegre-vence-cumieira-e-assume-lideranca-da-divisao-de-honra\/\"},\"wordCount\":167,\"image\":{\"@id\":\"https:\/\/portaltela.pt\/noticias\/2026\/02\/04\/montalegre-vence-cumieira-e-assume-lideranca-da-divisao-de-honra\/#primaryimage\"},\"thumbnailUrl\":\"https:\/\/portaltela.pt\/s.01k8rhncp4jt1\/2026\/02\/unnamed-file-1428.jpg\",\"keywords\":[\"Divis\u00e3o de Honra \u2014 S\u00e9rie B\",\"futebol\",\"Mondinense\",\"Montalegre\",\"R\u00e9gua\",\"Vidago\"],\"articleSection\":[\"Desporto\",\"Futebol\"],\"inLanguage\":\"pt-PT\"},{\"@type\":\"WebPage\",\"@id\":\"https:\/\/portaltela.pt\/noticias\/2026\/02\/04\/montalegre-vence-cumieira-e-assume-lideranca-da-divisao-de-honra\/\",\"url\":\"https:\/\/portaltela.pt\/noticias\/2026\/02\/04\/montalegre-vence-cumieira-e-assume-lideranca-da-divisao-de-honra\/\",\"name\":\"Montalegre vence Cumieira e assume lideran\u00e7a da Divis\u00e3o de Honra - Portal Tela Portugal\",\"isPartOf\":{\"@id\":\"https:\/\/portaltela.pt\/#website\"},\"primaryImageOfPage\":{\"@id\":\"https:\/\/portaltela.pt\/noticias\/2026\/02\/04\/montalegre-vence-cumieira-e-assume-lideranca-da-divisao-de-honra\/#primaryimage\"},\"image\":{\"@id\":\"https:\/\/portaltela.pt\/noticias\/2026\/02\/04\/montalegre-vence-cumieira-e-assume-lideranca-da-divisao-de-honra\/#primaryimage\"},\"thumbnailUrl\":\"https:\/\/portaltela.pt\/s.01k8rhncp4jt1\/2026\/02\/unnamed-file-1428.jpg\",\"datePublished\":\"2026-02-04T22:21:17+00:00\",\"author\":{\"@id\":\"https:\/\/portaltela.pt\/#\/schema\/person\/c4278d4a6028830caff9ee44b42d32ed\"},\"breadcrumb\":{\"@id\":\"https:\/\/portaltela.pt\/noticias\/2026\/02\/04\/montalegre-vence-cumieira-e-assume-lideranca-da-divisao-de-honra\/#breadcrumb\"},\"inLanguage\":\"pt-PT\",\"potentialAction\":[{\"@type\":\"ReadAction\",\"target\":[\"https:\/\/portaltela.pt\/noticias\/2026\/02\/04\/montalegre-vence-cumieira-e-assume-lideranca-da-divisao-de-honra\/\"]}]},{\"@type\":\"ImageObject\",\"inLanguage\":\"pt-PT\",\"@id\":\"https:\/\/portaltela.pt\/noticias\/2026\/02\/04\/montalegre-vence-cumieira-e-assume-lideranca-da-divisao-de-honra\/#primaryimage\",\"url\":\"https:\/\/portaltela.pt\/s.01k8rhncp4jt1\/2026\/02\/unnamed-file-1428.jpg\",\"contentUrl\":\"https:\/\/portaltela.pt\/s.01k8rhncp4jt1\/2026\/02\/unnamed-file-1428.jpg\",\"width\":796,\"height\":448,\"caption\":\"AFVR: Montalegre corrige pontaria na segunda parte e soma nova vit\u00f3ria\"},{\"@type\":\"BreadcrumbList\",\"@id\":\"https:\/\/portaltela.pt\/noticias\/2026\/02\/04\/montalegre-vence-cumieira-e-assume-lideranca-da-divisao-de-honra\/#breadcrumb\",\"itemListElement\":[{\"@type\":\"ListItem\",\"position\":1,\"name\":\"In\u00edcio\",\"item\":\"https:\/\/portaltela.pt\/\"},{\"@type\":\"ListItem\",\"position\":2,\"name\":\"Montalegre vence Cumieira e assume lideran\u00e7a da Divis\u00e3o de Honra\"}]},{\"@type\":\"WebSite\",\"@id\":\"https:\/\/portaltela.pt\/#website\",\"url\":\"https:\/\/portaltela.pt\/\",\"name\":\"Portal Tela Portugal\",\"description\":\"\",\"potentialAction\":[{\"@type\":\"SearchAction\",\"target\":{\"@type\":\"EntryPoint\",\"urlTemplate\":\"https:\/\/portaltela.pt\/?s={search_term_string}\"},\"query-input\":{\"@type\":\"PropertyValueSpecification\",\"valueRequired\":true,\"valueName\":\"search_term_string\"}}],\"inLanguage\":\"pt-PT\"},{\"@type\":\"Person\",\"@id\":\"https:\/\/portaltela.pt\/#\/schema\/person\/c4278d4a6028830caff9ee44b42d32ed\",\"name\":\"Telinha\",\"image\":{\"@type\":\"ImageObject\",\"inLanguage\":\"pt-PT\",\"@id\":\"https:\/\/portaltela.pt\/s.01k8rhncp4jt1\/2025\/11\/talking-bot-125x125.png\",\"url\":\"https:\/\/portaltela.pt\/s.01k8rhncp4jt1\/2025\/11\/talking-bot-125x125.png\",\"contentUrl\":\"https:\/\/portaltela.pt\/s.01k8rhncp4jt1\/2025\/11\/talking-bot-125x125.png\",\"caption\":\"Telinha\"},\"sameAs\":[\"https:\/\/portaltela.pt\/\"],\"url\":\"https:\/\/portaltela.pt\/por\/367410592786\/\"}]}<\/script>\n<!-- \/ Yoast SEO plugin. -->","yoast_head_json":{"title":"Montalegre vence Cumieira e assume lideran\u00e7a da Divis\u00e3o de Honra - Portal Tela Portugal","robots":{"index":"index","follow":"follow","max-snippet":"max-snippet:-1","max-image-preview":"max-image-preview:large","max-video-preview":"max-video-preview:-1"},"og_locale":"pt_PT","og_type":"article","og_title":"Montalegre vence Cumieira e assume lideran\u00e7a da Divis\u00e3o de Honra - Portal Tela Portugal","og_description":"O CDC Montalegre venceu o SC Cumieira por 1-0, em atraso da 19.\u00aa jornada da Divis\u00e3o de Honra da AFVR, no Complexo Desportivo Francisco Carvalho, em Chaves. O golo solit\u00e1rio foi apontado por Igor Sevivas aos 19 minutos, tornando-se protagonista da partida. Com a vit\u00f3ria, o Montalegre soma 47 pontos e regressa \u00e0 lideran\u00e7a da classifica\u00e7\u00e3o. O SC R\u00e9gua, com mais um jogo disputado, soma 46 pontos, mantendo-se em segundo lugar. A luta pela lideran\u00e7a deve manter-se acesa nas pr\u00f3ximas jornadas, com Montalegre e R\u00e9gua separados por apenas um ponto.","og_url":"https:\/\/portaltela.pt\/noticias\/2026\/02\/04\/montalegre-vence-cumieira-e-assume-lideranca-da-divisao-de-honra\/","og_site_name":"Portal Tela Portugal","article_published_time":"2026-02-04T22:21:17+00:00","author":"Telinha","twitter_card":"summary_large_image","twitter_misc":{"Escrito por":"Telinha","Tempo estimado de leitura":"1 minuto"},"schema":{"@context":"https:\/\/schema.org","@graph":[{"@type":"Article","@id":"https:\/\/portaltela.pt\/noticias\/2026\/02\/04\/montalegre-vence-cumieira-e-assume-lideranca-da-divisao-de-honra\/#article","isPartOf":{"@id":"https:\/\/portaltela.pt\/noticias\/2026\/02\/04\/montalegre-vence-cumieira-e-assume-lideranca-da-divisao-de-honra\/"},"author":{"name":"Telinha","@id":"https:\/\/portaltela.pt\/#\/schema\/person\/c4278d4a6028830caff9ee44b42d32ed"},"headline":"Montalegre vence Cumieira e assume lideran\u00e7a da Divis\u00e3o de Honra","datePublished":"2026-02-04T22:21:17+00:00","mainEntityOfPage":{"@id":"https:\/\/portaltela.pt\/noticias\/2026\/02\/04\/montalegre-vence-cumieira-e-assume-lideranca-da-divisao-de-honra\/"},"wordCount":167,"image":{"@id":"https:\/\/portaltela.pt\/noticias\/2026\/02\/04\/montalegre-vence-cumieira-e-assume-lideranca-da-divisao-de-honra\/#primaryimage"},"thumbnailUrl":"https:\/\/portaltela.pt\/s.01k8rhncp4jt1\/2026\/02\/unnamed-file-1428.jpg","keywords":["Divis\u00e3o de Honra \u2014 S\u00e9rie B","futebol","Mondinense","Montalegre","R\u00e9gua","Vidago"],"articleSection":["Desporto","Futebol"],"inLanguage":"pt-PT"},{"@type":"WebPage","@id":"https:\/\/portaltela.pt\/noticias\/2026\/02\/04\/montalegre-vence-cumieira-e-assume-lideranca-da-divisao-de-honra\/","url":"https:\/\/portaltela.pt\/noticias\/2026\/02\/04\/montalegre-vence-cumieira-e-assume-lideranca-da-divisao-de-honra\/","name":"Montalegre vence Cumieira e assume lideran\u00e7a da Divis\u00e3o de Honra - Portal Tela Portugal","isPartOf":{"@id":"https:\/\/portaltela.pt\/#website"},"primaryImageOfPage":{"@id":"https:\/\/portaltela.pt\/noticias\/2026\/02\/04\/montalegre-vence-cumieira-e-assume-lideranca-da-divisao-de-honra\/#primaryimage"},"image":{"@id":"https:\/\/portaltela.pt\/noticias\/2026\/02\/04\/montalegre-vence-cumieira-e-assume-lideranca-da-divisao-de-honra\/#primaryimage"},"thumbnailUrl":"https:\/\/portaltela.pt\/s.01k8rhncp4jt1\/2026\/02\/unnamed-file-1428.jpg","datePublished":"2026-02-04T22:21:17+00:00","author":{"@id":"https:\/\/portaltela.pt\/#\/schema\/person\/c4278d4a6028830caff9ee44b42d32ed"},"breadcrumb":{"@id":"https:\/\/portaltela.pt\/noticias\/2026\/02\/04\/montalegre-vence-cumieira-e-assume-lideranca-da-divisao-de-honra\/#breadcrumb"},"inLanguage":"pt-PT","potentialAction":[{"@type":"ReadAction","target":["https:\/\/portaltela.pt\/noticias\/2026\/02\/04\/montalegre-vence-cumieira-e-assume-lideranca-da-divisao-de-honra\/"]}]},{"@type":"ImageObject","inLanguage":"pt-PT","@id":"https:\/\/portaltela.pt\/noticias\/2026\/02\/04\/montalegre-vence-cumieira-e-assume-lideranca-da-divisao-de-honra\/#primaryimage","url":"https:\/\/portaltela.pt\/s.01k8rhncp4jt1\/2026\/02\/unnamed-file-1428.jpg","contentUrl":"https:\/\/portaltela.pt\/s.01k8rhncp4jt1\/2026\/02\/unnamed-file-1428.jpg","width":796,"height":448,"caption":"AFVR: Montalegre corrige pontaria na segunda parte e soma nova vit\u00f3ria"},{"@type":"BreadcrumbList","@id":"https:\/\/portaltela.pt\/noticias\/2026\/02\/04\/montalegre-vence-cumieira-e-assume-lideranca-da-divisao-de-honra\/#breadcrumb","itemListElement":[{"@type":"ListItem","position":1,"name":"In\u00edcio","item":"https:\/\/portaltela.pt\/"},{"@type":"ListItem","position":2,"name":"Montalegre vence Cumieira e assume lideran\u00e7a da Divis\u00e3o de Honra"}]},{"@type":"WebSite","@id":"https:\/\/portaltela.pt\/#website","url":"https:\/\/portaltela.pt\/","name":"Portal Tela Portugal","description":"","potentialAction":[{"@type":"SearchAction","target":{"@type":"EntryPoint","urlTemplate":"https:\/\/portaltela.pt\/?s={search_term_string}"},"query-input":{"@type":"PropertyValueSpecification","valueRequired":true,"valueName":"search_term_string"}}],"inLanguage":"pt-PT"},{"@type":"Person","@id":"https:\/\/portaltela.pt\/#\/schema\/person\/c4278d4a6028830caff9ee44b42d32ed","name":"Telinha","image":{"@type":"ImageObject","inLanguage":"pt-PT","@id":"https:\/\/portaltela.pt\/s.01k8rhncp4jt1\/2025\/11\/talking-bot-125x125.png","url":"https:\/\/portaltela.pt\/s.01k8rhncp4jt1\/2025\/11\/talking-bot-125x125.png","contentUrl":"https:\/\/portaltela.pt\/s.01k8rhncp4jt1\/2025\/11\/talking-bot-125x125.png","caption":"Telinha"},"sameAs":["https:\/\/portaltela.pt\/"],"url":"https:\/\/portaltela.pt\/por\/367410592786\/"}]}},"_links":{"self":[{"href":"https:\/\/portaltela.pt\/api\/wp\/v2\/posts\/198350","targetHints":{"allow":["GET"]}}],"collection":[{"href":"https:\/\/portaltela.pt\/api\/wp\/v2\/posts"}],"about":[{"href":"https:\/\/portaltela.pt\/api\/wp\/v2\/types\/post"}],"author":[{"embeddable":true,"href":"https:\/\/portaltela.pt\/api\/wp\/v2\/users\/2"}],"replies":[{"embeddable":true,"href":"https:\/\/portaltela.pt\/api\/wp\/v2\/comments?post=198350"}],"version-history":[{"count":0,"href":"https:\/\/portaltela.pt\/api\/wp\/v2\/posts\/198350\/revisions"}],"wp:featuredmedia":[{"embeddable":true,"href":"https:\/\/portaltela.pt\/api\/wp\/v2\/media\/198357"}],"wp:attachment":[{"href":"https:\/\/portaltela.pt\/api\/wp\/v2\/media?parent=198350"}],"wp:term":[{"taxonomy":"category","embeddable":true,"href":"https:\/\/portaltela.pt\/api\/wp\/v2\/categories?post=198350"},{"taxonomy":"post_tag","embeddable":true,"href":"https:\/\/portaltela.pt\/api\/wp\/v2\/tags?post=198350"}],"curies":[{"name":"wp","href":"https:\/\/api.w.org\/{rel}","templated":true}]}}