{"id":198329,"date":"2026-02-04T19:09:00","date_gmt":"2026-02-04T22:09:00","guid":{"rendered":"https:\/\/portaltela.pt\/noticias\/2026\/02\/04\/avanca-benfica-interrompido-aos-5-minutos-por-piso-escorregadio\/"},"modified":"2026-02-04T19:09:00","modified_gmt":"2026-02-04T22:09:00","slug":"avanca-benfica-interrompido-aos-5-minutos-por-piso-escorregadio","status":"publish","type":"post","link":"https:\/\/portaltela.pt\/desporto\/futebol\/2026\/02\/04\/avanca-benfica-interrompido-aos-5-minutos-por-piso-escorregadio\/","title":{"rendered":"Avan\u00e7a-Benfica interrompido aos 5 minutos por piso escorregadio"},"content":{"rendered":"<p>O jogo da Ta\u00e7a de Portugal entre Avanca e Benfica, 16 avos de final, foi interrompido aos 5 minutos por um piso escorregadio, no Pavil\u00e3o Multiusos de Estarreja. A partida deveria realizar-se no Pavilh\u00e3o Municipal Comendador Adelino Dias Costa, em Avanca, mas foi transferida devido a condi\u00e7\u00f5es climat\u00e9ricas adversas.<\/p>\n<p>Segundo o Benfica, a mudan\u00e7a de recinto provocou um atraso de 15 minutos no in\u00edcio. Apesar do atraso, o encontro foi suspenso ainda cedo, com o marcador a registar 2-4 a favor do Benfica.<\/p>\n<p>Ap\u00f3s um per\u00edodo de espera, foi tomada a decis\u00e3o de suspender a partida, que ser\u00e1 retomada em data a definir. A dire\u00e7\u00e3o encarnada comunicou a interrup\u00e7\u00e3o no seu site oficial.<\/p>\n<p>A organiza\u00e7\u00e3o n\u00e3o avan\u00e7ou com uma hora para a retoma nem com detalhes sobre a log\u00edstica, mantendo o foco na reavalia\u00e7\u00e3o do piso e na seguran\u00e7a de jogadores e equipa t\u00e9cnica.<\/p>\n","protected":false},"excerpt":{"rendered":"<ul>\n<li>O Avanca recebeu o Benfica em jogo da Ta\u00e7a de Portugal, para os dois primeiros avos de final, no Pavil\u00e3o Multiusos de Estarreja, ap\u00f3s altera\u00e7\u00f5es de venue devido ao mau tempo.<\/li>\n<li>O encontro foi inicialmente adiado em quinze minutos e mudou-se do Pavilh\u00e3o Municipal Comendador Adelino Dias Costa, em Avanca, para Estarreja por condi\u00e7\u00f5es climat\u00e9ricas adversas.<\/li>\n<li>Aos cinco minutos, com o resultado em dois a quatro, o piso escorregadio levou \u00e0 interrup\u00e7\u00e3o da partida.<\/li>\n<li>Foi tomada a decis\u00e3o de suspender o jogo, que ficar\u00e1 interrompido at\u00e9 uma data a definir para a sua retomada.<\/li>\n<li>O Benfica comunicou a suspens\u00e3o e as circunst\u00e2ncias atrav\u00e9s do seu site oficial.<\/li>\n<\/ul>\n","protected":false},"author":2,"featured_media":198331,"comment_status":"closed","ping_status":"closed","sticky":false,"template":"","format":"standard","meta":{"footnotes":""},"categories":[21,24],"tags":[3572,1946,152,3576,161,1266],"class_list":["post-198329","post","type-post","status-publish","format-standard","has-post-thumbnail","hentry","category-desporto","category-futebol","tag-avanca","tag-benfica","tag-desporto","tag-estarreja","tag-futsal","tag-taca-de-portugal"],"yoast_head":"<!-- This site is optimized with the Yoast SEO plugin v27.2 - https:\/\/yoast.com\/product\/yoast-seo-wordpress\/ -->\n<title>Avan\u00e7a-Benfica interrompido aos 5 minutos por piso escorregadio - Portal Tela Portugal<\/title>\n<meta name=\"robots\" content=\"index, follow, max-snippet:-1, max-image-preview:large, max-video-preview:-1\" \/>\n<meta property=\"og:locale\" content=\"pt_PT\" \/>\n<meta property=\"og:type\" content=\"article\" \/>\n<meta property=\"og:title\" content=\"Avan\u00e7a-Benfica interrompido aos 5 minutos por piso escorregadio - Portal Tela Portugal\" \/>\n<meta property=\"og:description\" content=\"O Avanca recebeu o Benfica em jogo da Ta\u00e7a de Portugal, para os dois primeiros avos de final, no Pavil\u00e3o Multiusos de Estarreja, ap\u00f3s altera\u00e7\u00f5es de venue devido ao mau tempo. O encontro foi inicialmente adiado em quinze minutos e mudou-se do Pavilh\u00e3o Municipal Comendador Adelino Dias Costa, em Avanca, para Estarreja por condi\u00e7\u00f5es climat\u00e9ricas adversas. Aos cinco minutos, com o resultado em dois a quatro, o piso escorregadio levou \u00e0 interrup\u00e7\u00e3o da partida. Foi tomada a decis\u00e3o de suspender o jogo, que ficar\u00e1 interrompido at\u00e9 uma data a definir para a sua retomada. O Benfica comunicou a suspens\u00e3o e as circunst\u00e2ncias atrav\u00e9s do seu site oficial.\" \/>\n<meta property=\"og:url\" content=\"https:\/\/portaltela.pt\/noticias\/2026\/02\/04\/avanca-benfica-interrompido-aos-5-minutos-por-piso-escorregadio\/\" \/>\n<meta property=\"og:site_name\" content=\"Portal Tela Portugal\" \/>\n<meta property=\"article:published_time\" content=\"2026-02-04T22:09:00+00:00\" \/>\n<meta name=\"author\" content=\"Telinha\" \/>\n<meta name=\"twitter:card\" content=\"summary_large_image\" \/>\n<meta name=\"twitter:label1\" content=\"Escrito por\" \/>\n\t<meta name=\"twitter:data1\" content=\"Telinha\" \/>\n\t<meta name=\"twitter:label2\" content=\"Tempo estimado de leitura\" \/>\n\t<meta name=\"twitter:data2\" content=\"1 minuto\" \/>\n<script type=\"application\/ld+json\" class=\"yoast-schema-graph\">{\"@context\":\"https:\/\/schema.org\",\"@graph\":[{\"@type\":\"Article\",\"@id\":\"https:\/\/portaltela.pt\/noticias\/2026\/02\/04\/avanca-benfica-interrompido-aos-5-minutos-por-piso-escorregadio\/#article\",\"isPartOf\":{\"@id\":\"https:\/\/portaltela.pt\/noticias\/2026\/02\/04\/avanca-benfica-interrompido-aos-5-minutos-por-piso-escorregadio\/\"},\"author\":{\"name\":\"Telinha\",\"@id\":\"https:\/\/portaltela.pt\/#\/schema\/person\/c4278d4a6028830caff9ee44b42d32ed\"},\"headline\":\"Avan\u00e7a-Benfica interrompido aos 5 minutos por piso escorregadio\",\"datePublished\":\"2026-02-04T22:09:00+00:00\",\"mainEntityOfPage\":{\"@id\":\"https:\/\/portaltela.pt\/noticias\/2026\/02\/04\/avanca-benfica-interrompido-aos-5-minutos-por-piso-escorregadio\/\"},\"wordCount\":168,\"image\":{\"@id\":\"https:\/\/portaltela.pt\/noticias\/2026\/02\/04\/avanca-benfica-interrompido-aos-5-minutos-por-piso-escorregadio\/#primaryimage\"},\"thumbnailUrl\":\"https:\/\/portaltela.pt\/s.01k8rhncp4jt1\/2026\/02\/img_920x518uu2025-11-22-17-14-30-2404283.jpg\",\"keywords\":[\"Avanca\",\"Benfica\",\"desporto\",\"Estarreja\",\"futsal\",\"Ta\u00e7a de Portugal\"],\"articleSection\":[\"Desporto\",\"Futebol\"],\"inLanguage\":\"pt-PT\"},{\"@type\":\"WebPage\",\"@id\":\"https:\/\/portaltela.pt\/noticias\/2026\/02\/04\/avanca-benfica-interrompido-aos-5-minutos-por-piso-escorregadio\/\",\"url\":\"https:\/\/portaltela.pt\/noticias\/2026\/02\/04\/avanca-benfica-interrompido-aos-5-minutos-por-piso-escorregadio\/\",\"name\":\"Avan\u00e7a-Benfica interrompido aos 5 minutos por piso escorregadio - Portal Tela Portugal\",\"isPartOf\":{\"@id\":\"https:\/\/portaltela.pt\/#website\"},\"primaryImageOfPage\":{\"@id\":\"https:\/\/portaltela.pt\/noticias\/2026\/02\/04\/avanca-benfica-interrompido-aos-5-minutos-por-piso-escorregadio\/#primaryimage\"},\"image\":{\"@id\":\"https:\/\/portaltela.pt\/noticias\/2026\/02\/04\/avanca-benfica-interrompido-aos-5-minutos-por-piso-escorregadio\/#primaryimage\"},\"thumbnailUrl\":\"https:\/\/portaltela.pt\/s.01k8rhncp4jt1\/2026\/02\/img_920x518uu2025-11-22-17-14-30-2404283.jpg\",\"datePublished\":\"2026-02-04T22:09:00+00:00\",\"author\":{\"@id\":\"https:\/\/portaltela.pt\/#\/schema\/person\/c4278d4a6028830caff9ee44b42d32ed\"},\"breadcrumb\":{\"@id\":\"https:\/\/portaltela.pt\/noticias\/2026\/02\/04\/avanca-benfica-interrompido-aos-5-minutos-por-piso-escorregadio\/#breadcrumb\"},\"inLanguage\":\"pt-PT\",\"potentialAction\":[{\"@type\":\"ReadAction\",\"target\":[\"https:\/\/portaltela.pt\/noticias\/2026\/02\/04\/avanca-benfica-interrompido-aos-5-minutos-por-piso-escorregadio\/\"]}]},{\"@type\":\"ImageObject\",\"inLanguage\":\"pt-PT\",\"@id\":\"https:\/\/portaltela.pt\/noticias\/2026\/02\/04\/avanca-benfica-interrompido-aos-5-minutos-por-piso-escorregadio\/#primaryimage\",\"url\":\"https:\/\/portaltela.pt\/s.01k8rhncp4jt1\/2026\/02\/img_920x518uu2025-11-22-17-14-30-2404283.jpg\",\"contentUrl\":\"https:\/\/portaltela.pt\/s.01k8rhncp4jt1\/2026\/02\/img_920x518uu2025-11-22-17-14-30-2404283.jpg\",\"width\":796,\"height\":448,\"caption\":\"Avanca-Benfica adiado\"},{\"@type\":\"BreadcrumbList\",\"@id\":\"https:\/\/portaltela.pt\/noticias\/2026\/02\/04\/avanca-benfica-interrompido-aos-5-minutos-por-piso-escorregadio\/#breadcrumb\",\"itemListElement\":[{\"@type\":\"ListItem\",\"position\":1,\"name\":\"In\u00edcio\",\"item\":\"https:\/\/portaltela.pt\/\"},{\"@type\":\"ListItem\",\"position\":2,\"name\":\"Avan\u00e7a-Benfica interrompido aos 5 minutos por piso escorregadio\"}]},{\"@type\":\"WebSite\",\"@id\":\"https:\/\/portaltela.pt\/#website\",\"url\":\"https:\/\/portaltela.pt\/\",\"name\":\"Portal Tela Portugal\",\"description\":\"\",\"potentialAction\":[{\"@type\":\"SearchAction\",\"target\":{\"@type\":\"EntryPoint\",\"urlTemplate\":\"https:\/\/portaltela.pt\/?s={search_term_string}\"},\"query-input\":{\"@type\":\"PropertyValueSpecification\",\"valueRequired\":true,\"valueName\":\"search_term_string\"}}],\"inLanguage\":\"pt-PT\"},{\"@type\":\"Person\",\"@id\":\"https:\/\/portaltela.pt\/#\/schema\/person\/c4278d4a6028830caff9ee44b42d32ed\",\"name\":\"Telinha\",\"image\":{\"@type\":\"ImageObject\",\"inLanguage\":\"pt-PT\",\"@id\":\"https:\/\/portaltela.pt\/s.01k8rhncp4jt1\/2025\/11\/talking-bot-125x125.png\",\"url\":\"https:\/\/portaltela.pt\/s.01k8rhncp4jt1\/2025\/11\/talking-bot-125x125.png\",\"contentUrl\":\"https:\/\/portaltela.pt\/s.01k8rhncp4jt1\/2025\/11\/talking-bot-125x125.png\",\"caption\":\"Telinha\"},\"sameAs\":[\"https:\/\/portaltela.pt\/\"],\"url\":\"https:\/\/portaltela.pt\/por\/367410592786\/\"}]}<\/script>\n<!-- \/ Yoast SEO plugin. -->","yoast_head_json":{"title":"Avan\u00e7a-Benfica interrompido aos 5 minutos por piso escorregadio - Portal Tela Portugal","robots":{"index":"index","follow":"follow","max-snippet":"max-snippet:-1","max-image-preview":"max-image-preview:large","max-video-preview":"max-video-preview:-1"},"og_locale":"pt_PT","og_type":"article","og_title":"Avan\u00e7a-Benfica interrompido aos 5 minutos por piso escorregadio - Portal Tela Portugal","og_description":"O Avanca recebeu o Benfica em jogo da Ta\u00e7a de Portugal, para os dois primeiros avos de final, no Pavil\u00e3o Multiusos de Estarreja, ap\u00f3s altera\u00e7\u00f5es de venue devido ao mau tempo. O encontro foi inicialmente adiado em quinze minutos e mudou-se do Pavilh\u00e3o Municipal Comendador Adelino Dias Costa, em Avanca, para Estarreja por condi\u00e7\u00f5es climat\u00e9ricas adversas. Aos cinco minutos, com o resultado em dois a quatro, o piso escorregadio levou \u00e0 interrup\u00e7\u00e3o da partida. Foi tomada a decis\u00e3o de suspender o jogo, que ficar\u00e1 interrompido at\u00e9 uma data a definir para a sua retomada. O Benfica comunicou a suspens\u00e3o e as circunst\u00e2ncias atrav\u00e9s do seu site oficial.","og_url":"https:\/\/portaltela.pt\/noticias\/2026\/02\/04\/avanca-benfica-interrompido-aos-5-minutos-por-piso-escorregadio\/","og_site_name":"Portal Tela Portugal","article_published_time":"2026-02-04T22:09:00+00:00","author":"Telinha","twitter_card":"summary_large_image","twitter_misc":{"Escrito por":"Telinha","Tempo estimado de leitura":"1 minuto"},"schema":{"@context":"https:\/\/schema.org","@graph":[{"@type":"Article","@id":"https:\/\/portaltela.pt\/noticias\/2026\/02\/04\/avanca-benfica-interrompido-aos-5-minutos-por-piso-escorregadio\/#article","isPartOf":{"@id":"https:\/\/portaltela.pt\/noticias\/2026\/02\/04\/avanca-benfica-interrompido-aos-5-minutos-por-piso-escorregadio\/"},"author":{"name":"Telinha","@id":"https:\/\/portaltela.pt\/#\/schema\/person\/c4278d4a6028830caff9ee44b42d32ed"},"headline":"Avan\u00e7a-Benfica interrompido aos 5 minutos por piso escorregadio","datePublished":"2026-02-04T22:09:00+00:00","mainEntityOfPage":{"@id":"https:\/\/portaltela.pt\/noticias\/2026\/02\/04\/avanca-benfica-interrompido-aos-5-minutos-por-piso-escorregadio\/"},"wordCount":168,"image":{"@id":"https:\/\/portaltela.pt\/noticias\/2026\/02\/04\/avanca-benfica-interrompido-aos-5-minutos-por-piso-escorregadio\/#primaryimage"},"thumbnailUrl":"https:\/\/portaltela.pt\/s.01k8rhncp4jt1\/2026\/02\/img_920x518uu2025-11-22-17-14-30-2404283.jpg","keywords":["Avanca","Benfica","desporto","Estarreja","futsal","Ta\u00e7a de Portugal"],"articleSection":["Desporto","Futebol"],"inLanguage":"pt-PT"},{"@type":"WebPage","@id":"https:\/\/portaltela.pt\/noticias\/2026\/02\/04\/avanca-benfica-interrompido-aos-5-minutos-por-piso-escorregadio\/","url":"https:\/\/portaltela.pt\/noticias\/2026\/02\/04\/avanca-benfica-interrompido-aos-5-minutos-por-piso-escorregadio\/","name":"Avan\u00e7a-Benfica interrompido aos 5 minutos por piso escorregadio - Portal Tela Portugal","isPartOf":{"@id":"https:\/\/portaltela.pt\/#website"},"primaryImageOfPage":{"@id":"https:\/\/portaltela.pt\/noticias\/2026\/02\/04\/avanca-benfica-interrompido-aos-5-minutos-por-piso-escorregadio\/#primaryimage"},"image":{"@id":"https:\/\/portaltela.pt\/noticias\/2026\/02\/04\/avanca-benfica-interrompido-aos-5-minutos-por-piso-escorregadio\/#primaryimage"},"thumbnailUrl":"https:\/\/portaltela.pt\/s.01k8rhncp4jt1\/2026\/02\/img_920x518uu2025-11-22-17-14-30-2404283.jpg","datePublished":"2026-02-04T22:09:00+00:00","author":{"@id":"https:\/\/portaltela.pt\/#\/schema\/person\/c4278d4a6028830caff9ee44b42d32ed"},"breadcrumb":{"@id":"https:\/\/portaltela.pt\/noticias\/2026\/02\/04\/avanca-benfica-interrompido-aos-5-minutos-por-piso-escorregadio\/#breadcrumb"},"inLanguage":"pt-PT","potentialAction":[{"@type":"ReadAction","target":["https:\/\/portaltela.pt\/noticias\/2026\/02\/04\/avanca-benfica-interrompido-aos-5-minutos-por-piso-escorregadio\/"]}]},{"@type":"ImageObject","inLanguage":"pt-PT","@id":"https:\/\/portaltela.pt\/noticias\/2026\/02\/04\/avanca-benfica-interrompido-aos-5-minutos-por-piso-escorregadio\/#primaryimage","url":"https:\/\/portaltela.pt\/s.01k8rhncp4jt1\/2026\/02\/img_920x518uu2025-11-22-17-14-30-2404283.jpg","contentUrl":"https:\/\/portaltela.pt\/s.01k8rhncp4jt1\/2026\/02\/img_920x518uu2025-11-22-17-14-30-2404283.jpg","width":796,"height":448,"caption":"Avanca-Benfica adiado"},{"@type":"BreadcrumbList","@id":"https:\/\/portaltela.pt\/noticias\/2026\/02\/04\/avanca-benfica-interrompido-aos-5-minutos-por-piso-escorregadio\/#breadcrumb","itemListElement":[{"@type":"ListItem","position":1,"name":"In\u00edcio","item":"https:\/\/portaltela.pt\/"},{"@type":"ListItem","position":2,"name":"Avan\u00e7a-Benfica interrompido aos 5 minutos por piso escorregadio"}]},{"@type":"WebSite","@id":"https:\/\/portaltela.pt\/#website","url":"https:\/\/portaltela.pt\/","name":"Portal Tela Portugal","description":"","potentialAction":[{"@type":"SearchAction","target":{"@type":"EntryPoint","urlTemplate":"https:\/\/portaltela.pt\/?s={search_term_string}"},"query-input":{"@type":"PropertyValueSpecification","valueRequired":true,"valueName":"search_term_string"}}],"inLanguage":"pt-PT"},{"@type":"Person","@id":"https:\/\/portaltela.pt\/#\/schema\/person\/c4278d4a6028830caff9ee44b42d32ed","name":"Telinha","image":{"@type":"ImageObject","inLanguage":"pt-PT","@id":"https:\/\/portaltela.pt\/s.01k8rhncp4jt1\/2025\/11\/talking-bot-125x125.png","url":"https:\/\/portaltela.pt\/s.01k8rhncp4jt1\/2025\/11\/talking-bot-125x125.png","contentUrl":"https:\/\/portaltela.pt\/s.01k8rhncp4jt1\/2025\/11\/talking-bot-125x125.png","caption":"Telinha"},"sameAs":["https:\/\/portaltela.pt\/"],"url":"https:\/\/portaltela.pt\/por\/367410592786\/"}]}},"_links":{"self":[{"href":"https:\/\/portaltela.pt\/api\/wp\/v2\/posts\/198329","targetHints":{"allow":["GET"]}}],"collection":[{"href":"https:\/\/portaltela.pt\/api\/wp\/v2\/posts"}],"about":[{"href":"https:\/\/portaltela.pt\/api\/wp\/v2\/types\/post"}],"author":[{"embeddable":true,"href":"https:\/\/portaltela.pt\/api\/wp\/v2\/users\/2"}],"replies":[{"embeddable":true,"href":"https:\/\/portaltela.pt\/api\/wp\/v2\/comments?post=198329"}],"version-history":[{"count":0,"href":"https:\/\/portaltela.pt\/api\/wp\/v2\/posts\/198329\/revisions"}],"wp:featuredmedia":[{"embeddable":true,"href":"https:\/\/portaltela.pt\/api\/wp\/v2\/media\/198331"}],"wp:attachment":[{"href":"https:\/\/portaltela.pt\/api\/wp\/v2\/media?parent=198329"}],"wp:term":[{"taxonomy":"category","embeddable":true,"href":"https:\/\/portaltela.pt\/api\/wp\/v2\/categories?post=198329"},{"taxonomy":"post_tag","embeddable":true,"href":"https:\/\/portaltela.pt\/api\/wp\/v2\/tags?post=198329"}],"curies":[{"name":"wp","href":"https:\/\/api.w.org\/{rel}","templated":true}]}}