{"id":198317,"date":"2026-02-04T18:48:42","date_gmt":"2026-02-04T21:48:42","guid":{"rendered":"https:\/\/portaltela.pt\/noticias\/2026\/02\/04\/entrevista-com-jorge-reis-sobre-o-regresso-do-agrupamento-416-de-borba\/"},"modified":"2026-02-04T18:48:42","modified_gmt":"2026-02-04T21:48:42","slug":"entrevista-com-jorge-reis-sobre-o-regresso-do-agrupamento-416-de-borba","status":"publish","type":"post","link":"https:\/\/portaltela.pt\/noticias\/2026\/02\/04\/entrevista-com-jorge-reis-sobre-o-regresso-do-agrupamento-416-de-borba\/","title":{"rendered":"Entrevista com Jorge Reis sobre o regresso do Agrupamento 416 de Borba"},"content":{"rendered":"<p>O Jornal ODigital.pt vai publicar hoje, quinta-feira, \u00e0s 14h, a entrevista completa com Jorge Reis, um dos impulsionadores da reativa\u00e7\u00e3o do Agrupamento de Escuteiros 416 de Borba. O epis\u00f3dio \u00e9 do podcast Factos e Conversas.<\/p>\n<p>A conversa explica o processo que levou ao regresso do escutismo ao concelho e antecipa os objetivos para a nova fase, que se aproxima dos 50 anos em 2026.<\/p>\n<p>O Agrupamento 416 esteve desativado durante longos anos; a reabertura foi preparada ao longo de v\u00e1rios meses com a participa\u00e7\u00e3o de antigos escuteiros, adultos ligados ao movimento e da comunidade local.<\/p>\n<h3>Reativa\u00e7\u00e3o ap\u00f3s anos de inatividade<\/h3>\n<p>A entrevista detalha que o grupo foi oficialmente reativado a 25 de janeiro e j\u00e1 conta com perto de 50 crian\u00e7as e jovens inscritos, apoiados por uma equipa de dirigentes e pela comunidade de Borba.<\/p>\n<h3>Miss\u00e3o e futuro do agruparmento<\/h3>\n<p>Jorge Reis sublinha a miss\u00e3o do escuteiro, centrada no servi\u00e7o, na vida em comunidade e na educa\u00e7\u00e3o para a cidadania, destacando o papel do escutismo na forma\u00e7\u00e3o de jovens.<\/p>\n<h3>Projetos e pr\u00f3ximos passos<\/h3>\n<p>Foram abordados os projetos para os pr\u00f3ximos meses, o apoio recebido de institui\u00e7\u00f5es locais e os desafios de crescimento, sobretudo em termos de materiais e log\u00edstica.<\/p>\n<h3>Convite \u00e0 participa\u00e7\u00e3o<\/h3>\n<p>O respons\u00e1vel faz um apelo \u00e0s fam\u00edlias de Borba para conhecerem o projeto e considerarem a participa\u00e7\u00e3o dos filhos no Agrupamento 416.<\/p>\n<p>A entrevista completa com Jorge Reis estar\u00e1 dispon\u00edvel hoje \u00e0s 14h, nas plataformas digitais do Jornal ODigital.pt, no podcast Factos e Conversas.<\/p>\n","protected":false},"excerpt":{"rendered":"<ul>\n<li>O podcast Factos e Conversas, do Jornal ODigital.pt, vai publicar esta quinta-feira \u00e0s 14h a entrevista a Jorge Reis sobre a reativa\u00e7\u00e3o do Agrupamento de Escuteiros 416 de Borba.<\/li>\n<li>O agrupamento esteve desativado durante v\u00e1rios anos e voltou a abrir ap\u00f3s meses de trabalho, com a participa\u00e7\u00e3o de antigos escuteiros e de adultos ligados ao movimento; a reativa\u00e7\u00e3o foi oficializada a 25 de janeiro.<\/li>\n<li>J\u00e1 est\u00e1 com perto de 50 crian\u00e7as e jovens inscritos, apoiados por uma equipa de dirigentes e pela comunidade local.<\/li>\n<li>A entrevista aborda a miss\u00e3o do escutismo, o papel do servi\u00e7o, a vida em comunidade e a educa\u00e7\u00e3o para a cidadania, defendendo que o movimento ajuda a formar pessoas e a tornar o mundo melhor.<\/li>\n<li>O grupo prepara-se para atividades nos pr\u00f3ximos meses, recebe apoio de institui\u00e7\u00f5es locais e enfrenta desafios de materiais e log\u00edstica, com um apelo \u00e0s fam\u00edlias do concelho para conhecerem o projeto e considerarem a participa\u00e7\u00e3o dos filhos.<\/li>\n<\/ul>\n","protected":false},"author":2,"featured_media":198327,"comment_status":"closed","ping_status":"closed","sticky":false,"template":"","format":"standard","meta":{"footnotes":""},"categories":[1],"tags":[4070,370,3035,163,64,3266],"class_list":["post-198317","post","type-post","status-publish","format-standard","has-post-thumbnail","hentry","category-noticias","tag-borba","tag-cidadania","tag-comunidade","tag-educacao","tag-familia","tag-voluntariado-apoiado"],"yoast_head":"<!-- This site is optimized with the Yoast SEO plugin v27.2 - https:\/\/yoast.com\/product\/yoast-seo-wordpress\/ -->\n<title>Entrevista com Jorge Reis sobre o regresso do Agrupamento 416 de Borba - Portal Tela Portugal<\/title>\n<meta name=\"robots\" content=\"index, follow, max-snippet:-1, max-image-preview:large, max-video-preview:-1\" \/>\n<meta property=\"og:locale\" content=\"pt_PT\" \/>\n<meta property=\"og:type\" content=\"article\" \/>\n<meta property=\"og:title\" content=\"Entrevista com Jorge Reis sobre o regresso do Agrupamento 416 de Borba - Portal Tela Portugal\" \/>\n<meta property=\"og:description\" content=\"O podcast Factos e Conversas, do Jornal ODigital.pt, vai publicar esta quinta-feira \u00e0s 14h a entrevista a Jorge Reis sobre a reativa\u00e7\u00e3o do Agrupamento de Escuteiros 416 de Borba. O agrupamento esteve desativado durante v\u00e1rios anos e voltou a abrir ap\u00f3s meses de trabalho, com a participa\u00e7\u00e3o de antigos escuteiros e de adultos ligados ao movimento; a reativa\u00e7\u00e3o foi oficializada a 25 de janeiro. J\u00e1 est\u00e1 com perto de 50 crian\u00e7as e jovens inscritos, apoiados por uma equipa de dirigentes e pela comunidade local. A entrevista aborda a miss\u00e3o do escutismo, o papel do servi\u00e7o, a vida em comunidade e a educa\u00e7\u00e3o para a cidadania, defendendo que o movimento ajuda a formar pessoas e a tornar o mundo melhor. O grupo prepara-se para atividades nos pr\u00f3ximos meses, recebe apoio de institui\u00e7\u00f5es locais e enfrenta desafios de materiais e log\u00edstica, com um apelo \u00e0s fam\u00edlias do concelho para conhecerem o projeto e considerarem a participa\u00e7\u00e3o dos filhos.\" \/>\n<meta property=\"og:url\" content=\"https:\/\/portaltela.pt\/noticias\/2026\/02\/04\/entrevista-com-jorge-reis-sobre-o-regresso-do-agrupamento-416-de-borba\/\" \/>\n<meta property=\"og:site_name\" content=\"Portal Tela Portugal\" \/>\n<meta property=\"article:published_time\" content=\"2026-02-04T21:48:42+00:00\" \/>\n<meta name=\"author\" content=\"Telinha\" \/>\n<meta name=\"twitter:card\" content=\"summary_large_image\" \/>\n<meta name=\"twitter:label1\" content=\"Escrito por\" \/>\n\t<meta name=\"twitter:data1\" content=\"Telinha\" \/>\n\t<meta name=\"twitter:label2\" content=\"Tempo estimado de leitura\" \/>\n\t<meta name=\"twitter:data2\" content=\"1 minuto\" \/>\n<script type=\"application\/ld+json\" class=\"yoast-schema-graph\">{\"@context\":\"https:\/\/schema.org\",\"@graph\":[{\"@type\":\"Article\",\"@id\":\"https:\/\/portaltela.pt\/noticias\/2026\/02\/04\/entrevista-com-jorge-reis-sobre-o-regresso-do-agrupamento-416-de-borba\/#article\",\"isPartOf\":{\"@id\":\"https:\/\/portaltela.pt\/noticias\/2026\/02\/04\/entrevista-com-jorge-reis-sobre-o-regresso-do-agrupamento-416-de-borba\/\"},\"author\":{\"name\":\"Telinha\",\"@id\":\"https:\/\/portaltela.pt\/#\/schema\/person\/c4278d4a6028830caff9ee44b42d32ed\"},\"headline\":\"Entrevista com Jorge Reis sobre o regresso do Agrupamento 416 de Borba\",\"datePublished\":\"2026-02-04T21:48:42+00:00\",\"mainEntityOfPage\":{\"@id\":\"https:\/\/portaltela.pt\/noticias\/2026\/02\/04\/entrevista-com-jorge-reis-sobre-o-regresso-do-agrupamento-416-de-borba\/\"},\"wordCount\":271,\"image\":{\"@id\":\"https:\/\/portaltela.pt\/noticias\/2026\/02\/04\/entrevista-com-jorge-reis-sobre-o-regresso-do-agrupamento-416-de-borba\/#primaryimage\"},\"thumbnailUrl\":\"https:\/\/portaltela.pt\/s.01k8rhncp4jt1\/2026\/02\/unnamed-file-1426.jpg\",\"keywords\":[\"Borba\",\"cidadania\",\"comunidade\",\"educa\u00e7\u00e3o\",\"fam\u00edlia\",\"Voluntariado Apoiado\"],\"articleSection\":[\"Not\u00edcias\"],\"inLanguage\":\"pt-PT\"},{\"@type\":\"WebPage\",\"@id\":\"https:\/\/portaltela.pt\/noticias\/2026\/02\/04\/entrevista-com-jorge-reis-sobre-o-regresso-do-agrupamento-416-de-borba\/\",\"url\":\"https:\/\/portaltela.pt\/noticias\/2026\/02\/04\/entrevista-com-jorge-reis-sobre-o-regresso-do-agrupamento-416-de-borba\/\",\"name\":\"Entrevista com Jorge Reis sobre o regresso do Agrupamento 416 de Borba - Portal Tela Portugal\",\"isPartOf\":{\"@id\":\"https:\/\/portaltela.pt\/#website\"},\"primaryImageOfPage\":{\"@id\":\"https:\/\/portaltela.pt\/noticias\/2026\/02\/04\/entrevista-com-jorge-reis-sobre-o-regresso-do-agrupamento-416-de-borba\/#primaryimage\"},\"image\":{\"@id\":\"https:\/\/portaltela.pt\/noticias\/2026\/02\/04\/entrevista-com-jorge-reis-sobre-o-regresso-do-agrupamento-416-de-borba\/#primaryimage\"},\"thumbnailUrl\":\"https:\/\/portaltela.pt\/s.01k8rhncp4jt1\/2026\/02\/unnamed-file-1426.jpg\",\"datePublished\":\"2026-02-04T21:48:42+00:00\",\"author\":{\"@id\":\"https:\/\/portaltela.pt\/#\/schema\/person\/c4278d4a6028830caff9ee44b42d32ed\"},\"breadcrumb\":{\"@id\":\"https:\/\/portaltela.pt\/noticias\/2026\/02\/04\/entrevista-com-jorge-reis-sobre-o-regresso-do-agrupamento-416-de-borba\/#breadcrumb\"},\"inLanguage\":\"pt-PT\",\"potentialAction\":[{\"@type\":\"ReadAction\",\"target\":[\"https:\/\/portaltela.pt\/noticias\/2026\/02\/04\/entrevista-com-jorge-reis-sobre-o-regresso-do-agrupamento-416-de-borba\/\"]}]},{\"@type\":\"ImageObject\",\"inLanguage\":\"pt-PT\",\"@id\":\"https:\/\/portaltela.pt\/noticias\/2026\/02\/04\/entrevista-com-jorge-reis-sobre-o-regresso-do-agrupamento-416-de-borba\/#primaryimage\",\"url\":\"https:\/\/portaltela.pt\/s.01k8rhncp4jt1\/2026\/02\/unnamed-file-1426.jpg\",\"contentUrl\":\"https:\/\/portaltela.pt\/s.01k8rhncp4jt1\/2026\/02\/unnamed-file-1426.jpg\",\"width\":796,\"height\":448,\"caption\":\"Entrevista a Jorge Reis sobre o regresso do Agrupamento 416 de Borba publicada quinta-feira\"},{\"@type\":\"BreadcrumbList\",\"@id\":\"https:\/\/portaltela.pt\/noticias\/2026\/02\/04\/entrevista-com-jorge-reis-sobre-o-regresso-do-agrupamento-416-de-borba\/#breadcrumb\",\"itemListElement\":[{\"@type\":\"ListItem\",\"position\":1,\"name\":\"In\u00edcio\",\"item\":\"https:\/\/portaltela.pt\/\"},{\"@type\":\"ListItem\",\"position\":2,\"name\":\"Entrevista com Jorge Reis sobre o regresso do Agrupamento 416 de Borba\"}]},{\"@type\":\"WebSite\",\"@id\":\"https:\/\/portaltela.pt\/#website\",\"url\":\"https:\/\/portaltela.pt\/\",\"name\":\"Portal Tela Portugal\",\"description\":\"\",\"potentialAction\":[{\"@type\":\"SearchAction\",\"target\":{\"@type\":\"EntryPoint\",\"urlTemplate\":\"https:\/\/portaltela.pt\/?s={search_term_string}\"},\"query-input\":{\"@type\":\"PropertyValueSpecification\",\"valueRequired\":true,\"valueName\":\"search_term_string\"}}],\"inLanguage\":\"pt-PT\"},{\"@type\":\"Person\",\"@id\":\"https:\/\/portaltela.pt\/#\/schema\/person\/c4278d4a6028830caff9ee44b42d32ed\",\"name\":\"Telinha\",\"image\":{\"@type\":\"ImageObject\",\"inLanguage\":\"pt-PT\",\"@id\":\"https:\/\/portaltela.pt\/s.01k8rhncp4jt1\/2025\/11\/talking-bot-125x125.png\",\"url\":\"https:\/\/portaltela.pt\/s.01k8rhncp4jt1\/2025\/11\/talking-bot-125x125.png\",\"contentUrl\":\"https:\/\/portaltela.pt\/s.01k8rhncp4jt1\/2025\/11\/talking-bot-125x125.png\",\"caption\":\"Telinha\"},\"sameAs\":[\"https:\/\/portaltela.pt\/\"],\"url\":\"https:\/\/portaltela.pt\/por\/367410592786\/\"}]}<\/script>\n<!-- \/ Yoast SEO plugin. -->","yoast_head_json":{"title":"Entrevista com Jorge Reis sobre o regresso do Agrupamento 416 de Borba - Portal Tela Portugal","robots":{"index":"index","follow":"follow","max-snippet":"max-snippet:-1","max-image-preview":"max-image-preview:large","max-video-preview":"max-video-preview:-1"},"og_locale":"pt_PT","og_type":"article","og_title":"Entrevista com Jorge Reis sobre o regresso do Agrupamento 416 de Borba - Portal Tela Portugal","og_description":"O podcast Factos e Conversas, do Jornal ODigital.pt, vai publicar esta quinta-feira \u00e0s 14h a entrevista a Jorge Reis sobre a reativa\u00e7\u00e3o do Agrupamento de Escuteiros 416 de Borba. O agrupamento esteve desativado durante v\u00e1rios anos e voltou a abrir ap\u00f3s meses de trabalho, com a participa\u00e7\u00e3o de antigos escuteiros e de adultos ligados ao movimento; a reativa\u00e7\u00e3o foi oficializada a 25 de janeiro. J\u00e1 est\u00e1 com perto de 50 crian\u00e7as e jovens inscritos, apoiados por uma equipa de dirigentes e pela comunidade local. A entrevista aborda a miss\u00e3o do escutismo, o papel do servi\u00e7o, a vida em comunidade e a educa\u00e7\u00e3o para a cidadania, defendendo que o movimento ajuda a formar pessoas e a tornar o mundo melhor. O grupo prepara-se para atividades nos pr\u00f3ximos meses, recebe apoio de institui\u00e7\u00f5es locais e enfrenta desafios de materiais e log\u00edstica, com um apelo \u00e0s fam\u00edlias do concelho para conhecerem o projeto e considerarem a participa\u00e7\u00e3o dos filhos.","og_url":"https:\/\/portaltela.pt\/noticias\/2026\/02\/04\/entrevista-com-jorge-reis-sobre-o-regresso-do-agrupamento-416-de-borba\/","og_site_name":"Portal Tela Portugal","article_published_time":"2026-02-04T21:48:42+00:00","author":"Telinha","twitter_card":"summary_large_image","twitter_misc":{"Escrito por":"Telinha","Tempo estimado de leitura":"1 minuto"},"schema":{"@context":"https:\/\/schema.org","@graph":[{"@type":"Article","@id":"https:\/\/portaltela.pt\/noticias\/2026\/02\/04\/entrevista-com-jorge-reis-sobre-o-regresso-do-agrupamento-416-de-borba\/#article","isPartOf":{"@id":"https:\/\/portaltela.pt\/noticias\/2026\/02\/04\/entrevista-com-jorge-reis-sobre-o-regresso-do-agrupamento-416-de-borba\/"},"author":{"name":"Telinha","@id":"https:\/\/portaltela.pt\/#\/schema\/person\/c4278d4a6028830caff9ee44b42d32ed"},"headline":"Entrevista com Jorge Reis sobre o regresso do Agrupamento 416 de Borba","datePublished":"2026-02-04T21:48:42+00:00","mainEntityOfPage":{"@id":"https:\/\/portaltela.pt\/noticias\/2026\/02\/04\/entrevista-com-jorge-reis-sobre-o-regresso-do-agrupamento-416-de-borba\/"},"wordCount":271,"image":{"@id":"https:\/\/portaltela.pt\/noticias\/2026\/02\/04\/entrevista-com-jorge-reis-sobre-o-regresso-do-agrupamento-416-de-borba\/#primaryimage"},"thumbnailUrl":"https:\/\/portaltela.pt\/s.01k8rhncp4jt1\/2026\/02\/unnamed-file-1426.jpg","keywords":["Borba","cidadania","comunidade","educa\u00e7\u00e3o","fam\u00edlia","Voluntariado Apoiado"],"articleSection":["Not\u00edcias"],"inLanguage":"pt-PT"},{"@type":"WebPage","@id":"https:\/\/portaltela.pt\/noticias\/2026\/02\/04\/entrevista-com-jorge-reis-sobre-o-regresso-do-agrupamento-416-de-borba\/","url":"https:\/\/portaltela.pt\/noticias\/2026\/02\/04\/entrevista-com-jorge-reis-sobre-o-regresso-do-agrupamento-416-de-borba\/","name":"Entrevista com Jorge Reis sobre o regresso do Agrupamento 416 de Borba - Portal Tela Portugal","isPartOf":{"@id":"https:\/\/portaltela.pt\/#website"},"primaryImageOfPage":{"@id":"https:\/\/portaltela.pt\/noticias\/2026\/02\/04\/entrevista-com-jorge-reis-sobre-o-regresso-do-agrupamento-416-de-borba\/#primaryimage"},"image":{"@id":"https:\/\/portaltela.pt\/noticias\/2026\/02\/04\/entrevista-com-jorge-reis-sobre-o-regresso-do-agrupamento-416-de-borba\/#primaryimage"},"thumbnailUrl":"https:\/\/portaltela.pt\/s.01k8rhncp4jt1\/2026\/02\/unnamed-file-1426.jpg","datePublished":"2026-02-04T21:48:42+00:00","author":{"@id":"https:\/\/portaltela.pt\/#\/schema\/person\/c4278d4a6028830caff9ee44b42d32ed"},"breadcrumb":{"@id":"https:\/\/portaltela.pt\/noticias\/2026\/02\/04\/entrevista-com-jorge-reis-sobre-o-regresso-do-agrupamento-416-de-borba\/#breadcrumb"},"inLanguage":"pt-PT","potentialAction":[{"@type":"ReadAction","target":["https:\/\/portaltela.pt\/noticias\/2026\/02\/04\/entrevista-com-jorge-reis-sobre-o-regresso-do-agrupamento-416-de-borba\/"]}]},{"@type":"ImageObject","inLanguage":"pt-PT","@id":"https:\/\/portaltela.pt\/noticias\/2026\/02\/04\/entrevista-com-jorge-reis-sobre-o-regresso-do-agrupamento-416-de-borba\/#primaryimage","url":"https:\/\/portaltela.pt\/s.01k8rhncp4jt1\/2026\/02\/unnamed-file-1426.jpg","contentUrl":"https:\/\/portaltela.pt\/s.01k8rhncp4jt1\/2026\/02\/unnamed-file-1426.jpg","width":796,"height":448,"caption":"Entrevista a Jorge Reis sobre o regresso do Agrupamento 416 de Borba publicada quinta-feira"},{"@type":"BreadcrumbList","@id":"https:\/\/portaltela.pt\/noticias\/2026\/02\/04\/entrevista-com-jorge-reis-sobre-o-regresso-do-agrupamento-416-de-borba\/#breadcrumb","itemListElement":[{"@type":"ListItem","position":1,"name":"In\u00edcio","item":"https:\/\/portaltela.pt\/"},{"@type":"ListItem","position":2,"name":"Entrevista com Jorge Reis sobre o regresso do Agrupamento 416 de Borba"}]},{"@type":"WebSite","@id":"https:\/\/portaltela.pt\/#website","url":"https:\/\/portaltela.pt\/","name":"Portal Tela Portugal","description":"","potentialAction":[{"@type":"SearchAction","target":{"@type":"EntryPoint","urlTemplate":"https:\/\/portaltela.pt\/?s={search_term_string}"},"query-input":{"@type":"PropertyValueSpecification","valueRequired":true,"valueName":"search_term_string"}}],"inLanguage":"pt-PT"},{"@type":"Person","@id":"https:\/\/portaltela.pt\/#\/schema\/person\/c4278d4a6028830caff9ee44b42d32ed","name":"Telinha","image":{"@type":"ImageObject","inLanguage":"pt-PT","@id":"https:\/\/portaltela.pt\/s.01k8rhncp4jt1\/2025\/11\/talking-bot-125x125.png","url":"https:\/\/portaltela.pt\/s.01k8rhncp4jt1\/2025\/11\/talking-bot-125x125.png","contentUrl":"https:\/\/portaltela.pt\/s.01k8rhncp4jt1\/2025\/11\/talking-bot-125x125.png","caption":"Telinha"},"sameAs":["https:\/\/portaltela.pt\/"],"url":"https:\/\/portaltela.pt\/por\/367410592786\/"}]}},"_links":{"self":[{"href":"https:\/\/portaltela.pt\/api\/wp\/v2\/posts\/198317","targetHints":{"allow":["GET"]}}],"collection":[{"href":"https:\/\/portaltela.pt\/api\/wp\/v2\/posts"}],"about":[{"href":"https:\/\/portaltela.pt\/api\/wp\/v2\/types\/post"}],"author":[{"embeddable":true,"href":"https:\/\/portaltela.pt\/api\/wp\/v2\/users\/2"}],"replies":[{"embeddable":true,"href":"https:\/\/portaltela.pt\/api\/wp\/v2\/comments?post=198317"}],"version-history":[{"count":0,"href":"https:\/\/portaltela.pt\/api\/wp\/v2\/posts\/198317\/revisions"}],"wp:featuredmedia":[{"embeddable":true,"href":"https:\/\/portaltela.pt\/api\/wp\/v2\/media\/198327"}],"wp:attachment":[{"href":"https:\/\/portaltela.pt\/api\/wp\/v2\/media?parent=198317"}],"wp:term":[{"taxonomy":"category","embeddable":true,"href":"https:\/\/portaltela.pt\/api\/wp\/v2\/categories?post=198317"},{"taxonomy":"post_tag","embeddable":true,"href":"https:\/\/portaltela.pt\/api\/wp\/v2\/tags?post=198317"}],"curies":[{"name":"wp","href":"https:\/\/api.w.org\/{rel}","templated":true}]}}