{"id":198313,"date":"2026-02-04T18:56:47","date_gmt":"2026-02-04T21:56:47","guid":{"rendered":"https:\/\/portaltela.pt\/noticias\/2026\/02\/04\/apoio-insuficiente-do-estado-abala-a-confianca-na-democracia\/"},"modified":"2026-02-04T18:56:47","modified_gmt":"2026-02-04T21:56:47","slug":"apoio-insuficiente-do-estado-abala-a-confianca-na-democracia","status":"publish","type":"post","link":"https:\/\/portaltela.pt\/noticias\/politica\/2026\/02\/04\/apoio-insuficiente-do-estado-abala-a-confianca-na-democracia\/","title":{"rendered":"Apoio insuficiente do Estado abala a confian\u00e7a na democracia"},"content":{"rendered":"<p>O candidato presidencial Ant\u00f3nio Jos\u00e9 Seguro afirmou hoje que o Estado deve ser mais eficiente nos apoios \u00e0s pessoas ap\u00f3s a tempestade Kristin, para evitar que a popula\u00e7\u00e3o perca a confian\u00e7a na democracia. O coment\u00e1rio ocorreu numa reuni\u00e3o em Guia, Albufeira.<\/p>\n<p>Seguro afirmou que os aux\u00edlios devem chegar rapidamente \u00e0s fam\u00edlias e \u00e0s empresas, para evitar atrasos que comprometam empregos, encomendas e sal\u00e1rios. O objetivo \u00e9 manter a confian\u00e7a na institui\u00e7\u00e3o p\u00fablica.<\/p>\n<p>Questionado sobre burocracia, o candidato mostrou preocupa\u00e7\u00e3o com obst\u00e1culos que atrasem a entrega de apoios \u00e0s fam\u00edlias afetadas, destacando a urg\u00eancia deste funcionamento.<\/p>\n<p>Em Castro Verde, o candidato j\u00e1 tinha admitido receios sobre a morosidade estatal, que pode dificultar o acesso a apoios. Refor\u00e7ou a necessidade de celeridade administrativa.<\/p>\n<h3>Compromisso com a Constitui\u00e7\u00e3o e o Estado Social<\/h3>\n<p>No Algarve, Seguro posicionou-se como defensor da atual Constitui\u00e7\u00e3o, defendendo um pa\u00eds que progride sem deixar ningu\u00e9m para tr\u00e1s. O Estado Social foi apresentado como pilar de sa\u00fade, educa\u00e7\u00e3o e prote\u00e7\u00e3o social para todos.<\/p>\n<p>O candidato sustentou que o acervo constitucional n\u00e3o pertence a um \u00fanico partido, mas aos portugueses que entendem a import\u00e2ncia de manter pol\u00edticas p\u00fablicas inclusivas como caminho ao progresso.<\/p>\n<p>Seguro concluiu que as falhas nas pol\u00edticas n\u00e3o justi\u00e7am abandonar a democracia. Pelo contr\u00e1rio, as dificuldades fortalecem a firmeza na continuidade do caminho democr\u00e1tico.<\/p>\n","protected":false},"excerpt":{"rendered":"<ul>\n<li>Ant\u00f3nio Jos\u00e9 Seguro afirmou que o Estado tem de ser mais eficiente nos apoios \u00e0s pessoas ap\u00f3s a tempestade Kristin, para que n\u00e3o haja perda de confian\u00e7a na democracia.<\/li>\n<li>Destacou que os apoios devem chegar r\u00e1pido \u00e0s pessoas e \u00e0s empresas para manter atividades, evitar perdas de encomendas e assegurar sal\u00e1rios.<\/li>\n<li>Teme que a burocracia e a inoper\u00e2ncia de estruturas do Estado atrasem a chegada desses apoios, principalmente num momento de urg\u00eancia.<\/li>\n<li>Reafirmou que a Constitui\u00e7\u00e3o representa um pa\u00eds que quer progredir, defendendo o papel do Estado Social em sa\u00fade, educa\u00e7\u00e3o e prote\u00e7\u00e3o para todos.<\/li>\n<li>Concluiu que n\u00e3o \u00e9 porque as pol\u00edticas falharam que se deve desistir da democracia; pelo contr\u00e1rio, isso fortalece a defesa do sistema.<\/li>\n<\/ul>\n","protected":false},"author":2,"featured_media":198322,"comment_status":"closed","ping_status":"closed","sticky":false,"template":"","format":"standard","meta":{"footnotes":""},"categories":[1,5],"tags":[928,4057,2795,2685,34,133],"class_list":["post-198313","post","type-post","status-publish","format-standard","has-post-thumbnail","hentry","category-noticias","category-politica","tag-algarve","tag-constituicao","tag-democracia","tag-estado-social","tag-governo","tag-politicas-publicas"],"yoast_head":"<!-- This site is optimized with the Yoast SEO plugin v27.2 - https:\/\/yoast.com\/product\/yoast-seo-wordpress\/ -->\n<title>Apoio insuficiente do Estado abala a confian\u00e7a na democracia - Portal Tela Portugal<\/title>\n<meta name=\"robots\" content=\"index, follow, max-snippet:-1, max-image-preview:large, max-video-preview:-1\" \/>\n<meta property=\"og:locale\" content=\"pt_PT\" \/>\n<meta property=\"og:type\" content=\"article\" \/>\n<meta property=\"og:title\" content=\"Apoio insuficiente do Estado abala a confian\u00e7a na democracia - Portal Tela Portugal\" \/>\n<meta property=\"og:description\" content=\"Ant\u00f3nio Jos\u00e9 Seguro afirmou que o Estado tem de ser mais eficiente nos apoios \u00e0s pessoas ap\u00f3s a tempestade Kristin, para que n\u00e3o haja perda de confian\u00e7a na democracia. Destacou que os apoios devem chegar r\u00e1pido \u00e0s pessoas e \u00e0s empresas para manter atividades, evitar perdas de encomendas e assegurar sal\u00e1rios. Teme que a burocracia e a inoper\u00e2ncia de estruturas do Estado atrasem a chegada desses apoios, principalmente num momento de urg\u00eancia. Reafirmou que a Constitui\u00e7\u00e3o representa um pa\u00eds que quer progredir, defendendo o papel do Estado Social em sa\u00fade, educa\u00e7\u00e3o e prote\u00e7\u00e3o para todos. Concluiu que n\u00e3o \u00e9 porque as pol\u00edticas falharam que se deve desistir da democracia; pelo contr\u00e1rio, isso fortalece a defesa do sistema.\" \/>\n<meta property=\"og:url\" content=\"https:\/\/portaltela.pt\/noticias\/2026\/02\/04\/apoio-insuficiente-do-estado-abala-a-confianca-na-democracia\/\" \/>\n<meta property=\"og:site_name\" content=\"Portal Tela Portugal\" \/>\n<meta property=\"article:published_time\" content=\"2026-02-04T21:56:47+00:00\" \/>\n<meta name=\"author\" content=\"Telinha\" \/>\n<meta name=\"twitter:card\" content=\"summary_large_image\" \/>\n<meta name=\"twitter:label1\" content=\"Escrito por\" \/>\n\t<meta name=\"twitter:data1\" content=\"Telinha\" \/>\n\t<meta name=\"twitter:label2\" content=\"Tempo estimado de leitura\" \/>\n\t<meta name=\"twitter:data2\" content=\"1 minuto\" \/>\n<script type=\"application\/ld+json\" class=\"yoast-schema-graph\">{\"@context\":\"https:\/\/schema.org\",\"@graph\":[{\"@type\":\"Article\",\"@id\":\"https:\/\/portaltela.pt\/noticias\/2026\/02\/04\/apoio-insuficiente-do-estado-abala-a-confianca-na-democracia\/#article\",\"isPartOf\":{\"@id\":\"https:\/\/portaltela.pt\/noticias\/2026\/02\/04\/apoio-insuficiente-do-estado-abala-a-confianca-na-democracia\/\"},\"author\":{\"name\":\"Telinha\",\"@id\":\"https:\/\/portaltela.pt\/#\/schema\/person\/c4278d4a6028830caff9ee44b42d32ed\"},\"headline\":\"Apoio insuficiente do Estado abala a confian\u00e7a na democracia\",\"datePublished\":\"2026-02-04T21:56:47+00:00\",\"mainEntityOfPage\":{\"@id\":\"https:\/\/portaltela.pt\/noticias\/2026\/02\/04\/apoio-insuficiente-do-estado-abala-a-confianca-na-democracia\/\"},\"wordCount\":259,\"image\":{\"@id\":\"https:\/\/portaltela.pt\/noticias\/2026\/02\/04\/apoio-insuficiente-do-estado-abala-a-confianca-na-democracia\/#primaryimage\"},\"thumbnailUrl\":\"https:\/\/portaltela.pt\/s.01k8rhncp4jt1\/2026\/02\/unnamed-file-1424.jpg\",\"keywords\":[\"Algarve\",\"constitui\u00e7\u00e3o\",\"democracia\",\"Estado Social\",\"governo\",\"pol\u00edticas p\u00fablicas\"],\"articleSection\":[\"Not\u00edcias\",\"Pol\u00edtica\"],\"inLanguage\":\"pt-PT\"},{\"@type\":\"WebPage\",\"@id\":\"https:\/\/portaltela.pt\/noticias\/2026\/02\/04\/apoio-insuficiente-do-estado-abala-a-confianca-na-democracia\/\",\"url\":\"https:\/\/portaltela.pt\/noticias\/2026\/02\/04\/apoio-insuficiente-do-estado-abala-a-confianca-na-democracia\/\",\"name\":\"Apoio insuficiente do Estado abala a confian\u00e7a na democracia - Portal Tela Portugal\",\"isPartOf\":{\"@id\":\"https:\/\/portaltela.pt\/#website\"},\"primaryImageOfPage\":{\"@id\":\"https:\/\/portaltela.pt\/noticias\/2026\/02\/04\/apoio-insuficiente-do-estado-abala-a-confianca-na-democracia\/#primaryimage\"},\"image\":{\"@id\":\"https:\/\/portaltela.pt\/noticias\/2026\/02\/04\/apoio-insuficiente-do-estado-abala-a-confianca-na-democracia\/#primaryimage\"},\"thumbnailUrl\":\"https:\/\/portaltela.pt\/s.01k8rhncp4jt1\/2026\/02\/unnamed-file-1424.jpg\",\"datePublished\":\"2026-02-04T21:56:47+00:00\",\"author\":{\"@id\":\"https:\/\/portaltela.pt\/#\/schema\/person\/c4278d4a6028830caff9ee44b42d32ed\"},\"breadcrumb\":{\"@id\":\"https:\/\/portaltela.pt\/noticias\/2026\/02\/04\/apoio-insuficiente-do-estado-abala-a-confianca-na-democracia\/#breadcrumb\"},\"inLanguage\":\"pt-PT\",\"potentialAction\":[{\"@type\":\"ReadAction\",\"target\":[\"https:\/\/portaltela.pt\/noticias\/2026\/02\/04\/apoio-insuficiente-do-estado-abala-a-confianca-na-democracia\/\"]}]},{\"@type\":\"ImageObject\",\"inLanguage\":\"pt-PT\",\"@id\":\"https:\/\/portaltela.pt\/noticias\/2026\/02\/04\/apoio-insuficiente-do-estado-abala-a-confianca-na-democracia\/#primaryimage\",\"url\":\"https:\/\/portaltela.pt\/s.01k8rhncp4jt1\/2026\/02\/unnamed-file-1424.jpg\",\"contentUrl\":\"https:\/\/portaltela.pt\/s.01k8rhncp4jt1\/2026\/02\/unnamed-file-1424.jpg\",\"width\":796,\"height\":448,\"caption\":\"Se o Estado n\u00e3o acudir \u00e0s pessoas elas deixam de acreditar na democracia\"},{\"@type\":\"BreadcrumbList\",\"@id\":\"https:\/\/portaltela.pt\/noticias\/2026\/02\/04\/apoio-insuficiente-do-estado-abala-a-confianca-na-democracia\/#breadcrumb\",\"itemListElement\":[{\"@type\":\"ListItem\",\"position\":1,\"name\":\"In\u00edcio\",\"item\":\"https:\/\/portaltela.pt\/\"},{\"@type\":\"ListItem\",\"position\":2,\"name\":\"Apoio insuficiente do Estado abala a confian\u00e7a na democracia\"}]},{\"@type\":\"WebSite\",\"@id\":\"https:\/\/portaltela.pt\/#website\",\"url\":\"https:\/\/portaltela.pt\/\",\"name\":\"Portal Tela Portugal\",\"description\":\"\",\"potentialAction\":[{\"@type\":\"SearchAction\",\"target\":{\"@type\":\"EntryPoint\",\"urlTemplate\":\"https:\/\/portaltela.pt\/?s={search_term_string}\"},\"query-input\":{\"@type\":\"PropertyValueSpecification\",\"valueRequired\":true,\"valueName\":\"search_term_string\"}}],\"inLanguage\":\"pt-PT\"},{\"@type\":\"Person\",\"@id\":\"https:\/\/portaltela.pt\/#\/schema\/person\/c4278d4a6028830caff9ee44b42d32ed\",\"name\":\"Telinha\",\"image\":{\"@type\":\"ImageObject\",\"inLanguage\":\"pt-PT\",\"@id\":\"https:\/\/portaltela.pt\/s.01k8rhncp4jt1\/2025\/11\/talking-bot-125x125.png\",\"url\":\"https:\/\/portaltela.pt\/s.01k8rhncp4jt1\/2025\/11\/talking-bot-125x125.png\",\"contentUrl\":\"https:\/\/portaltela.pt\/s.01k8rhncp4jt1\/2025\/11\/talking-bot-125x125.png\",\"caption\":\"Telinha\"},\"sameAs\":[\"https:\/\/portaltela.pt\/\"],\"url\":\"https:\/\/portaltela.pt\/por\/367410592786\/\"}]}<\/script>\n<!-- \/ Yoast SEO plugin. -->","yoast_head_json":{"title":"Apoio insuficiente do Estado abala a confian\u00e7a na democracia - Portal Tela Portugal","robots":{"index":"index","follow":"follow","max-snippet":"max-snippet:-1","max-image-preview":"max-image-preview:large","max-video-preview":"max-video-preview:-1"},"og_locale":"pt_PT","og_type":"article","og_title":"Apoio insuficiente do Estado abala a confian\u00e7a na democracia - Portal Tela Portugal","og_description":"Ant\u00f3nio Jos\u00e9 Seguro afirmou que o Estado tem de ser mais eficiente nos apoios \u00e0s pessoas ap\u00f3s a tempestade Kristin, para que n\u00e3o haja perda de confian\u00e7a na democracia. Destacou que os apoios devem chegar r\u00e1pido \u00e0s pessoas e \u00e0s empresas para manter atividades, evitar perdas de encomendas e assegurar sal\u00e1rios. Teme que a burocracia e a inoper\u00e2ncia de estruturas do Estado atrasem a chegada desses apoios, principalmente num momento de urg\u00eancia. Reafirmou que a Constitui\u00e7\u00e3o representa um pa\u00eds que quer progredir, defendendo o papel do Estado Social em sa\u00fade, educa\u00e7\u00e3o e prote\u00e7\u00e3o para todos. Concluiu que n\u00e3o \u00e9 porque as pol\u00edticas falharam que se deve desistir da democracia; pelo contr\u00e1rio, isso fortalece a defesa do sistema.","og_url":"https:\/\/portaltela.pt\/noticias\/2026\/02\/04\/apoio-insuficiente-do-estado-abala-a-confianca-na-democracia\/","og_site_name":"Portal Tela Portugal","article_published_time":"2026-02-04T21:56:47+00:00","author":"Telinha","twitter_card":"summary_large_image","twitter_misc":{"Escrito por":"Telinha","Tempo estimado de leitura":"1 minuto"},"schema":{"@context":"https:\/\/schema.org","@graph":[{"@type":"Article","@id":"https:\/\/portaltela.pt\/noticias\/2026\/02\/04\/apoio-insuficiente-do-estado-abala-a-confianca-na-democracia\/#article","isPartOf":{"@id":"https:\/\/portaltela.pt\/noticias\/2026\/02\/04\/apoio-insuficiente-do-estado-abala-a-confianca-na-democracia\/"},"author":{"name":"Telinha","@id":"https:\/\/portaltela.pt\/#\/schema\/person\/c4278d4a6028830caff9ee44b42d32ed"},"headline":"Apoio insuficiente do Estado abala a confian\u00e7a na democracia","datePublished":"2026-02-04T21:56:47+00:00","mainEntityOfPage":{"@id":"https:\/\/portaltela.pt\/noticias\/2026\/02\/04\/apoio-insuficiente-do-estado-abala-a-confianca-na-democracia\/"},"wordCount":259,"image":{"@id":"https:\/\/portaltela.pt\/noticias\/2026\/02\/04\/apoio-insuficiente-do-estado-abala-a-confianca-na-democracia\/#primaryimage"},"thumbnailUrl":"https:\/\/portaltela.pt\/s.01k8rhncp4jt1\/2026\/02\/unnamed-file-1424.jpg","keywords":["Algarve","constitui\u00e7\u00e3o","democracia","Estado Social","governo","pol\u00edticas p\u00fablicas"],"articleSection":["Not\u00edcias","Pol\u00edtica"],"inLanguage":"pt-PT"},{"@type":"WebPage","@id":"https:\/\/portaltela.pt\/noticias\/2026\/02\/04\/apoio-insuficiente-do-estado-abala-a-confianca-na-democracia\/","url":"https:\/\/portaltela.pt\/noticias\/2026\/02\/04\/apoio-insuficiente-do-estado-abala-a-confianca-na-democracia\/","name":"Apoio insuficiente do Estado abala a confian\u00e7a na democracia - Portal Tela Portugal","isPartOf":{"@id":"https:\/\/portaltela.pt\/#website"},"primaryImageOfPage":{"@id":"https:\/\/portaltela.pt\/noticias\/2026\/02\/04\/apoio-insuficiente-do-estado-abala-a-confianca-na-democracia\/#primaryimage"},"image":{"@id":"https:\/\/portaltela.pt\/noticias\/2026\/02\/04\/apoio-insuficiente-do-estado-abala-a-confianca-na-democracia\/#primaryimage"},"thumbnailUrl":"https:\/\/portaltela.pt\/s.01k8rhncp4jt1\/2026\/02\/unnamed-file-1424.jpg","datePublished":"2026-02-04T21:56:47+00:00","author":{"@id":"https:\/\/portaltela.pt\/#\/schema\/person\/c4278d4a6028830caff9ee44b42d32ed"},"breadcrumb":{"@id":"https:\/\/portaltela.pt\/noticias\/2026\/02\/04\/apoio-insuficiente-do-estado-abala-a-confianca-na-democracia\/#breadcrumb"},"inLanguage":"pt-PT","potentialAction":[{"@type":"ReadAction","target":["https:\/\/portaltela.pt\/noticias\/2026\/02\/04\/apoio-insuficiente-do-estado-abala-a-confianca-na-democracia\/"]}]},{"@type":"ImageObject","inLanguage":"pt-PT","@id":"https:\/\/portaltela.pt\/noticias\/2026\/02\/04\/apoio-insuficiente-do-estado-abala-a-confianca-na-democracia\/#primaryimage","url":"https:\/\/portaltela.pt\/s.01k8rhncp4jt1\/2026\/02\/unnamed-file-1424.jpg","contentUrl":"https:\/\/portaltela.pt\/s.01k8rhncp4jt1\/2026\/02\/unnamed-file-1424.jpg","width":796,"height":448,"caption":"Se o Estado n\u00e3o acudir \u00e0s pessoas elas deixam de acreditar na democracia"},{"@type":"BreadcrumbList","@id":"https:\/\/portaltela.pt\/noticias\/2026\/02\/04\/apoio-insuficiente-do-estado-abala-a-confianca-na-democracia\/#breadcrumb","itemListElement":[{"@type":"ListItem","position":1,"name":"In\u00edcio","item":"https:\/\/portaltela.pt\/"},{"@type":"ListItem","position":2,"name":"Apoio insuficiente do Estado abala a confian\u00e7a na democracia"}]},{"@type":"WebSite","@id":"https:\/\/portaltela.pt\/#website","url":"https:\/\/portaltela.pt\/","name":"Portal Tela Portugal","description":"","potentialAction":[{"@type":"SearchAction","target":{"@type":"EntryPoint","urlTemplate":"https:\/\/portaltela.pt\/?s={search_term_string}"},"query-input":{"@type":"PropertyValueSpecification","valueRequired":true,"valueName":"search_term_string"}}],"inLanguage":"pt-PT"},{"@type":"Person","@id":"https:\/\/portaltela.pt\/#\/schema\/person\/c4278d4a6028830caff9ee44b42d32ed","name":"Telinha","image":{"@type":"ImageObject","inLanguage":"pt-PT","@id":"https:\/\/portaltela.pt\/s.01k8rhncp4jt1\/2025\/11\/talking-bot-125x125.png","url":"https:\/\/portaltela.pt\/s.01k8rhncp4jt1\/2025\/11\/talking-bot-125x125.png","contentUrl":"https:\/\/portaltela.pt\/s.01k8rhncp4jt1\/2025\/11\/talking-bot-125x125.png","caption":"Telinha"},"sameAs":["https:\/\/portaltela.pt\/"],"url":"https:\/\/portaltela.pt\/por\/367410592786\/"}]}},"_links":{"self":[{"href":"https:\/\/portaltela.pt\/api\/wp\/v2\/posts\/198313","targetHints":{"allow":["GET"]}}],"collection":[{"href":"https:\/\/portaltela.pt\/api\/wp\/v2\/posts"}],"about":[{"href":"https:\/\/portaltela.pt\/api\/wp\/v2\/types\/post"}],"author":[{"embeddable":true,"href":"https:\/\/portaltela.pt\/api\/wp\/v2\/users\/2"}],"replies":[{"embeddable":true,"href":"https:\/\/portaltela.pt\/api\/wp\/v2\/comments?post=198313"}],"version-history":[{"count":0,"href":"https:\/\/portaltela.pt\/api\/wp\/v2\/posts\/198313\/revisions"}],"wp:featuredmedia":[{"embeddable":true,"href":"https:\/\/portaltela.pt\/api\/wp\/v2\/media\/198322"}],"wp:attachment":[{"href":"https:\/\/portaltela.pt\/api\/wp\/v2\/media?parent=198313"}],"wp:term":[{"taxonomy":"category","embeddable":true,"href":"https:\/\/portaltela.pt\/api\/wp\/v2\/categories?post=198313"},{"taxonomy":"post_tag","embeddable":true,"href":"https:\/\/portaltela.pt\/api\/wp\/v2\/tags?post=198313"}],"curies":[{"name":"wp","href":"https:\/\/api.w.org\/{rel}","templated":true}]}}