{"id":198275,"date":"2026-02-04T19:06:44","date_gmt":"2026-02-04T22:06:44","guid":{"rendered":"https:\/\/portaltela.pt\/noticias\/2026\/02\/04\/nuno-homem-de-sa-apresenta-queixa-contra-ex-advogados-de-frederica-lima\/"},"modified":"2026-02-04T19:06:44","modified_gmt":"2026-02-04T22:06:44","slug":"nuno-homem-de-sa-apresenta-queixa-contra-ex-advogados-de-frederica-lima","status":"publish","type":"post","link":"https:\/\/portaltela.pt\/noticias\/2026\/02\/04\/nuno-homem-de-sa-apresenta-queixa-contra-ex-advogados-de-frederica-lima\/","title":{"rendered":"Nuno Homem de S\u00e1 apresenta queixa contra ex-advogados de Frederica Lima"},"content":{"rendered":"<p>O ator Nuno Homem de S\u00e1 apresentou uma queixa contra os advogados Pedro Nogueira Sim\u00f5es e Carla Ilharco, que representaram Frederica Lima, por alegadas fotografias do rosto do ator durante uma dilig\u00eancia no tribunal de Loures, a 26 de setembro.<\/p>\n<p>Segundo o CM, nesse mesmo dia o ator tamb\u00e9m se dirigiu aos seguran\u00e7as do tribunal para reportar a situa\u00e7\u00e3o, algo que o advogado Sim\u00f5es ter\u00e1 negado. A queixa envolve a possibilidade de vigil\u00e2ncia n\u00e3o autorizada durante o ato processual.<\/p>\n<p>Nuno Homem de S\u00e1 pede ainda a aquisi\u00e7\u00e3o das imagens de videovigil\u00e2ncia do tribunal para usar como prova do sucedido, dizendo que pretende esclarecer os fatos. O caso permanece em fase de investiga\u00e7\u00e3o.<\/p>\n","protected":false},"excerpt":{"rendered":"<ul>\n<li>O ator Nuno Homem de S\u00e1 apresentou uma queixa contra os advogados Pedro Nogueira Sim\u00f5es e Carla Ilharco, que representavam Frederica Lima, por alegadamente terem fotografado o ator numa dilig\u00eancia no tribunal de Loures, no dia 26 de setembro.<\/li>\n<li>A queixa baseia-se na suspeita de registo fotogr\u00e1fico durante a dilig\u00eancia realizada no tribunal de Loures.<\/li>\n<li>No mesmo dia, o ator queixou-se aos seguran\u00e7as do tribunal relativamente \u00e0 situa\u00e7\u00e3o, segundo o CM; Pedro Nogueira Sim\u00f5es negou esse comportamento.<\/li>\n<li>O ator pediu ainda a recolha das imagens de videovigil\u00e2ncia do tribunal como prova do sucedido.<\/li>\n<li>O CM avan\u00e7a que a queixa foi apresentada no mesmo per\u00edodo em que decorriam os acontecimentos, mantendo o foco nas alegadas a\u00e7\u00f5es dos advogados.<\/li>\n<\/ul>\n","protected":false},"author":2,"featured_media":198278,"comment_status":"closed","ping_status":"closed","sticky":false,"template":"","format":"standard","meta":{"footnotes":""},"categories":[1],"tags":[215,2610,40,4099,52,2234],"class_list":["post-198275","post","type-post","status-publish","format-standard","has-post-thumbnail","hentry","category-noticias","tag-investigacao","tag-ordem-dos-advogados","tag-pessoas","tag-provas","tag-tribunal","tag-videovigilancia"],"yoast_head":"<!-- This site is optimized with the Yoast SEO plugin v27.2 - https:\/\/yoast.com\/product\/yoast-seo-wordpress\/ -->\n<title>Nuno Homem de S\u00e1 apresenta queixa contra ex-advogados de Frederica Lima - Portal Tela Portugal<\/title>\n<meta name=\"robots\" content=\"index, follow, max-snippet:-1, max-image-preview:large, max-video-preview:-1\" \/>\n<meta property=\"og:locale\" content=\"pt_PT\" \/>\n<meta property=\"og:type\" content=\"article\" \/>\n<meta property=\"og:title\" content=\"Nuno Homem de S\u00e1 apresenta queixa contra ex-advogados de Frederica Lima - Portal Tela Portugal\" \/>\n<meta property=\"og:description\" content=\"O ator Nuno Homem de S\u00e1 apresentou uma queixa contra os advogados Pedro Nogueira Sim\u00f5es e Carla Ilharco, que representavam Frederica Lima, por alegadamente terem fotografado o ator numa dilig\u00eancia no tribunal de Loures, no dia 26 de setembro. A queixa baseia-se na suspeita de registo fotogr\u00e1fico durante a dilig\u00eancia realizada no tribunal de Loures. No mesmo dia, o ator queixou-se aos seguran\u00e7as do tribunal relativamente \u00e0 situa\u00e7\u00e3o, segundo o CM; Pedro Nogueira Sim\u00f5es negou esse comportamento. O ator pediu ainda a recolha das imagens de videovigil\u00e2ncia do tribunal como prova do sucedido. O CM avan\u00e7a que a queixa foi apresentada no mesmo per\u00edodo em que decorriam os acontecimentos, mantendo o foco nas alegadas a\u00e7\u00f5es dos advogados.\" \/>\n<meta property=\"og:url\" content=\"https:\/\/portaltela.pt\/noticias\/2026\/02\/04\/nuno-homem-de-sa-apresenta-queixa-contra-ex-advogados-de-frederica-lima\/\" \/>\n<meta property=\"og:site_name\" content=\"Portal Tela Portugal\" \/>\n<meta property=\"article:published_time\" content=\"2026-02-04T22:06:44+00:00\" \/>\n<meta name=\"author\" content=\"Telinha\" \/>\n<meta name=\"twitter:card\" content=\"summary_large_image\" \/>\n<meta name=\"twitter:label1\" content=\"Escrito por\" \/>\n\t<meta name=\"twitter:data1\" content=\"Telinha\" \/>\n\t<meta name=\"twitter:label2\" content=\"Tempo estimado de leitura\" \/>\n\t<meta name=\"twitter:data2\" content=\"1 minuto\" \/>\n<script type=\"application\/ld+json\" class=\"yoast-schema-graph\">{\"@context\":\"https:\/\/schema.org\",\"@graph\":[{\"@type\":\"Article\",\"@id\":\"https:\/\/portaltela.pt\/noticias\/2026\/02\/04\/nuno-homem-de-sa-apresenta-queixa-contra-ex-advogados-de-frederica-lima\/#article\",\"isPartOf\":{\"@id\":\"https:\/\/portaltela.pt\/noticias\/2026\/02\/04\/nuno-homem-de-sa-apresenta-queixa-contra-ex-advogados-de-frederica-lima\/\"},\"author\":{\"name\":\"Telinha\",\"@id\":\"https:\/\/portaltela.pt\/#\/schema\/person\/c4278d4a6028830caff9ee44b42d32ed\"},\"headline\":\"Nuno Homem de S\u00e1 apresenta queixa contra ex-advogados de Frederica Lima\",\"datePublished\":\"2026-02-04T22:06:44+00:00\",\"mainEntityOfPage\":{\"@id\":\"https:\/\/portaltela.pt\/noticias\/2026\/02\/04\/nuno-homem-de-sa-apresenta-queixa-contra-ex-advogados-de-frederica-lima\/\"},\"wordCount\":133,\"image\":{\"@id\":\"https:\/\/portaltela.pt\/noticias\/2026\/02\/04\/nuno-homem-de-sa-apresenta-queixa-contra-ex-advogados-de-frederica-lima\/#primaryimage\"},\"thumbnailUrl\":\"https:\/\/portaltela.pt\/s.01k8rhncp4jt1\/2026\/02\/img_1500x1000uu2025-09-05-21-24-22-2233513-im-639058389329867166.jpg\",\"keywords\":[\"investiga\u00e7\u00e3o\",\"Ordem dos Advogados\",\"pessoas\",\"provas\",\"tribunal\",\"videovigil\u00e2ncia\"],\"articleSection\":[\"Not\u00edcias\"],\"inLanguage\":\"pt-PT\"},{\"@type\":\"WebPage\",\"@id\":\"https:\/\/portaltela.pt\/noticias\/2026\/02\/04\/nuno-homem-de-sa-apresenta-queixa-contra-ex-advogados-de-frederica-lima\/\",\"url\":\"https:\/\/portaltela.pt\/noticias\/2026\/02\/04\/nuno-homem-de-sa-apresenta-queixa-contra-ex-advogados-de-frederica-lima\/\",\"name\":\"Nuno Homem de S\u00e1 apresenta queixa contra ex-advogados de Frederica Lima - Portal Tela Portugal\",\"isPartOf\":{\"@id\":\"https:\/\/portaltela.pt\/#website\"},\"primaryImageOfPage\":{\"@id\":\"https:\/\/portaltela.pt\/noticias\/2026\/02\/04\/nuno-homem-de-sa-apresenta-queixa-contra-ex-advogados-de-frederica-lima\/#primaryimage\"},\"image\":{\"@id\":\"https:\/\/portaltela.pt\/noticias\/2026\/02\/04\/nuno-homem-de-sa-apresenta-queixa-contra-ex-advogados-de-frederica-lima\/#primaryimage\"},\"thumbnailUrl\":\"https:\/\/portaltela.pt\/s.01k8rhncp4jt1\/2026\/02\/img_1500x1000uu2025-09-05-21-24-22-2233513-im-639058389329867166.jpg\",\"datePublished\":\"2026-02-04T22:06:44+00:00\",\"author\":{\"@id\":\"https:\/\/portaltela.pt\/#\/schema\/person\/c4278d4a6028830caff9ee44b42d32ed\"},\"breadcrumb\":{\"@id\":\"https:\/\/portaltela.pt\/noticias\/2026\/02\/04\/nuno-homem-de-sa-apresenta-queixa-contra-ex-advogados-de-frederica-lima\/#breadcrumb\"},\"inLanguage\":\"pt-PT\",\"potentialAction\":[{\"@type\":\"ReadAction\",\"target\":[\"https:\/\/portaltela.pt\/noticias\/2026\/02\/04\/nuno-homem-de-sa-apresenta-queixa-contra-ex-advogados-de-frederica-lima\/\"]}]},{\"@type\":\"ImageObject\",\"inLanguage\":\"pt-PT\",\"@id\":\"https:\/\/portaltela.pt\/noticias\/2026\/02\/04\/nuno-homem-de-sa-apresenta-queixa-contra-ex-advogados-de-frederica-lima\/#primaryimage\",\"url\":\"https:\/\/portaltela.pt\/s.01k8rhncp4jt1\/2026\/02\/img_1500x1000uu2025-09-05-21-24-22-2233513-im-639058389329867166.jpg\",\"contentUrl\":\"https:\/\/portaltela.pt\/s.01k8rhncp4jt1\/2026\/02\/img_1500x1000uu2025-09-05-21-24-22-2233513-im-639058389329867166.jpg\",\"width\":1500,\"height\":1000,\"caption\":\"Nuno Homem de S\u00e1 e Frederica Lima\"},{\"@type\":\"BreadcrumbList\",\"@id\":\"https:\/\/portaltela.pt\/noticias\/2026\/02\/04\/nuno-homem-de-sa-apresenta-queixa-contra-ex-advogados-de-frederica-lima\/#breadcrumb\",\"itemListElement\":[{\"@type\":\"ListItem\",\"position\":1,\"name\":\"In\u00edcio\",\"item\":\"https:\/\/portaltela.pt\/\"},{\"@type\":\"ListItem\",\"position\":2,\"name\":\"Nuno Homem de S\u00e1 apresenta queixa contra ex-advogados de Frederica Lima\"}]},{\"@type\":\"WebSite\",\"@id\":\"https:\/\/portaltela.pt\/#website\",\"url\":\"https:\/\/portaltela.pt\/\",\"name\":\"Portal Tela Portugal\",\"description\":\"\",\"potentialAction\":[{\"@type\":\"SearchAction\",\"target\":{\"@type\":\"EntryPoint\",\"urlTemplate\":\"https:\/\/portaltela.pt\/?s={search_term_string}\"},\"query-input\":{\"@type\":\"PropertyValueSpecification\",\"valueRequired\":true,\"valueName\":\"search_term_string\"}}],\"inLanguage\":\"pt-PT\"},{\"@type\":\"Person\",\"@id\":\"https:\/\/portaltela.pt\/#\/schema\/person\/c4278d4a6028830caff9ee44b42d32ed\",\"name\":\"Telinha\",\"image\":{\"@type\":\"ImageObject\",\"inLanguage\":\"pt-PT\",\"@id\":\"https:\/\/portaltela.pt\/s.01k8rhncp4jt1\/2025\/11\/talking-bot-125x125.png\",\"url\":\"https:\/\/portaltela.pt\/s.01k8rhncp4jt1\/2025\/11\/talking-bot-125x125.png\",\"contentUrl\":\"https:\/\/portaltela.pt\/s.01k8rhncp4jt1\/2025\/11\/talking-bot-125x125.png\",\"caption\":\"Telinha\"},\"sameAs\":[\"https:\/\/portaltela.pt\/\"],\"url\":\"https:\/\/portaltela.pt\/por\/367410592786\/\"}]}<\/script>\n<!-- \/ Yoast SEO plugin. -->","yoast_head_json":{"title":"Nuno Homem de S\u00e1 apresenta queixa contra ex-advogados de Frederica Lima - Portal Tela Portugal","robots":{"index":"index","follow":"follow","max-snippet":"max-snippet:-1","max-image-preview":"max-image-preview:large","max-video-preview":"max-video-preview:-1"},"og_locale":"pt_PT","og_type":"article","og_title":"Nuno Homem de S\u00e1 apresenta queixa contra ex-advogados de Frederica Lima - Portal Tela Portugal","og_description":"O ator Nuno Homem de S\u00e1 apresentou uma queixa contra os advogados Pedro Nogueira Sim\u00f5es e Carla Ilharco, que representavam Frederica Lima, por alegadamente terem fotografado o ator numa dilig\u00eancia no tribunal de Loures, no dia 26 de setembro. A queixa baseia-se na suspeita de registo fotogr\u00e1fico durante a dilig\u00eancia realizada no tribunal de Loures. No mesmo dia, o ator queixou-se aos seguran\u00e7as do tribunal relativamente \u00e0 situa\u00e7\u00e3o, segundo o CM; Pedro Nogueira Sim\u00f5es negou esse comportamento. O ator pediu ainda a recolha das imagens de videovigil\u00e2ncia do tribunal como prova do sucedido. O CM avan\u00e7a que a queixa foi apresentada no mesmo per\u00edodo em que decorriam os acontecimentos, mantendo o foco nas alegadas a\u00e7\u00f5es dos advogados.","og_url":"https:\/\/portaltela.pt\/noticias\/2026\/02\/04\/nuno-homem-de-sa-apresenta-queixa-contra-ex-advogados-de-frederica-lima\/","og_site_name":"Portal Tela Portugal","article_published_time":"2026-02-04T22:06:44+00:00","author":"Telinha","twitter_card":"summary_large_image","twitter_misc":{"Escrito por":"Telinha","Tempo estimado de leitura":"1 minuto"},"schema":{"@context":"https:\/\/schema.org","@graph":[{"@type":"Article","@id":"https:\/\/portaltela.pt\/noticias\/2026\/02\/04\/nuno-homem-de-sa-apresenta-queixa-contra-ex-advogados-de-frederica-lima\/#article","isPartOf":{"@id":"https:\/\/portaltela.pt\/noticias\/2026\/02\/04\/nuno-homem-de-sa-apresenta-queixa-contra-ex-advogados-de-frederica-lima\/"},"author":{"name":"Telinha","@id":"https:\/\/portaltela.pt\/#\/schema\/person\/c4278d4a6028830caff9ee44b42d32ed"},"headline":"Nuno Homem de S\u00e1 apresenta queixa contra ex-advogados de Frederica Lima","datePublished":"2026-02-04T22:06:44+00:00","mainEntityOfPage":{"@id":"https:\/\/portaltela.pt\/noticias\/2026\/02\/04\/nuno-homem-de-sa-apresenta-queixa-contra-ex-advogados-de-frederica-lima\/"},"wordCount":133,"image":{"@id":"https:\/\/portaltela.pt\/noticias\/2026\/02\/04\/nuno-homem-de-sa-apresenta-queixa-contra-ex-advogados-de-frederica-lima\/#primaryimage"},"thumbnailUrl":"https:\/\/portaltela.pt\/s.01k8rhncp4jt1\/2026\/02\/img_1500x1000uu2025-09-05-21-24-22-2233513-im-639058389329867166.jpg","keywords":["investiga\u00e7\u00e3o","Ordem dos Advogados","pessoas","provas","tribunal","videovigil\u00e2ncia"],"articleSection":["Not\u00edcias"],"inLanguage":"pt-PT"},{"@type":"WebPage","@id":"https:\/\/portaltela.pt\/noticias\/2026\/02\/04\/nuno-homem-de-sa-apresenta-queixa-contra-ex-advogados-de-frederica-lima\/","url":"https:\/\/portaltela.pt\/noticias\/2026\/02\/04\/nuno-homem-de-sa-apresenta-queixa-contra-ex-advogados-de-frederica-lima\/","name":"Nuno Homem de S\u00e1 apresenta queixa contra ex-advogados de Frederica Lima - Portal Tela Portugal","isPartOf":{"@id":"https:\/\/portaltela.pt\/#website"},"primaryImageOfPage":{"@id":"https:\/\/portaltela.pt\/noticias\/2026\/02\/04\/nuno-homem-de-sa-apresenta-queixa-contra-ex-advogados-de-frederica-lima\/#primaryimage"},"image":{"@id":"https:\/\/portaltela.pt\/noticias\/2026\/02\/04\/nuno-homem-de-sa-apresenta-queixa-contra-ex-advogados-de-frederica-lima\/#primaryimage"},"thumbnailUrl":"https:\/\/portaltela.pt\/s.01k8rhncp4jt1\/2026\/02\/img_1500x1000uu2025-09-05-21-24-22-2233513-im-639058389329867166.jpg","datePublished":"2026-02-04T22:06:44+00:00","author":{"@id":"https:\/\/portaltela.pt\/#\/schema\/person\/c4278d4a6028830caff9ee44b42d32ed"},"breadcrumb":{"@id":"https:\/\/portaltela.pt\/noticias\/2026\/02\/04\/nuno-homem-de-sa-apresenta-queixa-contra-ex-advogados-de-frederica-lima\/#breadcrumb"},"inLanguage":"pt-PT","potentialAction":[{"@type":"ReadAction","target":["https:\/\/portaltela.pt\/noticias\/2026\/02\/04\/nuno-homem-de-sa-apresenta-queixa-contra-ex-advogados-de-frederica-lima\/"]}]},{"@type":"ImageObject","inLanguage":"pt-PT","@id":"https:\/\/portaltela.pt\/noticias\/2026\/02\/04\/nuno-homem-de-sa-apresenta-queixa-contra-ex-advogados-de-frederica-lima\/#primaryimage","url":"https:\/\/portaltela.pt\/s.01k8rhncp4jt1\/2026\/02\/img_1500x1000uu2025-09-05-21-24-22-2233513-im-639058389329867166.jpg","contentUrl":"https:\/\/portaltela.pt\/s.01k8rhncp4jt1\/2026\/02\/img_1500x1000uu2025-09-05-21-24-22-2233513-im-639058389329867166.jpg","width":1500,"height":1000,"caption":"Nuno Homem de S\u00e1 e Frederica Lima"},{"@type":"BreadcrumbList","@id":"https:\/\/portaltela.pt\/noticias\/2026\/02\/04\/nuno-homem-de-sa-apresenta-queixa-contra-ex-advogados-de-frederica-lima\/#breadcrumb","itemListElement":[{"@type":"ListItem","position":1,"name":"In\u00edcio","item":"https:\/\/portaltela.pt\/"},{"@type":"ListItem","position":2,"name":"Nuno Homem de S\u00e1 apresenta queixa contra ex-advogados de Frederica Lima"}]},{"@type":"WebSite","@id":"https:\/\/portaltela.pt\/#website","url":"https:\/\/portaltela.pt\/","name":"Portal Tela Portugal","description":"","potentialAction":[{"@type":"SearchAction","target":{"@type":"EntryPoint","urlTemplate":"https:\/\/portaltela.pt\/?s={search_term_string}"},"query-input":{"@type":"PropertyValueSpecification","valueRequired":true,"valueName":"search_term_string"}}],"inLanguage":"pt-PT"},{"@type":"Person","@id":"https:\/\/portaltela.pt\/#\/schema\/person\/c4278d4a6028830caff9ee44b42d32ed","name":"Telinha","image":{"@type":"ImageObject","inLanguage":"pt-PT","@id":"https:\/\/portaltela.pt\/s.01k8rhncp4jt1\/2025\/11\/talking-bot-125x125.png","url":"https:\/\/portaltela.pt\/s.01k8rhncp4jt1\/2025\/11\/talking-bot-125x125.png","contentUrl":"https:\/\/portaltela.pt\/s.01k8rhncp4jt1\/2025\/11\/talking-bot-125x125.png","caption":"Telinha"},"sameAs":["https:\/\/portaltela.pt\/"],"url":"https:\/\/portaltela.pt\/por\/367410592786\/"}]}},"_links":{"self":[{"href":"https:\/\/portaltela.pt\/api\/wp\/v2\/posts\/198275","targetHints":{"allow":["GET"]}}],"collection":[{"href":"https:\/\/portaltela.pt\/api\/wp\/v2\/posts"}],"about":[{"href":"https:\/\/portaltela.pt\/api\/wp\/v2\/types\/post"}],"author":[{"embeddable":true,"href":"https:\/\/portaltela.pt\/api\/wp\/v2\/users\/2"}],"replies":[{"embeddable":true,"href":"https:\/\/portaltela.pt\/api\/wp\/v2\/comments?post=198275"}],"version-history":[{"count":0,"href":"https:\/\/portaltela.pt\/api\/wp\/v2\/posts\/198275\/revisions"}],"wp:featuredmedia":[{"embeddable":true,"href":"https:\/\/portaltela.pt\/api\/wp\/v2\/media\/198278"}],"wp:attachment":[{"href":"https:\/\/portaltela.pt\/api\/wp\/v2\/media?parent=198275"}],"wp:term":[{"taxonomy":"category","embeddable":true,"href":"https:\/\/portaltela.pt\/api\/wp\/v2\/categories?post=198275"},{"taxonomy":"post_tag","embeddable":true,"href":"https:\/\/portaltela.pt\/api\/wp\/v2\/tags?post=198275"}],"curies":[{"name":"wp","href":"https:\/\/api.w.org\/{rel}","templated":true}]}}