{"id":198203,"date":"2026-02-04T18:00:01","date_gmt":"2026-02-04T21:00:01","guid":{"rendered":"https:\/\/portaltela.pt\/noticias\/2026\/02\/04\/avaliacao-de-desempenho-municipal-oposicao-denuncia-ilegalidade\/"},"modified":"2026-02-04T18:00:01","modified_gmt":"2026-02-04T21:00:01","slug":"avaliacao-de-desempenho-municipal-oposicao-denuncia-ilegalidade","status":"publish","type":"post","link":"https:\/\/portaltela.pt\/noticias\/2026\/02\/04\/avaliacao-de-desempenho-municipal-oposicao-denuncia-ilegalidade\/","title":{"rendered":"Avalia\u00e7\u00e3o de desempenho municipal: oposi\u00e7\u00e3o denuncia ilegalidade"},"content":{"rendered":"<p>Manuel Almeida, do Chega, denunciou nesta quarta-feira que a avalia\u00e7\u00e3o de desempenho dos funcion\u00e1rios municipais de Oliveira de Azem\u00e9is para o bi\u00e9nio 2023\u20132024 n\u00e3o est\u00e1 a ser promovida, atribuindo a demora a uma gest\u00e3o que tentou esconder o tema. O foco est\u00e1 na aplica\u00e7\u00e3o do SIADAP.<\/p>\n<p>Segundo o vereador, a omiss\u00e3o configura uma viola\u00e7\u00e3o da Lei da Rep\u00fablica e pode comprometer a progress\u00e3o de carreira dos profissionais que asseguram o funcionamento di\u00e1rio das escolas, da limpeza urbana e da a\u00e7\u00e3o social. O atraso tamb\u00e9m afeta a qualidade dos servi\u00e7os aos mun\u00edcipes.<\/p>\n<p>A reuni\u00e3o da C\u00e2mara confirmou que o processo \u00e9 burocr\u00e1tico e depende de cruzamentos com a componente inform\u00e1tica, o que tem travado v\u00e1rias fases. No entanto, a vereadora In\u00eas Lamego avan\u00e7ou que o processo para o bi\u00e9nio 2023\u20132024 est\u00e1 pr\u00f3ximo de avan\u00e7ar, ap\u00f3s valida\u00e7\u00e3o de classifica\u00e7\u00f5es j\u00e1 ocorrida.<\/p>\n<p>A respons\u00e1vel explicou ainda que as novas regras legislativas, que passaram a tornar a avalia\u00e7\u00e3o anual e aumentaram as quotas de classifica\u00e7\u00e3o superior, contribu\u00edram para a morosidade. A autarquia prev\u00ea regularizar a situa\u00e7\u00e3o at\u00e9 ao fim de mar\u00e7o, com efeitos retroativos a 1 de janeiro.<\/p>\n<p>O presidente da C\u00e2mara, Joaquim Jorge, sublinhou avan\u00e7os j\u00e1 feitos na valoriza\u00e7\u00e3o dos trabalhadores, mencionando cerca de 3 milh\u00f5es de euros investidos para melhorar as condi\u00e7\u00f5es de trabalho. Ainda assim, criticou o atual modelo do SIADAP, descrito como arcaico e desajustado, capaz de criar injusti\u00e7as entre trabalhadores do mesmo setor.<\/p>\n<p>Joaquim Jorge reiterou o foco da C\u00e2mara em dignificar as condi\u00e7\u00f5es laborais, esperando por uma altera\u00e7\u00e3o estrutural do sistema por parte do Governo. O objetivo \u00e9 manter o compromisso com a qualidade do servi\u00e7o p\u00fablico, independentemente de avan\u00e7os administrativos.<\/p>\n","protected":false},"excerpt":{"rendered":"<ul>\n<li>O vereador Manuel Almeida, do Chega, denuncia que a C\u00e2mara Municipal de Oliveira de Azem\u00e9is n\u00e3o est\u00e1 a cumprir a avalia\u00e7\u00e3o de desempenho dos funcion\u00e1rios municipais relativa ao bi\u00e9nio 2023\u20132024, alegando viola\u00e7\u00e3o da Lei da Rep\u00fablica.<\/li>\n<li>A omiss\u00e3o da avalia\u00e7\u00e3o \u00e9 apresentada como prejudicial \u00e0 progress\u00e3o de carreira e \u00e0 valoriza\u00e7\u00e3o do m\u00e9rito profissional, afetando o funcionamento di\u00e1rio de escolas, limpeza urbana e a\u00e7\u00e3o social.<\/li>\n<li>A vereadora In\u00eas Lamego reconhece o atraso e explica que o processo \u00e9 burocr\u00e1tico, dependente de valida\u00e7\u00e3o de classifica\u00e7\u00f5es pelo Conselho de Coordenadores da Avalia\u00e7\u00e3o; as novas regras aumentaram as quotas e complicaram a transi\u00e7\u00e3o.<\/li>\n<li>O Executivo afirma que a situa\u00e7\u00e3o ficar\u00e1 regularizada at\u00e9 ao final de mar\u00e7o, com efeitos retroativos a 1 de janeiro.<\/li>\n<li>O presidente da c\u00e2mara, Joaquim Jorge, critica o sistema atual de SIADAP como arcaico e injusto, destacando investimentos de 3 milh\u00f5es de euros para melhorar condi\u00e7\u00f5es de trabalho e anunciando eventual mudan\u00e7a profunda prometida pelo Governo.<\/li>\n<\/ul>\n","protected":false},"author":2,"featured_media":198209,"comment_status":"closed","ping_status":"closed","sticky":false,"template":"","format":"standard","meta":{"footnotes":""},"categories":[1],"tags":[168,5449,2093,1221,3740,2841],"class_list":["post-198203","post","type-post","status-publish","format-standard","has-post-thumbnail","hentry","category-noticias","tag-administracao-publica","tag-camara-municipal","tag-municipios","tag-servicos-publicos","tag-siadap","tag-trabalhadores"],"yoast_head":"<!-- This site is optimized with the Yoast SEO plugin v27.2 - https:\/\/yoast.com\/product\/yoast-seo-wordpress\/ -->\n<title>Avalia\u00e7\u00e3o de desempenho municipal: oposi\u00e7\u00e3o denuncia ilegalidade - Portal Tela Portugal<\/title>\n<meta name=\"robots\" content=\"index, follow, max-snippet:-1, max-image-preview:large, max-video-preview:-1\" \/>\n<meta property=\"og:locale\" content=\"pt_PT\" \/>\n<meta property=\"og:type\" content=\"article\" \/>\n<meta property=\"og:title\" content=\"Avalia\u00e7\u00e3o de desempenho municipal: oposi\u00e7\u00e3o denuncia ilegalidade - Portal Tela Portugal\" \/>\n<meta property=\"og:description\" content=\"O vereador Manuel Almeida, do Chega, denuncia que a C\u00e2mara Municipal de Oliveira de Azem\u00e9is n\u00e3o est\u00e1 a cumprir a avalia\u00e7\u00e3o de desempenho dos funcion\u00e1rios municipais relativa ao bi\u00e9nio 2023\u20132024, alegando viola\u00e7\u00e3o da Lei da Rep\u00fablica. A omiss\u00e3o da avalia\u00e7\u00e3o \u00e9 apresentada como prejudicial \u00e0 progress\u00e3o de carreira e \u00e0 valoriza\u00e7\u00e3o do m\u00e9rito profissional, afetando o funcionamento di\u00e1rio de escolas, limpeza urbana e a\u00e7\u00e3o social. A vereadora In\u00eas Lamego reconhece o atraso e explica que o processo \u00e9 burocr\u00e1tico, dependente de valida\u00e7\u00e3o de classifica\u00e7\u00f5es pelo Conselho de Coordenadores da Avalia\u00e7\u00e3o; as novas regras aumentaram as quotas e complicaram a transi\u00e7\u00e3o. O Executivo afirma que a situa\u00e7\u00e3o ficar\u00e1 regularizada at\u00e9 ao final de mar\u00e7o, com efeitos retroativos a 1 de janeiro. O presidente da c\u00e2mara, Joaquim Jorge, critica o sistema atual de SIADAP como arcaico e injusto, destacando investimentos de 3 milh\u00f5es de euros para melhorar condi\u00e7\u00f5es de trabalho e anunciando eventual mudan\u00e7a profunda prometida pelo Governo.\" \/>\n<meta property=\"og:url\" content=\"https:\/\/portaltela.pt\/noticias\/2026\/02\/04\/avaliacao-de-desempenho-municipal-oposicao-denuncia-ilegalidade\/\" \/>\n<meta property=\"og:site_name\" content=\"Portal Tela Portugal\" \/>\n<meta property=\"article:published_time\" content=\"2026-02-04T21:00:01+00:00\" \/>\n<meta name=\"author\" content=\"Telinha\" \/>\n<meta name=\"twitter:card\" content=\"summary_large_image\" \/>\n<meta name=\"twitter:label1\" content=\"Escrito por\" \/>\n\t<meta name=\"twitter:data1\" content=\"Telinha\" \/>\n\t<meta name=\"twitter:label2\" content=\"Tempo estimado de leitura\" \/>\n\t<meta name=\"twitter:data2\" content=\"2 minutos\" \/>\n<script type=\"application\/ld+json\" class=\"yoast-schema-graph\">{\"@context\":\"https:\/\/schema.org\",\"@graph\":[{\"@type\":\"Article\",\"@id\":\"https:\/\/portaltela.pt\/noticias\/2026\/02\/04\/avaliacao-de-desempenho-municipal-oposicao-denuncia-ilegalidade\/#article\",\"isPartOf\":{\"@id\":\"https:\/\/portaltela.pt\/noticias\/2026\/02\/04\/avaliacao-de-desempenho-municipal-oposicao-denuncia-ilegalidade\/\"},\"author\":{\"name\":\"Telinha\",\"@id\":\"https:\/\/portaltela.pt\/#\/schema\/person\/c4278d4a6028830caff9ee44b42d32ed\"},\"headline\":\"Avalia\u00e7\u00e3o de desempenho municipal: oposi\u00e7\u00e3o denuncia ilegalidade\",\"datePublished\":\"2026-02-04T21:00:01+00:00\",\"mainEntityOfPage\":{\"@id\":\"https:\/\/portaltela.pt\/noticias\/2026\/02\/04\/avaliacao-de-desempenho-municipal-oposicao-denuncia-ilegalidade\/\"},\"wordCount\":323,\"image\":{\"@id\":\"https:\/\/portaltela.pt\/noticias\/2026\/02\/04\/avaliacao-de-desempenho-municipal-oposicao-denuncia-ilegalidade\/#primaryimage\"},\"thumbnailUrl\":\"https:\/\/portaltela.pt\/s.01k8rhncp4jt1\/2026\/02\/unnamed-file-1408.jpg\",\"keywords\":[\"administra\u00e7\u00e3o p\u00fablica\",\"C\u00e2mara Municipal\",\"munic\u00edpios\",\"servi\u00e7os p\u00fablicos\",\"SIADAP\",\"trabalhadores\"],\"articleSection\":[\"Not\u00edcias\"],\"inLanguage\":\"pt-PT\"},{\"@type\":\"WebPage\",\"@id\":\"https:\/\/portaltela.pt\/noticias\/2026\/02\/04\/avaliacao-de-desempenho-municipal-oposicao-denuncia-ilegalidade\/\",\"url\":\"https:\/\/portaltela.pt\/noticias\/2026\/02\/04\/avaliacao-de-desempenho-municipal-oposicao-denuncia-ilegalidade\/\",\"name\":\"Avalia\u00e7\u00e3o de desempenho municipal: oposi\u00e7\u00e3o denuncia ilegalidade - Portal Tela Portugal\",\"isPartOf\":{\"@id\":\"https:\/\/portaltela.pt\/#website\"},\"primaryImageOfPage\":{\"@id\":\"https:\/\/portaltela.pt\/noticias\/2026\/02\/04\/avaliacao-de-desempenho-municipal-oposicao-denuncia-ilegalidade\/#primaryimage\"},\"image\":{\"@id\":\"https:\/\/portaltela.pt\/noticias\/2026\/02\/04\/avaliacao-de-desempenho-municipal-oposicao-denuncia-ilegalidade\/#primaryimage\"},\"thumbnailUrl\":\"https:\/\/portaltela.pt\/s.01k8rhncp4jt1\/2026\/02\/unnamed-file-1408.jpg\",\"datePublished\":\"2026-02-04T21:00:01+00:00\",\"author\":{\"@id\":\"https:\/\/portaltela.pt\/#\/schema\/person\/c4278d4a6028830caff9ee44b42d32ed\"},\"breadcrumb\":{\"@id\":\"https:\/\/portaltela.pt\/noticias\/2026\/02\/04\/avaliacao-de-desempenho-municipal-oposicao-denuncia-ilegalidade\/#breadcrumb\"},\"inLanguage\":\"pt-PT\",\"potentialAction\":[{\"@type\":\"ReadAction\",\"target\":[\"https:\/\/portaltela.pt\/noticias\/2026\/02\/04\/avaliacao-de-desempenho-municipal-oposicao-denuncia-ilegalidade\/\"]}]},{\"@type\":\"ImageObject\",\"inLanguage\":\"pt-PT\",\"@id\":\"https:\/\/portaltela.pt\/noticias\/2026\/02\/04\/avaliacao-de-desempenho-municipal-oposicao-denuncia-ilegalidade\/#primaryimage\",\"url\":\"https:\/\/portaltela.pt\/s.01k8rhncp4jt1\/2026\/02\/unnamed-file-1408.jpg\",\"contentUrl\":\"https:\/\/portaltela.pt\/s.01k8rhncp4jt1\/2026\/02\/unnamed-file-1408.jpg\",\"width\":796,\"height\":448,\"caption\":\"Avalia\u00e7\u00e3o de desempenho dos funcion\u00e1rios municipais: Oposi\u00e7\u00e3o denuncia \\\"ilegalidade\\\" e Executivo aponta o dedo a um sistema \\\"arcaico\\\"\"},{\"@type\":\"BreadcrumbList\",\"@id\":\"https:\/\/portaltela.pt\/noticias\/2026\/02\/04\/avaliacao-de-desempenho-municipal-oposicao-denuncia-ilegalidade\/#breadcrumb\",\"itemListElement\":[{\"@type\":\"ListItem\",\"position\":1,\"name\":\"In\u00edcio\",\"item\":\"https:\/\/portaltela.pt\/\"},{\"@type\":\"ListItem\",\"position\":2,\"name\":\"Avalia\u00e7\u00e3o de desempenho municipal: oposi\u00e7\u00e3o denuncia ilegalidade\"}]},{\"@type\":\"WebSite\",\"@id\":\"https:\/\/portaltela.pt\/#website\",\"url\":\"https:\/\/portaltela.pt\/\",\"name\":\"Portal Tela Portugal\",\"description\":\"\",\"potentialAction\":[{\"@type\":\"SearchAction\",\"target\":{\"@type\":\"EntryPoint\",\"urlTemplate\":\"https:\/\/portaltela.pt\/?s={search_term_string}\"},\"query-input\":{\"@type\":\"PropertyValueSpecification\",\"valueRequired\":true,\"valueName\":\"search_term_string\"}}],\"inLanguage\":\"pt-PT\"},{\"@type\":\"Person\",\"@id\":\"https:\/\/portaltela.pt\/#\/schema\/person\/c4278d4a6028830caff9ee44b42d32ed\",\"name\":\"Telinha\",\"image\":{\"@type\":\"ImageObject\",\"inLanguage\":\"pt-PT\",\"@id\":\"https:\/\/portaltela.pt\/s.01k8rhncp4jt1\/2025\/11\/talking-bot-125x125.png\",\"url\":\"https:\/\/portaltela.pt\/s.01k8rhncp4jt1\/2025\/11\/talking-bot-125x125.png\",\"contentUrl\":\"https:\/\/portaltela.pt\/s.01k8rhncp4jt1\/2025\/11\/talking-bot-125x125.png\",\"caption\":\"Telinha\"},\"sameAs\":[\"https:\/\/portaltela.pt\/\"],\"url\":\"https:\/\/portaltela.pt\/por\/367410592786\/\"}]}<\/script>\n<!-- \/ Yoast SEO plugin. -->","yoast_head_json":{"title":"Avalia\u00e7\u00e3o de desempenho municipal: oposi\u00e7\u00e3o denuncia ilegalidade - Portal Tela Portugal","robots":{"index":"index","follow":"follow","max-snippet":"max-snippet:-1","max-image-preview":"max-image-preview:large","max-video-preview":"max-video-preview:-1"},"og_locale":"pt_PT","og_type":"article","og_title":"Avalia\u00e7\u00e3o de desempenho municipal: oposi\u00e7\u00e3o denuncia ilegalidade - Portal Tela Portugal","og_description":"O vereador Manuel Almeida, do Chega, denuncia que a C\u00e2mara Municipal de Oliveira de Azem\u00e9is n\u00e3o est\u00e1 a cumprir a avalia\u00e7\u00e3o de desempenho dos funcion\u00e1rios municipais relativa ao bi\u00e9nio 2023\u20132024, alegando viola\u00e7\u00e3o da Lei da Rep\u00fablica. A omiss\u00e3o da avalia\u00e7\u00e3o \u00e9 apresentada como prejudicial \u00e0 progress\u00e3o de carreira e \u00e0 valoriza\u00e7\u00e3o do m\u00e9rito profissional, afetando o funcionamento di\u00e1rio de escolas, limpeza urbana e a\u00e7\u00e3o social. A vereadora In\u00eas Lamego reconhece o atraso e explica que o processo \u00e9 burocr\u00e1tico, dependente de valida\u00e7\u00e3o de classifica\u00e7\u00f5es pelo Conselho de Coordenadores da Avalia\u00e7\u00e3o; as novas regras aumentaram as quotas e complicaram a transi\u00e7\u00e3o. O Executivo afirma que a situa\u00e7\u00e3o ficar\u00e1 regularizada at\u00e9 ao final de mar\u00e7o, com efeitos retroativos a 1 de janeiro. O presidente da c\u00e2mara, Joaquim Jorge, critica o sistema atual de SIADAP como arcaico e injusto, destacando investimentos de 3 milh\u00f5es de euros para melhorar condi\u00e7\u00f5es de trabalho e anunciando eventual mudan\u00e7a profunda prometida pelo Governo.","og_url":"https:\/\/portaltela.pt\/noticias\/2026\/02\/04\/avaliacao-de-desempenho-municipal-oposicao-denuncia-ilegalidade\/","og_site_name":"Portal Tela Portugal","article_published_time":"2026-02-04T21:00:01+00:00","author":"Telinha","twitter_card":"summary_large_image","twitter_misc":{"Escrito por":"Telinha","Tempo estimado de leitura":"2 minutos"},"schema":{"@context":"https:\/\/schema.org","@graph":[{"@type":"Article","@id":"https:\/\/portaltela.pt\/noticias\/2026\/02\/04\/avaliacao-de-desempenho-municipal-oposicao-denuncia-ilegalidade\/#article","isPartOf":{"@id":"https:\/\/portaltela.pt\/noticias\/2026\/02\/04\/avaliacao-de-desempenho-municipal-oposicao-denuncia-ilegalidade\/"},"author":{"name":"Telinha","@id":"https:\/\/portaltela.pt\/#\/schema\/person\/c4278d4a6028830caff9ee44b42d32ed"},"headline":"Avalia\u00e7\u00e3o de desempenho municipal: oposi\u00e7\u00e3o denuncia ilegalidade","datePublished":"2026-02-04T21:00:01+00:00","mainEntityOfPage":{"@id":"https:\/\/portaltela.pt\/noticias\/2026\/02\/04\/avaliacao-de-desempenho-municipal-oposicao-denuncia-ilegalidade\/"},"wordCount":323,"image":{"@id":"https:\/\/portaltela.pt\/noticias\/2026\/02\/04\/avaliacao-de-desempenho-municipal-oposicao-denuncia-ilegalidade\/#primaryimage"},"thumbnailUrl":"https:\/\/portaltela.pt\/s.01k8rhncp4jt1\/2026\/02\/unnamed-file-1408.jpg","keywords":["administra\u00e7\u00e3o p\u00fablica","C\u00e2mara Municipal","munic\u00edpios","servi\u00e7os p\u00fablicos","SIADAP","trabalhadores"],"articleSection":["Not\u00edcias"],"inLanguage":"pt-PT"},{"@type":"WebPage","@id":"https:\/\/portaltela.pt\/noticias\/2026\/02\/04\/avaliacao-de-desempenho-municipal-oposicao-denuncia-ilegalidade\/","url":"https:\/\/portaltela.pt\/noticias\/2026\/02\/04\/avaliacao-de-desempenho-municipal-oposicao-denuncia-ilegalidade\/","name":"Avalia\u00e7\u00e3o de desempenho municipal: oposi\u00e7\u00e3o denuncia ilegalidade - Portal Tela Portugal","isPartOf":{"@id":"https:\/\/portaltela.pt\/#website"},"primaryImageOfPage":{"@id":"https:\/\/portaltela.pt\/noticias\/2026\/02\/04\/avaliacao-de-desempenho-municipal-oposicao-denuncia-ilegalidade\/#primaryimage"},"image":{"@id":"https:\/\/portaltela.pt\/noticias\/2026\/02\/04\/avaliacao-de-desempenho-municipal-oposicao-denuncia-ilegalidade\/#primaryimage"},"thumbnailUrl":"https:\/\/portaltela.pt\/s.01k8rhncp4jt1\/2026\/02\/unnamed-file-1408.jpg","datePublished":"2026-02-04T21:00:01+00:00","author":{"@id":"https:\/\/portaltela.pt\/#\/schema\/person\/c4278d4a6028830caff9ee44b42d32ed"},"breadcrumb":{"@id":"https:\/\/portaltela.pt\/noticias\/2026\/02\/04\/avaliacao-de-desempenho-municipal-oposicao-denuncia-ilegalidade\/#breadcrumb"},"inLanguage":"pt-PT","potentialAction":[{"@type":"ReadAction","target":["https:\/\/portaltela.pt\/noticias\/2026\/02\/04\/avaliacao-de-desempenho-municipal-oposicao-denuncia-ilegalidade\/"]}]},{"@type":"ImageObject","inLanguage":"pt-PT","@id":"https:\/\/portaltela.pt\/noticias\/2026\/02\/04\/avaliacao-de-desempenho-municipal-oposicao-denuncia-ilegalidade\/#primaryimage","url":"https:\/\/portaltela.pt\/s.01k8rhncp4jt1\/2026\/02\/unnamed-file-1408.jpg","contentUrl":"https:\/\/portaltela.pt\/s.01k8rhncp4jt1\/2026\/02\/unnamed-file-1408.jpg","width":796,"height":448,"caption":"Avalia\u00e7\u00e3o de desempenho dos funcion\u00e1rios municipais: Oposi\u00e7\u00e3o denuncia \"ilegalidade\" e Executivo aponta o dedo a um sistema \"arcaico\""},{"@type":"BreadcrumbList","@id":"https:\/\/portaltela.pt\/noticias\/2026\/02\/04\/avaliacao-de-desempenho-municipal-oposicao-denuncia-ilegalidade\/#breadcrumb","itemListElement":[{"@type":"ListItem","position":1,"name":"In\u00edcio","item":"https:\/\/portaltela.pt\/"},{"@type":"ListItem","position":2,"name":"Avalia\u00e7\u00e3o de desempenho municipal: oposi\u00e7\u00e3o denuncia ilegalidade"}]},{"@type":"WebSite","@id":"https:\/\/portaltela.pt\/#website","url":"https:\/\/portaltela.pt\/","name":"Portal Tela Portugal","description":"","potentialAction":[{"@type":"SearchAction","target":{"@type":"EntryPoint","urlTemplate":"https:\/\/portaltela.pt\/?s={search_term_string}"},"query-input":{"@type":"PropertyValueSpecification","valueRequired":true,"valueName":"search_term_string"}}],"inLanguage":"pt-PT"},{"@type":"Person","@id":"https:\/\/portaltela.pt\/#\/schema\/person\/c4278d4a6028830caff9ee44b42d32ed","name":"Telinha","image":{"@type":"ImageObject","inLanguage":"pt-PT","@id":"https:\/\/portaltela.pt\/s.01k8rhncp4jt1\/2025\/11\/talking-bot-125x125.png","url":"https:\/\/portaltela.pt\/s.01k8rhncp4jt1\/2025\/11\/talking-bot-125x125.png","contentUrl":"https:\/\/portaltela.pt\/s.01k8rhncp4jt1\/2025\/11\/talking-bot-125x125.png","caption":"Telinha"},"sameAs":["https:\/\/portaltela.pt\/"],"url":"https:\/\/portaltela.pt\/por\/367410592786\/"}]}},"_links":{"self":[{"href":"https:\/\/portaltela.pt\/api\/wp\/v2\/posts\/198203","targetHints":{"allow":["GET"]}}],"collection":[{"href":"https:\/\/portaltela.pt\/api\/wp\/v2\/posts"}],"about":[{"href":"https:\/\/portaltela.pt\/api\/wp\/v2\/types\/post"}],"author":[{"embeddable":true,"href":"https:\/\/portaltela.pt\/api\/wp\/v2\/users\/2"}],"replies":[{"embeddable":true,"href":"https:\/\/portaltela.pt\/api\/wp\/v2\/comments?post=198203"}],"version-history":[{"count":0,"href":"https:\/\/portaltela.pt\/api\/wp\/v2\/posts\/198203\/revisions"}],"wp:featuredmedia":[{"embeddable":true,"href":"https:\/\/portaltela.pt\/api\/wp\/v2\/media\/198209"}],"wp:attachment":[{"href":"https:\/\/portaltela.pt\/api\/wp\/v2\/media?parent=198203"}],"wp:term":[{"taxonomy":"category","embeddable":true,"href":"https:\/\/portaltela.pt\/api\/wp\/v2\/categories?post=198203"},{"taxonomy":"post_tag","embeddable":true,"href":"https:\/\/portaltela.pt\/api\/wp\/v2\/tags?post=198203"}],"curies":[{"name":"wp","href":"https:\/\/api.w.org\/{rel}","templated":true}]}}