{"id":198187,"date":"2026-02-04T17:54:00","date_gmt":"2026-02-04T20:54:00","guid":{"rendered":"https:\/\/portaltela.pt\/noticias\/2026\/02\/04\/seguro-mobiliza-alto-alentejo-e-defende-o-interior-como-territorio-de-esperanca\/"},"modified":"2026-02-04T17:54:00","modified_gmt":"2026-02-04T20:54:00","slug":"seguro-mobiliza-alto-alentejo-e-defende-o-interior-como-territorio-de-esperanca","status":"publish","type":"post","link":"https:\/\/portaltela.pt\/noticias\/politica\/2026\/02\/04\/seguro-mobiliza-alto-alentejo-e-defende-o-interior-como-territorio-de-esperanca\/","title":{"rendered":"Seguro mobiliza Alto Alentejo e defende o interior como territ\u00f3rio de esperan\u00e7a"},"content":{"rendered":"<p>Ant\u00f3nio Jos\u00e9 Seguro iniciou a desloca\u00e7\u00e3o pelo Alto Alentejo numa a\u00e7\u00e3o de aproxima\u00e7\u00e3o \u00e0 comunidade local, em contagem decrescente para a segunda volta das presidenciais. A viagem come\u00e7ou em Elvas, seguiu para Campo Maior e terminou em Portalegre, onde concedeu uma entrevista ao servi\u00e7o p\u00fablico e participou num com\u00edcio.<\/p>\n<p>No Centro de Artes do Espect\u00e1culo de Portalegre, diante de cerca de 500 apoiantes, Seguro defendeu uma estrat\u00e9gia nacional que valoriza as regi\u00f5es do interior, apresentando o interior como parte essencial do futuro do pa\u00eds. Reiterou que o desafio n\u00e3o \u00e9 despovoamento, mas pol\u00edticas p\u00fablicas que promovam a fixa\u00e7\u00e3o de popula\u00e7\u00e3o.<\/p>\n<p>A sua interven\u00e7\u00e3o destacou o papel de exemplos existentes no interior, como o Grupo Nabeiro \u2013 Delta Caf\u00e9s em Campo Maior, apresentado como caso de prosperidade vindo do interior para o mundo. Tamb\u00e9m referiu o empreendimento de Alqueva como exemplo de transforma\u00e7\u00e3o do territ\u00f3rio, pela disponibilidade de \u00e1gua que criou oportunidades para jovens.<\/p>\n<p>Durante o discurso, Seguro sublinhou o facto de nascer na Beira Baixa e garantiu que n\u00e3o abandona a defesa das desigualdades territoriais, mantendo-se firme numa vis\u00e3o de interior ativo, com talento e potencial. Afirmou ainda que n\u00e3o precisa de aprender o que \u00e9 o interior de Portugal.<\/p>\n<p>Jo\u00e3o Manuel Nabeiro, mandat\u00e1rio distrital da candidatura, abriu a sess\u00e3o com foco na estabilidade, confian\u00e7a e uni\u00e3o nacional. O mandat\u00e1rio enfatizou que o pa\u00eds precisa de lideran\u00e7a capaz de unir e inspirar, destacando a import\u00e2ncia de uma base est\u00e1vel para o progresso.<\/p>\n<p>Nabeiro ressaltou que a estabilidade pol\u00edtica \u00e9 essencial para o desenvolvimento e concluiu que a candidatura de Seguro reflecte uma vis\u00e3o humanista e agregadora, orientada para que os portugueses sintam que o pa\u00eds permanece em boas m\u00e3os.<\/p>\n","protected":false},"excerpt":{"rendered":"<ul>\n<li>Ant\u00f3nio Jos\u00e9 Seguro iniciou a semana no Alto Alentejo, visitando Elvas, Campo Maior e Portalegre, com entrevista \u00e0 RTP no Museu da Tape\u00e7aria.<\/li>\n<li>Em Portalegre, num com\u00edcio para cerca de 500 apoiantes, defendeu uma estrat\u00e9gia nacional de valoriza\u00e7\u00e3o do interior, dizendo que n\u00e3o \u00e9 um fardo nem territ\u00f3rio dispens\u00e1vel.<\/li>\n<li>Disse que o interior n\u00e3o est\u00e1 condenado ao despovoamento e que precisa de pol\u00edticas p\u00fablicas consistentes para fixar popula\u00e7\u00e3o.<\/li>\n<li>Destacou o Grupo Nabeiro \u2013 Delta Caf\u00e9s, em Campo Maior, como exemplo de prosperidade a partir do interior, e o empreendimento de Alqueva como caso paradigm\u00e1tico de desenvolvimento.<\/li>\n<li>O mandat\u00e1rio distrital Jo\u00e3o Manuel Nabeiro sublinhou a necessidade de estabilidade, confian\u00e7a e uni\u00e3o nacional, considerando a estabilidade como base para o progresso.<\/li>\n<\/ul>\n","protected":false},"author":2,"featured_media":198188,"comment_status":"closed","ping_status":"closed","sticky":false,"template":"","format":"standard","meta":{"footnotes":""},"categories":[1,5],"tags":[883,5080,3670,5321,1089,1075],"class_list":["post-198187","post","type-post","status-publish","format-standard","has-post-thumbnail","hentry","category-noticias","category-politica","tag-alentejo","tag-alqueva","tag-beira-baixa","tag-delta-cafes","tag-elvas","tag-portalegre"],"yoast_head":"<!-- This site is optimized with the Yoast SEO plugin v27.2 - https:\/\/yoast.com\/product\/yoast-seo-wordpress\/ -->\n<title>Seguro mobiliza Alto Alentejo e defende o interior como territ\u00f3rio de esperan\u00e7a - Portal Tela Portugal<\/title>\n<meta name=\"robots\" content=\"index, follow, max-snippet:-1, max-image-preview:large, max-video-preview:-1\" \/>\n<meta property=\"og:locale\" content=\"pt_PT\" \/>\n<meta property=\"og:type\" content=\"article\" \/>\n<meta property=\"og:title\" content=\"Seguro mobiliza Alto Alentejo e defende o interior como territ\u00f3rio de esperan\u00e7a - Portal Tela Portugal\" \/>\n<meta property=\"og:description\" content=\"Ant\u00f3nio Jos\u00e9 Seguro iniciou a semana no Alto Alentejo, visitando Elvas, Campo Maior e Portalegre, com entrevista \u00e0 RTP no Museu da Tape\u00e7aria. Em Portalegre, num com\u00edcio para cerca de 500 apoiantes, defendeu uma estrat\u00e9gia nacional de valoriza\u00e7\u00e3o do interior, dizendo que n\u00e3o \u00e9 um fardo nem territ\u00f3rio dispens\u00e1vel. Disse que o interior n\u00e3o est\u00e1 condenado ao despovoamento e que precisa de pol\u00edticas p\u00fablicas consistentes para fixar popula\u00e7\u00e3o. Destacou o Grupo Nabeiro \u2013 Delta Caf\u00e9s, em Campo Maior, como exemplo de prosperidade a partir do interior, e o empreendimento de Alqueva como caso paradigm\u00e1tico de desenvolvimento. O mandat\u00e1rio distrital Jo\u00e3o Manuel Nabeiro sublinhou a necessidade de estabilidade, confian\u00e7a e uni\u00e3o nacional, considerando a estabilidade como base para o progresso.\" \/>\n<meta property=\"og:url\" content=\"https:\/\/portaltela.pt\/noticias\/2026\/02\/04\/seguro-mobiliza-alto-alentejo-e-defende-o-interior-como-territorio-de-esperanca\/\" \/>\n<meta property=\"og:site_name\" content=\"Portal Tela Portugal\" \/>\n<meta property=\"article:published_time\" content=\"2026-02-04T20:54:00+00:00\" \/>\n<meta name=\"author\" content=\"Telinha\" \/>\n<meta name=\"twitter:card\" content=\"summary_large_image\" \/>\n<meta name=\"twitter:label1\" content=\"Escrito por\" \/>\n\t<meta name=\"twitter:data1\" content=\"Telinha\" \/>\n\t<meta name=\"twitter:label2\" content=\"Tempo estimado de leitura\" \/>\n\t<meta name=\"twitter:data2\" content=\"2 minutos\" \/>\n<script type=\"application\/ld+json\" class=\"yoast-schema-graph\">{\"@context\":\"https:\/\/schema.org\",\"@graph\":[{\"@type\":\"Article\",\"@id\":\"https:\/\/portaltela.pt\/noticias\/2026\/02\/04\/seguro-mobiliza-alto-alentejo-e-defende-o-interior-como-territorio-de-esperanca\/#article\",\"isPartOf\":{\"@id\":\"https:\/\/portaltela.pt\/noticias\/2026\/02\/04\/seguro-mobiliza-alto-alentejo-e-defende-o-interior-como-territorio-de-esperanca\/\"},\"author\":{\"name\":\"Telinha\",\"@id\":\"https:\/\/portaltela.pt\/#\/schema\/person\/c4278d4a6028830caff9ee44b42d32ed\"},\"headline\":\"Seguro mobiliza Alto Alentejo e defende o interior como territ\u00f3rio de esperan\u00e7a\",\"datePublished\":\"2026-02-04T20:54:00+00:00\",\"mainEntityOfPage\":{\"@id\":\"https:\/\/portaltela.pt\/noticias\/2026\/02\/04\/seguro-mobiliza-alto-alentejo-e-defende-o-interior-como-territorio-de-esperanca\/\"},\"wordCount\":326,\"image\":{\"@id\":\"https:\/\/portaltela.pt\/noticias\/2026\/02\/04\/seguro-mobiliza-alto-alentejo-e-defende-o-interior-como-territorio-de-esperanca\/#primaryimage\"},\"thumbnailUrl\":\"https:\/\/portaltela.pt\/s.01k8rhncp4jt1\/2026\/02\/Antonio-Jose-Seguro.jpg\",\"keywords\":[\"Alentejo\",\"Alqueva\",\"Beira Baixa\",\"Delta Caf\u00e9s\",\"Elvas\",\"Portalegre\"],\"articleSection\":[\"Not\u00edcias\",\"Pol\u00edtica\"],\"inLanguage\":\"pt-PT\"},{\"@type\":\"WebPage\",\"@id\":\"https:\/\/portaltela.pt\/noticias\/2026\/02\/04\/seguro-mobiliza-alto-alentejo-e-defende-o-interior-como-territorio-de-esperanca\/\",\"url\":\"https:\/\/portaltela.pt\/noticias\/2026\/02\/04\/seguro-mobiliza-alto-alentejo-e-defende-o-interior-como-territorio-de-esperanca\/\",\"name\":\"Seguro mobiliza Alto Alentejo e defende o interior como territ\u00f3rio de esperan\u00e7a - Portal Tela Portugal\",\"isPartOf\":{\"@id\":\"https:\/\/portaltela.pt\/#website\"},\"primaryImageOfPage\":{\"@id\":\"https:\/\/portaltela.pt\/noticias\/2026\/02\/04\/seguro-mobiliza-alto-alentejo-e-defende-o-interior-como-territorio-de-esperanca\/#primaryimage\"},\"image\":{\"@id\":\"https:\/\/portaltela.pt\/noticias\/2026\/02\/04\/seguro-mobiliza-alto-alentejo-e-defende-o-interior-como-territorio-de-esperanca\/#primaryimage\"},\"thumbnailUrl\":\"https:\/\/portaltela.pt\/s.01k8rhncp4jt1\/2026\/02\/Antonio-Jose-Seguro.jpg\",\"datePublished\":\"2026-02-04T20:54:00+00:00\",\"author\":{\"@id\":\"https:\/\/portaltela.pt\/#\/schema\/person\/c4278d4a6028830caff9ee44b42d32ed\"},\"breadcrumb\":{\"@id\":\"https:\/\/portaltela.pt\/noticias\/2026\/02\/04\/seguro-mobiliza-alto-alentejo-e-defende-o-interior-como-territorio-de-esperanca\/#breadcrumb\"},\"inLanguage\":\"pt-PT\",\"potentialAction\":[{\"@type\":\"ReadAction\",\"target\":[\"https:\/\/portaltela.pt\/noticias\/2026\/02\/04\/seguro-mobiliza-alto-alentejo-e-defende-o-interior-como-territorio-de-esperanca\/\"]}]},{\"@type\":\"ImageObject\",\"inLanguage\":\"pt-PT\",\"@id\":\"https:\/\/portaltela.pt\/noticias\/2026\/02\/04\/seguro-mobiliza-alto-alentejo-e-defende-o-interior-como-territorio-de-esperanca\/#primaryimage\",\"url\":\"https:\/\/portaltela.pt\/s.01k8rhncp4jt1\/2026\/02\/Antonio-Jose-Seguro.jpg\",\"contentUrl\":\"https:\/\/portaltela.pt\/s.01k8rhncp4jt1\/2026\/02\/Antonio-Jose-Seguro.jpg\",\"width\":796,\"height\":448,\"caption\":\"Seguro diz que voto \u00e0 sua esquerda \u00abn\u00e3o conta\u00bb e pode favorecer a direita\"},{\"@type\":\"BreadcrumbList\",\"@id\":\"https:\/\/portaltela.pt\/noticias\/2026\/02\/04\/seguro-mobiliza-alto-alentejo-e-defende-o-interior-como-territorio-de-esperanca\/#breadcrumb\",\"itemListElement\":[{\"@type\":\"ListItem\",\"position\":1,\"name\":\"In\u00edcio\",\"item\":\"https:\/\/portaltela.pt\/\"},{\"@type\":\"ListItem\",\"position\":2,\"name\":\"Seguro mobiliza Alto Alentejo e defende o interior como territ\u00f3rio de esperan\u00e7a\"}]},{\"@type\":\"WebSite\",\"@id\":\"https:\/\/portaltela.pt\/#website\",\"url\":\"https:\/\/portaltela.pt\/\",\"name\":\"Portal Tela Portugal\",\"description\":\"\",\"potentialAction\":[{\"@type\":\"SearchAction\",\"target\":{\"@type\":\"EntryPoint\",\"urlTemplate\":\"https:\/\/portaltela.pt\/?s={search_term_string}\"},\"query-input\":{\"@type\":\"PropertyValueSpecification\",\"valueRequired\":true,\"valueName\":\"search_term_string\"}}],\"inLanguage\":\"pt-PT\"},{\"@type\":\"Person\",\"@id\":\"https:\/\/portaltela.pt\/#\/schema\/person\/c4278d4a6028830caff9ee44b42d32ed\",\"name\":\"Telinha\",\"image\":{\"@type\":\"ImageObject\",\"inLanguage\":\"pt-PT\",\"@id\":\"https:\/\/portaltela.pt\/s.01k8rhncp4jt1\/2025\/11\/talking-bot-125x125.png\",\"url\":\"https:\/\/portaltela.pt\/s.01k8rhncp4jt1\/2025\/11\/talking-bot-125x125.png\",\"contentUrl\":\"https:\/\/portaltela.pt\/s.01k8rhncp4jt1\/2025\/11\/talking-bot-125x125.png\",\"caption\":\"Telinha\"},\"sameAs\":[\"https:\/\/portaltela.pt\/\"],\"url\":\"https:\/\/portaltela.pt\/por\/367410592786\/\"}]}<\/script>\n<!-- \/ Yoast SEO plugin. -->","yoast_head_json":{"title":"Seguro mobiliza Alto Alentejo e defende o interior como territ\u00f3rio de esperan\u00e7a - Portal Tela Portugal","robots":{"index":"index","follow":"follow","max-snippet":"max-snippet:-1","max-image-preview":"max-image-preview:large","max-video-preview":"max-video-preview:-1"},"og_locale":"pt_PT","og_type":"article","og_title":"Seguro mobiliza Alto Alentejo e defende o interior como territ\u00f3rio de esperan\u00e7a - Portal Tela Portugal","og_description":"Ant\u00f3nio Jos\u00e9 Seguro iniciou a semana no Alto Alentejo, visitando Elvas, Campo Maior e Portalegre, com entrevista \u00e0 RTP no Museu da Tape\u00e7aria. Em Portalegre, num com\u00edcio para cerca de 500 apoiantes, defendeu uma estrat\u00e9gia nacional de valoriza\u00e7\u00e3o do interior, dizendo que n\u00e3o \u00e9 um fardo nem territ\u00f3rio dispens\u00e1vel. Disse que o interior n\u00e3o est\u00e1 condenado ao despovoamento e que precisa de pol\u00edticas p\u00fablicas consistentes para fixar popula\u00e7\u00e3o. Destacou o Grupo Nabeiro \u2013 Delta Caf\u00e9s, em Campo Maior, como exemplo de prosperidade a partir do interior, e o empreendimento de Alqueva como caso paradigm\u00e1tico de desenvolvimento. O mandat\u00e1rio distrital Jo\u00e3o Manuel Nabeiro sublinhou a necessidade de estabilidade, confian\u00e7a e uni\u00e3o nacional, considerando a estabilidade como base para o progresso.","og_url":"https:\/\/portaltela.pt\/noticias\/2026\/02\/04\/seguro-mobiliza-alto-alentejo-e-defende-o-interior-como-territorio-de-esperanca\/","og_site_name":"Portal Tela Portugal","article_published_time":"2026-02-04T20:54:00+00:00","author":"Telinha","twitter_card":"summary_large_image","twitter_misc":{"Escrito por":"Telinha","Tempo estimado de leitura":"2 minutos"},"schema":{"@context":"https:\/\/schema.org","@graph":[{"@type":"Article","@id":"https:\/\/portaltela.pt\/noticias\/2026\/02\/04\/seguro-mobiliza-alto-alentejo-e-defende-o-interior-como-territorio-de-esperanca\/#article","isPartOf":{"@id":"https:\/\/portaltela.pt\/noticias\/2026\/02\/04\/seguro-mobiliza-alto-alentejo-e-defende-o-interior-como-territorio-de-esperanca\/"},"author":{"name":"Telinha","@id":"https:\/\/portaltela.pt\/#\/schema\/person\/c4278d4a6028830caff9ee44b42d32ed"},"headline":"Seguro mobiliza Alto Alentejo e defende o interior como territ\u00f3rio de esperan\u00e7a","datePublished":"2026-02-04T20:54:00+00:00","mainEntityOfPage":{"@id":"https:\/\/portaltela.pt\/noticias\/2026\/02\/04\/seguro-mobiliza-alto-alentejo-e-defende-o-interior-como-territorio-de-esperanca\/"},"wordCount":326,"image":{"@id":"https:\/\/portaltela.pt\/noticias\/2026\/02\/04\/seguro-mobiliza-alto-alentejo-e-defende-o-interior-como-territorio-de-esperanca\/#primaryimage"},"thumbnailUrl":"https:\/\/portaltela.pt\/s.01k8rhncp4jt1\/2026\/02\/Antonio-Jose-Seguro.jpg","keywords":["Alentejo","Alqueva","Beira Baixa","Delta Caf\u00e9s","Elvas","Portalegre"],"articleSection":["Not\u00edcias","Pol\u00edtica"],"inLanguage":"pt-PT"},{"@type":"WebPage","@id":"https:\/\/portaltela.pt\/noticias\/2026\/02\/04\/seguro-mobiliza-alto-alentejo-e-defende-o-interior-como-territorio-de-esperanca\/","url":"https:\/\/portaltela.pt\/noticias\/2026\/02\/04\/seguro-mobiliza-alto-alentejo-e-defende-o-interior-como-territorio-de-esperanca\/","name":"Seguro mobiliza Alto Alentejo e defende o interior como territ\u00f3rio de esperan\u00e7a - Portal Tela Portugal","isPartOf":{"@id":"https:\/\/portaltela.pt\/#website"},"primaryImageOfPage":{"@id":"https:\/\/portaltela.pt\/noticias\/2026\/02\/04\/seguro-mobiliza-alto-alentejo-e-defende-o-interior-como-territorio-de-esperanca\/#primaryimage"},"image":{"@id":"https:\/\/portaltela.pt\/noticias\/2026\/02\/04\/seguro-mobiliza-alto-alentejo-e-defende-o-interior-como-territorio-de-esperanca\/#primaryimage"},"thumbnailUrl":"https:\/\/portaltela.pt\/s.01k8rhncp4jt1\/2026\/02\/Antonio-Jose-Seguro.jpg","datePublished":"2026-02-04T20:54:00+00:00","author":{"@id":"https:\/\/portaltela.pt\/#\/schema\/person\/c4278d4a6028830caff9ee44b42d32ed"},"breadcrumb":{"@id":"https:\/\/portaltela.pt\/noticias\/2026\/02\/04\/seguro-mobiliza-alto-alentejo-e-defende-o-interior-como-territorio-de-esperanca\/#breadcrumb"},"inLanguage":"pt-PT","potentialAction":[{"@type":"ReadAction","target":["https:\/\/portaltela.pt\/noticias\/2026\/02\/04\/seguro-mobiliza-alto-alentejo-e-defende-o-interior-como-territorio-de-esperanca\/"]}]},{"@type":"ImageObject","inLanguage":"pt-PT","@id":"https:\/\/portaltela.pt\/noticias\/2026\/02\/04\/seguro-mobiliza-alto-alentejo-e-defende-o-interior-como-territorio-de-esperanca\/#primaryimage","url":"https:\/\/portaltela.pt\/s.01k8rhncp4jt1\/2026\/02\/Antonio-Jose-Seguro.jpg","contentUrl":"https:\/\/portaltela.pt\/s.01k8rhncp4jt1\/2026\/02\/Antonio-Jose-Seguro.jpg","width":796,"height":448,"caption":"Seguro diz que voto \u00e0 sua esquerda \u00abn\u00e3o conta\u00bb e pode favorecer a direita"},{"@type":"BreadcrumbList","@id":"https:\/\/portaltela.pt\/noticias\/2026\/02\/04\/seguro-mobiliza-alto-alentejo-e-defende-o-interior-como-territorio-de-esperanca\/#breadcrumb","itemListElement":[{"@type":"ListItem","position":1,"name":"In\u00edcio","item":"https:\/\/portaltela.pt\/"},{"@type":"ListItem","position":2,"name":"Seguro mobiliza Alto Alentejo e defende o interior como territ\u00f3rio de esperan\u00e7a"}]},{"@type":"WebSite","@id":"https:\/\/portaltela.pt\/#website","url":"https:\/\/portaltela.pt\/","name":"Portal Tela Portugal","description":"","potentialAction":[{"@type":"SearchAction","target":{"@type":"EntryPoint","urlTemplate":"https:\/\/portaltela.pt\/?s={search_term_string}"},"query-input":{"@type":"PropertyValueSpecification","valueRequired":true,"valueName":"search_term_string"}}],"inLanguage":"pt-PT"},{"@type":"Person","@id":"https:\/\/portaltela.pt\/#\/schema\/person\/c4278d4a6028830caff9ee44b42d32ed","name":"Telinha","image":{"@type":"ImageObject","inLanguage":"pt-PT","@id":"https:\/\/portaltela.pt\/s.01k8rhncp4jt1\/2025\/11\/talking-bot-125x125.png","url":"https:\/\/portaltela.pt\/s.01k8rhncp4jt1\/2025\/11\/talking-bot-125x125.png","contentUrl":"https:\/\/portaltela.pt\/s.01k8rhncp4jt1\/2025\/11\/talking-bot-125x125.png","caption":"Telinha"},"sameAs":["https:\/\/portaltela.pt\/"],"url":"https:\/\/portaltela.pt\/por\/367410592786\/"}]}},"_links":{"self":[{"href":"https:\/\/portaltela.pt\/api\/wp\/v2\/posts\/198187","targetHints":{"allow":["GET"]}}],"collection":[{"href":"https:\/\/portaltela.pt\/api\/wp\/v2\/posts"}],"about":[{"href":"https:\/\/portaltela.pt\/api\/wp\/v2\/types\/post"}],"author":[{"embeddable":true,"href":"https:\/\/portaltela.pt\/api\/wp\/v2\/users\/2"}],"replies":[{"embeddable":true,"href":"https:\/\/portaltela.pt\/api\/wp\/v2\/comments?post=198187"}],"version-history":[{"count":0,"href":"https:\/\/portaltela.pt\/api\/wp\/v2\/posts\/198187\/revisions"}],"wp:featuredmedia":[{"embeddable":true,"href":"https:\/\/portaltela.pt\/api\/wp\/v2\/media\/198188"}],"wp:attachment":[{"href":"https:\/\/portaltela.pt\/api\/wp\/v2\/media?parent=198187"}],"wp:term":[{"taxonomy":"category","embeddable":true,"href":"https:\/\/portaltela.pt\/api\/wp\/v2\/categories?post=198187"},{"taxonomy":"post_tag","embeddable":true,"href":"https:\/\/portaltela.pt\/api\/wp\/v2\/tags?post=198187"}],"curies":[{"name":"wp","href":"https:\/\/api.w.org\/{rel}","templated":true}]}}