{"id":198159,"date":"2026-02-04T17:46:25","date_gmt":"2026-02-04T20:46:25","guid":{"rendered":"https:\/\/portaltela.pt\/noticias\/2026\/02\/04\/fofana-revela-dicas-de-telles-e-otavio-e-reconhece-thiago-silva-como-exemplo\/"},"modified":"2026-02-04T17:46:25","modified_gmt":"2026-02-04T20:46:25","slug":"fofana-revela-dicas-de-telles-e-otavio-e-reconhece-thiago-silva-como-exemplo","status":"publish","type":"post","link":"https:\/\/portaltela.pt\/desporto\/futebol\/2026\/02\/04\/fofana-revela-dicas-de-telles-e-otavio-e-reconhece-thiago-silva-como-exemplo\/","title":{"rendered":"Fofana revela dicas de Telles e Ot\u00e1vio e reconhece Thiago Silva como exemplo"},"content":{"rendered":"<p>Seko Fofana foi apresentado como refor\u00e7o do FC Porto no \u00faltimo dia \u00fatil do mercado de inverno. O m\u00e9dio internacional da Costa do Marfim chegou \u00e0 Invicta j\u00e1 com conhecimento interno do clube, obtido em parte atrav\u00e9s de Alex Telles e Ot\u00e1vio, antigos jogadores dos azuis e brancos com quem partilhou o tempo no Al Nassr. O an\u00fancio foi feito pelo FC Porto, que divulgou o v\u00eddeo de apresenta\u00e7\u00e3o esta semana.<\/p>\n<p>Ao chegar, Fofana explicou que ficou bem informado sobre o clube j\u00e1 no Al Nassr, onde partilhou ainda que teve um encontro com o Porto num jogo particular entre as duas equipas, que terminou com vit\u00f3ria dos azuis e brancos. O jogador reconheceu a qualidade do plantel e a tradi\u00e7\u00e3o do clube no futebol portugu\u00eas.<\/p>\n<p>Em rela\u00e7\u00e3o ao seu percurso anterior, o internacional cabo-verdiano recordou ter enfrentado Thiago Silva, Moffi e Rosario no campeonato franc\u00eas. De Thiago Silva, Fofana afirmou admirar o seu curr\u00edculo e reconheceu que estar ao lado do defesa-central \u00e9 um exemplo e uma oportunidade de evolu\u00e7\u00e3o. A Cargo Rennes emprestou Fofana ao FC Porto.<\/p>\n<p>Sobre o FC Porto e a cidade do Porto, o refor\u00e7o revelou saber que a equipa \u00e9 hist\u00f3rica e tem tido sucesso recente, com v\u00e1rios jogadores de qualidade. A cidade tamb\u00e9m o deixou a sentir-se bem, destacando a boa qualidade de vida e a simpatia das pessoas.<\/p>\n<p>A mudan\u00e7a foi descrita como facilitada, com Fofana a admiti-la como natural e entusiasmante. O jogador garantiu que est\u00e1 feliz por ter chegado ao Drag\u00e3o e que espera encarar com ambi\u00e7\u00e3o o desafio de alcan\u00e7ar grandes resultados com o FC Porto.<\/p>\n<h3>Conex\u00f5es com Telles, Ot\u00e1vio e Thiago Silva<\/h3>\n<p>Telles e Ot\u00e1vio, segundo Fofana, mostraram-se decisivos na sua decis\u00e3o de assinar pelo Porto, contribuindo com informa\u00e7\u00f5es positivas sobre o ambiente do clube. O m\u00e9dio acrescentou que a experi\u00eancia de competir com Thiago Silva, no passado, o motivou a evoluir ao lado de um defesa-central com grande carreira e reputa\u00e7\u00e3o.<\/p>\n","protected":false},"excerpt":{"rendered":"<ul>\n<li>Seko Fofana foi confirmado como refor\u00e7o do FC Porto no \u00faltimo dia do mercado de inverno e chegou informado sobre o clube, tamb\u00e9m por via de Alex Telles e Ot\u00e1vio.<\/li>\n<li>O m\u00e9dio internacional da Costa do Marfim recordou ter jogado contra o FC Porto e destacou a atua\u00e7\u00e3o da equipa naquela partida.<\/li>\n<li>Fofana disse ficar rendido a Thiago Silva, elogiando-o como jogador exemplar e boa pessoa, e mostrou-se contente por evoluir com ele.<\/li>\n<li>Referiu que o FC Porto \u00e9 uma equipa hist\u00f3rica em Portugal, com sucesso no passado e presente, e elogiou a cidade pela qualidade de vida.<\/li>\n<li>Garantiu que a mudan\u00e7a foi f\u00e1cil e mostrou-se entusiasmado com o que pode alcan\u00e7ar no Drag\u00e3o.<\/li>\n<\/ul>\n","protected":false},"author":2,"featured_media":198162,"comment_status":"closed","ping_status":"closed","sticky":false,"template":"","format":"standard","meta":{"footnotes":""},"categories":[21,24],"tags":[2044,2028,32,4959,982,3037],"class_list":["post-198159","post","type-post","status-publish","format-standard","has-post-thumbnail","hentry","category-desporto","category-futebol","tag-costa-do-marfim","tag-fc-porto","tag-futebol","tag-otavio","tag-porto","tag-thiago-silva"],"yoast_head":"<!-- This site is optimized with the Yoast SEO plugin v27.2 - https:\/\/yoast.com\/product\/yoast-seo-wordpress\/ -->\n<title>Fofana revela dicas de Telles e Ot\u00e1vio e reconhece Thiago Silva como exemplo - Portal Tela Portugal<\/title>\n<meta name=\"robots\" content=\"index, follow, max-snippet:-1, max-image-preview:large, max-video-preview:-1\" \/>\n<meta property=\"og:locale\" content=\"pt_PT\" \/>\n<meta property=\"og:type\" content=\"article\" \/>\n<meta property=\"og:title\" content=\"Fofana revela dicas de Telles e Ot\u00e1vio e reconhece Thiago Silva como exemplo - Portal Tela Portugal\" \/>\n<meta property=\"og:description\" content=\"Seko Fofana foi confirmado como refor\u00e7o do FC Porto no \u00faltimo dia do mercado de inverno e chegou informado sobre o clube, tamb\u00e9m por via de Alex Telles e Ot\u00e1vio. O m\u00e9dio internacional da Costa do Marfim recordou ter jogado contra o FC Porto e destacou a atua\u00e7\u00e3o da equipa naquela partida. Fofana disse ficar rendido a Thiago Silva, elogiando-o como jogador exemplar e boa pessoa, e mostrou-se contente por evoluir com ele. Referiu que o FC Porto \u00e9 uma equipa hist\u00f3rica em Portugal, com sucesso no passado e presente, e elogiou a cidade pela qualidade de vida. Garantiu que a mudan\u00e7a foi f\u00e1cil e mostrou-se entusiasmado com o que pode alcan\u00e7ar no Drag\u00e3o.\" \/>\n<meta property=\"og:url\" content=\"https:\/\/portaltela.pt\/noticias\/2026\/02\/04\/fofana-revela-dicas-de-telles-e-otavio-e-reconhece-thiago-silva-como-exemplo\/\" \/>\n<meta property=\"og:site_name\" content=\"Portal Tela Portugal\" \/>\n<meta property=\"article:published_time\" content=\"2026-02-04T20:46:25+00:00\" \/>\n<meta name=\"author\" content=\"Telinha\" \/>\n<meta name=\"twitter:card\" content=\"summary_large_image\" \/>\n<meta name=\"twitter:label1\" content=\"Escrito por\" \/>\n\t<meta name=\"twitter:data1\" content=\"Telinha\" \/>\n\t<meta name=\"twitter:label2\" content=\"Tempo estimado de leitura\" \/>\n\t<meta name=\"twitter:data2\" content=\"2 minutos\" \/>\n<script type=\"application\/ld+json\" class=\"yoast-schema-graph\">{\"@context\":\"https:\/\/schema.org\",\"@graph\":[{\"@type\":\"Article\",\"@id\":\"https:\/\/portaltela.pt\/noticias\/2026\/02\/04\/fofana-revela-dicas-de-telles-e-otavio-e-reconhece-thiago-silva-como-exemplo\/#article\",\"isPartOf\":{\"@id\":\"https:\/\/portaltela.pt\/noticias\/2026\/02\/04\/fofana-revela-dicas-de-telles-e-otavio-e-reconhece-thiago-silva-como-exemplo\/\"},\"author\":{\"name\":\"Telinha\",\"@id\":\"https:\/\/portaltela.pt\/#\/schema\/person\/c4278d4a6028830caff9ee44b42d32ed\"},\"headline\":\"Fofana revela dicas de Telles e Ot\u00e1vio e reconhece Thiago Silva como exemplo\",\"datePublished\":\"2026-02-04T20:46:25+00:00\",\"mainEntityOfPage\":{\"@id\":\"https:\/\/portaltela.pt\/noticias\/2026\/02\/04\/fofana-revela-dicas-de-telles-e-otavio-e-reconhece-thiago-silva-como-exemplo\/\"},\"wordCount\":365,\"image\":{\"@id\":\"https:\/\/portaltela.pt\/noticias\/2026\/02\/04\/fofana-revela-dicas-de-telles-e-otavio-e-reconhece-thiago-silva-como-exemplo\/#primaryimage\"},\"thumbnailUrl\":\"https:\/\/portaltela.pt\/s.01k8rhncp4jt1\/2026\/02\/img_920x518uu2026-02-04-20-45-29-2419586-im-639058347551383365.jpg\",\"keywords\":[\"Costa do Marfim\",\"FC Porto\",\"futebol\",\"Ot\u00e1vio\",\"Porto\",\"Thiago Silva\"],\"articleSection\":[\"Desporto\",\"Futebol\"],\"inLanguage\":\"pt-PT\"},{\"@type\":\"WebPage\",\"@id\":\"https:\/\/portaltela.pt\/noticias\/2026\/02\/04\/fofana-revela-dicas-de-telles-e-otavio-e-reconhece-thiago-silva-como-exemplo\/\",\"url\":\"https:\/\/portaltela.pt\/noticias\/2026\/02\/04\/fofana-revela-dicas-de-telles-e-otavio-e-reconhece-thiago-silva-como-exemplo\/\",\"name\":\"Fofana revela dicas de Telles e Ot\u00e1vio e reconhece Thiago Silva como exemplo - Portal Tela Portugal\",\"isPartOf\":{\"@id\":\"https:\/\/portaltela.pt\/#website\"},\"primaryImageOfPage\":{\"@id\":\"https:\/\/portaltela.pt\/noticias\/2026\/02\/04\/fofana-revela-dicas-de-telles-e-otavio-e-reconhece-thiago-silva-como-exemplo\/#primaryimage\"},\"image\":{\"@id\":\"https:\/\/portaltela.pt\/noticias\/2026\/02\/04\/fofana-revela-dicas-de-telles-e-otavio-e-reconhece-thiago-silva-como-exemplo\/#primaryimage\"},\"thumbnailUrl\":\"https:\/\/portaltela.pt\/s.01k8rhncp4jt1\/2026\/02\/img_920x518uu2026-02-04-20-45-29-2419586-im-639058347551383365.jpg\",\"datePublished\":\"2026-02-04T20:46:25+00:00\",\"author\":{\"@id\":\"https:\/\/portaltela.pt\/#\/schema\/person\/c4278d4a6028830caff9ee44b42d32ed\"},\"breadcrumb\":{\"@id\":\"https:\/\/portaltela.pt\/noticias\/2026\/02\/04\/fofana-revela-dicas-de-telles-e-otavio-e-reconhece-thiago-silva-como-exemplo\/#breadcrumb\"},\"inLanguage\":\"pt-PT\",\"potentialAction\":[{\"@type\":\"ReadAction\",\"target\":[\"https:\/\/portaltela.pt\/noticias\/2026\/02\/04\/fofana-revela-dicas-de-telles-e-otavio-e-reconhece-thiago-silva-como-exemplo\/\"]}]},{\"@type\":\"ImageObject\",\"inLanguage\":\"pt-PT\",\"@id\":\"https:\/\/portaltela.pt\/noticias\/2026\/02\/04\/fofana-revela-dicas-de-telles-e-otavio-e-reconhece-thiago-silva-como-exemplo\/#primaryimage\",\"url\":\"https:\/\/portaltela.pt\/s.01k8rhncp4jt1\/2026\/02\/img_920x518uu2026-02-04-20-45-29-2419586-im-639058347551383365.jpg\",\"contentUrl\":\"https:\/\/portaltela.pt\/s.01k8rhncp4jt1\/2026\/02\/img_920x518uu2026-02-04-20-45-29-2419586-im-639058347551383365.jpg\",\"width\":796,\"height\":448,\"caption\":\"Fofana no treino do FC Porto\"},{\"@type\":\"BreadcrumbList\",\"@id\":\"https:\/\/portaltela.pt\/noticias\/2026\/02\/04\/fofana-revela-dicas-de-telles-e-otavio-e-reconhece-thiago-silva-como-exemplo\/#breadcrumb\",\"itemListElement\":[{\"@type\":\"ListItem\",\"position\":1,\"name\":\"In\u00edcio\",\"item\":\"https:\/\/portaltela.pt\/\"},{\"@type\":\"ListItem\",\"position\":2,\"name\":\"Fofana revela dicas de Telles e Ot\u00e1vio e reconhece Thiago Silva como exemplo\"}]},{\"@type\":\"WebSite\",\"@id\":\"https:\/\/portaltela.pt\/#website\",\"url\":\"https:\/\/portaltela.pt\/\",\"name\":\"Portal Tela Portugal\",\"description\":\"\",\"potentialAction\":[{\"@type\":\"SearchAction\",\"target\":{\"@type\":\"EntryPoint\",\"urlTemplate\":\"https:\/\/portaltela.pt\/?s={search_term_string}\"},\"query-input\":{\"@type\":\"PropertyValueSpecification\",\"valueRequired\":true,\"valueName\":\"search_term_string\"}}],\"inLanguage\":\"pt-PT\"},{\"@type\":\"Person\",\"@id\":\"https:\/\/portaltela.pt\/#\/schema\/person\/c4278d4a6028830caff9ee44b42d32ed\",\"name\":\"Telinha\",\"image\":{\"@type\":\"ImageObject\",\"inLanguage\":\"pt-PT\",\"@id\":\"https:\/\/portaltela.pt\/s.01k8rhncp4jt1\/2025\/11\/talking-bot-125x125.png\",\"url\":\"https:\/\/portaltela.pt\/s.01k8rhncp4jt1\/2025\/11\/talking-bot-125x125.png\",\"contentUrl\":\"https:\/\/portaltela.pt\/s.01k8rhncp4jt1\/2025\/11\/talking-bot-125x125.png\",\"caption\":\"Telinha\"},\"sameAs\":[\"https:\/\/portaltela.pt\/\"],\"url\":\"https:\/\/portaltela.pt\/por\/367410592786\/\"}]}<\/script>\n<!-- \/ Yoast SEO plugin. -->","yoast_head_json":{"title":"Fofana revela dicas de Telles e Ot\u00e1vio e reconhece Thiago Silva como exemplo - Portal Tela Portugal","robots":{"index":"index","follow":"follow","max-snippet":"max-snippet:-1","max-image-preview":"max-image-preview:large","max-video-preview":"max-video-preview:-1"},"og_locale":"pt_PT","og_type":"article","og_title":"Fofana revela dicas de Telles e Ot\u00e1vio e reconhece Thiago Silva como exemplo - Portal Tela Portugal","og_description":"Seko Fofana foi confirmado como refor\u00e7o do FC Porto no \u00faltimo dia do mercado de inverno e chegou informado sobre o clube, tamb\u00e9m por via de Alex Telles e Ot\u00e1vio. O m\u00e9dio internacional da Costa do Marfim recordou ter jogado contra o FC Porto e destacou a atua\u00e7\u00e3o da equipa naquela partida. Fofana disse ficar rendido a Thiago Silva, elogiando-o como jogador exemplar e boa pessoa, e mostrou-se contente por evoluir com ele. Referiu que o FC Porto \u00e9 uma equipa hist\u00f3rica em Portugal, com sucesso no passado e presente, e elogiou a cidade pela qualidade de vida. Garantiu que a mudan\u00e7a foi f\u00e1cil e mostrou-se entusiasmado com o que pode alcan\u00e7ar no Drag\u00e3o.","og_url":"https:\/\/portaltela.pt\/noticias\/2026\/02\/04\/fofana-revela-dicas-de-telles-e-otavio-e-reconhece-thiago-silva-como-exemplo\/","og_site_name":"Portal Tela Portugal","article_published_time":"2026-02-04T20:46:25+00:00","author":"Telinha","twitter_card":"summary_large_image","twitter_misc":{"Escrito por":"Telinha","Tempo estimado de leitura":"2 minutos"},"schema":{"@context":"https:\/\/schema.org","@graph":[{"@type":"Article","@id":"https:\/\/portaltela.pt\/noticias\/2026\/02\/04\/fofana-revela-dicas-de-telles-e-otavio-e-reconhece-thiago-silva-como-exemplo\/#article","isPartOf":{"@id":"https:\/\/portaltela.pt\/noticias\/2026\/02\/04\/fofana-revela-dicas-de-telles-e-otavio-e-reconhece-thiago-silva-como-exemplo\/"},"author":{"name":"Telinha","@id":"https:\/\/portaltela.pt\/#\/schema\/person\/c4278d4a6028830caff9ee44b42d32ed"},"headline":"Fofana revela dicas de Telles e Ot\u00e1vio e reconhece Thiago Silva como exemplo","datePublished":"2026-02-04T20:46:25+00:00","mainEntityOfPage":{"@id":"https:\/\/portaltela.pt\/noticias\/2026\/02\/04\/fofana-revela-dicas-de-telles-e-otavio-e-reconhece-thiago-silva-como-exemplo\/"},"wordCount":365,"image":{"@id":"https:\/\/portaltela.pt\/noticias\/2026\/02\/04\/fofana-revela-dicas-de-telles-e-otavio-e-reconhece-thiago-silva-como-exemplo\/#primaryimage"},"thumbnailUrl":"https:\/\/portaltela.pt\/s.01k8rhncp4jt1\/2026\/02\/img_920x518uu2026-02-04-20-45-29-2419586-im-639058347551383365.jpg","keywords":["Costa do Marfim","FC Porto","futebol","Ot\u00e1vio","Porto","Thiago Silva"],"articleSection":["Desporto","Futebol"],"inLanguage":"pt-PT"},{"@type":"WebPage","@id":"https:\/\/portaltela.pt\/noticias\/2026\/02\/04\/fofana-revela-dicas-de-telles-e-otavio-e-reconhece-thiago-silva-como-exemplo\/","url":"https:\/\/portaltela.pt\/noticias\/2026\/02\/04\/fofana-revela-dicas-de-telles-e-otavio-e-reconhece-thiago-silva-como-exemplo\/","name":"Fofana revela dicas de Telles e Ot\u00e1vio e reconhece Thiago Silva como exemplo - Portal Tela Portugal","isPartOf":{"@id":"https:\/\/portaltela.pt\/#website"},"primaryImageOfPage":{"@id":"https:\/\/portaltela.pt\/noticias\/2026\/02\/04\/fofana-revela-dicas-de-telles-e-otavio-e-reconhece-thiago-silva-como-exemplo\/#primaryimage"},"image":{"@id":"https:\/\/portaltela.pt\/noticias\/2026\/02\/04\/fofana-revela-dicas-de-telles-e-otavio-e-reconhece-thiago-silva-como-exemplo\/#primaryimage"},"thumbnailUrl":"https:\/\/portaltela.pt\/s.01k8rhncp4jt1\/2026\/02\/img_920x518uu2026-02-04-20-45-29-2419586-im-639058347551383365.jpg","datePublished":"2026-02-04T20:46:25+00:00","author":{"@id":"https:\/\/portaltela.pt\/#\/schema\/person\/c4278d4a6028830caff9ee44b42d32ed"},"breadcrumb":{"@id":"https:\/\/portaltela.pt\/noticias\/2026\/02\/04\/fofana-revela-dicas-de-telles-e-otavio-e-reconhece-thiago-silva-como-exemplo\/#breadcrumb"},"inLanguage":"pt-PT","potentialAction":[{"@type":"ReadAction","target":["https:\/\/portaltela.pt\/noticias\/2026\/02\/04\/fofana-revela-dicas-de-telles-e-otavio-e-reconhece-thiago-silva-como-exemplo\/"]}]},{"@type":"ImageObject","inLanguage":"pt-PT","@id":"https:\/\/portaltela.pt\/noticias\/2026\/02\/04\/fofana-revela-dicas-de-telles-e-otavio-e-reconhece-thiago-silva-como-exemplo\/#primaryimage","url":"https:\/\/portaltela.pt\/s.01k8rhncp4jt1\/2026\/02\/img_920x518uu2026-02-04-20-45-29-2419586-im-639058347551383365.jpg","contentUrl":"https:\/\/portaltela.pt\/s.01k8rhncp4jt1\/2026\/02\/img_920x518uu2026-02-04-20-45-29-2419586-im-639058347551383365.jpg","width":796,"height":448,"caption":"Fofana no treino do FC Porto"},{"@type":"BreadcrumbList","@id":"https:\/\/portaltela.pt\/noticias\/2026\/02\/04\/fofana-revela-dicas-de-telles-e-otavio-e-reconhece-thiago-silva-como-exemplo\/#breadcrumb","itemListElement":[{"@type":"ListItem","position":1,"name":"In\u00edcio","item":"https:\/\/portaltela.pt\/"},{"@type":"ListItem","position":2,"name":"Fofana revela dicas de Telles e Ot\u00e1vio e reconhece Thiago Silva como exemplo"}]},{"@type":"WebSite","@id":"https:\/\/portaltela.pt\/#website","url":"https:\/\/portaltela.pt\/","name":"Portal Tela Portugal","description":"","potentialAction":[{"@type":"SearchAction","target":{"@type":"EntryPoint","urlTemplate":"https:\/\/portaltela.pt\/?s={search_term_string}"},"query-input":{"@type":"PropertyValueSpecification","valueRequired":true,"valueName":"search_term_string"}}],"inLanguage":"pt-PT"},{"@type":"Person","@id":"https:\/\/portaltela.pt\/#\/schema\/person\/c4278d4a6028830caff9ee44b42d32ed","name":"Telinha","image":{"@type":"ImageObject","inLanguage":"pt-PT","@id":"https:\/\/portaltela.pt\/s.01k8rhncp4jt1\/2025\/11\/talking-bot-125x125.png","url":"https:\/\/portaltela.pt\/s.01k8rhncp4jt1\/2025\/11\/talking-bot-125x125.png","contentUrl":"https:\/\/portaltela.pt\/s.01k8rhncp4jt1\/2025\/11\/talking-bot-125x125.png","caption":"Telinha"},"sameAs":["https:\/\/portaltela.pt\/"],"url":"https:\/\/portaltela.pt\/por\/367410592786\/"}]}},"_links":{"self":[{"href":"https:\/\/portaltela.pt\/api\/wp\/v2\/posts\/198159","targetHints":{"allow":["GET"]}}],"collection":[{"href":"https:\/\/portaltela.pt\/api\/wp\/v2\/posts"}],"about":[{"href":"https:\/\/portaltela.pt\/api\/wp\/v2\/types\/post"}],"author":[{"embeddable":true,"href":"https:\/\/portaltela.pt\/api\/wp\/v2\/users\/2"}],"replies":[{"embeddable":true,"href":"https:\/\/portaltela.pt\/api\/wp\/v2\/comments?post=198159"}],"version-history":[{"count":0,"href":"https:\/\/portaltela.pt\/api\/wp\/v2\/posts\/198159\/revisions"}],"wp:featuredmedia":[{"embeddable":true,"href":"https:\/\/portaltela.pt\/api\/wp\/v2\/media\/198162"}],"wp:attachment":[{"href":"https:\/\/portaltela.pt\/api\/wp\/v2\/media?parent=198159"}],"wp:term":[{"taxonomy":"category","embeddable":true,"href":"https:\/\/portaltela.pt\/api\/wp\/v2\/categories?post=198159"},{"taxonomy":"post_tag","embeddable":true,"href":"https:\/\/portaltela.pt\/api\/wp\/v2\/tags?post=198159"}],"curies":[{"name":"wp","href":"https:\/\/api.w.org\/{rel}","templated":true}]}}