{"id":198135,"date":"2026-02-04T17:42:00","date_gmt":"2026-02-04T20:42:00","guid":{"rendered":"https:\/\/portaltela.pt\/noticias\/2026\/02\/04\/vitima-mortal-em-serpa-apos-veiculo-arrastado-pela-corrente-junto-a-amoreira\/"},"modified":"2026-02-04T17:42:00","modified_gmt":"2026-02-04T20:42:00","slug":"vitima-mortal-em-serpa-apos-veiculo-arrastado-pela-corrente-junto-a-amoreira","status":"publish","type":"post","link":"https:\/\/portaltela.pt\/noticias\/2026\/02\/04\/vitima-mortal-em-serpa-apos-veiculo-arrastado-pela-corrente-junto-a-amoreira\/","title":{"rendered":"V\u00edtima mortal em Serpa ap\u00f3s ve\u00edculo arrastado pela corrente junto \u00e0 Amoreira"},"content":{"rendered":"<p>O concelho de Serpa registou uma v\u00edtima mortal na sequ\u00eancia do aumento r\u00e1pido dos caudais na bacia do rio Guadiana. Um homem morreu ap\u00f3s ser arrastado pela forte corrente quando tentava atravessar uma linha de \u00e1gua junto \u00e0 Barragem da Amoreira.<\/p>\n<p>O alerta foi dado \u00e0s 15h51, ap\u00f3s a dete\u00e7\u00e3o de um ve\u00edculo ligeiro submerso na via que liga a ER258 ao pared\u00e3o da barragem. A for\u00e7a da \u00e1gua complicou o socorro, obrigando manobras de estabiliza\u00e7\u00e3o do ve\u00edculo no leito da ribeira.<\/p>\n<p>A opera\u00e7\u00e3o mobilizou 31 operacionais e 13 viaturas, incluindo mergulhadores dos bombeiros de Serpa e Moura, GNR e o Servi\u00e7o Municipal de Prote\u00e7\u00e3o Civil. O corpo ainda n\u00e3o foi identificado oficialmente.<\/p>\n<h3>Detalhes da opera\u00e7\u00e3o e apelo \u00e0 prud\u00eancia<\/h3>\n<p>V\u00e1rias estradas do concelho permanecem cortadas devido ao transbordo de ribeiras, provocado pela chuva intensa e pela satura\u00e7\u00e3o do solo. Autoridades reiteram o apelo \u00e0 prud\u00eancia: nunca atravesse zonas submersas, mesmo que pare\u00e7am rasas, pois a corrente \u00e9 perigosa.<\/p>\n","protected":false},"excerpt":{"rendered":"<ul>\n<li>Em Serpa, houve uma v\u00edtima mortal na sequ\u00eancia dos caudais elevados na bacia do rio Guadiana, junto \u00e0 Barragem da Amoreira.<\/li>\n<li>O alerta chegou \u00e0s 15h51, ap\u00f3s a dete\u00e7\u00e3o de um ve\u00edculo ligeiro submerso na via que liga a Estrada Regional 258 ao pared\u00e3o da barragem.<\/li>\n<li>O 2.\u00ba comandante Jos\u00e9 Horta explicou que a for\u00e7a da \u00e1gua tornou o socorro extremamente complexo, exigindo a estabiliza\u00e7\u00e3o do ve\u00edculo no leito da ribeira antes de aceder com seguran\u00e7a.<\/li>\n<li>O dispositivo envolveu 31 operacionais e 13 viaturas, incluindo mergulhadores dos bombeiros de Serpa e Moura, bem como a GNR e o Servi\u00e7o Municipal de Prote\u00e7\u00e3o Civil.<\/li>\n<li>V\u00e1rias estradas do concelho est\u00e3o cortadas devido ao transbordo de ribeiras, resultante da chuva intensa e da satura\u00e7\u00e3o dos solos; as autoridades pedem prud\u00eancia e que n\u00e3o se atravessem zonas submersas.<\/li>\n<\/ul>\n","protected":false},"author":2,"featured_media":198136,"comment_status":"closed","ping_status":"closed","sticky":false,"template":"","format":"standard","meta":{"footnotes":""},"categories":[1],"tags":[3812,971,2409,2293,320,3120],"class_list":["post-198135","post","type-post","status-publish","format-standard","has-post-thumbnail","hentry","category-noticias","tag-alagamentos","tag-bombeiros","tag-guadiana","tag-inundacoes","tag-protecao-civil","tag-serpa"],"yoast_head":"<!-- This site is optimized with the Yoast SEO plugin v27.2 - https:\/\/yoast.com\/product\/yoast-seo-wordpress\/ -->\n<title>V\u00edtima mortal em Serpa ap\u00f3s ve\u00edculo arrastado pela corrente junto \u00e0 Amoreira - Portal Tela Portugal<\/title>\n<meta name=\"robots\" content=\"index, follow, max-snippet:-1, max-image-preview:large, max-video-preview:-1\" \/>\n<meta property=\"og:locale\" content=\"pt_PT\" \/>\n<meta property=\"og:type\" content=\"article\" \/>\n<meta property=\"og:title\" content=\"V\u00edtima mortal em Serpa ap\u00f3s ve\u00edculo arrastado pela corrente junto \u00e0 Amoreira - Portal Tela Portugal\" \/>\n<meta property=\"og:description\" content=\"Em Serpa, houve uma v\u00edtima mortal na sequ\u00eancia dos caudais elevados na bacia do rio Guadiana, junto \u00e0 Barragem da Amoreira. O alerta chegou \u00e0s 15h51, ap\u00f3s a dete\u00e7\u00e3o de um ve\u00edculo ligeiro submerso na via que liga a Estrada Regional 258 ao pared\u00e3o da barragem. O 2.\u00ba comandante Jos\u00e9 Horta explicou que a for\u00e7a da \u00e1gua tornou o socorro extremamente complexo, exigindo a estabiliza\u00e7\u00e3o do ve\u00edculo no leito da ribeira antes de aceder com seguran\u00e7a. O dispositivo envolveu 31 operacionais e 13 viaturas, incluindo mergulhadores dos bombeiros de Serpa e Moura, bem como a GNR e o Servi\u00e7o Municipal de Prote\u00e7\u00e3o Civil. V\u00e1rias estradas do concelho est\u00e3o cortadas devido ao transbordo de ribeiras, resultante da chuva intensa e da satura\u00e7\u00e3o dos solos; as autoridades pedem prud\u00eancia e que n\u00e3o se atravessem zonas submersas.\" \/>\n<meta property=\"og:url\" content=\"https:\/\/portaltela.pt\/noticias\/2026\/02\/04\/vitima-mortal-em-serpa-apos-veiculo-arrastado-pela-corrente-junto-a-amoreira\/\" \/>\n<meta property=\"og:site_name\" content=\"Portal Tela Portugal\" \/>\n<meta property=\"article:published_time\" content=\"2026-02-04T20:42:00+00:00\" \/>\n<meta name=\"author\" content=\"Telinha\" \/>\n<meta name=\"twitter:card\" content=\"summary_large_image\" \/>\n<meta name=\"twitter:label1\" content=\"Escrito por\" \/>\n\t<meta name=\"twitter:data1\" content=\"Telinha\" \/>\n\t<meta name=\"twitter:label2\" content=\"Tempo estimado de leitura\" \/>\n\t<meta name=\"twitter:data2\" content=\"1 minuto\" \/>\n<script type=\"application\/ld+json\" class=\"yoast-schema-graph\">{\"@context\":\"https:\/\/schema.org\",\"@graph\":[{\"@type\":\"Article\",\"@id\":\"https:\/\/portaltela.pt\/noticias\/2026\/02\/04\/vitima-mortal-em-serpa-apos-veiculo-arrastado-pela-corrente-junto-a-amoreira\/#article\",\"isPartOf\":{\"@id\":\"https:\/\/portaltela.pt\/noticias\/2026\/02\/04\/vitima-mortal-em-serpa-apos-veiculo-arrastado-pela-corrente-junto-a-amoreira\/\"},\"author\":{\"name\":\"Telinha\",\"@id\":\"https:\/\/portaltela.pt\/#\/schema\/person\/c4278d4a6028830caff9ee44b42d32ed\"},\"headline\":\"V\u00edtima mortal em Serpa ap\u00f3s ve\u00edculo arrastado pela corrente junto \u00e0 Amoreira\",\"datePublished\":\"2026-02-04T20:42:00+00:00\",\"mainEntityOfPage\":{\"@id\":\"https:\/\/portaltela.pt\/noticias\/2026\/02\/04\/vitima-mortal-em-serpa-apos-veiculo-arrastado-pela-corrente-junto-a-amoreira\/\"},\"wordCount\":188,\"image\":{\"@id\":\"https:\/\/portaltela.pt\/noticias\/2026\/02\/04\/vitima-mortal-em-serpa-apos-veiculo-arrastado-pela-corrente-junto-a-amoreira\/#primaryimage\"},\"thumbnailUrl\":\"https:\/\/portaltela.pt\/s.01k8rhncp4jt1\/2026\/02\/inem-1.jpg\",\"keywords\":[\"alagamentos\",\"bombeiros\",\"Guadiana\",\"inunda\u00e7\u00f5es\",\"prote\u00e7\u00e3o civil\",\"Serpa\"],\"articleSection\":[\"Not\u00edcias\"],\"inLanguage\":\"pt-PT\"},{\"@type\":\"WebPage\",\"@id\":\"https:\/\/portaltela.pt\/noticias\/2026\/02\/04\/vitima-mortal-em-serpa-apos-veiculo-arrastado-pela-corrente-junto-a-amoreira\/\",\"url\":\"https:\/\/portaltela.pt\/noticias\/2026\/02\/04\/vitima-mortal-em-serpa-apos-veiculo-arrastado-pela-corrente-junto-a-amoreira\/\",\"name\":\"V\u00edtima mortal em Serpa ap\u00f3s ve\u00edculo arrastado pela corrente junto \u00e0 Amoreira - Portal Tela Portugal\",\"isPartOf\":{\"@id\":\"https:\/\/portaltela.pt\/#website\"},\"primaryImageOfPage\":{\"@id\":\"https:\/\/portaltela.pt\/noticias\/2026\/02\/04\/vitima-mortal-em-serpa-apos-veiculo-arrastado-pela-corrente-junto-a-amoreira\/#primaryimage\"},\"image\":{\"@id\":\"https:\/\/portaltela.pt\/noticias\/2026\/02\/04\/vitima-mortal-em-serpa-apos-veiculo-arrastado-pela-corrente-junto-a-amoreira\/#primaryimage\"},\"thumbnailUrl\":\"https:\/\/portaltela.pt\/s.01k8rhncp4jt1\/2026\/02\/inem-1.jpg\",\"datePublished\":\"2026-02-04T20:42:00+00:00\",\"author\":{\"@id\":\"https:\/\/portaltela.pt\/#\/schema\/person\/c4278d4a6028830caff9ee44b42d32ed\"},\"breadcrumb\":{\"@id\":\"https:\/\/portaltela.pt\/noticias\/2026\/02\/04\/vitima-mortal-em-serpa-apos-veiculo-arrastado-pela-corrente-junto-a-amoreira\/#breadcrumb\"},\"inLanguage\":\"pt-PT\",\"potentialAction\":[{\"@type\":\"ReadAction\",\"target\":[\"https:\/\/portaltela.pt\/noticias\/2026\/02\/04\/vitima-mortal-em-serpa-apos-veiculo-arrastado-pela-corrente-junto-a-amoreira\/\"]}]},{\"@type\":\"ImageObject\",\"inLanguage\":\"pt-PT\",\"@id\":\"https:\/\/portaltela.pt\/noticias\/2026\/02\/04\/vitima-mortal-em-serpa-apos-veiculo-arrastado-pela-corrente-junto-a-amoreira\/#primaryimage\",\"url\":\"https:\/\/portaltela.pt\/s.01k8rhncp4jt1\/2026\/02\/inem-1.jpg\",\"contentUrl\":\"https:\/\/portaltela.pt\/s.01k8rhncp4jt1\/2026\/02\/inem-1.jpg\",\"width\":796,\"height\":448,\"caption\":\"Acidente na A2 em Ourique faz uma v\u00edtima mortal e um ferido grave\"},{\"@type\":\"BreadcrumbList\",\"@id\":\"https:\/\/portaltela.pt\/noticias\/2026\/02\/04\/vitima-mortal-em-serpa-apos-veiculo-arrastado-pela-corrente-junto-a-amoreira\/#breadcrumb\",\"itemListElement\":[{\"@type\":\"ListItem\",\"position\":1,\"name\":\"In\u00edcio\",\"item\":\"https:\/\/portaltela.pt\/\"},{\"@type\":\"ListItem\",\"position\":2,\"name\":\"V\u00edtima mortal em Serpa ap\u00f3s ve\u00edculo arrastado pela corrente junto \u00e0 Amoreira\"}]},{\"@type\":\"WebSite\",\"@id\":\"https:\/\/portaltela.pt\/#website\",\"url\":\"https:\/\/portaltela.pt\/\",\"name\":\"Portal Tela Portugal\",\"description\":\"\",\"potentialAction\":[{\"@type\":\"SearchAction\",\"target\":{\"@type\":\"EntryPoint\",\"urlTemplate\":\"https:\/\/portaltela.pt\/?s={search_term_string}\"},\"query-input\":{\"@type\":\"PropertyValueSpecification\",\"valueRequired\":true,\"valueName\":\"search_term_string\"}}],\"inLanguage\":\"pt-PT\"},{\"@type\":\"Person\",\"@id\":\"https:\/\/portaltela.pt\/#\/schema\/person\/c4278d4a6028830caff9ee44b42d32ed\",\"name\":\"Telinha\",\"image\":{\"@type\":\"ImageObject\",\"inLanguage\":\"pt-PT\",\"@id\":\"https:\/\/portaltela.pt\/s.01k8rhncp4jt1\/2025\/11\/talking-bot-125x125.png\",\"url\":\"https:\/\/portaltela.pt\/s.01k8rhncp4jt1\/2025\/11\/talking-bot-125x125.png\",\"contentUrl\":\"https:\/\/portaltela.pt\/s.01k8rhncp4jt1\/2025\/11\/talking-bot-125x125.png\",\"caption\":\"Telinha\"},\"sameAs\":[\"https:\/\/portaltela.pt\/\"],\"url\":\"https:\/\/portaltela.pt\/por\/367410592786\/\"}]}<\/script>\n<!-- \/ Yoast SEO plugin. -->","yoast_head_json":{"title":"V\u00edtima mortal em Serpa ap\u00f3s ve\u00edculo arrastado pela corrente junto \u00e0 Amoreira - Portal Tela Portugal","robots":{"index":"index","follow":"follow","max-snippet":"max-snippet:-1","max-image-preview":"max-image-preview:large","max-video-preview":"max-video-preview:-1"},"og_locale":"pt_PT","og_type":"article","og_title":"V\u00edtima mortal em Serpa ap\u00f3s ve\u00edculo arrastado pela corrente junto \u00e0 Amoreira - Portal Tela Portugal","og_description":"Em Serpa, houve uma v\u00edtima mortal na sequ\u00eancia dos caudais elevados na bacia do rio Guadiana, junto \u00e0 Barragem da Amoreira. O alerta chegou \u00e0s 15h51, ap\u00f3s a dete\u00e7\u00e3o de um ve\u00edculo ligeiro submerso na via que liga a Estrada Regional 258 ao pared\u00e3o da barragem. O 2.\u00ba comandante Jos\u00e9 Horta explicou que a for\u00e7a da \u00e1gua tornou o socorro extremamente complexo, exigindo a estabiliza\u00e7\u00e3o do ve\u00edculo no leito da ribeira antes de aceder com seguran\u00e7a. O dispositivo envolveu 31 operacionais e 13 viaturas, incluindo mergulhadores dos bombeiros de Serpa e Moura, bem como a GNR e o Servi\u00e7o Municipal de Prote\u00e7\u00e3o Civil. V\u00e1rias estradas do concelho est\u00e3o cortadas devido ao transbordo de ribeiras, resultante da chuva intensa e da satura\u00e7\u00e3o dos solos; as autoridades pedem prud\u00eancia e que n\u00e3o se atravessem zonas submersas.","og_url":"https:\/\/portaltela.pt\/noticias\/2026\/02\/04\/vitima-mortal-em-serpa-apos-veiculo-arrastado-pela-corrente-junto-a-amoreira\/","og_site_name":"Portal Tela Portugal","article_published_time":"2026-02-04T20:42:00+00:00","author":"Telinha","twitter_card":"summary_large_image","twitter_misc":{"Escrito por":"Telinha","Tempo estimado de leitura":"1 minuto"},"schema":{"@context":"https:\/\/schema.org","@graph":[{"@type":"Article","@id":"https:\/\/portaltela.pt\/noticias\/2026\/02\/04\/vitima-mortal-em-serpa-apos-veiculo-arrastado-pela-corrente-junto-a-amoreira\/#article","isPartOf":{"@id":"https:\/\/portaltela.pt\/noticias\/2026\/02\/04\/vitima-mortal-em-serpa-apos-veiculo-arrastado-pela-corrente-junto-a-amoreira\/"},"author":{"name":"Telinha","@id":"https:\/\/portaltela.pt\/#\/schema\/person\/c4278d4a6028830caff9ee44b42d32ed"},"headline":"V\u00edtima mortal em Serpa ap\u00f3s ve\u00edculo arrastado pela corrente junto \u00e0 Amoreira","datePublished":"2026-02-04T20:42:00+00:00","mainEntityOfPage":{"@id":"https:\/\/portaltela.pt\/noticias\/2026\/02\/04\/vitima-mortal-em-serpa-apos-veiculo-arrastado-pela-corrente-junto-a-amoreira\/"},"wordCount":188,"image":{"@id":"https:\/\/portaltela.pt\/noticias\/2026\/02\/04\/vitima-mortal-em-serpa-apos-veiculo-arrastado-pela-corrente-junto-a-amoreira\/#primaryimage"},"thumbnailUrl":"https:\/\/portaltela.pt\/s.01k8rhncp4jt1\/2026\/02\/inem-1.jpg","keywords":["alagamentos","bombeiros","Guadiana","inunda\u00e7\u00f5es","prote\u00e7\u00e3o civil","Serpa"],"articleSection":["Not\u00edcias"],"inLanguage":"pt-PT"},{"@type":"WebPage","@id":"https:\/\/portaltela.pt\/noticias\/2026\/02\/04\/vitima-mortal-em-serpa-apos-veiculo-arrastado-pela-corrente-junto-a-amoreira\/","url":"https:\/\/portaltela.pt\/noticias\/2026\/02\/04\/vitima-mortal-em-serpa-apos-veiculo-arrastado-pela-corrente-junto-a-amoreira\/","name":"V\u00edtima mortal em Serpa ap\u00f3s ve\u00edculo arrastado pela corrente junto \u00e0 Amoreira - Portal Tela Portugal","isPartOf":{"@id":"https:\/\/portaltela.pt\/#website"},"primaryImageOfPage":{"@id":"https:\/\/portaltela.pt\/noticias\/2026\/02\/04\/vitima-mortal-em-serpa-apos-veiculo-arrastado-pela-corrente-junto-a-amoreira\/#primaryimage"},"image":{"@id":"https:\/\/portaltela.pt\/noticias\/2026\/02\/04\/vitima-mortal-em-serpa-apos-veiculo-arrastado-pela-corrente-junto-a-amoreira\/#primaryimage"},"thumbnailUrl":"https:\/\/portaltela.pt\/s.01k8rhncp4jt1\/2026\/02\/inem-1.jpg","datePublished":"2026-02-04T20:42:00+00:00","author":{"@id":"https:\/\/portaltela.pt\/#\/schema\/person\/c4278d4a6028830caff9ee44b42d32ed"},"breadcrumb":{"@id":"https:\/\/portaltela.pt\/noticias\/2026\/02\/04\/vitima-mortal-em-serpa-apos-veiculo-arrastado-pela-corrente-junto-a-amoreira\/#breadcrumb"},"inLanguage":"pt-PT","potentialAction":[{"@type":"ReadAction","target":["https:\/\/portaltela.pt\/noticias\/2026\/02\/04\/vitima-mortal-em-serpa-apos-veiculo-arrastado-pela-corrente-junto-a-amoreira\/"]}]},{"@type":"ImageObject","inLanguage":"pt-PT","@id":"https:\/\/portaltela.pt\/noticias\/2026\/02\/04\/vitima-mortal-em-serpa-apos-veiculo-arrastado-pela-corrente-junto-a-amoreira\/#primaryimage","url":"https:\/\/portaltela.pt\/s.01k8rhncp4jt1\/2026\/02\/inem-1.jpg","contentUrl":"https:\/\/portaltela.pt\/s.01k8rhncp4jt1\/2026\/02\/inem-1.jpg","width":796,"height":448,"caption":"Acidente na A2 em Ourique faz uma v\u00edtima mortal e um ferido grave"},{"@type":"BreadcrumbList","@id":"https:\/\/portaltela.pt\/noticias\/2026\/02\/04\/vitima-mortal-em-serpa-apos-veiculo-arrastado-pela-corrente-junto-a-amoreira\/#breadcrumb","itemListElement":[{"@type":"ListItem","position":1,"name":"In\u00edcio","item":"https:\/\/portaltela.pt\/"},{"@type":"ListItem","position":2,"name":"V\u00edtima mortal em Serpa ap\u00f3s ve\u00edculo arrastado pela corrente junto \u00e0 Amoreira"}]},{"@type":"WebSite","@id":"https:\/\/portaltela.pt\/#website","url":"https:\/\/portaltela.pt\/","name":"Portal Tela Portugal","description":"","potentialAction":[{"@type":"SearchAction","target":{"@type":"EntryPoint","urlTemplate":"https:\/\/portaltela.pt\/?s={search_term_string}"},"query-input":{"@type":"PropertyValueSpecification","valueRequired":true,"valueName":"search_term_string"}}],"inLanguage":"pt-PT"},{"@type":"Person","@id":"https:\/\/portaltela.pt\/#\/schema\/person\/c4278d4a6028830caff9ee44b42d32ed","name":"Telinha","image":{"@type":"ImageObject","inLanguage":"pt-PT","@id":"https:\/\/portaltela.pt\/s.01k8rhncp4jt1\/2025\/11\/talking-bot-125x125.png","url":"https:\/\/portaltela.pt\/s.01k8rhncp4jt1\/2025\/11\/talking-bot-125x125.png","contentUrl":"https:\/\/portaltela.pt\/s.01k8rhncp4jt1\/2025\/11\/talking-bot-125x125.png","caption":"Telinha"},"sameAs":["https:\/\/portaltela.pt\/"],"url":"https:\/\/portaltela.pt\/por\/367410592786\/"}]}},"_links":{"self":[{"href":"https:\/\/portaltela.pt\/api\/wp\/v2\/posts\/198135","targetHints":{"allow":["GET"]}}],"collection":[{"href":"https:\/\/portaltela.pt\/api\/wp\/v2\/posts"}],"about":[{"href":"https:\/\/portaltela.pt\/api\/wp\/v2\/types\/post"}],"author":[{"embeddable":true,"href":"https:\/\/portaltela.pt\/api\/wp\/v2\/users\/2"}],"replies":[{"embeddable":true,"href":"https:\/\/portaltela.pt\/api\/wp\/v2\/comments?post=198135"}],"version-history":[{"count":0,"href":"https:\/\/portaltela.pt\/api\/wp\/v2\/posts\/198135\/revisions"}],"wp:featuredmedia":[{"embeddable":true,"href":"https:\/\/portaltela.pt\/api\/wp\/v2\/media\/198136"}],"wp:attachment":[{"href":"https:\/\/portaltela.pt\/api\/wp\/v2\/media?parent=198135"}],"wp:term":[{"taxonomy":"category","embeddable":true,"href":"https:\/\/portaltela.pt\/api\/wp\/v2\/categories?post=198135"},{"taxonomy":"post_tag","embeddable":true,"href":"https:\/\/portaltela.pt\/api\/wp\/v2\/tags?post=198135"}],"curies":[{"name":"wp","href":"https:\/\/api.w.org\/{rel}","templated":true}]}}