{"id":198115,"date":"2026-02-04T17:26:33","date_gmt":"2026-02-04T20:26:33","guid":{"rendered":"https:\/\/portaltela.pt\/noticias\/2026\/02\/04\/ventura-recusa-se-a-apelar-ao-voto-seguro-acusa-tentativa-de-mudar-o-regime\/"},"modified":"2026-02-04T17:26:33","modified_gmt":"2026-02-04T20:26:33","slug":"ventura-recusa-se-a-apelar-ao-voto-seguro-acusa-tentativa-de-mudar-o-regime","status":"publish","type":"post","link":"https:\/\/portaltela.pt\/noticias\/2026\/02\/04\/ventura-recusa-se-a-apelar-ao-voto-seguro-acusa-tentativa-de-mudar-o-regime\/","title":{"rendered":"Ventura recusa-se a apelar ao voto; Seguro acusa tentativa de mudar o regime"},"content":{"rendered":"<p>Ainda a quatro dias das elei\u00e7\u00f5es, Andr\u00e9 Ventura recusou apelar ao voto devido \u00e0s popula\u00e7\u00f5es afetadas pela tempestade Kristin. A desloca\u00e7\u00e3o ocorreu em Beja, durante uma visita \u00e0 Adega Monte Novo e Figueirinha, com o candidato a dizer que a mensagem deve ser centrada em resolver problemas reais.<\/p>\n<p>O cabe\u00e7a de lista do Chega reconheceu que a decis\u00e3o tem riscos pol\u00edticos, mas preferiu manter o foco nas necessidades das pessoas. Pediu ao Presidente da Rep\u00fablica, Marcelo Rebelo de Sousa, o cancelamento da visita \u00e0 Espanha para ficar junto das comunidades atingidas pelo mau tempo.<\/p>\n<p>Do lado do PS, Ant\u00f3nio Jos\u00e9 Seguro afirmou que Portugal enfrenta o risco de cinco anos de turbul\u00eancia e oposi\u00e7\u00e3o, acusando Ventura de querer mudar de regime. Em Castro Verde, Seguro caracterizou a corrida como uma escolha entre dois caminhos e prometeu ser um Presidente que una e dialogue.<\/p>\n<p>Seguro tamb\u00e9m sublinhou a import\u00e2ncia de participar nas urnas, defendendo que a vit\u00f3ria n\u00e3o depende apenas de sondagens. Uma sondagem recente da Cat\u00f3lica mostrou vantagem de 67% para Seguro face aos 33% de Ventura, mas o candidato socialista disse que isso n\u00e3o decide o resultado.<\/p>\n","protected":false},"excerpt":{"rendered":"<ul>\n<li>A menos de quatro dias das presidenciais, Andr\u00e9 Ventura recusou apelar ao voto por causa das popula\u00e7\u00f5es afetadas pela tempestade Kristin.<\/li>\n<li>Ventura afirmou que a sua mensagem deve ser \u201cresolvam os problemas destas pessoas\u201d, assumindo riscos pol\u00edticos com a postura.<\/li>\n<li>O candidato pediu ao Presidente da Rep\u00fablica para cancelar a visita a Espanha, para estar junto das pessoas afetadas pelo mau tempo.<\/li>\n<li>Ant\u00f3nio Jos\u00e9 Seguro acusou Ventura de querer \u201cmudar de regime\u201d e destacou dois caminhos pol\u00edticos distintos entre os candidatos.<\/li>\n<li>Seguro afirmou a necessidade de participa\u00e7\u00e3o massiva nas urnas, mesmo com a lideran\u00e7a de sondagens a favor do advers\u00e1rio, e sublinhou que n\u00e3o basta ter o voto no cora\u00e7\u00e3o ou na cabe\u00e7a.<\/li>\n<\/ul>\n","protected":false},"author":2,"featured_media":198127,"comment_status":"closed","ping_status":"closed","sticky":false,"template":"","format":"standard","meta":{"footnotes":""},"categories":[1],"tags":[2655,943,5055,2142,68,2832],"class_list":["post-198115","post","type-post","status-publish","format-standard","has-post-thumbnail","hentry","category-noticias","tag-antonio-jose-seguro","tag-beja","tag-castro-verde","tag-chega","tag-eleicoes","tag-politica"],"yoast_head":"<!-- This site is optimized with the Yoast SEO plugin v27.2 - https:\/\/yoast.com\/product\/yoast-seo-wordpress\/ -->\n<title>Ventura recusa-se a apelar ao voto; Seguro acusa tentativa de mudar o regime - Portal Tela Portugal<\/title>\n<meta name=\"robots\" content=\"index, follow, max-snippet:-1, max-image-preview:large, max-video-preview:-1\" \/>\n<meta property=\"og:locale\" content=\"pt_PT\" \/>\n<meta property=\"og:type\" content=\"article\" \/>\n<meta property=\"og:title\" content=\"Ventura recusa-se a apelar ao voto; Seguro acusa tentativa de mudar o regime - Portal Tela Portugal\" \/>\n<meta property=\"og:description\" content=\"A menos de quatro dias das presidenciais, Andr\u00e9 Ventura recusou apelar ao voto por causa das popula\u00e7\u00f5es afetadas pela tempestade Kristin. Ventura afirmou que a sua mensagem deve ser \u201cresolvam os problemas destas pessoas\u201d, assumindo riscos pol\u00edticos com a postura. O candidato pediu ao Presidente da Rep\u00fablica para cancelar a visita a Espanha, para estar junto das pessoas afetadas pelo mau tempo. Ant\u00f3nio Jos\u00e9 Seguro acusou Ventura de querer \u201cmudar de regime\u201d e destacou dois caminhos pol\u00edticos distintos entre os candidatos. Seguro afirmou a necessidade de participa\u00e7\u00e3o massiva nas urnas, mesmo com a lideran\u00e7a de sondagens a favor do advers\u00e1rio, e sublinhou que n\u00e3o basta ter o voto no cora\u00e7\u00e3o ou na cabe\u00e7a.\" \/>\n<meta property=\"og:url\" content=\"https:\/\/portaltela.pt\/noticias\/2026\/02\/04\/ventura-recusa-se-a-apelar-ao-voto-seguro-acusa-tentativa-de-mudar-o-regime\/\" \/>\n<meta property=\"og:site_name\" content=\"Portal Tela Portugal\" \/>\n<meta property=\"article:published_time\" content=\"2026-02-04T20:26:33+00:00\" \/>\n<meta name=\"author\" content=\"Telinha\" \/>\n<meta name=\"twitter:card\" content=\"summary_large_image\" \/>\n<meta name=\"twitter:label1\" content=\"Escrito por\" \/>\n\t<meta name=\"twitter:data1\" content=\"Telinha\" \/>\n\t<meta name=\"twitter:label2\" content=\"Tempo estimado de leitura\" \/>\n\t<meta name=\"twitter:data2\" content=\"1 minuto\" \/>\n<script type=\"application\/ld+json\" class=\"yoast-schema-graph\">{\"@context\":\"https:\/\/schema.org\",\"@graph\":[{\"@type\":\"Article\",\"@id\":\"https:\/\/portaltela.pt\/noticias\/2026\/02\/04\/ventura-recusa-se-a-apelar-ao-voto-seguro-acusa-tentativa-de-mudar-o-regime\/#article\",\"isPartOf\":{\"@id\":\"https:\/\/portaltela.pt\/noticias\/2026\/02\/04\/ventura-recusa-se-a-apelar-ao-voto-seguro-acusa-tentativa-de-mudar-o-regime\/\"},\"author\":{\"name\":\"Telinha\",\"@id\":\"https:\/\/portaltela.pt\/#\/schema\/person\/c4278d4a6028830caff9ee44b42d32ed\"},\"headline\":\"Ventura recusa-se a apelar ao voto; Seguro acusa tentativa de mudar o regime\",\"datePublished\":\"2026-02-04T20:26:33+00:00\",\"mainEntityOfPage\":{\"@id\":\"https:\/\/portaltela.pt\/noticias\/2026\/02\/04\/ventura-recusa-se-a-apelar-ao-voto-seguro-acusa-tentativa-de-mudar-o-regime\/\"},\"wordCount\":213,\"image\":{\"@id\":\"https:\/\/portaltela.pt\/noticias\/2026\/02\/04\/ventura-recusa-se-a-apelar-ao-voto-seguro-acusa-tentativa-de-mudar-o-regime\/#primaryimage\"},\"thumbnailUrl\":\"https:\/\/portaltela.pt\/s.01k8rhncp4jt1\/2026\/02\/unnamed-file-1397.jpg\",\"keywords\":[\"Ant\u00f3nio Jos\u00e9 Seguro\",\"Beja\",\"Castro Verde\",\"CHEGA\",\"elei\u00e7\u00f5es\",\"pol\u00edtica\"],\"articleSection\":[\"Not\u00edcias\"],\"inLanguage\":\"pt-PT\"},{\"@type\":\"WebPage\",\"@id\":\"https:\/\/portaltela.pt\/noticias\/2026\/02\/04\/ventura-recusa-se-a-apelar-ao-voto-seguro-acusa-tentativa-de-mudar-o-regime\/\",\"url\":\"https:\/\/portaltela.pt\/noticias\/2026\/02\/04\/ventura-recusa-se-a-apelar-ao-voto-seguro-acusa-tentativa-de-mudar-o-regime\/\",\"name\":\"Ventura recusa-se a apelar ao voto; Seguro acusa tentativa de mudar o regime - Portal Tela Portugal\",\"isPartOf\":{\"@id\":\"https:\/\/portaltela.pt\/#website\"},\"primaryImageOfPage\":{\"@id\":\"https:\/\/portaltela.pt\/noticias\/2026\/02\/04\/ventura-recusa-se-a-apelar-ao-voto-seguro-acusa-tentativa-de-mudar-o-regime\/#primaryimage\"},\"image\":{\"@id\":\"https:\/\/portaltela.pt\/noticias\/2026\/02\/04\/ventura-recusa-se-a-apelar-ao-voto-seguro-acusa-tentativa-de-mudar-o-regime\/#primaryimage\"},\"thumbnailUrl\":\"https:\/\/portaltela.pt\/s.01k8rhncp4jt1\/2026\/02\/unnamed-file-1397.jpg\",\"datePublished\":\"2026-02-04T20:26:33+00:00\",\"author\":{\"@id\":\"https:\/\/portaltela.pt\/#\/schema\/person\/c4278d4a6028830caff9ee44b42d32ed\"},\"breadcrumb\":{\"@id\":\"https:\/\/portaltela.pt\/noticias\/2026\/02\/04\/ventura-recusa-se-a-apelar-ao-voto-seguro-acusa-tentativa-de-mudar-o-regime\/#breadcrumb\"},\"inLanguage\":\"pt-PT\",\"potentialAction\":[{\"@type\":\"ReadAction\",\"target\":[\"https:\/\/portaltela.pt\/noticias\/2026\/02\/04\/ventura-recusa-se-a-apelar-ao-voto-seguro-acusa-tentativa-de-mudar-o-regime\/\"]}]},{\"@type\":\"ImageObject\",\"inLanguage\":\"pt-PT\",\"@id\":\"https:\/\/portaltela.pt\/noticias\/2026\/02\/04\/ventura-recusa-se-a-apelar-ao-voto-seguro-acusa-tentativa-de-mudar-o-regime\/#primaryimage\",\"url\":\"https:\/\/portaltela.pt\/s.01k8rhncp4jt1\/2026\/02\/unnamed-file-1397.jpg\",\"contentUrl\":\"https:\/\/portaltela.pt\/s.01k8rhncp4jt1\/2026\/02\/unnamed-file-1397.jpg\",\"width\":796,\"height\":448,\"caption\":\"Ventura recusa-se a apelar ao voto e Seguro acusa-o de querer \\\"mudar de regime\\\"\"},{\"@type\":\"BreadcrumbList\",\"@id\":\"https:\/\/portaltela.pt\/noticias\/2026\/02\/04\/ventura-recusa-se-a-apelar-ao-voto-seguro-acusa-tentativa-de-mudar-o-regime\/#breadcrumb\",\"itemListElement\":[{\"@type\":\"ListItem\",\"position\":1,\"name\":\"In\u00edcio\",\"item\":\"https:\/\/portaltela.pt\/\"},{\"@type\":\"ListItem\",\"position\":2,\"name\":\"Ventura recusa-se a apelar ao voto; Seguro acusa tentativa de mudar o regime\"}]},{\"@type\":\"WebSite\",\"@id\":\"https:\/\/portaltela.pt\/#website\",\"url\":\"https:\/\/portaltela.pt\/\",\"name\":\"Portal Tela Portugal\",\"description\":\"\",\"potentialAction\":[{\"@type\":\"SearchAction\",\"target\":{\"@type\":\"EntryPoint\",\"urlTemplate\":\"https:\/\/portaltela.pt\/?s={search_term_string}\"},\"query-input\":{\"@type\":\"PropertyValueSpecification\",\"valueRequired\":true,\"valueName\":\"search_term_string\"}}],\"inLanguage\":\"pt-PT\"},{\"@type\":\"Person\",\"@id\":\"https:\/\/portaltela.pt\/#\/schema\/person\/c4278d4a6028830caff9ee44b42d32ed\",\"name\":\"Telinha\",\"image\":{\"@type\":\"ImageObject\",\"inLanguage\":\"pt-PT\",\"@id\":\"https:\/\/portaltela.pt\/s.01k8rhncp4jt1\/2025\/11\/talking-bot-125x125.png\",\"url\":\"https:\/\/portaltela.pt\/s.01k8rhncp4jt1\/2025\/11\/talking-bot-125x125.png\",\"contentUrl\":\"https:\/\/portaltela.pt\/s.01k8rhncp4jt1\/2025\/11\/talking-bot-125x125.png\",\"caption\":\"Telinha\"},\"sameAs\":[\"https:\/\/portaltela.pt\/\"],\"url\":\"https:\/\/portaltela.pt\/por\/367410592786\/\"}]}<\/script>\n<!-- \/ Yoast SEO plugin. -->","yoast_head_json":{"title":"Ventura recusa-se a apelar ao voto; Seguro acusa tentativa de mudar o regime - Portal Tela Portugal","robots":{"index":"index","follow":"follow","max-snippet":"max-snippet:-1","max-image-preview":"max-image-preview:large","max-video-preview":"max-video-preview:-1"},"og_locale":"pt_PT","og_type":"article","og_title":"Ventura recusa-se a apelar ao voto; Seguro acusa tentativa de mudar o regime - Portal Tela Portugal","og_description":"A menos de quatro dias das presidenciais, Andr\u00e9 Ventura recusou apelar ao voto por causa das popula\u00e7\u00f5es afetadas pela tempestade Kristin. Ventura afirmou que a sua mensagem deve ser \u201cresolvam os problemas destas pessoas\u201d, assumindo riscos pol\u00edticos com a postura. O candidato pediu ao Presidente da Rep\u00fablica para cancelar a visita a Espanha, para estar junto das pessoas afetadas pelo mau tempo. Ant\u00f3nio Jos\u00e9 Seguro acusou Ventura de querer \u201cmudar de regime\u201d e destacou dois caminhos pol\u00edticos distintos entre os candidatos. Seguro afirmou a necessidade de participa\u00e7\u00e3o massiva nas urnas, mesmo com a lideran\u00e7a de sondagens a favor do advers\u00e1rio, e sublinhou que n\u00e3o basta ter o voto no cora\u00e7\u00e3o ou na cabe\u00e7a.","og_url":"https:\/\/portaltela.pt\/noticias\/2026\/02\/04\/ventura-recusa-se-a-apelar-ao-voto-seguro-acusa-tentativa-de-mudar-o-regime\/","og_site_name":"Portal Tela Portugal","article_published_time":"2026-02-04T20:26:33+00:00","author":"Telinha","twitter_card":"summary_large_image","twitter_misc":{"Escrito por":"Telinha","Tempo estimado de leitura":"1 minuto"},"schema":{"@context":"https:\/\/schema.org","@graph":[{"@type":"Article","@id":"https:\/\/portaltela.pt\/noticias\/2026\/02\/04\/ventura-recusa-se-a-apelar-ao-voto-seguro-acusa-tentativa-de-mudar-o-regime\/#article","isPartOf":{"@id":"https:\/\/portaltela.pt\/noticias\/2026\/02\/04\/ventura-recusa-se-a-apelar-ao-voto-seguro-acusa-tentativa-de-mudar-o-regime\/"},"author":{"name":"Telinha","@id":"https:\/\/portaltela.pt\/#\/schema\/person\/c4278d4a6028830caff9ee44b42d32ed"},"headline":"Ventura recusa-se a apelar ao voto; Seguro acusa tentativa de mudar o regime","datePublished":"2026-02-04T20:26:33+00:00","mainEntityOfPage":{"@id":"https:\/\/portaltela.pt\/noticias\/2026\/02\/04\/ventura-recusa-se-a-apelar-ao-voto-seguro-acusa-tentativa-de-mudar-o-regime\/"},"wordCount":213,"image":{"@id":"https:\/\/portaltela.pt\/noticias\/2026\/02\/04\/ventura-recusa-se-a-apelar-ao-voto-seguro-acusa-tentativa-de-mudar-o-regime\/#primaryimage"},"thumbnailUrl":"https:\/\/portaltela.pt\/s.01k8rhncp4jt1\/2026\/02\/unnamed-file-1397.jpg","keywords":["Ant\u00f3nio Jos\u00e9 Seguro","Beja","Castro Verde","CHEGA","elei\u00e7\u00f5es","pol\u00edtica"],"articleSection":["Not\u00edcias"],"inLanguage":"pt-PT"},{"@type":"WebPage","@id":"https:\/\/portaltela.pt\/noticias\/2026\/02\/04\/ventura-recusa-se-a-apelar-ao-voto-seguro-acusa-tentativa-de-mudar-o-regime\/","url":"https:\/\/portaltela.pt\/noticias\/2026\/02\/04\/ventura-recusa-se-a-apelar-ao-voto-seguro-acusa-tentativa-de-mudar-o-regime\/","name":"Ventura recusa-se a apelar ao voto; Seguro acusa tentativa de mudar o regime - Portal Tela Portugal","isPartOf":{"@id":"https:\/\/portaltela.pt\/#website"},"primaryImageOfPage":{"@id":"https:\/\/portaltela.pt\/noticias\/2026\/02\/04\/ventura-recusa-se-a-apelar-ao-voto-seguro-acusa-tentativa-de-mudar-o-regime\/#primaryimage"},"image":{"@id":"https:\/\/portaltela.pt\/noticias\/2026\/02\/04\/ventura-recusa-se-a-apelar-ao-voto-seguro-acusa-tentativa-de-mudar-o-regime\/#primaryimage"},"thumbnailUrl":"https:\/\/portaltela.pt\/s.01k8rhncp4jt1\/2026\/02\/unnamed-file-1397.jpg","datePublished":"2026-02-04T20:26:33+00:00","author":{"@id":"https:\/\/portaltela.pt\/#\/schema\/person\/c4278d4a6028830caff9ee44b42d32ed"},"breadcrumb":{"@id":"https:\/\/portaltela.pt\/noticias\/2026\/02\/04\/ventura-recusa-se-a-apelar-ao-voto-seguro-acusa-tentativa-de-mudar-o-regime\/#breadcrumb"},"inLanguage":"pt-PT","potentialAction":[{"@type":"ReadAction","target":["https:\/\/portaltela.pt\/noticias\/2026\/02\/04\/ventura-recusa-se-a-apelar-ao-voto-seguro-acusa-tentativa-de-mudar-o-regime\/"]}]},{"@type":"ImageObject","inLanguage":"pt-PT","@id":"https:\/\/portaltela.pt\/noticias\/2026\/02\/04\/ventura-recusa-se-a-apelar-ao-voto-seguro-acusa-tentativa-de-mudar-o-regime\/#primaryimage","url":"https:\/\/portaltela.pt\/s.01k8rhncp4jt1\/2026\/02\/unnamed-file-1397.jpg","contentUrl":"https:\/\/portaltela.pt\/s.01k8rhncp4jt1\/2026\/02\/unnamed-file-1397.jpg","width":796,"height":448,"caption":"Ventura recusa-se a apelar ao voto e Seguro acusa-o de querer \"mudar de regime\""},{"@type":"BreadcrumbList","@id":"https:\/\/portaltela.pt\/noticias\/2026\/02\/04\/ventura-recusa-se-a-apelar-ao-voto-seguro-acusa-tentativa-de-mudar-o-regime\/#breadcrumb","itemListElement":[{"@type":"ListItem","position":1,"name":"In\u00edcio","item":"https:\/\/portaltela.pt\/"},{"@type":"ListItem","position":2,"name":"Ventura recusa-se a apelar ao voto; Seguro acusa tentativa de mudar o regime"}]},{"@type":"WebSite","@id":"https:\/\/portaltela.pt\/#website","url":"https:\/\/portaltela.pt\/","name":"Portal Tela Portugal","description":"","potentialAction":[{"@type":"SearchAction","target":{"@type":"EntryPoint","urlTemplate":"https:\/\/portaltela.pt\/?s={search_term_string}"},"query-input":{"@type":"PropertyValueSpecification","valueRequired":true,"valueName":"search_term_string"}}],"inLanguage":"pt-PT"},{"@type":"Person","@id":"https:\/\/portaltela.pt\/#\/schema\/person\/c4278d4a6028830caff9ee44b42d32ed","name":"Telinha","image":{"@type":"ImageObject","inLanguage":"pt-PT","@id":"https:\/\/portaltela.pt\/s.01k8rhncp4jt1\/2025\/11\/talking-bot-125x125.png","url":"https:\/\/portaltela.pt\/s.01k8rhncp4jt1\/2025\/11\/talking-bot-125x125.png","contentUrl":"https:\/\/portaltela.pt\/s.01k8rhncp4jt1\/2025\/11\/talking-bot-125x125.png","caption":"Telinha"},"sameAs":["https:\/\/portaltela.pt\/"],"url":"https:\/\/portaltela.pt\/por\/367410592786\/"}]}},"_links":{"self":[{"href":"https:\/\/portaltela.pt\/api\/wp\/v2\/posts\/198115","targetHints":{"allow":["GET"]}}],"collection":[{"href":"https:\/\/portaltela.pt\/api\/wp\/v2\/posts"}],"about":[{"href":"https:\/\/portaltela.pt\/api\/wp\/v2\/types\/post"}],"author":[{"embeddable":true,"href":"https:\/\/portaltela.pt\/api\/wp\/v2\/users\/2"}],"replies":[{"embeddable":true,"href":"https:\/\/portaltela.pt\/api\/wp\/v2\/comments?post=198115"}],"version-history":[{"count":0,"href":"https:\/\/portaltela.pt\/api\/wp\/v2\/posts\/198115\/revisions"}],"wp:featuredmedia":[{"embeddable":true,"href":"https:\/\/portaltela.pt\/api\/wp\/v2\/media\/198127"}],"wp:attachment":[{"href":"https:\/\/portaltela.pt\/api\/wp\/v2\/media?parent=198115"}],"wp:term":[{"taxonomy":"category","embeddable":true,"href":"https:\/\/portaltela.pt\/api\/wp\/v2\/categories?post=198115"},{"taxonomy":"post_tag","embeddable":true,"href":"https:\/\/portaltela.pt\/api\/wp\/v2\/tags?post=198115"}],"curies":[{"name":"wp","href":"https:\/\/api.w.org\/{rel}","templated":true}]}}