{"id":198104,"date":"2026-02-04T17:30:00","date_gmt":"2026-02-04T20:30:00","guid":{"rendered":"https:\/\/portaltela.pt\/noticias\/2026\/02\/04\/ipma-alerta-chuva-persistente-e-por-vezes-forte-ate-meio-da-manha-de-quinta-feira-2\/"},"modified":"2026-02-04T17:30:00","modified_gmt":"2026-02-04T20:30:00","slug":"ipma-alerta-chuva-persistente-e-por-vezes-forte-ate-meio-da-manha-de-quinta-feira-2","status":"publish","type":"post","link":"https:\/\/portaltela.pt\/noticias\/2026\/02\/04\/ipma-alerta-chuva-persistente-e-por-vezes-forte-ate-meio-da-manha-de-quinta-feira-2\/","title":{"rendered":"IPMA alerta chuva persistente e por vezes forte at\u00e9 meio da manh\u00e3 de quinta-feira"},"content":{"rendered":"<p>O IPMA emitiu hoje um aviso sobre chuva persistente, passando a aguaceiros na manh\u00e3 de quinta-feira, devido \u00e0 depress\u00e3o Leonardo. O fen\u00f3meno atravessa o continente durante a noite, com o pior momento registado entre hoje e amanh\u00e3.<\/p>\n<p>O instituto adianta que a depress\u00e3o Leonardo, associada a uma vasta regi\u00e3o depression\u00e1ria, pode originar n\u00facleos com precipita\u00e7\u00e3o intensa nos pr\u00f3ximos dias. O tempo deve manter-se inst\u00e1vel at\u00e9 meio da manh\u00e3 de quinta-feira.<\/p>\n<p>A chuva pode incluir granizo e trovoadas, com neve esperada em pontos muito altos da Serra da Estrela. A cota de neve dever\u00e1 baixar para 900 metros na sexta-feira.<\/p>\n<h3>Ventos e impactos esperados<\/h3>\n<p>O vento dever\u00e1 intensificar-se j\u00e1 a partir da noite de hoje para quinta-feira, com rajadas de at\u00e9 90 km\/h, chegando a 110 km\/h nas terras altas. A intensifica\u00e7\u00e3o amplia-se a partir do final da quinta-feira \u00e0 tarde.<\/p>\n<p>Nova vaga de vento est\u00e1 prevista para a manh\u00e3 de s\u00e1bado, com maior intensidade no sul do territ\u00f3rio. O IPMA recomenda prud\u00eancia e confirma\u00e7\u00e3o de informa\u00e7\u00f5es junto de fontes oficiais.<\/p>\n","protected":false},"excerpt":{"rendered":"<ul>\n<li>O IPMA alerta que a depress\u00e3o Leonardo vai atravessar o continente esta noite e na madrugada, com chuva persistente e por vezes forte at\u00e9 meio da manh\u00e3 de quinta-feira.<\/li>\n<li>A chuva poder\u00e1 ser acompanhada de granizo e trovoada, com aguaceiros na manh\u00e3 de quinta-feira.<\/li>\n<li>Prev\u00ea-se queda de neve nos pontos mais altos da Serra da Estrela, com a cota a descer para 900 metros na sexta-feira e acumula\u00e7\u00e3o nas serras do Norte e Centro.<\/li>\n<li>O vento deve intensificar-se desde a noite de hoje para quinta-feira, com rajadas at\u00e9 90 km\/h, chegando a 110 km\/h nas terras altas, diminuindo a partir do final de quinta-feira \u00e0 tarde.<\/li>\n<li>Vento em nova intensifica\u00e7\u00e3o prevista a partir da manh\u00e3 de s\u00e1bado, especialmente na regi\u00e3o sul.<\/li>\n<\/ul>\n","protected":false},"author":2,"featured_media":198111,"comment_status":"closed","ping_status":"closed","sticky":false,"template":"","format":"standard","meta":{"footnotes":""},"categories":[1],"tags":[5329,2161,4918,1658,4961,4782],"class_list":["post-198104","post","type-post","status-publish","format-standard","has-post-thumbnail","hentry","category-noticias","tag-chuva","tag-granizo","tag-queda-de-neve","tag-serra-da-estrela","tag-trovoadas","tag-vento"],"yoast_head":"<!-- This site is optimized with the Yoast SEO plugin v27.2 - https:\/\/yoast.com\/product\/yoast-seo-wordpress\/ -->\n<title>IPMA alerta chuva persistente e por vezes forte at\u00e9 meio da manh\u00e3 de quinta-feira - Portal Tela Portugal<\/title>\n<meta name=\"robots\" content=\"index, follow, max-snippet:-1, max-image-preview:large, max-video-preview:-1\" \/>\n<meta property=\"og:locale\" content=\"pt_PT\" \/>\n<meta property=\"og:type\" content=\"article\" \/>\n<meta property=\"og:title\" content=\"IPMA alerta chuva persistente e por vezes forte at\u00e9 meio da manh\u00e3 de quinta-feira - Portal Tela Portugal\" \/>\n<meta property=\"og:description\" content=\"O IPMA alerta que a depress\u00e3o Leonardo vai atravessar o continente esta noite e na madrugada, com chuva persistente e por vezes forte at\u00e9 meio da manh\u00e3 de quinta-feira. A chuva poder\u00e1 ser acompanhada de granizo e trovoada, com aguaceiros na manh\u00e3 de quinta-feira. Prev\u00ea-se queda de neve nos pontos mais altos da Serra da Estrela, com a cota a descer para 900 metros na sexta-feira e acumula\u00e7\u00e3o nas serras do Norte e Centro. O vento deve intensificar-se desde a noite de hoje para quinta-feira, com rajadas at\u00e9 90 km\/h, chegando a 110 km\/h nas terras altas, diminuindo a partir do final de quinta-feira \u00e0 tarde. Vento em nova intensifica\u00e7\u00e3o prevista a partir da manh\u00e3 de s\u00e1bado, especialmente na regi\u00e3o sul.\" \/>\n<meta property=\"og:url\" content=\"https:\/\/portaltela.pt\/noticias\/2026\/02\/04\/ipma-alerta-chuva-persistente-e-por-vezes-forte-ate-meio-da-manha-de-quinta-feira-2\/\" \/>\n<meta property=\"og:site_name\" content=\"Portal Tela Portugal\" \/>\n<meta property=\"article:published_time\" content=\"2026-02-04T20:30:00+00:00\" \/>\n<meta name=\"author\" content=\"Telinha\" \/>\n<meta name=\"twitter:card\" content=\"summary_large_image\" \/>\n<meta name=\"twitter:label1\" content=\"Escrito por\" \/>\n\t<meta name=\"twitter:data1\" content=\"Telinha\" \/>\n\t<meta name=\"twitter:label2\" content=\"Tempo estimado de leitura\" \/>\n\t<meta name=\"twitter:data2\" content=\"1 minuto\" \/>\n<script type=\"application\/ld+json\" class=\"yoast-schema-graph\">{\"@context\":\"https:\/\/schema.org\",\"@graph\":[{\"@type\":\"Article\",\"@id\":\"https:\/\/portaltela.pt\/noticias\/2026\/02\/04\/ipma-alerta-chuva-persistente-e-por-vezes-forte-ate-meio-da-manha-de-quinta-feira-2\/#article\",\"isPartOf\":{\"@id\":\"https:\/\/portaltela.pt\/noticias\/2026\/02\/04\/ipma-alerta-chuva-persistente-e-por-vezes-forte-ate-meio-da-manha-de-quinta-feira-2\/\"},\"author\":{\"name\":\"Telinha\",\"@id\":\"https:\/\/portaltela.pt\/#\/schema\/person\/c4278d4a6028830caff9ee44b42d32ed\"},\"headline\":\"IPMA alerta chuva persistente e por vezes forte at\u00e9 meio da manh\u00e3 de quinta-feira\",\"datePublished\":\"2026-02-04T20:30:00+00:00\",\"mainEntityOfPage\":{\"@id\":\"https:\/\/portaltela.pt\/noticias\/2026\/02\/04\/ipma-alerta-chuva-persistente-e-por-vezes-forte-ate-meio-da-manha-de-quinta-feira-2\/\"},\"wordCount\":196,\"image\":{\"@id\":\"https:\/\/portaltela.pt\/noticias\/2026\/02\/04\/ipma-alerta-chuva-persistente-e-por-vezes-forte-ate-meio-da-manha-de-quinta-feira-2\/#primaryimage\"},\"thumbnailUrl\":\"https:\/\/portaltela.pt\/s.01k8rhncp4jt1\/2026\/02\/img_1200x721uu2026-02-04-10-12-18-2419447-1.jpg\",\"keywords\":[\"chuva\",\"granizo\",\"queda de neve\",\"Serra da Estrela\",\"trovoadas\",\"vento\"],\"articleSection\":[\"Not\u00edcias\"],\"inLanguage\":\"pt-PT\"},{\"@type\":\"WebPage\",\"@id\":\"https:\/\/portaltela.pt\/noticias\/2026\/02\/04\/ipma-alerta-chuva-persistente-e-por-vezes-forte-ate-meio-da-manha-de-quinta-feira-2\/\",\"url\":\"https:\/\/portaltela.pt\/noticias\/2026\/02\/04\/ipma-alerta-chuva-persistente-e-por-vezes-forte-ate-meio-da-manha-de-quinta-feira-2\/\",\"name\":\"IPMA alerta chuva persistente e por vezes forte at\u00e9 meio da manh\u00e3 de quinta-feira - Portal Tela Portugal\",\"isPartOf\":{\"@id\":\"https:\/\/portaltela.pt\/#website\"},\"primaryImageOfPage\":{\"@id\":\"https:\/\/portaltela.pt\/noticias\/2026\/02\/04\/ipma-alerta-chuva-persistente-e-por-vezes-forte-ate-meio-da-manha-de-quinta-feira-2\/#primaryimage\"},\"image\":{\"@id\":\"https:\/\/portaltela.pt\/noticias\/2026\/02\/04\/ipma-alerta-chuva-persistente-e-por-vezes-forte-ate-meio-da-manha-de-quinta-feira-2\/#primaryimage\"},\"thumbnailUrl\":\"https:\/\/portaltela.pt\/s.01k8rhncp4jt1\/2026\/02\/img_1200x721uu2026-02-04-10-12-18-2419447-1.jpg\",\"datePublished\":\"2026-02-04T20:30:00+00:00\",\"author\":{\"@id\":\"https:\/\/portaltela.pt\/#\/schema\/person\/c4278d4a6028830caff9ee44b42d32ed\"},\"breadcrumb\":{\"@id\":\"https:\/\/portaltela.pt\/noticias\/2026\/02\/04\/ipma-alerta-chuva-persistente-e-por-vezes-forte-ate-meio-da-manha-de-quinta-feira-2\/#breadcrumb\"},\"inLanguage\":\"pt-PT\",\"potentialAction\":[{\"@type\":\"ReadAction\",\"target\":[\"https:\/\/portaltela.pt\/noticias\/2026\/02\/04\/ipma-alerta-chuva-persistente-e-por-vezes-forte-ate-meio-da-manha-de-quinta-feira-2\/\"]}]},{\"@type\":\"ImageObject\",\"inLanguage\":\"pt-PT\",\"@id\":\"https:\/\/portaltela.pt\/noticias\/2026\/02\/04\/ipma-alerta-chuva-persistente-e-por-vezes-forte-ate-meio-da-manha-de-quinta-feira-2\/#primaryimage\",\"url\":\"https:\/\/portaltela.pt\/s.01k8rhncp4jt1\/2026\/02\/img_1200x721uu2026-02-04-10-12-18-2419447-1.jpg\",\"contentUrl\":\"https:\/\/portaltela.pt\/s.01k8rhncp4jt1\/2026\/02\/img_1200x721uu2026-02-04-10-12-18-2419447-1.jpg\",\"width\":796,\"height\":448,\"caption\":\"Photo\"},{\"@type\":\"BreadcrumbList\",\"@id\":\"https:\/\/portaltela.pt\/noticias\/2026\/02\/04\/ipma-alerta-chuva-persistente-e-por-vezes-forte-ate-meio-da-manha-de-quinta-feira-2\/#breadcrumb\",\"itemListElement\":[{\"@type\":\"ListItem\",\"position\":1,\"name\":\"In\u00edcio\",\"item\":\"https:\/\/portaltela.pt\/\"},{\"@type\":\"ListItem\",\"position\":2,\"name\":\"IPMA alerta chuva persistente e por vezes forte at\u00e9 meio da manh\u00e3 de quinta-feira\"}]},{\"@type\":\"WebSite\",\"@id\":\"https:\/\/portaltela.pt\/#website\",\"url\":\"https:\/\/portaltela.pt\/\",\"name\":\"Portal Tela Portugal\",\"description\":\"\",\"potentialAction\":[{\"@type\":\"SearchAction\",\"target\":{\"@type\":\"EntryPoint\",\"urlTemplate\":\"https:\/\/portaltela.pt\/?s={search_term_string}\"},\"query-input\":{\"@type\":\"PropertyValueSpecification\",\"valueRequired\":true,\"valueName\":\"search_term_string\"}}],\"inLanguage\":\"pt-PT\"},{\"@type\":\"Person\",\"@id\":\"https:\/\/portaltela.pt\/#\/schema\/person\/c4278d4a6028830caff9ee44b42d32ed\",\"name\":\"Telinha\",\"image\":{\"@type\":\"ImageObject\",\"inLanguage\":\"pt-PT\",\"@id\":\"https:\/\/portaltela.pt\/s.01k8rhncp4jt1\/2025\/11\/talking-bot-125x125.png\",\"url\":\"https:\/\/portaltela.pt\/s.01k8rhncp4jt1\/2025\/11\/talking-bot-125x125.png\",\"contentUrl\":\"https:\/\/portaltela.pt\/s.01k8rhncp4jt1\/2025\/11\/talking-bot-125x125.png\",\"caption\":\"Telinha\"},\"sameAs\":[\"https:\/\/portaltela.pt\/\"],\"url\":\"https:\/\/portaltela.pt\/por\/367410592786\/\"}]}<\/script>\n<!-- \/ Yoast SEO plugin. -->","yoast_head_json":{"title":"IPMA alerta chuva persistente e por vezes forte at\u00e9 meio da manh\u00e3 de quinta-feira - Portal Tela Portugal","robots":{"index":"index","follow":"follow","max-snippet":"max-snippet:-1","max-image-preview":"max-image-preview:large","max-video-preview":"max-video-preview:-1"},"og_locale":"pt_PT","og_type":"article","og_title":"IPMA alerta chuva persistente e por vezes forte at\u00e9 meio da manh\u00e3 de quinta-feira - Portal Tela Portugal","og_description":"O IPMA alerta que a depress\u00e3o Leonardo vai atravessar o continente esta noite e na madrugada, com chuva persistente e por vezes forte at\u00e9 meio da manh\u00e3 de quinta-feira. A chuva poder\u00e1 ser acompanhada de granizo e trovoada, com aguaceiros na manh\u00e3 de quinta-feira. Prev\u00ea-se queda de neve nos pontos mais altos da Serra da Estrela, com a cota a descer para 900 metros na sexta-feira e acumula\u00e7\u00e3o nas serras do Norte e Centro. O vento deve intensificar-se desde a noite de hoje para quinta-feira, com rajadas at\u00e9 90 km\/h, chegando a 110 km\/h nas terras altas, diminuindo a partir do final de quinta-feira \u00e0 tarde. Vento em nova intensifica\u00e7\u00e3o prevista a partir da manh\u00e3 de s\u00e1bado, especialmente na regi\u00e3o sul.","og_url":"https:\/\/portaltela.pt\/noticias\/2026\/02\/04\/ipma-alerta-chuva-persistente-e-por-vezes-forte-ate-meio-da-manha-de-quinta-feira-2\/","og_site_name":"Portal Tela Portugal","article_published_time":"2026-02-04T20:30:00+00:00","author":"Telinha","twitter_card":"summary_large_image","twitter_misc":{"Escrito por":"Telinha","Tempo estimado de leitura":"1 minuto"},"schema":{"@context":"https:\/\/schema.org","@graph":[{"@type":"Article","@id":"https:\/\/portaltela.pt\/noticias\/2026\/02\/04\/ipma-alerta-chuva-persistente-e-por-vezes-forte-ate-meio-da-manha-de-quinta-feira-2\/#article","isPartOf":{"@id":"https:\/\/portaltela.pt\/noticias\/2026\/02\/04\/ipma-alerta-chuva-persistente-e-por-vezes-forte-ate-meio-da-manha-de-quinta-feira-2\/"},"author":{"name":"Telinha","@id":"https:\/\/portaltela.pt\/#\/schema\/person\/c4278d4a6028830caff9ee44b42d32ed"},"headline":"IPMA alerta chuva persistente e por vezes forte at\u00e9 meio da manh\u00e3 de quinta-feira","datePublished":"2026-02-04T20:30:00+00:00","mainEntityOfPage":{"@id":"https:\/\/portaltela.pt\/noticias\/2026\/02\/04\/ipma-alerta-chuva-persistente-e-por-vezes-forte-ate-meio-da-manha-de-quinta-feira-2\/"},"wordCount":196,"image":{"@id":"https:\/\/portaltela.pt\/noticias\/2026\/02\/04\/ipma-alerta-chuva-persistente-e-por-vezes-forte-ate-meio-da-manha-de-quinta-feira-2\/#primaryimage"},"thumbnailUrl":"https:\/\/portaltela.pt\/s.01k8rhncp4jt1\/2026\/02\/img_1200x721uu2026-02-04-10-12-18-2419447-1.jpg","keywords":["chuva","granizo","queda de neve","Serra da Estrela","trovoadas","vento"],"articleSection":["Not\u00edcias"],"inLanguage":"pt-PT"},{"@type":"WebPage","@id":"https:\/\/portaltela.pt\/noticias\/2026\/02\/04\/ipma-alerta-chuva-persistente-e-por-vezes-forte-ate-meio-da-manha-de-quinta-feira-2\/","url":"https:\/\/portaltela.pt\/noticias\/2026\/02\/04\/ipma-alerta-chuva-persistente-e-por-vezes-forte-ate-meio-da-manha-de-quinta-feira-2\/","name":"IPMA alerta chuva persistente e por vezes forte at\u00e9 meio da manh\u00e3 de quinta-feira - Portal Tela Portugal","isPartOf":{"@id":"https:\/\/portaltela.pt\/#website"},"primaryImageOfPage":{"@id":"https:\/\/portaltela.pt\/noticias\/2026\/02\/04\/ipma-alerta-chuva-persistente-e-por-vezes-forte-ate-meio-da-manha-de-quinta-feira-2\/#primaryimage"},"image":{"@id":"https:\/\/portaltela.pt\/noticias\/2026\/02\/04\/ipma-alerta-chuva-persistente-e-por-vezes-forte-ate-meio-da-manha-de-quinta-feira-2\/#primaryimage"},"thumbnailUrl":"https:\/\/portaltela.pt\/s.01k8rhncp4jt1\/2026\/02\/img_1200x721uu2026-02-04-10-12-18-2419447-1.jpg","datePublished":"2026-02-04T20:30:00+00:00","author":{"@id":"https:\/\/portaltela.pt\/#\/schema\/person\/c4278d4a6028830caff9ee44b42d32ed"},"breadcrumb":{"@id":"https:\/\/portaltela.pt\/noticias\/2026\/02\/04\/ipma-alerta-chuva-persistente-e-por-vezes-forte-ate-meio-da-manha-de-quinta-feira-2\/#breadcrumb"},"inLanguage":"pt-PT","potentialAction":[{"@type":"ReadAction","target":["https:\/\/portaltela.pt\/noticias\/2026\/02\/04\/ipma-alerta-chuva-persistente-e-por-vezes-forte-ate-meio-da-manha-de-quinta-feira-2\/"]}]},{"@type":"ImageObject","inLanguage":"pt-PT","@id":"https:\/\/portaltela.pt\/noticias\/2026\/02\/04\/ipma-alerta-chuva-persistente-e-por-vezes-forte-ate-meio-da-manha-de-quinta-feira-2\/#primaryimage","url":"https:\/\/portaltela.pt\/s.01k8rhncp4jt1\/2026\/02\/img_1200x721uu2026-02-04-10-12-18-2419447-1.jpg","contentUrl":"https:\/\/portaltela.pt\/s.01k8rhncp4jt1\/2026\/02\/img_1200x721uu2026-02-04-10-12-18-2419447-1.jpg","width":796,"height":448,"caption":"Photo"},{"@type":"BreadcrumbList","@id":"https:\/\/portaltela.pt\/noticias\/2026\/02\/04\/ipma-alerta-chuva-persistente-e-por-vezes-forte-ate-meio-da-manha-de-quinta-feira-2\/#breadcrumb","itemListElement":[{"@type":"ListItem","position":1,"name":"In\u00edcio","item":"https:\/\/portaltela.pt\/"},{"@type":"ListItem","position":2,"name":"IPMA alerta chuva persistente e por vezes forte at\u00e9 meio da manh\u00e3 de quinta-feira"}]},{"@type":"WebSite","@id":"https:\/\/portaltela.pt\/#website","url":"https:\/\/portaltela.pt\/","name":"Portal Tela Portugal","description":"","potentialAction":[{"@type":"SearchAction","target":{"@type":"EntryPoint","urlTemplate":"https:\/\/portaltela.pt\/?s={search_term_string}"},"query-input":{"@type":"PropertyValueSpecification","valueRequired":true,"valueName":"search_term_string"}}],"inLanguage":"pt-PT"},{"@type":"Person","@id":"https:\/\/portaltela.pt\/#\/schema\/person\/c4278d4a6028830caff9ee44b42d32ed","name":"Telinha","image":{"@type":"ImageObject","inLanguage":"pt-PT","@id":"https:\/\/portaltela.pt\/s.01k8rhncp4jt1\/2025\/11\/talking-bot-125x125.png","url":"https:\/\/portaltela.pt\/s.01k8rhncp4jt1\/2025\/11\/talking-bot-125x125.png","contentUrl":"https:\/\/portaltela.pt\/s.01k8rhncp4jt1\/2025\/11\/talking-bot-125x125.png","caption":"Telinha"},"sameAs":["https:\/\/portaltela.pt\/"],"url":"https:\/\/portaltela.pt\/por\/367410592786\/"}]}},"_links":{"self":[{"href":"https:\/\/portaltela.pt\/api\/wp\/v2\/posts\/198104","targetHints":{"allow":["GET"]}}],"collection":[{"href":"https:\/\/portaltela.pt\/api\/wp\/v2\/posts"}],"about":[{"href":"https:\/\/portaltela.pt\/api\/wp\/v2\/types\/post"}],"author":[{"embeddable":true,"href":"https:\/\/portaltela.pt\/api\/wp\/v2\/users\/2"}],"replies":[{"embeddable":true,"href":"https:\/\/portaltela.pt\/api\/wp\/v2\/comments?post=198104"}],"version-history":[{"count":0,"href":"https:\/\/portaltela.pt\/api\/wp\/v2\/posts\/198104\/revisions"}],"wp:featuredmedia":[{"embeddable":true,"href":"https:\/\/portaltela.pt\/api\/wp\/v2\/media\/198111"}],"wp:attachment":[{"href":"https:\/\/portaltela.pt\/api\/wp\/v2\/media?parent=198104"}],"wp:term":[{"taxonomy":"category","embeddable":true,"href":"https:\/\/portaltela.pt\/api\/wp\/v2\/categories?post=198104"},{"taxonomy":"post_tag","embeddable":true,"href":"https:\/\/portaltela.pt\/api\/wp\/v2\/tags?post=198104"}],"curies":[{"name":"wp","href":"https:\/\/api.w.org\/{rel}","templated":true}]}}