{"id":198086,"date":"2026-02-04T17:18:00","date_gmt":"2026-02-04T20:18:00","guid":{"rendered":"https:\/\/portaltela.pt\/noticias\/2026\/02\/04\/morreu-nogueira-de-brito-antigo-lider-parlamentar-do-cds-pp\/"},"modified":"2026-02-04T17:18:00","modified_gmt":"2026-02-04T20:18:00","slug":"morreu-nogueira-de-brito-antigo-lider-parlamentar-do-cds-pp","status":"publish","type":"post","link":"https:\/\/portaltela.pt\/noticias\/politica\/2026\/02\/04\/morreu-nogueira-de-brito-antigo-lider-parlamentar-do-cds-pp\/","title":{"rendered":"Morreu Nogueira de Brito, antigo l\u00edder parlamentar do CDS-PP"},"content":{"rendered":"<p>O CDS-PP confirmou esta quarta-feira o falecimento de Jos\u00e9 Lu\u00eds Nogueira de Brito, militante, dirigente, deputado e antigo l\u00edder parlamentar, aos 88 anos. A not\u00edcia foi anunciada pelo partido e \u00e9 apresentada como uma perda para a democracia portuguesa.<\/p>\n<p>Em nota de pesar, o CDS-PP destacou Nogueira de Brito como uma das principais refer\u00eancias do partido, da democracia e de Portugal. O texto enaltece o legado de humanismo e personalismo, bem como a entrega aos valores da democracia crist\u00e3 e ao servi\u00e7o p\u00fablico.<\/p>\n<p>Foi descrito como um tribuno brilhante e not\u00e1vel na Assembleia da Rep\u00fablica, com uma carreira marcada pela dec\u00eancia e integridade. O partido expressou os p\u00easames \u00e0 fam\u00edlia e reconheceu a import\u00e2ncia do antigo deputado para o CDS-PP.<\/p>\n<h3>Carreira p\u00fablica e contributos<\/h3>\n<p>Licenciado em Direito, Nogueira de Brito foi deputado pela regi\u00e3o de Braga. Desempenhou o papel de presidente da Comiss\u00e3o de Sa\u00fade, Seguran\u00e7a Social e Fam\u00edlia e liderou o Grupo Parlamentar do CDS-PP.<\/p>\n<p>Exerceu ainda fun\u00e7\u00f5es de vice-presidente da Comiss\u00e3o Pol\u00edtica e foi presidente do Conselho Nacional do CDS-PP, refletindo uma participa\u00e7\u00e3o ativa na estrat\u00e9gia e organiza\u00e7\u00e3o do partido. O CDS-PP descreve-o como uma refer\u00eancia de servi\u00e7o p\u00fablico e cidadania.<\/p>\n","protected":false},"excerpt":{"rendered":"<ul>\n<li>O CDS-PP anunciou a morte de Jos\u00e9 Lu\u00eds Nogueira de Brito aos 88 anos, militante, dirigente, deputado e antigo l\u00edder parlamentar.<\/li>\n<li>O partido considera Nogueira de Brito uma das grandes refer\u00eancias do CDS-PP, da democracia portuguesa e de Portugal.<\/li>\n<li>Licenciado em Direito, foi deputado por Braga, presidente da Comiss\u00e3o de Sa\u00fade, Seguran\u00e7a Social e Fam\u00edlia e presidente do Grupo Parlamentar do CDS-PP.<\/li>\n<li>Desempenhou ainda fun\u00e7\u00f5es como vice-presidente da Comiss\u00e3o Pol\u00edtica e presidente do Conselho Nacional do CDS-PP.<\/li>\n<li>O CDS-PP enviou mensagens de pesar \u00e0 fam\u00edlia e destacou o legado de humanismo e integridade do ex-deputado.<\/li>\n<\/ul>\n","protected":false},"author":2,"featured_media":198087,"comment_status":"closed","ping_status":"closed","sticky":false,"template":"","format":"standard","meta":{"footnotes":""},"categories":[1,5],"tags":[1207,2478,3763,2795,2832,5196],"class_list":["post-198086","post","type-post","status-publish","format-standard","has-post-thumbnail","hentry","category-noticias","category-politica","tag-braga","tag-cds","tag-cds-cds","tag-democracia","tag-politica","tag-servico-publico"],"yoast_head":"<!-- This site is optimized with the Yoast SEO plugin v27.2 - https:\/\/yoast.com\/product\/yoast-seo-wordpress\/ -->\n<title>Morreu Nogueira de Brito, antigo l\u00edder parlamentar do CDS-PP - Portal Tela Portugal<\/title>\n<meta name=\"robots\" content=\"index, follow, max-snippet:-1, max-image-preview:large, max-video-preview:-1\" \/>\n<meta property=\"og:locale\" content=\"pt_PT\" \/>\n<meta property=\"og:type\" content=\"article\" \/>\n<meta property=\"og:title\" content=\"Morreu Nogueira de Brito, antigo l\u00edder parlamentar do CDS-PP - Portal Tela Portugal\" \/>\n<meta property=\"og:description\" content=\"O CDS-PP anunciou a morte de Jos\u00e9 Lu\u00eds Nogueira de Brito aos 88 anos, militante, dirigente, deputado e antigo l\u00edder parlamentar. O partido considera Nogueira de Brito uma das grandes refer\u00eancias do CDS-PP, da democracia portuguesa e de Portugal. Licenciado em Direito, foi deputado por Braga, presidente da Comiss\u00e3o de Sa\u00fade, Seguran\u00e7a Social e Fam\u00edlia e presidente do Grupo Parlamentar do CDS-PP. Desempenhou ainda fun\u00e7\u00f5es como vice-presidente da Comiss\u00e3o Pol\u00edtica e presidente do Conselho Nacional do CDS-PP. O CDS-PP enviou mensagens de pesar \u00e0 fam\u00edlia e destacou o legado de humanismo e integridade do ex-deputado.\" \/>\n<meta property=\"og:url\" content=\"https:\/\/portaltela.pt\/noticias\/2026\/02\/04\/morreu-nogueira-de-brito-antigo-lider-parlamentar-do-cds-pp\/\" \/>\n<meta property=\"og:site_name\" content=\"Portal Tela Portugal\" \/>\n<meta property=\"article:published_time\" content=\"2026-02-04T20:18:00+00:00\" \/>\n<meta name=\"author\" content=\"Telinha\" \/>\n<meta name=\"twitter:card\" content=\"summary_large_image\" \/>\n<meta name=\"twitter:label1\" content=\"Escrito por\" \/>\n\t<meta name=\"twitter:data1\" content=\"Telinha\" \/>\n\t<meta name=\"twitter:label2\" content=\"Tempo estimado de leitura\" \/>\n\t<meta name=\"twitter:data2\" content=\"1 minuto\" \/>\n<script type=\"application\/ld+json\" class=\"yoast-schema-graph\">{\"@context\":\"https:\/\/schema.org\",\"@graph\":[{\"@type\":\"Article\",\"@id\":\"https:\/\/portaltela.pt\/noticias\/2026\/02\/04\/morreu-nogueira-de-brito-antigo-lider-parlamentar-do-cds-pp\/#article\",\"isPartOf\":{\"@id\":\"https:\/\/portaltela.pt\/noticias\/2026\/02\/04\/morreu-nogueira-de-brito-antigo-lider-parlamentar-do-cds-pp\/\"},\"author\":{\"name\":\"Telinha\",\"@id\":\"https:\/\/portaltela.pt\/#\/schema\/person\/c4278d4a6028830caff9ee44b42d32ed\"},\"headline\":\"Morreu Nogueira de Brito, antigo l\u00edder parlamentar do CDS-PP\",\"datePublished\":\"2026-02-04T20:18:00+00:00\",\"mainEntityOfPage\":{\"@id\":\"https:\/\/portaltela.pt\/noticias\/2026\/02\/04\/morreu-nogueira-de-brito-antigo-lider-parlamentar-do-cds-pp\/\"},\"wordCount\":227,\"image\":{\"@id\":\"https:\/\/portaltela.pt\/noticias\/2026\/02\/04\/morreu-nogueira-de-brito-antigo-lider-parlamentar-do-cds-pp\/#primaryimage\"},\"thumbnailUrl\":\"https:\/\/portaltela.pt\/s.01k8rhncp4jt1\/2026\/02\/image-327.jpg\",\"keywords\":[\"Braga\",\"CDS\",\"CDS\/CDS\",\"democracia\",\"pol\u00edtica\",\"servi\u00e7o p\u00fablico\"],\"articleSection\":[\"Not\u00edcias\",\"Pol\u00edtica\"],\"inLanguage\":\"pt-PT\"},{\"@type\":\"WebPage\",\"@id\":\"https:\/\/portaltela.pt\/noticias\/2026\/02\/04\/morreu-nogueira-de-brito-antigo-lider-parlamentar-do-cds-pp\/\",\"url\":\"https:\/\/portaltela.pt\/noticias\/2026\/02\/04\/morreu-nogueira-de-brito-antigo-lider-parlamentar-do-cds-pp\/\",\"name\":\"Morreu Nogueira de Brito, antigo l\u00edder parlamentar do CDS-PP - Portal Tela Portugal\",\"isPartOf\":{\"@id\":\"https:\/\/portaltela.pt\/#website\"},\"primaryImageOfPage\":{\"@id\":\"https:\/\/portaltela.pt\/noticias\/2026\/02\/04\/morreu-nogueira-de-brito-antigo-lider-parlamentar-do-cds-pp\/#primaryimage\"},\"image\":{\"@id\":\"https:\/\/portaltela.pt\/noticias\/2026\/02\/04\/morreu-nogueira-de-brito-antigo-lider-parlamentar-do-cds-pp\/#primaryimage\"},\"thumbnailUrl\":\"https:\/\/portaltela.pt\/s.01k8rhncp4jt1\/2026\/02\/image-327.jpg\",\"datePublished\":\"2026-02-04T20:18:00+00:00\",\"author\":{\"@id\":\"https:\/\/portaltela.pt\/#\/schema\/person\/c4278d4a6028830caff9ee44b42d32ed\"},\"breadcrumb\":{\"@id\":\"https:\/\/portaltela.pt\/noticias\/2026\/02\/04\/morreu-nogueira-de-brito-antigo-lider-parlamentar-do-cds-pp\/#breadcrumb\"},\"inLanguage\":\"pt-PT\",\"potentialAction\":[{\"@type\":\"ReadAction\",\"target\":[\"https:\/\/portaltela.pt\/noticias\/2026\/02\/04\/morreu-nogueira-de-brito-antigo-lider-parlamentar-do-cds-pp\/\"]}]},{\"@type\":\"ImageObject\",\"inLanguage\":\"pt-PT\",\"@id\":\"https:\/\/portaltela.pt\/noticias\/2026\/02\/04\/morreu-nogueira-de-brito-antigo-lider-parlamentar-do-cds-pp\/#primaryimage\",\"url\":\"https:\/\/portaltela.pt\/s.01k8rhncp4jt1\/2026\/02\/image-327.jpg\",\"contentUrl\":\"https:\/\/portaltela.pt\/s.01k8rhncp4jt1\/2026\/02\/image-327.jpg\",\"width\":796,\"height\":448,\"caption\":\"Figura do CDS tinha 88 anos\"},{\"@type\":\"BreadcrumbList\",\"@id\":\"https:\/\/portaltela.pt\/noticias\/2026\/02\/04\/morreu-nogueira-de-brito-antigo-lider-parlamentar-do-cds-pp\/#breadcrumb\",\"itemListElement\":[{\"@type\":\"ListItem\",\"position\":1,\"name\":\"In\u00edcio\",\"item\":\"https:\/\/portaltela.pt\/\"},{\"@type\":\"ListItem\",\"position\":2,\"name\":\"Morreu Nogueira de Brito, antigo l\u00edder parlamentar do CDS-PP\"}]},{\"@type\":\"WebSite\",\"@id\":\"https:\/\/portaltela.pt\/#website\",\"url\":\"https:\/\/portaltela.pt\/\",\"name\":\"Portal Tela Portugal\",\"description\":\"\",\"potentialAction\":[{\"@type\":\"SearchAction\",\"target\":{\"@type\":\"EntryPoint\",\"urlTemplate\":\"https:\/\/portaltela.pt\/?s={search_term_string}\"},\"query-input\":{\"@type\":\"PropertyValueSpecification\",\"valueRequired\":true,\"valueName\":\"search_term_string\"}}],\"inLanguage\":\"pt-PT\"},{\"@type\":\"Person\",\"@id\":\"https:\/\/portaltela.pt\/#\/schema\/person\/c4278d4a6028830caff9ee44b42d32ed\",\"name\":\"Telinha\",\"image\":{\"@type\":\"ImageObject\",\"inLanguage\":\"pt-PT\",\"@id\":\"https:\/\/portaltela.pt\/s.01k8rhncp4jt1\/2025\/11\/talking-bot-125x125.png\",\"url\":\"https:\/\/portaltela.pt\/s.01k8rhncp4jt1\/2025\/11\/talking-bot-125x125.png\",\"contentUrl\":\"https:\/\/portaltela.pt\/s.01k8rhncp4jt1\/2025\/11\/talking-bot-125x125.png\",\"caption\":\"Telinha\"},\"sameAs\":[\"https:\/\/portaltela.pt\/\"],\"url\":\"https:\/\/portaltela.pt\/por\/367410592786\/\"}]}<\/script>\n<!-- \/ Yoast SEO plugin. -->","yoast_head_json":{"title":"Morreu Nogueira de Brito, antigo l\u00edder parlamentar do CDS-PP - Portal Tela Portugal","robots":{"index":"index","follow":"follow","max-snippet":"max-snippet:-1","max-image-preview":"max-image-preview:large","max-video-preview":"max-video-preview:-1"},"og_locale":"pt_PT","og_type":"article","og_title":"Morreu Nogueira de Brito, antigo l\u00edder parlamentar do CDS-PP - Portal Tela Portugal","og_description":"O CDS-PP anunciou a morte de Jos\u00e9 Lu\u00eds Nogueira de Brito aos 88 anos, militante, dirigente, deputado e antigo l\u00edder parlamentar. O partido considera Nogueira de Brito uma das grandes refer\u00eancias do CDS-PP, da democracia portuguesa e de Portugal. Licenciado em Direito, foi deputado por Braga, presidente da Comiss\u00e3o de Sa\u00fade, Seguran\u00e7a Social e Fam\u00edlia e presidente do Grupo Parlamentar do CDS-PP. Desempenhou ainda fun\u00e7\u00f5es como vice-presidente da Comiss\u00e3o Pol\u00edtica e presidente do Conselho Nacional do CDS-PP. O CDS-PP enviou mensagens de pesar \u00e0 fam\u00edlia e destacou o legado de humanismo e integridade do ex-deputado.","og_url":"https:\/\/portaltela.pt\/noticias\/2026\/02\/04\/morreu-nogueira-de-brito-antigo-lider-parlamentar-do-cds-pp\/","og_site_name":"Portal Tela Portugal","article_published_time":"2026-02-04T20:18:00+00:00","author":"Telinha","twitter_card":"summary_large_image","twitter_misc":{"Escrito por":"Telinha","Tempo estimado de leitura":"1 minuto"},"schema":{"@context":"https:\/\/schema.org","@graph":[{"@type":"Article","@id":"https:\/\/portaltela.pt\/noticias\/2026\/02\/04\/morreu-nogueira-de-brito-antigo-lider-parlamentar-do-cds-pp\/#article","isPartOf":{"@id":"https:\/\/portaltela.pt\/noticias\/2026\/02\/04\/morreu-nogueira-de-brito-antigo-lider-parlamentar-do-cds-pp\/"},"author":{"name":"Telinha","@id":"https:\/\/portaltela.pt\/#\/schema\/person\/c4278d4a6028830caff9ee44b42d32ed"},"headline":"Morreu Nogueira de Brito, antigo l\u00edder parlamentar do CDS-PP","datePublished":"2026-02-04T20:18:00+00:00","mainEntityOfPage":{"@id":"https:\/\/portaltela.pt\/noticias\/2026\/02\/04\/morreu-nogueira-de-brito-antigo-lider-parlamentar-do-cds-pp\/"},"wordCount":227,"image":{"@id":"https:\/\/portaltela.pt\/noticias\/2026\/02\/04\/morreu-nogueira-de-brito-antigo-lider-parlamentar-do-cds-pp\/#primaryimage"},"thumbnailUrl":"https:\/\/portaltela.pt\/s.01k8rhncp4jt1\/2026\/02\/image-327.jpg","keywords":["Braga","CDS","CDS\/CDS","democracia","pol\u00edtica","servi\u00e7o p\u00fablico"],"articleSection":["Not\u00edcias","Pol\u00edtica"],"inLanguage":"pt-PT"},{"@type":"WebPage","@id":"https:\/\/portaltela.pt\/noticias\/2026\/02\/04\/morreu-nogueira-de-brito-antigo-lider-parlamentar-do-cds-pp\/","url":"https:\/\/portaltela.pt\/noticias\/2026\/02\/04\/morreu-nogueira-de-brito-antigo-lider-parlamentar-do-cds-pp\/","name":"Morreu Nogueira de Brito, antigo l\u00edder parlamentar do CDS-PP - Portal Tela Portugal","isPartOf":{"@id":"https:\/\/portaltela.pt\/#website"},"primaryImageOfPage":{"@id":"https:\/\/portaltela.pt\/noticias\/2026\/02\/04\/morreu-nogueira-de-brito-antigo-lider-parlamentar-do-cds-pp\/#primaryimage"},"image":{"@id":"https:\/\/portaltela.pt\/noticias\/2026\/02\/04\/morreu-nogueira-de-brito-antigo-lider-parlamentar-do-cds-pp\/#primaryimage"},"thumbnailUrl":"https:\/\/portaltela.pt\/s.01k8rhncp4jt1\/2026\/02\/image-327.jpg","datePublished":"2026-02-04T20:18:00+00:00","author":{"@id":"https:\/\/portaltela.pt\/#\/schema\/person\/c4278d4a6028830caff9ee44b42d32ed"},"breadcrumb":{"@id":"https:\/\/portaltela.pt\/noticias\/2026\/02\/04\/morreu-nogueira-de-brito-antigo-lider-parlamentar-do-cds-pp\/#breadcrumb"},"inLanguage":"pt-PT","potentialAction":[{"@type":"ReadAction","target":["https:\/\/portaltela.pt\/noticias\/2026\/02\/04\/morreu-nogueira-de-brito-antigo-lider-parlamentar-do-cds-pp\/"]}]},{"@type":"ImageObject","inLanguage":"pt-PT","@id":"https:\/\/portaltela.pt\/noticias\/2026\/02\/04\/morreu-nogueira-de-brito-antigo-lider-parlamentar-do-cds-pp\/#primaryimage","url":"https:\/\/portaltela.pt\/s.01k8rhncp4jt1\/2026\/02\/image-327.jpg","contentUrl":"https:\/\/portaltela.pt\/s.01k8rhncp4jt1\/2026\/02\/image-327.jpg","width":796,"height":448,"caption":"Figura do CDS tinha 88 anos"},{"@type":"BreadcrumbList","@id":"https:\/\/portaltela.pt\/noticias\/2026\/02\/04\/morreu-nogueira-de-brito-antigo-lider-parlamentar-do-cds-pp\/#breadcrumb","itemListElement":[{"@type":"ListItem","position":1,"name":"In\u00edcio","item":"https:\/\/portaltela.pt\/"},{"@type":"ListItem","position":2,"name":"Morreu Nogueira de Brito, antigo l\u00edder parlamentar do CDS-PP"}]},{"@type":"WebSite","@id":"https:\/\/portaltela.pt\/#website","url":"https:\/\/portaltela.pt\/","name":"Portal Tela Portugal","description":"","potentialAction":[{"@type":"SearchAction","target":{"@type":"EntryPoint","urlTemplate":"https:\/\/portaltela.pt\/?s={search_term_string}"},"query-input":{"@type":"PropertyValueSpecification","valueRequired":true,"valueName":"search_term_string"}}],"inLanguage":"pt-PT"},{"@type":"Person","@id":"https:\/\/portaltela.pt\/#\/schema\/person\/c4278d4a6028830caff9ee44b42d32ed","name":"Telinha","image":{"@type":"ImageObject","inLanguage":"pt-PT","@id":"https:\/\/portaltela.pt\/s.01k8rhncp4jt1\/2025\/11\/talking-bot-125x125.png","url":"https:\/\/portaltela.pt\/s.01k8rhncp4jt1\/2025\/11\/talking-bot-125x125.png","contentUrl":"https:\/\/portaltela.pt\/s.01k8rhncp4jt1\/2025\/11\/talking-bot-125x125.png","caption":"Telinha"},"sameAs":["https:\/\/portaltela.pt\/"],"url":"https:\/\/portaltela.pt\/por\/367410592786\/"}]}},"_links":{"self":[{"href":"https:\/\/portaltela.pt\/api\/wp\/v2\/posts\/198086","targetHints":{"allow":["GET"]}}],"collection":[{"href":"https:\/\/portaltela.pt\/api\/wp\/v2\/posts"}],"about":[{"href":"https:\/\/portaltela.pt\/api\/wp\/v2\/types\/post"}],"author":[{"embeddable":true,"href":"https:\/\/portaltela.pt\/api\/wp\/v2\/users\/2"}],"replies":[{"embeddable":true,"href":"https:\/\/portaltela.pt\/api\/wp\/v2\/comments?post=198086"}],"version-history":[{"count":0,"href":"https:\/\/portaltela.pt\/api\/wp\/v2\/posts\/198086\/revisions"}],"wp:featuredmedia":[{"embeddable":true,"href":"https:\/\/portaltela.pt\/api\/wp\/v2\/media\/198087"}],"wp:attachment":[{"href":"https:\/\/portaltela.pt\/api\/wp\/v2\/media?parent=198086"}],"wp:term":[{"taxonomy":"category","embeddable":true,"href":"https:\/\/portaltela.pt\/api\/wp\/v2\/categories?post=198086"},{"taxonomy":"post_tag","embeddable":true,"href":"https:\/\/portaltela.pt\/api\/wp\/v2\/tags?post=198086"}],"curies":[{"name":"wp","href":"https:\/\/api.w.org\/{rel}","templated":true}]}}