{"id":198013,"date":"2026-02-04T17:02:00","date_gmt":"2026-02-04T20:02:00","guid":{"rendered":"https:\/\/portaltela.pt\/noticias\/2026\/02\/04\/como-ato-sexual-consensual-tera-evoluido-para-violacao-agravada-de-menor\/"},"modified":"2026-02-04T17:02:00","modified_gmt":"2026-02-04T20:02:00","slug":"como-ato-sexual-consensual-tera-evoluido-para-violacao-agravada-de-menor","status":"publish","type":"post","link":"https:\/\/portaltela.pt\/noticias\/2026\/02\/04\/como-ato-sexual-consensual-tera-evoluido-para-violacao-agravada-de-menor\/","title":{"rendered":"Como ato sexual consensual ter\u00e1 evolu\u00eddo para viola\u00e7\u00e3o agravada de menor"},"content":{"rendered":"<p>O Minist\u00e9rio P\u00fablico acusou quatro jovens de um crime de viola\u00e7\u00e3o agravada de menor e de 27 crimes de pornografia de menores agravados. Segundo a acusa\u00e7\u00e3o, atos sexuais teriam sido filmados e partilhados com terceiros.<\/p>\n<p>A den\u00fancia descreve que o encontro ocorreu numa quarta-feira de fevereiro, pelas seis da tarde, numa avenida de Santo Ant\u00f3nio dos Cavaleiros, em Loures. Ana, nome fict\u00edcio da v\u00edtima, compareceu ao encontro, esperando a reuni\u00e3o com os rapazes. Os argu\u00eddos tinham entre 17 e 19 anos.<\/p>\n<p>De acordo com o MP, os jovens exercitaram atos sexuais com Ana contra a sua vontade, configurando viola\u00e7\u00e3o agravada pela menor. Foram alegadamente gravadas cenas que depois foram difundidas entre terceiros.<\/p>\n<h3>Processo e acusa\u00e7\u00f5es<\/h3>\n<p>A acusa\u00e7\u00e3o descreve 27 crimes de pornografia de menores agravados, associando as imagens a terceiros. O caso ganhou destaque ap\u00f3s uma manifesta\u00e7\u00e3o em frente ao Parlamento, sob o lema Viola\u00e7\u00e3o N\u00e3o se Filma, Condena-se.<\/p>\n<p>Entre os arguidos existem liga\u00e7\u00f5es de amizade, com historial de conv\u00edvio entre eles. A investiga\u00e7\u00e3o ter\u00e1 recolhido vest\u00edgios digitais e testemunhos que sustentam as alega\u00e7\u00f5es da v\u00edtima.<\/p>\n<p>Os pr\u00f3ximos passos processuais incluem a leitura das pe\u00e7as processuais e a eventual marca\u00e7\u00e3o de julgamento. As autoridades mant\u00eam o enfoque na neutralidade e na verifica\u00e7\u00e3o de todos os factos apresentados.<\/p>\n","protected":false},"excerpt":{"rendered":"<ul>\n<li>O Minist\u00e9rio P\u00fablico acusou quatro jovens de viola\u00e7\u00e3o agravada de menor e de 27 crimes de pornografia de menores agravados, com os atos gravados e partilhados com terceiros.<\/li>\n<li>O encontro ocorreu numa quarta-feira de Fevereiro, \u00e0s seis da tarde, numa avenida de Santo Ant\u00f3nio dos Cavaleiros, em Loures, com Ana (nome fict\u00edcio) a comparecer.<\/li>\n<li>Os quatro rapazes tinham entre 17 e 19 anos \u00e0 \u00e9poca e eram amigos entre si.<\/li>\n<li>A viola\u00e7\u00e3o gerou uma manifesta\u00e7\u00e3o em frente ao Parlamento, com o lema &#8220;Viola\u00e7\u00e3o N\u00e3o se Filma, Condena-se&#8221;.<\/li>\n<li>O processo envolve grava\u00e7\u00f5es de atos sexuais e a distribui\u00e7\u00e3o de material entre terceiros.<\/li>\n<\/ul>\n","protected":false},"author":2,"featured_media":198025,"comment_status":"closed","ping_status":"closed","sticky":false,"template":"","format":"standard","meta":{"footnotes":""},"categories":[1],"tags":[147,5194,5446,1825,3599,1389],"class_list":["post-198013","post","type-post","status-publish","format-standard","has-post-thumbnail","hentry","category-noticias","tag-crime","tag-exploracao-de-menores","tag-pornografia-de-menores-agravados","tag-violacao","tag-violacao-agravada","tag-violencia-sexual-de-menor-dependente-ou-em-situacao-vulneravel"],"yoast_head":"<!-- This site is optimized with the Yoast SEO plugin v27.2 - https:\/\/yoast.com\/product\/yoast-seo-wordpress\/ -->\n<title>Como ato sexual consensual ter\u00e1 evolu\u00eddo para viola\u00e7\u00e3o agravada de menor - Portal Tela Portugal<\/title>\n<meta name=\"robots\" content=\"index, follow, max-snippet:-1, max-image-preview:large, max-video-preview:-1\" \/>\n<meta property=\"og:locale\" content=\"pt_PT\" \/>\n<meta property=\"og:type\" content=\"article\" \/>\n<meta property=\"og:title\" content=\"Como ato sexual consensual ter\u00e1 evolu\u00eddo para viola\u00e7\u00e3o agravada de menor - Portal Tela Portugal\" \/>\n<meta property=\"og:description\" content=\"O Minist\u00e9rio P\u00fablico acusou quatro jovens de viola\u00e7\u00e3o agravada de menor e de 27 crimes de pornografia de menores agravados, com os atos gravados e partilhados com terceiros. O encontro ocorreu numa quarta-feira de Fevereiro, \u00e0s seis da tarde, numa avenida de Santo Ant\u00f3nio dos Cavaleiros, em Loures, com Ana (nome fict\u00edcio) a comparecer. Os quatro rapazes tinham entre 17 e 19 anos \u00e0 \u00e9poca e eram amigos entre si. A viola\u00e7\u00e3o gerou uma manifesta\u00e7\u00e3o em frente ao Parlamento, com o lema &quot;Viola\u00e7\u00e3o N\u00e3o se Filma, Condena-se&quot;. O processo envolve grava\u00e7\u00f5es de atos sexuais e a distribui\u00e7\u00e3o de material entre terceiros.\" \/>\n<meta property=\"og:url\" content=\"https:\/\/portaltela.pt\/noticias\/2026\/02\/04\/como-ato-sexual-consensual-tera-evoluido-para-violacao-agravada-de-menor\/\" \/>\n<meta property=\"og:site_name\" content=\"Portal Tela Portugal\" \/>\n<meta property=\"article:published_time\" content=\"2026-02-04T20:02:00+00:00\" \/>\n<meta name=\"author\" content=\"Telinha\" \/>\n<meta name=\"twitter:card\" content=\"summary_large_image\" \/>\n<meta name=\"twitter:label1\" content=\"Escrito por\" \/>\n\t<meta name=\"twitter:data1\" content=\"Telinha\" \/>\n\t<meta name=\"twitter:label2\" content=\"Tempo estimado de leitura\" \/>\n\t<meta name=\"twitter:data2\" content=\"1 minuto\" \/>\n<script type=\"application\/ld+json\" class=\"yoast-schema-graph\">{\"@context\":\"https:\/\/schema.org\",\"@graph\":[{\"@type\":\"Article\",\"@id\":\"https:\/\/portaltela.pt\/noticias\/2026\/02\/04\/como-ato-sexual-consensual-tera-evoluido-para-violacao-agravada-de-menor\/#article\",\"isPartOf\":{\"@id\":\"https:\/\/portaltela.pt\/noticias\/2026\/02\/04\/como-ato-sexual-consensual-tera-evoluido-para-violacao-agravada-de-menor\/\"},\"author\":{\"name\":\"Telinha\",\"@id\":\"https:\/\/portaltela.pt\/#\/schema\/person\/c4278d4a6028830caff9ee44b42d32ed\"},\"headline\":\"Como ato sexual consensual ter\u00e1 evolu\u00eddo para viola\u00e7\u00e3o agravada de menor\",\"datePublished\":\"2026-02-04T20:02:00+00:00\",\"mainEntityOfPage\":{\"@id\":\"https:\/\/portaltela.pt\/noticias\/2026\/02\/04\/como-ato-sexual-consensual-tera-evoluido-para-violacao-agravada-de-menor\/\"},\"wordCount\":244,\"image\":{\"@id\":\"https:\/\/portaltela.pt\/noticias\/2026\/02\/04\/como-ato-sexual-consensual-tera-evoluido-para-violacao-agravada-de-menor\/#primaryimage\"},\"thumbnailUrl\":\"https:\/\/portaltela.pt\/s.01k8rhncp4jt1\/2026\/02\/2064548.jpg\",\"keywords\":[\"crime\",\"explora\u00e7\u00e3o de menores\",\"pornografia de menores agravados\",\"viola\u00e7\u00e3o\",\"viola\u00e7\u00e3o agravada\",\"viol\u00eancia sexual de menor dependente ou em situa\u00e7\u00e3o vulner\u00e1vel\"],\"articleSection\":[\"Not\u00edcias\"],\"inLanguage\":\"pt-PT\"},{\"@type\":\"WebPage\",\"@id\":\"https:\/\/portaltela.pt\/noticias\/2026\/02\/04\/como-ato-sexual-consensual-tera-evoluido-para-violacao-agravada-de-menor\/\",\"url\":\"https:\/\/portaltela.pt\/noticias\/2026\/02\/04\/como-ato-sexual-consensual-tera-evoluido-para-violacao-agravada-de-menor\/\",\"name\":\"Como ato sexual consensual ter\u00e1 evolu\u00eddo para viola\u00e7\u00e3o agravada de menor - Portal Tela Portugal\",\"isPartOf\":{\"@id\":\"https:\/\/portaltela.pt\/#website\"},\"primaryImageOfPage\":{\"@id\":\"https:\/\/portaltela.pt\/noticias\/2026\/02\/04\/como-ato-sexual-consensual-tera-evoluido-para-violacao-agravada-de-menor\/#primaryimage\"},\"image\":{\"@id\":\"https:\/\/portaltela.pt\/noticias\/2026\/02\/04\/como-ato-sexual-consensual-tera-evoluido-para-violacao-agravada-de-menor\/#primaryimage\"},\"thumbnailUrl\":\"https:\/\/portaltela.pt\/s.01k8rhncp4jt1\/2026\/02\/2064548.jpg\",\"datePublished\":\"2026-02-04T20:02:00+00:00\",\"author\":{\"@id\":\"https:\/\/portaltela.pt\/#\/schema\/person\/c4278d4a6028830caff9ee44b42d32ed\"},\"breadcrumb\":{\"@id\":\"https:\/\/portaltela.pt\/noticias\/2026\/02\/04\/como-ato-sexual-consensual-tera-evoluido-para-violacao-agravada-de-menor\/#breadcrumb\"},\"inLanguage\":\"pt-PT\",\"potentialAction\":[{\"@type\":\"ReadAction\",\"target\":[\"https:\/\/portaltela.pt\/noticias\/2026\/02\/04\/como-ato-sexual-consensual-tera-evoluido-para-violacao-agravada-de-menor\/\"]}]},{\"@type\":\"ImageObject\",\"inLanguage\":\"pt-PT\",\"@id\":\"https:\/\/portaltela.pt\/noticias\/2026\/02\/04\/como-ato-sexual-consensual-tera-evoluido-para-violacao-agravada-de-menor\/#primaryimage\",\"url\":\"https:\/\/portaltela.pt\/s.01k8rhncp4jt1\/2026\/02\/2064548.jpg\",\"contentUrl\":\"https:\/\/portaltela.pt\/s.01k8rhncp4jt1\/2026\/02\/2064548.jpg\",\"width\":796,\"height\":448,\"caption\":\"Viola\u00e7\u00e3o em Loures deu origem a manifesta\u00e7\u00e3o em frente ao Parlamento. \\\"Viola\u00e7\u00e3o N\u00e3o se Filma, Condena-se\\\" foi um dos lemas\"},{\"@type\":\"BreadcrumbList\",\"@id\":\"https:\/\/portaltela.pt\/noticias\/2026\/02\/04\/como-ato-sexual-consensual-tera-evoluido-para-violacao-agravada-de-menor\/#breadcrumb\",\"itemListElement\":[{\"@type\":\"ListItem\",\"position\":1,\"name\":\"In\u00edcio\",\"item\":\"https:\/\/portaltela.pt\/\"},{\"@type\":\"ListItem\",\"position\":2,\"name\":\"Como ato sexual consensual ter\u00e1 evolu\u00eddo para viola\u00e7\u00e3o agravada de menor\"}]},{\"@type\":\"WebSite\",\"@id\":\"https:\/\/portaltela.pt\/#website\",\"url\":\"https:\/\/portaltela.pt\/\",\"name\":\"Portal Tela Portugal\",\"description\":\"\",\"potentialAction\":[{\"@type\":\"SearchAction\",\"target\":{\"@type\":\"EntryPoint\",\"urlTemplate\":\"https:\/\/portaltela.pt\/?s={search_term_string}\"},\"query-input\":{\"@type\":\"PropertyValueSpecification\",\"valueRequired\":true,\"valueName\":\"search_term_string\"}}],\"inLanguage\":\"pt-PT\"},{\"@type\":\"Person\",\"@id\":\"https:\/\/portaltela.pt\/#\/schema\/person\/c4278d4a6028830caff9ee44b42d32ed\",\"name\":\"Telinha\",\"image\":{\"@type\":\"ImageObject\",\"inLanguage\":\"pt-PT\",\"@id\":\"https:\/\/portaltela.pt\/s.01k8rhncp4jt1\/2025\/11\/talking-bot-125x125.png\",\"url\":\"https:\/\/portaltela.pt\/s.01k8rhncp4jt1\/2025\/11\/talking-bot-125x125.png\",\"contentUrl\":\"https:\/\/portaltela.pt\/s.01k8rhncp4jt1\/2025\/11\/talking-bot-125x125.png\",\"caption\":\"Telinha\"},\"sameAs\":[\"https:\/\/portaltela.pt\/\"],\"url\":\"https:\/\/portaltela.pt\/por\/367410592786\/\"}]}<\/script>\n<!-- \/ Yoast SEO plugin. -->","yoast_head_json":{"title":"Como ato sexual consensual ter\u00e1 evolu\u00eddo para viola\u00e7\u00e3o agravada de menor - Portal Tela Portugal","robots":{"index":"index","follow":"follow","max-snippet":"max-snippet:-1","max-image-preview":"max-image-preview:large","max-video-preview":"max-video-preview:-1"},"og_locale":"pt_PT","og_type":"article","og_title":"Como ato sexual consensual ter\u00e1 evolu\u00eddo para viola\u00e7\u00e3o agravada de menor - Portal Tela Portugal","og_description":"O Minist\u00e9rio P\u00fablico acusou quatro jovens de viola\u00e7\u00e3o agravada de menor e de 27 crimes de pornografia de menores agravados, com os atos gravados e partilhados com terceiros. O encontro ocorreu numa quarta-feira de Fevereiro, \u00e0s seis da tarde, numa avenida de Santo Ant\u00f3nio dos Cavaleiros, em Loures, com Ana (nome fict\u00edcio) a comparecer. Os quatro rapazes tinham entre 17 e 19 anos \u00e0 \u00e9poca e eram amigos entre si. A viola\u00e7\u00e3o gerou uma manifesta\u00e7\u00e3o em frente ao Parlamento, com o lema \"Viola\u00e7\u00e3o N\u00e3o se Filma, Condena-se\". O processo envolve grava\u00e7\u00f5es de atos sexuais e a distribui\u00e7\u00e3o de material entre terceiros.","og_url":"https:\/\/portaltela.pt\/noticias\/2026\/02\/04\/como-ato-sexual-consensual-tera-evoluido-para-violacao-agravada-de-menor\/","og_site_name":"Portal Tela Portugal","article_published_time":"2026-02-04T20:02:00+00:00","author":"Telinha","twitter_card":"summary_large_image","twitter_misc":{"Escrito por":"Telinha","Tempo estimado de leitura":"1 minuto"},"schema":{"@context":"https:\/\/schema.org","@graph":[{"@type":"Article","@id":"https:\/\/portaltela.pt\/noticias\/2026\/02\/04\/como-ato-sexual-consensual-tera-evoluido-para-violacao-agravada-de-menor\/#article","isPartOf":{"@id":"https:\/\/portaltela.pt\/noticias\/2026\/02\/04\/como-ato-sexual-consensual-tera-evoluido-para-violacao-agravada-de-menor\/"},"author":{"name":"Telinha","@id":"https:\/\/portaltela.pt\/#\/schema\/person\/c4278d4a6028830caff9ee44b42d32ed"},"headline":"Como ato sexual consensual ter\u00e1 evolu\u00eddo para viola\u00e7\u00e3o agravada de menor","datePublished":"2026-02-04T20:02:00+00:00","mainEntityOfPage":{"@id":"https:\/\/portaltela.pt\/noticias\/2026\/02\/04\/como-ato-sexual-consensual-tera-evoluido-para-violacao-agravada-de-menor\/"},"wordCount":244,"image":{"@id":"https:\/\/portaltela.pt\/noticias\/2026\/02\/04\/como-ato-sexual-consensual-tera-evoluido-para-violacao-agravada-de-menor\/#primaryimage"},"thumbnailUrl":"https:\/\/portaltela.pt\/s.01k8rhncp4jt1\/2026\/02\/2064548.jpg","keywords":["crime","explora\u00e7\u00e3o de menores","pornografia de menores agravados","viola\u00e7\u00e3o","viola\u00e7\u00e3o agravada","viol\u00eancia sexual de menor dependente ou em situa\u00e7\u00e3o vulner\u00e1vel"],"articleSection":["Not\u00edcias"],"inLanguage":"pt-PT"},{"@type":"WebPage","@id":"https:\/\/portaltela.pt\/noticias\/2026\/02\/04\/como-ato-sexual-consensual-tera-evoluido-para-violacao-agravada-de-menor\/","url":"https:\/\/portaltela.pt\/noticias\/2026\/02\/04\/como-ato-sexual-consensual-tera-evoluido-para-violacao-agravada-de-menor\/","name":"Como ato sexual consensual ter\u00e1 evolu\u00eddo para viola\u00e7\u00e3o agravada de menor - Portal Tela Portugal","isPartOf":{"@id":"https:\/\/portaltela.pt\/#website"},"primaryImageOfPage":{"@id":"https:\/\/portaltela.pt\/noticias\/2026\/02\/04\/como-ato-sexual-consensual-tera-evoluido-para-violacao-agravada-de-menor\/#primaryimage"},"image":{"@id":"https:\/\/portaltela.pt\/noticias\/2026\/02\/04\/como-ato-sexual-consensual-tera-evoluido-para-violacao-agravada-de-menor\/#primaryimage"},"thumbnailUrl":"https:\/\/portaltela.pt\/s.01k8rhncp4jt1\/2026\/02\/2064548.jpg","datePublished":"2026-02-04T20:02:00+00:00","author":{"@id":"https:\/\/portaltela.pt\/#\/schema\/person\/c4278d4a6028830caff9ee44b42d32ed"},"breadcrumb":{"@id":"https:\/\/portaltela.pt\/noticias\/2026\/02\/04\/como-ato-sexual-consensual-tera-evoluido-para-violacao-agravada-de-menor\/#breadcrumb"},"inLanguage":"pt-PT","potentialAction":[{"@type":"ReadAction","target":["https:\/\/portaltela.pt\/noticias\/2026\/02\/04\/como-ato-sexual-consensual-tera-evoluido-para-violacao-agravada-de-menor\/"]}]},{"@type":"ImageObject","inLanguage":"pt-PT","@id":"https:\/\/portaltela.pt\/noticias\/2026\/02\/04\/como-ato-sexual-consensual-tera-evoluido-para-violacao-agravada-de-menor\/#primaryimage","url":"https:\/\/portaltela.pt\/s.01k8rhncp4jt1\/2026\/02\/2064548.jpg","contentUrl":"https:\/\/portaltela.pt\/s.01k8rhncp4jt1\/2026\/02\/2064548.jpg","width":796,"height":448,"caption":"Viola\u00e7\u00e3o em Loures deu origem a manifesta\u00e7\u00e3o em frente ao Parlamento. \"Viola\u00e7\u00e3o N\u00e3o se Filma, Condena-se\" foi um dos lemas"},{"@type":"BreadcrumbList","@id":"https:\/\/portaltela.pt\/noticias\/2026\/02\/04\/como-ato-sexual-consensual-tera-evoluido-para-violacao-agravada-de-menor\/#breadcrumb","itemListElement":[{"@type":"ListItem","position":1,"name":"In\u00edcio","item":"https:\/\/portaltela.pt\/"},{"@type":"ListItem","position":2,"name":"Como ato sexual consensual ter\u00e1 evolu\u00eddo para viola\u00e7\u00e3o agravada de menor"}]},{"@type":"WebSite","@id":"https:\/\/portaltela.pt\/#website","url":"https:\/\/portaltela.pt\/","name":"Portal Tela Portugal","description":"","potentialAction":[{"@type":"SearchAction","target":{"@type":"EntryPoint","urlTemplate":"https:\/\/portaltela.pt\/?s={search_term_string}"},"query-input":{"@type":"PropertyValueSpecification","valueRequired":true,"valueName":"search_term_string"}}],"inLanguage":"pt-PT"},{"@type":"Person","@id":"https:\/\/portaltela.pt\/#\/schema\/person\/c4278d4a6028830caff9ee44b42d32ed","name":"Telinha","image":{"@type":"ImageObject","inLanguage":"pt-PT","@id":"https:\/\/portaltela.pt\/s.01k8rhncp4jt1\/2025\/11\/talking-bot-125x125.png","url":"https:\/\/portaltela.pt\/s.01k8rhncp4jt1\/2025\/11\/talking-bot-125x125.png","contentUrl":"https:\/\/portaltela.pt\/s.01k8rhncp4jt1\/2025\/11\/talking-bot-125x125.png","caption":"Telinha"},"sameAs":["https:\/\/portaltela.pt\/"],"url":"https:\/\/portaltela.pt\/por\/367410592786\/"}]}},"_links":{"self":[{"href":"https:\/\/portaltela.pt\/api\/wp\/v2\/posts\/198013","targetHints":{"allow":["GET"]}}],"collection":[{"href":"https:\/\/portaltela.pt\/api\/wp\/v2\/posts"}],"about":[{"href":"https:\/\/portaltela.pt\/api\/wp\/v2\/types\/post"}],"author":[{"embeddable":true,"href":"https:\/\/portaltela.pt\/api\/wp\/v2\/users\/2"}],"replies":[{"embeddable":true,"href":"https:\/\/portaltela.pt\/api\/wp\/v2\/comments?post=198013"}],"version-history":[{"count":0,"href":"https:\/\/portaltela.pt\/api\/wp\/v2\/posts\/198013\/revisions"}],"wp:featuredmedia":[{"embeddable":true,"href":"https:\/\/portaltela.pt\/api\/wp\/v2\/media\/198025"}],"wp:attachment":[{"href":"https:\/\/portaltela.pt\/api\/wp\/v2\/media?parent=198013"}],"wp:term":[{"taxonomy":"category","embeddable":true,"href":"https:\/\/portaltela.pt\/api\/wp\/v2\/categories?post=198013"},{"taxonomy":"post_tag","embeddable":true,"href":"https:\/\/portaltela.pt\/api\/wp\/v2\/tags?post=198013"}],"curies":[{"name":"wp","href":"https:\/\/api.w.org\/{rel}","templated":true}]}}