{"id":197945,"date":"2026-02-04T16:43:36","date_gmt":"2026-02-04T19:43:36","guid":{"rendered":"https:\/\/portaltela.pt\/noticias\/2026\/02\/04\/bombeiros-retiram-carro-submerso-junto-a-barragem-amoreira-homem-nao-sobreviveu\/"},"modified":"2026-02-04T16:43:36","modified_gmt":"2026-02-04T19:43:36","slug":"bombeiros-retiram-carro-submerso-junto-a-barragem-amoreira-homem-nao-sobreviveu","status":"publish","type":"post","link":"https:\/\/portaltela.pt\/noticias\/2026\/02\/04\/bombeiros-retiram-carro-submerso-junto-a-barragem-amoreira-homem-nao-sobreviveu\/","title":{"rendered":"Bombeiros retiram carro submerso junto \u00e0 Barragem Amoreira homem n\u00e3o sobreviveu"},"content":{"rendered":"<p>O corpo de um homem foi retirado de uma viatura submersa numa linha de \u00e1gua junto \u00e0 Barragem da Amoreira, em Pias, Serpa. A ocorr\u00eancia ocorreu ap\u00f3s as cheias que afetaram a regi\u00e3o.<\/p>\n<p>Os Bombeiros resgataram o ve\u00edculo, ainda submerso, e identificaram a v\u00edtima como um homem de cerca de 70 anos, que n\u00e3o resistiu. O corpo foi transportado para uma ambul\u00e2ncia dos Bombeiros de Serpa para certifica\u00e7\u00e3o m\u00e9dica.<\/p>\n<p>A confirma\u00e7\u00e3o da morte foi feita pelo Comando Sub-Regional de Emerg\u00eancia e Prote\u00e7\u00e3o Civil do Baixo Alentejo. N\u00e3o se obtiveram sinais de outras v\u00edtimas no interior do ve\u00edculo.<\/p>\n<p>As buscas visavam detetar eventual outra pessoa, mas n\u00e3o foi encontrado mais ningu\u00e9m. N\u00e3o est\u00e1 claro se o homem estava acompanhado ou sozinho no momento do incidente.<\/p>\n<p>O alerta foi registrado \u00e0s 15:51. N\u00e3o se sabe se o autom\u00f3vel foi despistado ou arrastado pela corrente, nem como o ve\u00edculo acabou submerso.<\/p>\n<p>O ve\u00edculo ficou numa linha de \u00e1gua entre a Estrada Regional 258 e o pared\u00e3o da Barragem da Amoreira, no concelho de Serpa. A GNR dever\u00e1 informar a fam\u00edlia da v\u00edtima sobre o sucedido.<\/p>\n","protected":false},"excerpt":{"rendered":"<ul>\n<li>Um carro submerso foi encontrado numa linha de \u00e1gua junto \u00e0 Barragem de Amoreira, em Pias, Serpa, e o corpo de um homem de cerca de 70 anos foi resgatado no interior do ve\u00edculo.<\/li>\n<li>O ve\u00edculo foi localizado ap\u00f3s buscas realizadas pelos Bombeiros, em \u00e1rea perto da Estrada Regional 258.<\/li>\n<li>A v\u00edtima mortal foi transportada para uma ambul\u00e2ncia dos bombeiros de Serpa para certifica\u00e7\u00e3o do \u00f3bito pelo m\u00e9dico da Viatura M\u00e9dica de Emerg\u00eancia e Reanima\u00e7\u00e3o (VMER).<\/li>\n<li>N\u00e3o h\u00e1 indica\u00e7\u00e3o de outras pessoas no interior do carro; ainda n\u00e3o se sabe se o homem estava acompanhado.<\/li>\n<li>A GNR informou \u00e0 fam\u00edlia da v\u00edtima sobre o sucedido; o alerta foi recebido \u00e0s 15:51, e as hip\u00f3teses iniciais incluem despiste ou o carro ter sido arrastado pelas cheias.<\/li>\n<\/ul>\n","protected":false},"author":2,"featured_media":197953,"comment_status":"closed","ping_status":"closed","sticky":false,"template":"","format":"standard","meta":{"footnotes":""},"categories":[1],"tags":[2088,3812,883,4924,320,3120],"class_list":["post-197945","post","type-post","status-publish","format-standard","has-post-thumbnail","hentry","category-noticias","tag-acidente-de-viacao","tag-alagamentos","tag-alentejo","tag-barragens","tag-protecao-civil","tag-serpa"],"yoast_head":"<!-- This site is optimized with the Yoast SEO plugin v27.2 - https:\/\/yoast.com\/product\/yoast-seo-wordpress\/ -->\n<title>Bombeiros retiram carro submerso junto \u00e0 Barragem Amoreira homem n\u00e3o sobreviveu - Portal Tela Portugal<\/title>\n<meta name=\"robots\" content=\"index, follow, max-snippet:-1, max-image-preview:large, max-video-preview:-1\" \/>\n<meta property=\"og:locale\" content=\"pt_PT\" \/>\n<meta property=\"og:type\" content=\"article\" \/>\n<meta property=\"og:title\" content=\"Bombeiros retiram carro submerso junto \u00e0 Barragem Amoreira homem n\u00e3o sobreviveu - Portal Tela Portugal\" \/>\n<meta property=\"og:description\" content=\"Um carro submerso foi encontrado numa linha de \u00e1gua junto \u00e0 Barragem de Amoreira, em Pias, Serpa, e o corpo de um homem de cerca de 70 anos foi resgatado no interior do ve\u00edculo. O ve\u00edculo foi localizado ap\u00f3s buscas realizadas pelos Bombeiros, em \u00e1rea perto da Estrada Regional 258. A v\u00edtima mortal foi transportada para uma ambul\u00e2ncia dos bombeiros de Serpa para certifica\u00e7\u00e3o do \u00f3bito pelo m\u00e9dico da Viatura M\u00e9dica de Emerg\u00eancia e Reanima\u00e7\u00e3o (VMER). N\u00e3o h\u00e1 indica\u00e7\u00e3o de outras pessoas no interior do carro; ainda n\u00e3o se sabe se o homem estava acompanhado. A GNR informou \u00e0 fam\u00edlia da v\u00edtima sobre o sucedido; o alerta foi recebido \u00e0s 15:51, e as hip\u00f3teses iniciais incluem despiste ou o carro ter sido arrastado pelas cheias.\" \/>\n<meta property=\"og:url\" content=\"https:\/\/portaltela.pt\/noticias\/2026\/02\/04\/bombeiros-retiram-carro-submerso-junto-a-barragem-amoreira-homem-nao-sobreviveu\/\" \/>\n<meta property=\"og:site_name\" content=\"Portal Tela Portugal\" \/>\n<meta property=\"article:published_time\" content=\"2026-02-04T19:43:36+00:00\" \/>\n<meta name=\"author\" content=\"Telinha\" \/>\n<meta name=\"twitter:card\" content=\"summary_large_image\" \/>\n<meta name=\"twitter:label1\" content=\"Escrito por\" \/>\n\t<meta name=\"twitter:data1\" content=\"Telinha\" \/>\n\t<meta name=\"twitter:label2\" content=\"Tempo estimado de leitura\" \/>\n\t<meta name=\"twitter:data2\" content=\"1 minuto\" \/>\n<script type=\"application\/ld+json\" class=\"yoast-schema-graph\">{\"@context\":\"https:\/\/schema.org\",\"@graph\":[{\"@type\":\"Article\",\"@id\":\"https:\/\/portaltela.pt\/noticias\/2026\/02\/04\/bombeiros-retiram-carro-submerso-junto-a-barragem-amoreira-homem-nao-sobreviveu\/#article\",\"isPartOf\":{\"@id\":\"https:\/\/portaltela.pt\/noticias\/2026\/02\/04\/bombeiros-retiram-carro-submerso-junto-a-barragem-amoreira-homem-nao-sobreviveu\/\"},\"author\":{\"name\":\"Telinha\",\"@id\":\"https:\/\/portaltela.pt\/#\/schema\/person\/c4278d4a6028830caff9ee44b42d32ed\"},\"headline\":\"Bombeiros retiram carro submerso junto \u00e0 Barragem Amoreira homem n\u00e3o sobreviveu\",\"datePublished\":\"2026-02-04T19:43:36+00:00\",\"mainEntityOfPage\":{\"@id\":\"https:\/\/portaltela.pt\/noticias\/2026\/02\/04\/bombeiros-retiram-carro-submerso-junto-a-barragem-amoreira-homem-nao-sobreviveu\/\"},\"wordCount\":214,\"image\":{\"@id\":\"https:\/\/portaltela.pt\/noticias\/2026\/02\/04\/bombeiros-retiram-carro-submerso-junto-a-barragem-amoreira-homem-nao-sobreviveu\/#primaryimage\"},\"thumbnailUrl\":\"https:\/\/portaltela.pt\/s.01k8rhncp4jt1\/2026\/02\/unnamed-file-1378.jpg\",\"keywords\":[\"acidente de via\u00e7\u00e3o\",\"alagamentos\",\"Alentejo\",\"barragens\",\"prote\u00e7\u00e3o civil\",\"Serpa\"],\"articleSection\":[\"Not\u00edcias\"],\"inLanguage\":\"pt-PT\"},{\"@type\":\"WebPage\",\"@id\":\"https:\/\/portaltela.pt\/noticias\/2026\/02\/04\/bombeiros-retiram-carro-submerso-junto-a-barragem-amoreira-homem-nao-sobreviveu\/\",\"url\":\"https:\/\/portaltela.pt\/noticias\/2026\/02\/04\/bombeiros-retiram-carro-submerso-junto-a-barragem-amoreira-homem-nao-sobreviveu\/\",\"name\":\"Bombeiros retiram carro submerso junto \u00e0 Barragem Amoreira homem n\u00e3o sobreviveu - Portal Tela Portugal\",\"isPartOf\":{\"@id\":\"https:\/\/portaltela.pt\/#website\"},\"primaryImageOfPage\":{\"@id\":\"https:\/\/portaltela.pt\/noticias\/2026\/02\/04\/bombeiros-retiram-carro-submerso-junto-a-barragem-amoreira-homem-nao-sobreviveu\/#primaryimage\"},\"image\":{\"@id\":\"https:\/\/portaltela.pt\/noticias\/2026\/02\/04\/bombeiros-retiram-carro-submerso-junto-a-barragem-amoreira-homem-nao-sobreviveu\/#primaryimage\"},\"thumbnailUrl\":\"https:\/\/portaltela.pt\/s.01k8rhncp4jt1\/2026\/02\/unnamed-file-1378.jpg\",\"datePublished\":\"2026-02-04T19:43:36+00:00\",\"author\":{\"@id\":\"https:\/\/portaltela.pt\/#\/schema\/person\/c4278d4a6028830caff9ee44b42d32ed\"},\"breadcrumb\":{\"@id\":\"https:\/\/portaltela.pt\/noticias\/2026\/02\/04\/bombeiros-retiram-carro-submerso-junto-a-barragem-amoreira-homem-nao-sobreviveu\/#breadcrumb\"},\"inLanguage\":\"pt-PT\",\"potentialAction\":[{\"@type\":\"ReadAction\",\"target\":[\"https:\/\/portaltela.pt\/noticias\/2026\/02\/04\/bombeiros-retiram-carro-submerso-junto-a-barragem-amoreira-homem-nao-sobreviveu\/\"]}]},{\"@type\":\"ImageObject\",\"inLanguage\":\"pt-PT\",\"@id\":\"https:\/\/portaltela.pt\/noticias\/2026\/02\/04\/bombeiros-retiram-carro-submerso-junto-a-barragem-amoreira-homem-nao-sobreviveu\/#primaryimage\",\"url\":\"https:\/\/portaltela.pt\/s.01k8rhncp4jt1\/2026\/02\/unnamed-file-1378.jpg\",\"contentUrl\":\"https:\/\/portaltela.pt\/s.01k8rhncp4jt1\/2026\/02\/unnamed-file-1378.jpg\",\"width\":796,\"height\":448,\"caption\":\"Bombeiros retiram carro submerso junto da Barragem de Amoreira. Homem n\u00e3o sobreviveu\"},{\"@type\":\"BreadcrumbList\",\"@id\":\"https:\/\/portaltela.pt\/noticias\/2026\/02\/04\/bombeiros-retiram-carro-submerso-junto-a-barragem-amoreira-homem-nao-sobreviveu\/#breadcrumb\",\"itemListElement\":[{\"@type\":\"ListItem\",\"position\":1,\"name\":\"In\u00edcio\",\"item\":\"https:\/\/portaltela.pt\/\"},{\"@type\":\"ListItem\",\"position\":2,\"name\":\"Bombeiros retiram carro submerso junto \u00e0 Barragem Amoreira homem n\u00e3o sobreviveu\"}]},{\"@type\":\"WebSite\",\"@id\":\"https:\/\/portaltela.pt\/#website\",\"url\":\"https:\/\/portaltela.pt\/\",\"name\":\"Portal Tela Portugal\",\"description\":\"\",\"potentialAction\":[{\"@type\":\"SearchAction\",\"target\":{\"@type\":\"EntryPoint\",\"urlTemplate\":\"https:\/\/portaltela.pt\/?s={search_term_string}\"},\"query-input\":{\"@type\":\"PropertyValueSpecification\",\"valueRequired\":true,\"valueName\":\"search_term_string\"}}],\"inLanguage\":\"pt-PT\"},{\"@type\":\"Person\",\"@id\":\"https:\/\/portaltela.pt\/#\/schema\/person\/c4278d4a6028830caff9ee44b42d32ed\",\"name\":\"Telinha\",\"image\":{\"@type\":\"ImageObject\",\"inLanguage\":\"pt-PT\",\"@id\":\"https:\/\/portaltela.pt\/s.01k8rhncp4jt1\/2025\/11\/talking-bot-125x125.png\",\"url\":\"https:\/\/portaltela.pt\/s.01k8rhncp4jt1\/2025\/11\/talking-bot-125x125.png\",\"contentUrl\":\"https:\/\/portaltela.pt\/s.01k8rhncp4jt1\/2025\/11\/talking-bot-125x125.png\",\"caption\":\"Telinha\"},\"sameAs\":[\"https:\/\/portaltela.pt\/\"],\"url\":\"https:\/\/portaltela.pt\/por\/367410592786\/\"}]}<\/script>\n<!-- \/ Yoast SEO plugin. -->","yoast_head_json":{"title":"Bombeiros retiram carro submerso junto \u00e0 Barragem Amoreira homem n\u00e3o sobreviveu - Portal Tela Portugal","robots":{"index":"index","follow":"follow","max-snippet":"max-snippet:-1","max-image-preview":"max-image-preview:large","max-video-preview":"max-video-preview:-1"},"og_locale":"pt_PT","og_type":"article","og_title":"Bombeiros retiram carro submerso junto \u00e0 Barragem Amoreira homem n\u00e3o sobreviveu - Portal Tela Portugal","og_description":"Um carro submerso foi encontrado numa linha de \u00e1gua junto \u00e0 Barragem de Amoreira, em Pias, Serpa, e o corpo de um homem de cerca de 70 anos foi resgatado no interior do ve\u00edculo. O ve\u00edculo foi localizado ap\u00f3s buscas realizadas pelos Bombeiros, em \u00e1rea perto da Estrada Regional 258. A v\u00edtima mortal foi transportada para uma ambul\u00e2ncia dos bombeiros de Serpa para certifica\u00e7\u00e3o do \u00f3bito pelo m\u00e9dico da Viatura M\u00e9dica de Emerg\u00eancia e Reanima\u00e7\u00e3o (VMER). N\u00e3o h\u00e1 indica\u00e7\u00e3o de outras pessoas no interior do carro; ainda n\u00e3o se sabe se o homem estava acompanhado. A GNR informou \u00e0 fam\u00edlia da v\u00edtima sobre o sucedido; o alerta foi recebido \u00e0s 15:51, e as hip\u00f3teses iniciais incluem despiste ou o carro ter sido arrastado pelas cheias.","og_url":"https:\/\/portaltela.pt\/noticias\/2026\/02\/04\/bombeiros-retiram-carro-submerso-junto-a-barragem-amoreira-homem-nao-sobreviveu\/","og_site_name":"Portal Tela Portugal","article_published_time":"2026-02-04T19:43:36+00:00","author":"Telinha","twitter_card":"summary_large_image","twitter_misc":{"Escrito por":"Telinha","Tempo estimado de leitura":"1 minuto"},"schema":{"@context":"https:\/\/schema.org","@graph":[{"@type":"Article","@id":"https:\/\/portaltela.pt\/noticias\/2026\/02\/04\/bombeiros-retiram-carro-submerso-junto-a-barragem-amoreira-homem-nao-sobreviveu\/#article","isPartOf":{"@id":"https:\/\/portaltela.pt\/noticias\/2026\/02\/04\/bombeiros-retiram-carro-submerso-junto-a-barragem-amoreira-homem-nao-sobreviveu\/"},"author":{"name":"Telinha","@id":"https:\/\/portaltela.pt\/#\/schema\/person\/c4278d4a6028830caff9ee44b42d32ed"},"headline":"Bombeiros retiram carro submerso junto \u00e0 Barragem Amoreira homem n\u00e3o sobreviveu","datePublished":"2026-02-04T19:43:36+00:00","mainEntityOfPage":{"@id":"https:\/\/portaltela.pt\/noticias\/2026\/02\/04\/bombeiros-retiram-carro-submerso-junto-a-barragem-amoreira-homem-nao-sobreviveu\/"},"wordCount":214,"image":{"@id":"https:\/\/portaltela.pt\/noticias\/2026\/02\/04\/bombeiros-retiram-carro-submerso-junto-a-barragem-amoreira-homem-nao-sobreviveu\/#primaryimage"},"thumbnailUrl":"https:\/\/portaltela.pt\/s.01k8rhncp4jt1\/2026\/02\/unnamed-file-1378.jpg","keywords":["acidente de via\u00e7\u00e3o","alagamentos","Alentejo","barragens","prote\u00e7\u00e3o civil","Serpa"],"articleSection":["Not\u00edcias"],"inLanguage":"pt-PT"},{"@type":"WebPage","@id":"https:\/\/portaltela.pt\/noticias\/2026\/02\/04\/bombeiros-retiram-carro-submerso-junto-a-barragem-amoreira-homem-nao-sobreviveu\/","url":"https:\/\/portaltela.pt\/noticias\/2026\/02\/04\/bombeiros-retiram-carro-submerso-junto-a-barragem-amoreira-homem-nao-sobreviveu\/","name":"Bombeiros retiram carro submerso junto \u00e0 Barragem Amoreira homem n\u00e3o sobreviveu - Portal Tela Portugal","isPartOf":{"@id":"https:\/\/portaltela.pt\/#website"},"primaryImageOfPage":{"@id":"https:\/\/portaltela.pt\/noticias\/2026\/02\/04\/bombeiros-retiram-carro-submerso-junto-a-barragem-amoreira-homem-nao-sobreviveu\/#primaryimage"},"image":{"@id":"https:\/\/portaltela.pt\/noticias\/2026\/02\/04\/bombeiros-retiram-carro-submerso-junto-a-barragem-amoreira-homem-nao-sobreviveu\/#primaryimage"},"thumbnailUrl":"https:\/\/portaltela.pt\/s.01k8rhncp4jt1\/2026\/02\/unnamed-file-1378.jpg","datePublished":"2026-02-04T19:43:36+00:00","author":{"@id":"https:\/\/portaltela.pt\/#\/schema\/person\/c4278d4a6028830caff9ee44b42d32ed"},"breadcrumb":{"@id":"https:\/\/portaltela.pt\/noticias\/2026\/02\/04\/bombeiros-retiram-carro-submerso-junto-a-barragem-amoreira-homem-nao-sobreviveu\/#breadcrumb"},"inLanguage":"pt-PT","potentialAction":[{"@type":"ReadAction","target":["https:\/\/portaltela.pt\/noticias\/2026\/02\/04\/bombeiros-retiram-carro-submerso-junto-a-barragem-amoreira-homem-nao-sobreviveu\/"]}]},{"@type":"ImageObject","inLanguage":"pt-PT","@id":"https:\/\/portaltela.pt\/noticias\/2026\/02\/04\/bombeiros-retiram-carro-submerso-junto-a-barragem-amoreira-homem-nao-sobreviveu\/#primaryimage","url":"https:\/\/portaltela.pt\/s.01k8rhncp4jt1\/2026\/02\/unnamed-file-1378.jpg","contentUrl":"https:\/\/portaltela.pt\/s.01k8rhncp4jt1\/2026\/02\/unnamed-file-1378.jpg","width":796,"height":448,"caption":"Bombeiros retiram carro submerso junto da Barragem de Amoreira. Homem n\u00e3o sobreviveu"},{"@type":"BreadcrumbList","@id":"https:\/\/portaltela.pt\/noticias\/2026\/02\/04\/bombeiros-retiram-carro-submerso-junto-a-barragem-amoreira-homem-nao-sobreviveu\/#breadcrumb","itemListElement":[{"@type":"ListItem","position":1,"name":"In\u00edcio","item":"https:\/\/portaltela.pt\/"},{"@type":"ListItem","position":2,"name":"Bombeiros retiram carro submerso junto \u00e0 Barragem Amoreira homem n\u00e3o sobreviveu"}]},{"@type":"WebSite","@id":"https:\/\/portaltela.pt\/#website","url":"https:\/\/portaltela.pt\/","name":"Portal Tela Portugal","description":"","potentialAction":[{"@type":"SearchAction","target":{"@type":"EntryPoint","urlTemplate":"https:\/\/portaltela.pt\/?s={search_term_string}"},"query-input":{"@type":"PropertyValueSpecification","valueRequired":true,"valueName":"search_term_string"}}],"inLanguage":"pt-PT"},{"@type":"Person","@id":"https:\/\/portaltela.pt\/#\/schema\/person\/c4278d4a6028830caff9ee44b42d32ed","name":"Telinha","image":{"@type":"ImageObject","inLanguage":"pt-PT","@id":"https:\/\/portaltela.pt\/s.01k8rhncp4jt1\/2025\/11\/talking-bot-125x125.png","url":"https:\/\/portaltela.pt\/s.01k8rhncp4jt1\/2025\/11\/talking-bot-125x125.png","contentUrl":"https:\/\/portaltela.pt\/s.01k8rhncp4jt1\/2025\/11\/talking-bot-125x125.png","caption":"Telinha"},"sameAs":["https:\/\/portaltela.pt\/"],"url":"https:\/\/portaltela.pt\/por\/367410592786\/"}]}},"_links":{"self":[{"href":"https:\/\/portaltela.pt\/api\/wp\/v2\/posts\/197945","targetHints":{"allow":["GET"]}}],"collection":[{"href":"https:\/\/portaltela.pt\/api\/wp\/v2\/posts"}],"about":[{"href":"https:\/\/portaltela.pt\/api\/wp\/v2\/types\/post"}],"author":[{"embeddable":true,"href":"https:\/\/portaltela.pt\/api\/wp\/v2\/users\/2"}],"replies":[{"embeddable":true,"href":"https:\/\/portaltela.pt\/api\/wp\/v2\/comments?post=197945"}],"version-history":[{"count":0,"href":"https:\/\/portaltela.pt\/api\/wp\/v2\/posts\/197945\/revisions"}],"wp:featuredmedia":[{"embeddable":true,"href":"https:\/\/portaltela.pt\/api\/wp\/v2\/media\/197953"}],"wp:attachment":[{"href":"https:\/\/portaltela.pt\/api\/wp\/v2\/media?parent=197945"}],"wp:term":[{"taxonomy":"category","embeddable":true,"href":"https:\/\/portaltela.pt\/api\/wp\/v2\/categories?post=197945"},{"taxonomy":"post_tag","embeddable":true,"href":"https:\/\/portaltela.pt\/api\/wp\/v2\/tags?post=197945"}],"curies":[{"name":"wp","href":"https:\/\/api.w.org\/{rel}","templated":true}]}}