{"id":197894,"date":"2026-02-04T16:03:29","date_gmt":"2026-02-04T19:03:29","guid":{"rendered":"https:\/\/portaltela.pt\/noticias\/2026\/02\/04\/ines-de-medeiros-alerta-para-derrocadas-e-deslizamentos-por-terras-alagadas\/"},"modified":"2026-02-04T16:03:29","modified_gmt":"2026-02-04T19:03:29","slug":"ines-de-medeiros-alerta-para-derrocadas-e-deslizamentos-por-terras-alagadas","status":"publish","type":"post","link":"https:\/\/portaltela.pt\/noticias\/2026\/02\/04\/ines-de-medeiros-alerta-para-derrocadas-e-deslizamentos-por-terras-alagadas\/","title":{"rendered":"In\u00eas de Medeiros alerta para derrocadas e deslizamentos por terras alagadas"},"content":{"rendered":"<p>A presidente da C\u00e2mara de Almada revelou hoje que a chuva cont\u00ednua deixou as terras do concelho \u201cabsolutamente alagadas\u201d e elevou o risco de movimentos de massa. O problema j\u00e1 provocou o corte de uma estrada e levou \u00e0 retirada de duas fam\u00edlias da frente ribeirinha.<\/p>\n<p>In\u00eas de Medeiros afirmou \u00e0 R\u00e1dio Observador que a situa\u00e7\u00e3o depende da combina\u00e7\u00e3o de mau tempo com solo saturado. A autarca destacou a passagem da tempestade Kristin e a aproxima\u00e7\u00e3o da depress\u00e3o Leonardo como fatores agravantes.<\/p>\n<p>A \u00e1rea mais cr\u00edtica fica na faixa ribeirinha entre Trafaria, Porto Brand\u00e3o e Cova do Vapor, onde o aumento da press\u00e3o da \u00e1gua, da mar\u00e9 e da agita\u00e7\u00e3o mar\u00edtima pode ter impactos em encostas, arribas e taludes.<\/p>\n<p>Na Costa da Caparica, a autarca mencionou atrasos na reposi\u00e7\u00e3o de areias e o recuo do areal, com praias a encolherem em alguns tro\u00e7os. Tamb\u00e9m assinalou aten\u00e7\u00e3o na Fonte da Telha devido \u00e0 vulnerabilidade costeira.<\/p>\n<p>A presidente da C\u00e2mara descreveu deslizamentos e quedas de \u00e1rvores associadas ao solo encharcado. Pede \u00e0 popula\u00e7\u00e3o para evitar estacionar em zonas de risco e manter vigil\u00e2ncia junto a arribas e encostas.<\/p>\n<h3>Medidas e pr\u00f3ximos passos<\/h3>\n<p>A resposta municipal est\u00e1 a ser articulada com a Administra\u00e7\u00e3o do Porto de Lisboa, dada a exist\u00eancia de \u00e1reas sob jurisdi\u00e7\u00e3o distinta. Equipes municipais trabalham no terreno com limpezas e a\u00e7\u00f5es preventivas.<\/p>\n<p>As autoridades asseguram que as equipas continuam atentas a novas estruturas de instabilidade e preparam-se para o agravamento das condi\u00e7\u00f5es meteorol\u00f3gicas. O objetivo \u00e9 mitigar impactos numa zona onde a \u00e1gua n\u00e3o cessa h\u00e1 v\u00e1rios dias.<\/p>\n","protected":false},"excerpt":{"rendered":"<ul>\n<li>A presidente da C\u00e2mara de Almada, In\u00eas de Medeiros, alerta para risco de derrocadas e deslizamentos devido \u00e0 chuva cont\u00ednua, com solos saturados e terras \u201cabsolutamente alagadas.\u201d<\/li>\n<li>J\u00e1 houve uma estrada cortada e duas fam\u00edlias foram retiradas da frente ribeirinha entre Trafaria e Cova do Vapor.<\/li>\n<li>O munic\u00edpio aponta como fator de risco a combina\u00e7\u00e3o de mau tempo com solos saturados, potenciando instabilidade em encostas, arribas e taludes.<\/li>\n<li>A \u00e1rea cr\u00edtica fica na faixa ribeirinha entre Trafaria, Porto Brand\u00e3o e Cova do Vapor, com a agita\u00e7\u00e3o mar\u00edtima a agravar a press\u00e3o sobre a frente costeira.<\/li>\n<li>Na Costa da Caparica h\u00e1 atrasos na reposi\u00e7\u00e3o de areias e recuo do areal, com praias praticamente desaparecidas em alguns tro\u00e7os; situa\u00e7\u00e3o tamb\u00e9m preocupa na Fonte da Telha.<\/li>\n<\/ul>\n","protected":false},"author":2,"featured_media":197900,"comment_status":"closed","ping_status":"closed","sticky":false,"template":"","format":"standard","meta":{"footnotes":""},"categories":[1],"tags":[1331,1373,5442,3735,2271,320],"class_list":["post-197894","post","type-post","status-publish","format-standard","has-post-thumbnail","hentry","category-noticias","tag-alagamento","tag-almada","tag-costa-da-caparica","tag-deslizamentos","tag-movimentos-de-massa","tag-protecao-civil"],"yoast_head":"<!-- This site is optimized with the Yoast SEO plugin v27.2 - https:\/\/yoast.com\/product\/yoast-seo-wordpress\/ -->\n<title>In\u00eas de Medeiros alerta para derrocadas e deslizamentos por terras alagadas - Portal Tela Portugal<\/title>\n<meta name=\"robots\" content=\"index, follow, max-snippet:-1, max-image-preview:large, max-video-preview:-1\" \/>\n<meta property=\"og:locale\" content=\"pt_PT\" \/>\n<meta property=\"og:type\" content=\"article\" \/>\n<meta property=\"og:title\" content=\"In\u00eas de Medeiros alerta para derrocadas e deslizamentos por terras alagadas - Portal Tela Portugal\" \/>\n<meta property=\"og:description\" content=\"A presidente da C\u00e2mara de Almada, In\u00eas de Medeiros, alerta para risco de derrocadas e deslizamentos devido \u00e0 chuva cont\u00ednua, com solos saturados e terras \u201cabsolutamente alagadas.\u201d J\u00e1 houve uma estrada cortada e duas fam\u00edlias foram retiradas da frente ribeirinha entre Trafaria e Cova do Vapor. O munic\u00edpio aponta como fator de risco a combina\u00e7\u00e3o de mau tempo com solos saturados, potenciando instabilidade em encostas, arribas e taludes. A \u00e1rea cr\u00edtica fica na faixa ribeirinha entre Trafaria, Porto Brand\u00e3o e Cova do Vapor, com a agita\u00e7\u00e3o mar\u00edtima a agravar a press\u00e3o sobre a frente costeira. Na Costa da Caparica h\u00e1 atrasos na reposi\u00e7\u00e3o de areias e recuo do areal, com praias praticamente desaparecidas em alguns tro\u00e7os; situa\u00e7\u00e3o tamb\u00e9m preocupa na Fonte da Telha.\" \/>\n<meta property=\"og:url\" content=\"https:\/\/portaltela.pt\/noticias\/2026\/02\/04\/ines-de-medeiros-alerta-para-derrocadas-e-deslizamentos-por-terras-alagadas\/\" \/>\n<meta property=\"og:site_name\" content=\"Portal Tela Portugal\" \/>\n<meta property=\"article:published_time\" content=\"2026-02-04T19:03:29+00:00\" \/>\n<meta name=\"author\" content=\"Telinha\" \/>\n<meta name=\"twitter:card\" content=\"summary_large_image\" \/>\n<meta name=\"twitter:label1\" content=\"Escrito por\" \/>\n\t<meta name=\"twitter:data1\" content=\"Telinha\" \/>\n\t<meta name=\"twitter:label2\" content=\"Tempo estimado de leitura\" \/>\n\t<meta name=\"twitter:data2\" content=\"1 minuto\" \/>\n<script type=\"application\/ld+json\" class=\"yoast-schema-graph\">{\"@context\":\"https:\/\/schema.org\",\"@graph\":[{\"@type\":\"Article\",\"@id\":\"https:\/\/portaltela.pt\/noticias\/2026\/02\/04\/ines-de-medeiros-alerta-para-derrocadas-e-deslizamentos-por-terras-alagadas\/#article\",\"isPartOf\":{\"@id\":\"https:\/\/portaltela.pt\/noticias\/2026\/02\/04\/ines-de-medeiros-alerta-para-derrocadas-e-deslizamentos-por-terras-alagadas\/\"},\"author\":{\"name\":\"Telinha\",\"@id\":\"https:\/\/portaltela.pt\/#\/schema\/person\/c4278d4a6028830caff9ee44b42d32ed\"},\"headline\":\"In\u00eas de Medeiros alerta para derrocadas e deslizamentos por terras alagadas\",\"datePublished\":\"2026-02-04T19:03:29+00:00\",\"mainEntityOfPage\":{\"@id\":\"https:\/\/portaltela.pt\/noticias\/2026\/02\/04\/ines-de-medeiros-alerta-para-derrocadas-e-deslizamentos-por-terras-alagadas\/\"},\"wordCount\":295,\"image\":{\"@id\":\"https:\/\/portaltela.pt\/noticias\/2026\/02\/04\/ines-de-medeiros-alerta-para-derrocadas-e-deslizamentos-por-terras-alagadas\/#primaryimage\"},\"thumbnailUrl\":\"https:\/\/portaltela.pt\/s.01k8rhncp4jt1\/2026\/02\/imagem_1200x800-4-1.jpg\",\"keywords\":[\"alagamento\",\"Almada\",\"Costa da Caparica\",\"deslizamentos\",\"movimentos de massa\",\"prote\u00e7\u00e3o civil\"],\"articleSection\":[\"Not\u00edcias\"],\"inLanguage\":\"pt-PT\"},{\"@type\":\"WebPage\",\"@id\":\"https:\/\/portaltela.pt\/noticias\/2026\/02\/04\/ines-de-medeiros-alerta-para-derrocadas-e-deslizamentos-por-terras-alagadas\/\",\"url\":\"https:\/\/portaltela.pt\/noticias\/2026\/02\/04\/ines-de-medeiros-alerta-para-derrocadas-e-deslizamentos-por-terras-alagadas\/\",\"name\":\"In\u00eas de Medeiros alerta para derrocadas e deslizamentos por terras alagadas - Portal Tela Portugal\",\"isPartOf\":{\"@id\":\"https:\/\/portaltela.pt\/#website\"},\"primaryImageOfPage\":{\"@id\":\"https:\/\/portaltela.pt\/noticias\/2026\/02\/04\/ines-de-medeiros-alerta-para-derrocadas-e-deslizamentos-por-terras-alagadas\/#primaryimage\"},\"image\":{\"@id\":\"https:\/\/portaltela.pt\/noticias\/2026\/02\/04\/ines-de-medeiros-alerta-para-derrocadas-e-deslizamentos-por-terras-alagadas\/#primaryimage\"},\"thumbnailUrl\":\"https:\/\/portaltela.pt\/s.01k8rhncp4jt1\/2026\/02\/imagem_1200x800-4-1.jpg\",\"datePublished\":\"2026-02-04T19:03:29+00:00\",\"author\":{\"@id\":\"https:\/\/portaltela.pt\/#\/schema\/person\/c4278d4a6028830caff9ee44b42d32ed\"},\"breadcrumb\":{\"@id\":\"https:\/\/portaltela.pt\/noticias\/2026\/02\/04\/ines-de-medeiros-alerta-para-derrocadas-e-deslizamentos-por-terras-alagadas\/#breadcrumb\"},\"inLanguage\":\"pt-PT\",\"potentialAction\":[{\"@type\":\"ReadAction\",\"target\":[\"https:\/\/portaltela.pt\/noticias\/2026\/02\/04\/ines-de-medeiros-alerta-para-derrocadas-e-deslizamentos-por-terras-alagadas\/\"]}]},{\"@type\":\"ImageObject\",\"inLanguage\":\"pt-PT\",\"@id\":\"https:\/\/portaltela.pt\/noticias\/2026\/02\/04\/ines-de-medeiros-alerta-para-derrocadas-e-deslizamentos-por-terras-alagadas\/#primaryimage\",\"url\":\"https:\/\/portaltela.pt\/s.01k8rhncp4jt1\/2026\/02\/imagem_1200x800-4-1.jpg\",\"contentUrl\":\"https:\/\/portaltela.pt\/s.01k8rhncp4jt1\/2026\/02\/imagem_1200x800-4-1.jpg\",\"width\":796,\"height\":448,\"caption\":\"In\u00eas de Medeiros agradece \u201ctrabalho incans\u00e1vel\u201d ap\u00f3s depress\u00e3o Kristin\"},{\"@type\":\"BreadcrumbList\",\"@id\":\"https:\/\/portaltela.pt\/noticias\/2026\/02\/04\/ines-de-medeiros-alerta-para-derrocadas-e-deslizamentos-por-terras-alagadas\/#breadcrumb\",\"itemListElement\":[{\"@type\":\"ListItem\",\"position\":1,\"name\":\"In\u00edcio\",\"item\":\"https:\/\/portaltela.pt\/\"},{\"@type\":\"ListItem\",\"position\":2,\"name\":\"In\u00eas de Medeiros alerta para derrocadas e deslizamentos por terras alagadas\"}]},{\"@type\":\"WebSite\",\"@id\":\"https:\/\/portaltela.pt\/#website\",\"url\":\"https:\/\/portaltela.pt\/\",\"name\":\"Portal Tela Portugal\",\"description\":\"\",\"potentialAction\":[{\"@type\":\"SearchAction\",\"target\":{\"@type\":\"EntryPoint\",\"urlTemplate\":\"https:\/\/portaltela.pt\/?s={search_term_string}\"},\"query-input\":{\"@type\":\"PropertyValueSpecification\",\"valueRequired\":true,\"valueName\":\"search_term_string\"}}],\"inLanguage\":\"pt-PT\"},{\"@type\":\"Person\",\"@id\":\"https:\/\/portaltela.pt\/#\/schema\/person\/c4278d4a6028830caff9ee44b42d32ed\",\"name\":\"Telinha\",\"image\":{\"@type\":\"ImageObject\",\"inLanguage\":\"pt-PT\",\"@id\":\"https:\/\/portaltela.pt\/s.01k8rhncp4jt1\/2025\/11\/talking-bot-125x125.png\",\"url\":\"https:\/\/portaltela.pt\/s.01k8rhncp4jt1\/2025\/11\/talking-bot-125x125.png\",\"contentUrl\":\"https:\/\/portaltela.pt\/s.01k8rhncp4jt1\/2025\/11\/talking-bot-125x125.png\",\"caption\":\"Telinha\"},\"sameAs\":[\"https:\/\/portaltela.pt\/\"],\"url\":\"https:\/\/portaltela.pt\/por\/367410592786\/\"}]}<\/script>\n<!-- \/ Yoast SEO plugin. -->","yoast_head_json":{"title":"In\u00eas de Medeiros alerta para derrocadas e deslizamentos por terras alagadas - Portal Tela Portugal","robots":{"index":"index","follow":"follow","max-snippet":"max-snippet:-1","max-image-preview":"max-image-preview:large","max-video-preview":"max-video-preview:-1"},"og_locale":"pt_PT","og_type":"article","og_title":"In\u00eas de Medeiros alerta para derrocadas e deslizamentos por terras alagadas - Portal Tela Portugal","og_description":"A presidente da C\u00e2mara de Almada, In\u00eas de Medeiros, alerta para risco de derrocadas e deslizamentos devido \u00e0 chuva cont\u00ednua, com solos saturados e terras \u201cabsolutamente alagadas.\u201d J\u00e1 houve uma estrada cortada e duas fam\u00edlias foram retiradas da frente ribeirinha entre Trafaria e Cova do Vapor. O munic\u00edpio aponta como fator de risco a combina\u00e7\u00e3o de mau tempo com solos saturados, potenciando instabilidade em encostas, arribas e taludes. A \u00e1rea cr\u00edtica fica na faixa ribeirinha entre Trafaria, Porto Brand\u00e3o e Cova do Vapor, com a agita\u00e7\u00e3o mar\u00edtima a agravar a press\u00e3o sobre a frente costeira. Na Costa da Caparica h\u00e1 atrasos na reposi\u00e7\u00e3o de areias e recuo do areal, com praias praticamente desaparecidas em alguns tro\u00e7os; situa\u00e7\u00e3o tamb\u00e9m preocupa na Fonte da Telha.","og_url":"https:\/\/portaltela.pt\/noticias\/2026\/02\/04\/ines-de-medeiros-alerta-para-derrocadas-e-deslizamentos-por-terras-alagadas\/","og_site_name":"Portal Tela Portugal","article_published_time":"2026-02-04T19:03:29+00:00","author":"Telinha","twitter_card":"summary_large_image","twitter_misc":{"Escrito por":"Telinha","Tempo estimado de leitura":"1 minuto"},"schema":{"@context":"https:\/\/schema.org","@graph":[{"@type":"Article","@id":"https:\/\/portaltela.pt\/noticias\/2026\/02\/04\/ines-de-medeiros-alerta-para-derrocadas-e-deslizamentos-por-terras-alagadas\/#article","isPartOf":{"@id":"https:\/\/portaltela.pt\/noticias\/2026\/02\/04\/ines-de-medeiros-alerta-para-derrocadas-e-deslizamentos-por-terras-alagadas\/"},"author":{"name":"Telinha","@id":"https:\/\/portaltela.pt\/#\/schema\/person\/c4278d4a6028830caff9ee44b42d32ed"},"headline":"In\u00eas de Medeiros alerta para derrocadas e deslizamentos por terras alagadas","datePublished":"2026-02-04T19:03:29+00:00","mainEntityOfPage":{"@id":"https:\/\/portaltela.pt\/noticias\/2026\/02\/04\/ines-de-medeiros-alerta-para-derrocadas-e-deslizamentos-por-terras-alagadas\/"},"wordCount":295,"image":{"@id":"https:\/\/portaltela.pt\/noticias\/2026\/02\/04\/ines-de-medeiros-alerta-para-derrocadas-e-deslizamentos-por-terras-alagadas\/#primaryimage"},"thumbnailUrl":"https:\/\/portaltela.pt\/s.01k8rhncp4jt1\/2026\/02\/imagem_1200x800-4-1.jpg","keywords":["alagamento","Almada","Costa da Caparica","deslizamentos","movimentos de massa","prote\u00e7\u00e3o civil"],"articleSection":["Not\u00edcias"],"inLanguage":"pt-PT"},{"@type":"WebPage","@id":"https:\/\/portaltela.pt\/noticias\/2026\/02\/04\/ines-de-medeiros-alerta-para-derrocadas-e-deslizamentos-por-terras-alagadas\/","url":"https:\/\/portaltela.pt\/noticias\/2026\/02\/04\/ines-de-medeiros-alerta-para-derrocadas-e-deslizamentos-por-terras-alagadas\/","name":"In\u00eas de Medeiros alerta para derrocadas e deslizamentos por terras alagadas - Portal Tela Portugal","isPartOf":{"@id":"https:\/\/portaltela.pt\/#website"},"primaryImageOfPage":{"@id":"https:\/\/portaltela.pt\/noticias\/2026\/02\/04\/ines-de-medeiros-alerta-para-derrocadas-e-deslizamentos-por-terras-alagadas\/#primaryimage"},"image":{"@id":"https:\/\/portaltela.pt\/noticias\/2026\/02\/04\/ines-de-medeiros-alerta-para-derrocadas-e-deslizamentos-por-terras-alagadas\/#primaryimage"},"thumbnailUrl":"https:\/\/portaltela.pt\/s.01k8rhncp4jt1\/2026\/02\/imagem_1200x800-4-1.jpg","datePublished":"2026-02-04T19:03:29+00:00","author":{"@id":"https:\/\/portaltela.pt\/#\/schema\/person\/c4278d4a6028830caff9ee44b42d32ed"},"breadcrumb":{"@id":"https:\/\/portaltela.pt\/noticias\/2026\/02\/04\/ines-de-medeiros-alerta-para-derrocadas-e-deslizamentos-por-terras-alagadas\/#breadcrumb"},"inLanguage":"pt-PT","potentialAction":[{"@type":"ReadAction","target":["https:\/\/portaltela.pt\/noticias\/2026\/02\/04\/ines-de-medeiros-alerta-para-derrocadas-e-deslizamentos-por-terras-alagadas\/"]}]},{"@type":"ImageObject","inLanguage":"pt-PT","@id":"https:\/\/portaltela.pt\/noticias\/2026\/02\/04\/ines-de-medeiros-alerta-para-derrocadas-e-deslizamentos-por-terras-alagadas\/#primaryimage","url":"https:\/\/portaltela.pt\/s.01k8rhncp4jt1\/2026\/02\/imagem_1200x800-4-1.jpg","contentUrl":"https:\/\/portaltela.pt\/s.01k8rhncp4jt1\/2026\/02\/imagem_1200x800-4-1.jpg","width":796,"height":448,"caption":"In\u00eas de Medeiros agradece \u201ctrabalho incans\u00e1vel\u201d ap\u00f3s depress\u00e3o Kristin"},{"@type":"BreadcrumbList","@id":"https:\/\/portaltela.pt\/noticias\/2026\/02\/04\/ines-de-medeiros-alerta-para-derrocadas-e-deslizamentos-por-terras-alagadas\/#breadcrumb","itemListElement":[{"@type":"ListItem","position":1,"name":"In\u00edcio","item":"https:\/\/portaltela.pt\/"},{"@type":"ListItem","position":2,"name":"In\u00eas de Medeiros alerta para derrocadas e deslizamentos por terras alagadas"}]},{"@type":"WebSite","@id":"https:\/\/portaltela.pt\/#website","url":"https:\/\/portaltela.pt\/","name":"Portal Tela Portugal","description":"","potentialAction":[{"@type":"SearchAction","target":{"@type":"EntryPoint","urlTemplate":"https:\/\/portaltela.pt\/?s={search_term_string}"},"query-input":{"@type":"PropertyValueSpecification","valueRequired":true,"valueName":"search_term_string"}}],"inLanguage":"pt-PT"},{"@type":"Person","@id":"https:\/\/portaltela.pt\/#\/schema\/person\/c4278d4a6028830caff9ee44b42d32ed","name":"Telinha","image":{"@type":"ImageObject","inLanguage":"pt-PT","@id":"https:\/\/portaltela.pt\/s.01k8rhncp4jt1\/2025\/11\/talking-bot-125x125.png","url":"https:\/\/portaltela.pt\/s.01k8rhncp4jt1\/2025\/11\/talking-bot-125x125.png","contentUrl":"https:\/\/portaltela.pt\/s.01k8rhncp4jt1\/2025\/11\/talking-bot-125x125.png","caption":"Telinha"},"sameAs":["https:\/\/portaltela.pt\/"],"url":"https:\/\/portaltela.pt\/por\/367410592786\/"}]}},"_links":{"self":[{"href":"https:\/\/portaltela.pt\/api\/wp\/v2\/posts\/197894","targetHints":{"allow":["GET"]}}],"collection":[{"href":"https:\/\/portaltela.pt\/api\/wp\/v2\/posts"}],"about":[{"href":"https:\/\/portaltela.pt\/api\/wp\/v2\/types\/post"}],"author":[{"embeddable":true,"href":"https:\/\/portaltela.pt\/api\/wp\/v2\/users\/2"}],"replies":[{"embeddable":true,"href":"https:\/\/portaltela.pt\/api\/wp\/v2\/comments?post=197894"}],"version-history":[{"count":0,"href":"https:\/\/portaltela.pt\/api\/wp\/v2\/posts\/197894\/revisions"}],"wp:featuredmedia":[{"embeddable":true,"href":"https:\/\/portaltela.pt\/api\/wp\/v2\/media\/197900"}],"wp:attachment":[{"href":"https:\/\/portaltela.pt\/api\/wp\/v2\/media?parent=197894"}],"wp:term":[{"taxonomy":"category","embeddable":true,"href":"https:\/\/portaltela.pt\/api\/wp\/v2\/categories?post=197894"},{"taxonomy":"post_tag","embeddable":true,"href":"https:\/\/portaltela.pt\/api\/wp\/v2\/tags?post=197894"}],"curies":[{"name":"wp","href":"https:\/\/api.w.org\/{rel}","templated":true}]}}