{"id":197887,"date":"2026-02-04T16:23:34","date_gmt":"2026-02-04T19:23:34","guid":{"rendered":"https:\/\/portaltela.pt\/noticias\/2026\/02\/04\/mau-tempo-homem-morre-em-carro-submerso-em-linha-de-agua-em-serpa\/"},"modified":"2026-02-04T16:23:34","modified_gmt":"2026-02-04T19:23:34","slug":"mau-tempo-homem-morre-em-carro-submerso-em-linha-de-agua-em-serpa","status":"publish","type":"post","link":"https:\/\/portaltela.pt\/noticias\/2026\/02\/04\/mau-tempo-homem-morre-em-carro-submerso-em-linha-de-agua-em-serpa\/","title":{"rendered":"Mau tempo: homem morre em carro submerso em linha de \u00e1gua em Serpa"},"content":{"rendered":"<p>O corpo de um homem, com cerca de 70 anos, foi encontrado dentro de uma viatura submersa numa linha de \u00e1gua no concelho de Serpa. A v\u00edtima foi resgatada pelos Bombeiros de Serpa, com apoio de mergulhadores, ap\u00f3s o alerta recebido \u00e0s 15h51.<\/p>\n<p>A Prote\u00e7\u00e3o Civil confirmou a exist\u00eancia de uma v\u00edtima mortal no interior do ve\u00edculo. O corpo foi entregue a uma ambul\u00e2ncia dos Bombeiros de Serpa para o processo de certifica\u00e7\u00e3o do \u00f3bito pelo m\u00e9dico da VMER, que j\u00e1 chegou ao local.<\/p>\n<p>Foram efetuadas buscas para confirmar se existiam outras pessoas no interior do autom\u00f3vel, sem registo de mais v\u00edtimas. A GNR informou a fam\u00edlia da v\u00edtima, sem confirmar dados adicionais sobre a identidade.<\/p>\n<h3>Dados da opera\u00e7\u00e3o<\/h3>\n<p>O autom\u00f3vel encontrava-se submerso numa linha de \u00e1gua junto \u00e0 Estrada ER258, perto do pared\u00e3o da Barragem da Amoreira, em Serpa. O alerta foi dado por volta das 15h51, segundo o 2.\u00ba comandante Sub-Regional de Emerg\u00eancia e Prote\u00e7\u00e3o Civil do Baixo Alentejo.<\/p>\n<p>A opera\u00e7\u00e3o envolveu 31 operacionais e 13 ve\u00edculos, entre Bombeiros de Serpa e Moura, com equipas de mergulhadores, GNR e Servi\u00e7o Municipal de Prote\u00e7\u00e3o Civil. As autoridades n\u00e3o confirmaram se o ve\u00edculo foi acidentado ou arrastado pela \u00e1gua.<\/p>\n<p>As autoridades mant\u00eam a investiga\u00e7\u00e3o em curso para esclarecer as circunst\u00e2ncias da ocorr\u00eancia, incluindo se houve outras pessoas no ve\u00edculo. N\u00e3o houve informa\u00e7\u00f5es adicionais sobre condi\u00e7\u00f5es clim\u00e1ticas ou causas do incidente.<\/p>\n","protected":false},"excerpt":{"rendered":"<ul>\n<li>O corpo de um homem, com cerca de 70 anos, foi encontrado no interior de um autom\u00f3vel submerso numa linha de \u00e1gua perto da Barragem da Amoreira, em Serpa (Beja), em 04 fev 2026.<\/li>\n<li>O corpo foi resgatado e encaminhado para uma ambul\u00e2ncia dos bombeiros de Serpa; o M\u00e9dico da Viatura M\u00e9dica de Emerg\u00eancia e Reanima\u00e7\u00e3o (VMER) deve certific\u00e1-lo.<\/li>\n<li>As opera\u00e7\u00f5es envolveram 31 operacionais e 13 ve\u00edculos, com apoio de mergulhadores, da prote\u00e7\u00e3o civil, bombeiros e GNR.<\/li>\n<li>N\u00e3o foi confirmada a presen\u00e7a de outras v\u00edtimas; n\u00e3o est\u00e1 claro se o homem estava acompanhado no ve\u00edculo.<\/li>\n<li>O alerta foi dado \u00e0s 15h51; o local fica junto \u00e0 estrada que liga a ER258 ao pared\u00e3o da Barragem da Amoreira.<\/li>\n<\/ul>\n","protected":false},"author":2,"featured_media":197895,"comment_status":"closed","ping_status":"closed","sticky":false,"template":"","format":"standard","meta":{"footnotes":""},"categories":[1],"tags":[4169,3812,971,1380,320,3120],"class_list":["post-197887","post","type-post","status-publish","format-standard","has-post-thumbnail","hentry","category-noticias","tag-acidente-rodoviario","tag-alagamentos","tag-bombeiros","tag-gnr","tag-protecao-civil","tag-serpa"],"yoast_head":"<!-- This site is optimized with the Yoast SEO plugin v27.2 - https:\/\/yoast.com\/product\/yoast-seo-wordpress\/ -->\n<title>Mau tempo: homem morre em carro submerso em linha de \u00e1gua em Serpa - Portal Tela Portugal<\/title>\n<meta name=\"robots\" content=\"index, follow, max-snippet:-1, max-image-preview:large, max-video-preview:-1\" \/>\n<meta property=\"og:locale\" content=\"pt_PT\" \/>\n<meta property=\"og:type\" content=\"article\" \/>\n<meta property=\"og:title\" content=\"Mau tempo: homem morre em carro submerso em linha de \u00e1gua em Serpa - Portal Tela Portugal\" \/>\n<meta property=\"og:description\" content=\"O corpo de um homem, com cerca de 70 anos, foi encontrado no interior de um autom\u00f3vel submerso numa linha de \u00e1gua perto da Barragem da Amoreira, em Serpa (Beja), em 04 fev 2026. O corpo foi resgatado e encaminhado para uma ambul\u00e2ncia dos bombeiros de Serpa; o M\u00e9dico da Viatura M\u00e9dica de Emerg\u00eancia e Reanima\u00e7\u00e3o (VMER) deve certific\u00e1-lo. As opera\u00e7\u00f5es envolveram 31 operacionais e 13 ve\u00edculos, com apoio de mergulhadores, da prote\u00e7\u00e3o civil, bombeiros e GNR. N\u00e3o foi confirmada a presen\u00e7a de outras v\u00edtimas; n\u00e3o est\u00e1 claro se o homem estava acompanhado no ve\u00edculo. O alerta foi dado \u00e0s 15h51; o local fica junto \u00e0 estrada que liga a ER258 ao pared\u00e3o da Barragem da Amoreira.\" \/>\n<meta property=\"og:url\" content=\"https:\/\/portaltela.pt\/noticias\/2026\/02\/04\/mau-tempo-homem-morre-em-carro-submerso-em-linha-de-agua-em-serpa\/\" \/>\n<meta property=\"og:site_name\" content=\"Portal Tela Portugal\" \/>\n<meta property=\"article:published_time\" content=\"2026-02-04T19:23:34+00:00\" \/>\n<meta name=\"author\" content=\"Telinha\" \/>\n<meta name=\"twitter:card\" content=\"summary_large_image\" \/>\n<meta name=\"twitter:label1\" content=\"Escrito por\" \/>\n\t<meta name=\"twitter:data1\" content=\"Telinha\" \/>\n\t<meta name=\"twitter:label2\" content=\"Tempo estimado de leitura\" \/>\n\t<meta name=\"twitter:data2\" content=\"1 minuto\" \/>\n<script type=\"application\/ld+json\" class=\"yoast-schema-graph\">{\"@context\":\"https:\/\/schema.org\",\"@graph\":[{\"@type\":\"Article\",\"@id\":\"https:\/\/portaltela.pt\/noticias\/2026\/02\/04\/mau-tempo-homem-morre-em-carro-submerso-em-linha-de-agua-em-serpa\/#article\",\"isPartOf\":{\"@id\":\"https:\/\/portaltela.pt\/noticias\/2026\/02\/04\/mau-tempo-homem-morre-em-carro-submerso-em-linha-de-agua-em-serpa\/\"},\"author\":{\"name\":\"Telinha\",\"@id\":\"https:\/\/portaltela.pt\/#\/schema\/person\/c4278d4a6028830caff9ee44b42d32ed\"},\"headline\":\"Mau tempo: homem morre em carro submerso em linha de \u00e1gua em Serpa\",\"datePublished\":\"2026-02-04T19:23:34+00:00\",\"mainEntityOfPage\":{\"@id\":\"https:\/\/portaltela.pt\/noticias\/2026\/02\/04\/mau-tempo-homem-morre-em-carro-submerso-em-linha-de-agua-em-serpa\/\"},\"wordCount\":271,\"image\":{\"@id\":\"https:\/\/portaltela.pt\/noticias\/2026\/02\/04\/mau-tempo-homem-morre-em-carro-submerso-em-linha-de-agua-em-serpa\/#primaryimage\"},\"thumbnailUrl\":\"https:\/\/portaltela.pt\/s.01k8rhncp4jt1\/2026\/02\/img_920x518uu2026-01-08-14-04-40-2413518.jpg\",\"keywords\":[\"acidente rodovi\u00e1rio\",\"alagamentos\",\"bombeiros\",\"GNR\",\"prote\u00e7\u00e3o civil\",\"Serpa\"],\"articleSection\":[\"Not\u00edcias\"],\"inLanguage\":\"pt-PT\"},{\"@type\":\"WebPage\",\"@id\":\"https:\/\/portaltela.pt\/noticias\/2026\/02\/04\/mau-tempo-homem-morre-em-carro-submerso-em-linha-de-agua-em-serpa\/\",\"url\":\"https:\/\/portaltela.pt\/noticias\/2026\/02\/04\/mau-tempo-homem-morre-em-carro-submerso-em-linha-de-agua-em-serpa\/\",\"name\":\"Mau tempo: homem morre em carro submerso em linha de \u00e1gua em Serpa - Portal Tela Portugal\",\"isPartOf\":{\"@id\":\"https:\/\/portaltela.pt\/#website\"},\"primaryImageOfPage\":{\"@id\":\"https:\/\/portaltela.pt\/noticias\/2026\/02\/04\/mau-tempo-homem-morre-em-carro-submerso-em-linha-de-agua-em-serpa\/#primaryimage\"},\"image\":{\"@id\":\"https:\/\/portaltela.pt\/noticias\/2026\/02\/04\/mau-tempo-homem-morre-em-carro-submerso-em-linha-de-agua-em-serpa\/#primaryimage\"},\"thumbnailUrl\":\"https:\/\/portaltela.pt\/s.01k8rhncp4jt1\/2026\/02\/img_920x518uu2026-01-08-14-04-40-2413518.jpg\",\"datePublished\":\"2026-02-04T19:23:34+00:00\",\"author\":{\"@id\":\"https:\/\/portaltela.pt\/#\/schema\/person\/c4278d4a6028830caff9ee44b42d32ed\"},\"breadcrumb\":{\"@id\":\"https:\/\/portaltela.pt\/noticias\/2026\/02\/04\/mau-tempo-homem-morre-em-carro-submerso-em-linha-de-agua-em-serpa\/#breadcrumb\"},\"inLanguage\":\"pt-PT\",\"potentialAction\":[{\"@type\":\"ReadAction\",\"target\":[\"https:\/\/portaltela.pt\/noticias\/2026\/02\/04\/mau-tempo-homem-morre-em-carro-submerso-em-linha-de-agua-em-serpa\/\"]}]},{\"@type\":\"ImageObject\",\"inLanguage\":\"pt-PT\",\"@id\":\"https:\/\/portaltela.pt\/noticias\/2026\/02\/04\/mau-tempo-homem-morre-em-carro-submerso-em-linha-de-agua-em-serpa\/#primaryimage\",\"url\":\"https:\/\/portaltela.pt\/s.01k8rhncp4jt1\/2026\/02\/img_920x518uu2026-01-08-14-04-40-2413518.jpg\",\"contentUrl\":\"https:\/\/portaltela.pt\/s.01k8rhncp4jt1\/2026\/02\/img_920x518uu2026-01-08-14-04-40-2413518.jpg\",\"width\":796,\"height\":448,\"caption\":\"INEM\"},{\"@type\":\"BreadcrumbList\",\"@id\":\"https:\/\/portaltela.pt\/noticias\/2026\/02\/04\/mau-tempo-homem-morre-em-carro-submerso-em-linha-de-agua-em-serpa\/#breadcrumb\",\"itemListElement\":[{\"@type\":\"ListItem\",\"position\":1,\"name\":\"In\u00edcio\",\"item\":\"https:\/\/portaltela.pt\/\"},{\"@type\":\"ListItem\",\"position\":2,\"name\":\"Mau tempo: homem morre em carro submerso em linha de \u00e1gua em Serpa\"}]},{\"@type\":\"WebSite\",\"@id\":\"https:\/\/portaltela.pt\/#website\",\"url\":\"https:\/\/portaltela.pt\/\",\"name\":\"Portal Tela Portugal\",\"description\":\"\",\"potentialAction\":[{\"@type\":\"SearchAction\",\"target\":{\"@type\":\"EntryPoint\",\"urlTemplate\":\"https:\/\/portaltela.pt\/?s={search_term_string}\"},\"query-input\":{\"@type\":\"PropertyValueSpecification\",\"valueRequired\":true,\"valueName\":\"search_term_string\"}}],\"inLanguage\":\"pt-PT\"},{\"@type\":\"Person\",\"@id\":\"https:\/\/portaltela.pt\/#\/schema\/person\/c4278d4a6028830caff9ee44b42d32ed\",\"name\":\"Telinha\",\"image\":{\"@type\":\"ImageObject\",\"inLanguage\":\"pt-PT\",\"@id\":\"https:\/\/portaltela.pt\/s.01k8rhncp4jt1\/2025\/11\/talking-bot-125x125.png\",\"url\":\"https:\/\/portaltela.pt\/s.01k8rhncp4jt1\/2025\/11\/talking-bot-125x125.png\",\"contentUrl\":\"https:\/\/portaltela.pt\/s.01k8rhncp4jt1\/2025\/11\/talking-bot-125x125.png\",\"caption\":\"Telinha\"},\"sameAs\":[\"https:\/\/portaltela.pt\/\"],\"url\":\"https:\/\/portaltela.pt\/por\/367410592786\/\"}]}<\/script>\n<!-- \/ Yoast SEO plugin. -->","yoast_head_json":{"title":"Mau tempo: homem morre em carro submerso em linha de \u00e1gua em Serpa - Portal Tela Portugal","robots":{"index":"index","follow":"follow","max-snippet":"max-snippet:-1","max-image-preview":"max-image-preview:large","max-video-preview":"max-video-preview:-1"},"og_locale":"pt_PT","og_type":"article","og_title":"Mau tempo: homem morre em carro submerso em linha de \u00e1gua em Serpa - Portal Tela Portugal","og_description":"O corpo de um homem, com cerca de 70 anos, foi encontrado no interior de um autom\u00f3vel submerso numa linha de \u00e1gua perto da Barragem da Amoreira, em Serpa (Beja), em 04 fev 2026. O corpo foi resgatado e encaminhado para uma ambul\u00e2ncia dos bombeiros de Serpa; o M\u00e9dico da Viatura M\u00e9dica de Emerg\u00eancia e Reanima\u00e7\u00e3o (VMER) deve certific\u00e1-lo. As opera\u00e7\u00f5es envolveram 31 operacionais e 13 ve\u00edculos, com apoio de mergulhadores, da prote\u00e7\u00e3o civil, bombeiros e GNR. N\u00e3o foi confirmada a presen\u00e7a de outras v\u00edtimas; n\u00e3o est\u00e1 claro se o homem estava acompanhado no ve\u00edculo. O alerta foi dado \u00e0s 15h51; o local fica junto \u00e0 estrada que liga a ER258 ao pared\u00e3o da Barragem da Amoreira.","og_url":"https:\/\/portaltela.pt\/noticias\/2026\/02\/04\/mau-tempo-homem-morre-em-carro-submerso-em-linha-de-agua-em-serpa\/","og_site_name":"Portal Tela Portugal","article_published_time":"2026-02-04T19:23:34+00:00","author":"Telinha","twitter_card":"summary_large_image","twitter_misc":{"Escrito por":"Telinha","Tempo estimado de leitura":"1 minuto"},"schema":{"@context":"https:\/\/schema.org","@graph":[{"@type":"Article","@id":"https:\/\/portaltela.pt\/noticias\/2026\/02\/04\/mau-tempo-homem-morre-em-carro-submerso-em-linha-de-agua-em-serpa\/#article","isPartOf":{"@id":"https:\/\/portaltela.pt\/noticias\/2026\/02\/04\/mau-tempo-homem-morre-em-carro-submerso-em-linha-de-agua-em-serpa\/"},"author":{"name":"Telinha","@id":"https:\/\/portaltela.pt\/#\/schema\/person\/c4278d4a6028830caff9ee44b42d32ed"},"headline":"Mau tempo: homem morre em carro submerso em linha de \u00e1gua em Serpa","datePublished":"2026-02-04T19:23:34+00:00","mainEntityOfPage":{"@id":"https:\/\/portaltela.pt\/noticias\/2026\/02\/04\/mau-tempo-homem-morre-em-carro-submerso-em-linha-de-agua-em-serpa\/"},"wordCount":271,"image":{"@id":"https:\/\/portaltela.pt\/noticias\/2026\/02\/04\/mau-tempo-homem-morre-em-carro-submerso-em-linha-de-agua-em-serpa\/#primaryimage"},"thumbnailUrl":"https:\/\/portaltela.pt\/s.01k8rhncp4jt1\/2026\/02\/img_920x518uu2026-01-08-14-04-40-2413518.jpg","keywords":["acidente rodovi\u00e1rio","alagamentos","bombeiros","GNR","prote\u00e7\u00e3o civil","Serpa"],"articleSection":["Not\u00edcias"],"inLanguage":"pt-PT"},{"@type":"WebPage","@id":"https:\/\/portaltela.pt\/noticias\/2026\/02\/04\/mau-tempo-homem-morre-em-carro-submerso-em-linha-de-agua-em-serpa\/","url":"https:\/\/portaltela.pt\/noticias\/2026\/02\/04\/mau-tempo-homem-morre-em-carro-submerso-em-linha-de-agua-em-serpa\/","name":"Mau tempo: homem morre em carro submerso em linha de \u00e1gua em Serpa - Portal Tela Portugal","isPartOf":{"@id":"https:\/\/portaltela.pt\/#website"},"primaryImageOfPage":{"@id":"https:\/\/portaltela.pt\/noticias\/2026\/02\/04\/mau-tempo-homem-morre-em-carro-submerso-em-linha-de-agua-em-serpa\/#primaryimage"},"image":{"@id":"https:\/\/portaltela.pt\/noticias\/2026\/02\/04\/mau-tempo-homem-morre-em-carro-submerso-em-linha-de-agua-em-serpa\/#primaryimage"},"thumbnailUrl":"https:\/\/portaltela.pt\/s.01k8rhncp4jt1\/2026\/02\/img_920x518uu2026-01-08-14-04-40-2413518.jpg","datePublished":"2026-02-04T19:23:34+00:00","author":{"@id":"https:\/\/portaltela.pt\/#\/schema\/person\/c4278d4a6028830caff9ee44b42d32ed"},"breadcrumb":{"@id":"https:\/\/portaltela.pt\/noticias\/2026\/02\/04\/mau-tempo-homem-morre-em-carro-submerso-em-linha-de-agua-em-serpa\/#breadcrumb"},"inLanguage":"pt-PT","potentialAction":[{"@type":"ReadAction","target":["https:\/\/portaltela.pt\/noticias\/2026\/02\/04\/mau-tempo-homem-morre-em-carro-submerso-em-linha-de-agua-em-serpa\/"]}]},{"@type":"ImageObject","inLanguage":"pt-PT","@id":"https:\/\/portaltela.pt\/noticias\/2026\/02\/04\/mau-tempo-homem-morre-em-carro-submerso-em-linha-de-agua-em-serpa\/#primaryimage","url":"https:\/\/portaltela.pt\/s.01k8rhncp4jt1\/2026\/02\/img_920x518uu2026-01-08-14-04-40-2413518.jpg","contentUrl":"https:\/\/portaltela.pt\/s.01k8rhncp4jt1\/2026\/02\/img_920x518uu2026-01-08-14-04-40-2413518.jpg","width":796,"height":448,"caption":"INEM"},{"@type":"BreadcrumbList","@id":"https:\/\/portaltela.pt\/noticias\/2026\/02\/04\/mau-tempo-homem-morre-em-carro-submerso-em-linha-de-agua-em-serpa\/#breadcrumb","itemListElement":[{"@type":"ListItem","position":1,"name":"In\u00edcio","item":"https:\/\/portaltela.pt\/"},{"@type":"ListItem","position":2,"name":"Mau tempo: homem morre em carro submerso em linha de \u00e1gua em Serpa"}]},{"@type":"WebSite","@id":"https:\/\/portaltela.pt\/#website","url":"https:\/\/portaltela.pt\/","name":"Portal Tela Portugal","description":"","potentialAction":[{"@type":"SearchAction","target":{"@type":"EntryPoint","urlTemplate":"https:\/\/portaltela.pt\/?s={search_term_string}"},"query-input":{"@type":"PropertyValueSpecification","valueRequired":true,"valueName":"search_term_string"}}],"inLanguage":"pt-PT"},{"@type":"Person","@id":"https:\/\/portaltela.pt\/#\/schema\/person\/c4278d4a6028830caff9ee44b42d32ed","name":"Telinha","image":{"@type":"ImageObject","inLanguage":"pt-PT","@id":"https:\/\/portaltela.pt\/s.01k8rhncp4jt1\/2025\/11\/talking-bot-125x125.png","url":"https:\/\/portaltela.pt\/s.01k8rhncp4jt1\/2025\/11\/talking-bot-125x125.png","contentUrl":"https:\/\/portaltela.pt\/s.01k8rhncp4jt1\/2025\/11\/talking-bot-125x125.png","caption":"Telinha"},"sameAs":["https:\/\/portaltela.pt\/"],"url":"https:\/\/portaltela.pt\/por\/367410592786\/"}]}},"_links":{"self":[{"href":"https:\/\/portaltela.pt\/api\/wp\/v2\/posts\/197887","targetHints":{"allow":["GET"]}}],"collection":[{"href":"https:\/\/portaltela.pt\/api\/wp\/v2\/posts"}],"about":[{"href":"https:\/\/portaltela.pt\/api\/wp\/v2\/types\/post"}],"author":[{"embeddable":true,"href":"https:\/\/portaltela.pt\/api\/wp\/v2\/users\/2"}],"replies":[{"embeddable":true,"href":"https:\/\/portaltela.pt\/api\/wp\/v2\/comments?post=197887"}],"version-history":[{"count":0,"href":"https:\/\/portaltela.pt\/api\/wp\/v2\/posts\/197887\/revisions"}],"wp:featuredmedia":[{"embeddable":true,"href":"https:\/\/portaltela.pt\/api\/wp\/v2\/media\/197895"}],"wp:attachment":[{"href":"https:\/\/portaltela.pt\/api\/wp\/v2\/media?parent=197887"}],"wp:term":[{"taxonomy":"category","embeddable":true,"href":"https:\/\/portaltela.pt\/api\/wp\/v2\/categories?post=197887"},{"taxonomy":"post_tag","embeddable":true,"href":"https:\/\/portaltela.pt\/api\/wp\/v2\/tags?post=197887"}],"curies":[{"name":"wp","href":"https:\/\/api.w.org\/{rel}","templated":true}]}}