{"id":197884,"date":"2026-02-04T16:00:07","date_gmt":"2026-02-04T19:00:07","guid":{"rendered":"https:\/\/portaltela.pt\/noticias\/2026\/02\/04\/sete-familias-retiradas-de-casa-em-torres-vedras-devido-a-subida-dos-rios\/"},"modified":"2026-02-04T16:00:07","modified_gmt":"2026-02-04T19:00:07","slug":"sete-familias-retiradas-de-casa-em-torres-vedras-devido-a-subida-dos-rios","status":"publish","type":"post","link":"https:\/\/portaltela.pt\/noticias\/2026\/02\/04\/sete-familias-retiradas-de-casa-em-torres-vedras-devido-a-subida-dos-rios\/","title":{"rendered":"Sete fam\u00edlias retiradas de casa em Torres Vedras devido \u00e0 subida dos rios"},"content":{"rendered":"<p>Sete retirados de casa em Torres Vedras com rios em subida<\/p>\n<p>Sete pessoas foram desalojadas de habita\u00e7\u00f5es em Dois Portos, Torres Vedras, na quarta-feira, 4 de fevereiro, por precau\u00e7\u00e3o face ao risco de inunda\u00e7\u00e3o decorrente da subida do caudal dos rios Sizandro e Alcabrichel. A opera\u00e7\u00e3o, coordenada pela Prote\u00e7\u00e3o Civil municipal, destinou os alocados ao Centro Pastoral do Turcifal.<\/p>\n<p>Diversos pontos do concelho apresentam risco elevado de inunda\u00e7\u00f5es, com prepara\u00e7\u00e3o de espa\u00e7os como pavilh\u00e3o da Escola S\u00e3o Gon\u00e7alo e outras estruturas para acolher desalojados ou retiradas tempor\u00e1rias. A este conjunto de locais somam-se instala\u00e7\u00f5es repartidas pelas freguesias.<\/p>\n<h3>Cen\u00e1rio meteorol\u00f3gico e avisos da autarquia<\/h3>\n<p>A subida dos caudais coincide com a mar\u00e9 cheia prevista a partir das 16h00, aumentando a probabilidade de inunda\u00e7\u00f5es em zonas ribeirinhas. A C\u00e2mara Municipal de Torres Vedras pediu \u00e0 popula\u00e7\u00e3o medidas preventivas, como regresso antecipado a casa, evitar desloca\u00e7\u00f5es e n\u00e3o atravessar zonas inund\u00e1veis.<\/p>\n<p>Devido \u00e0 precipita\u00e7\u00e3o persistente, o munic\u00edpio anunciou o encerramento de todos os estabelecimentos de ensino do concelho na quinta-feira. Em termos rodovi\u00e1rios, houve cortes na Estrada Nacional 9, entre Torres Vedras e Ponte do Rol, e na EN 248, na liga\u00e7\u00e3o a Sobral de Monte Agra\u00e7o, em Dois Portos, por queda de muro e aluimento de terras.<\/p>\n<h3>Abastecimento e a\u00e7\u00f5es de apoio<\/h3>\n<p>Uma avaria nos sistemas de abastecimento interrompeu o fornecimento de \u00e1gua em v\u00e1rias freguesias, afetando 13.091 clientes, segundo os Servi\u00e7os Municipalizados de \u00c1gua e Saneamento. Paralelamente, medidas preventivas foram ativadas em concelhos vizinhos como Alenquer e Lourinh\u00e3, com sacos de areia e retirada de ve\u00edculos de zonas de risco.<\/p>\n<p>Os tr\u00eas munic\u00edpios acionaram planos municipais de emerg\u00eancia, no contexto da depress\u00e3o Leonardo, que traz chuva persistente, vento intenso e agita\u00e7\u00e3o mar\u00edtima \u00e0 regi\u00e3o Oeste.<\/p>\n","protected":false},"excerpt":{"rendered":"<ul>\n<li>Sete pessoas foram retiradas de habita\u00e7\u00f5es em Dois Portos, Torres Vedras, por precau\u00e7\u00e3o face ao risco de inunda\u00e7\u00e3o, e alojadas no Centro Pastoral do Turcifal, numa opera\u00e7\u00e3o coordenada pela Prote\u00e7\u00e3o Civil municipal.<\/li>\n<li>Existem v\u00e1rios pontos do concelho em alto risco; est\u00e3o a ser preparados pavilh\u00f5es e outras estruturas para acolher desalojados ou retiradas tempor\u00e1rias adicionais.<\/li>\n<li>A subida do caudal dos rios Sizandro e Alcabrichel, associada \u00e0 mar\u00e9 cheia a partir das 16h00, aumenta a probabilidade de inunda\u00e7\u00f5es em zonas ribeirinhas.<\/li>\n<li>Houve cortes em vias importantes, nomeadamente a Estrada Nacional 9 entre Torres Vedras e Ponte do Rol, e a Estrada Nacional 248 para Dois Portos, devido \u00e0 queda de muro e aluimento de terras.<\/li>\n<li>A avaria nos sistemas de abastecimento provocou a suspens\u00e3o de fornecimento de \u00e1gua em v\u00e1rias freguesias, afetando 13.091 clientes, e as escolas do concelho foram encerradas na quinta-feira como medida preventiva.<\/li>\n<\/ul>\n","protected":false},"author":2,"featured_media":197888,"comment_status":"closed","ping_status":"closed","sticky":false,"template":"","format":"standard","meta":{"footnotes":""},"categories":[1],"tags":[1503,1090,3004,2293,5045,320],"class_list":["post-197884","post","type-post","status-publish","format-standard","has-post-thumbnail","hentry","category-noticias","tag-abastecimento-de-agua","tag-agua","tag-desalojados","tag-inundacoes","tag-precipitacao","tag-protecao-civil"],"yoast_head":"<!-- This site is optimized with the Yoast SEO plugin v27.2 - https:\/\/yoast.com\/product\/yoast-seo-wordpress\/ -->\n<title>Sete fam\u00edlias retiradas de casa em Torres Vedras devido \u00e0 subida dos rios - Portal Tela Portugal<\/title>\n<meta name=\"robots\" content=\"index, follow, max-snippet:-1, max-image-preview:large, max-video-preview:-1\" \/>\n<meta property=\"og:locale\" content=\"pt_PT\" \/>\n<meta property=\"og:type\" content=\"article\" \/>\n<meta property=\"og:title\" content=\"Sete fam\u00edlias retiradas de casa em Torres Vedras devido \u00e0 subida dos rios - Portal Tela Portugal\" \/>\n<meta property=\"og:description\" content=\"Sete pessoas foram retiradas de habita\u00e7\u00f5es em Dois Portos, Torres Vedras, por precau\u00e7\u00e3o face ao risco de inunda\u00e7\u00e3o, e alojadas no Centro Pastoral do Turcifal, numa opera\u00e7\u00e3o coordenada pela Prote\u00e7\u00e3o Civil municipal. Existem v\u00e1rios pontos do concelho em alto risco; est\u00e3o a ser preparados pavilh\u00f5es e outras estruturas para acolher desalojados ou retiradas tempor\u00e1rias adicionais. A subida do caudal dos rios Sizandro e Alcabrichel, associada \u00e0 mar\u00e9 cheia a partir das 16h00, aumenta a probabilidade de inunda\u00e7\u00f5es em zonas ribeirinhas. Houve cortes em vias importantes, nomeadamente a Estrada Nacional 9 entre Torres Vedras e Ponte do Rol, e a Estrada Nacional 248 para Dois Portos, devido \u00e0 queda de muro e aluimento de terras. A avaria nos sistemas de abastecimento provocou a suspens\u00e3o de fornecimento de \u00e1gua em v\u00e1rias freguesias, afetando 13.091 clientes, e as escolas do concelho foram encerradas na quinta-feira como medida preventiva.\" \/>\n<meta property=\"og:url\" content=\"https:\/\/portaltela.pt\/noticias\/2026\/02\/04\/sete-familias-retiradas-de-casa-em-torres-vedras-devido-a-subida-dos-rios\/\" \/>\n<meta property=\"og:site_name\" content=\"Portal Tela Portugal\" \/>\n<meta property=\"article:published_time\" content=\"2026-02-04T19:00:07+00:00\" \/>\n<meta name=\"author\" content=\"Telinha\" \/>\n<meta name=\"twitter:card\" content=\"summary_large_image\" \/>\n<meta name=\"twitter:label1\" content=\"Escrito por\" \/>\n\t<meta name=\"twitter:data1\" content=\"Telinha\" \/>\n\t<meta name=\"twitter:label2\" content=\"Tempo estimado de leitura\" \/>\n\t<meta name=\"twitter:data2\" content=\"2 minutos\" \/>\n<script type=\"application\/ld+json\" class=\"yoast-schema-graph\">{\"@context\":\"https:\/\/schema.org\",\"@graph\":[{\"@type\":\"Article\",\"@id\":\"https:\/\/portaltela.pt\/noticias\/2026\/02\/04\/sete-familias-retiradas-de-casa-em-torres-vedras-devido-a-subida-dos-rios\/#article\",\"isPartOf\":{\"@id\":\"https:\/\/portaltela.pt\/noticias\/2026\/02\/04\/sete-familias-retiradas-de-casa-em-torres-vedras-devido-a-subida-dos-rios\/\"},\"author\":{\"name\":\"Telinha\",\"@id\":\"https:\/\/portaltela.pt\/#\/schema\/person\/c4278d4a6028830caff9ee44b42d32ed\"},\"headline\":\"Sete fam\u00edlias retiradas de casa em Torres Vedras devido \u00e0 subida dos rios\",\"datePublished\":\"2026-02-04T19:00:07+00:00\",\"mainEntityOfPage\":{\"@id\":\"https:\/\/portaltela.pt\/noticias\/2026\/02\/04\/sete-familias-retiradas-de-casa-em-torres-vedras-devido-a-subida-dos-rios\/\"},\"wordCount\":327,\"image\":{\"@id\":\"https:\/\/portaltela.pt\/noticias\/2026\/02\/04\/sete-familias-retiradas-de-casa-em-torres-vedras-devido-a-subida-dos-rios\/#primaryimage\"},\"thumbnailUrl\":\"https:\/\/portaltela.pt\/s.01k8rhncp4jt1\/2026\/02\/unnamed-file-1372.jpg\",\"keywords\":[\"abastecimento de \u00e1gua\",\"\u00e1gua\",\"desalojados\",\"inunda\u00e7\u00f5es\",\"precipita\u00e7\u00e3o\",\"prote\u00e7\u00e3o civil\"],\"articleSection\":[\"Not\u00edcias\"],\"inLanguage\":\"pt-PT\"},{\"@type\":\"WebPage\",\"@id\":\"https:\/\/portaltela.pt\/noticias\/2026\/02\/04\/sete-familias-retiradas-de-casa-em-torres-vedras-devido-a-subida-dos-rios\/\",\"url\":\"https:\/\/portaltela.pt\/noticias\/2026\/02\/04\/sete-familias-retiradas-de-casa-em-torres-vedras-devido-a-subida-dos-rios\/\",\"name\":\"Sete fam\u00edlias retiradas de casa em Torres Vedras devido \u00e0 subida dos rios - Portal Tela Portugal\",\"isPartOf\":{\"@id\":\"https:\/\/portaltela.pt\/#website\"},\"primaryImageOfPage\":{\"@id\":\"https:\/\/portaltela.pt\/noticias\/2026\/02\/04\/sete-familias-retiradas-de-casa-em-torres-vedras-devido-a-subida-dos-rios\/#primaryimage\"},\"image\":{\"@id\":\"https:\/\/portaltela.pt\/noticias\/2026\/02\/04\/sete-familias-retiradas-de-casa-em-torres-vedras-devido-a-subida-dos-rios\/#primaryimage\"},\"thumbnailUrl\":\"https:\/\/portaltela.pt\/s.01k8rhncp4jt1\/2026\/02\/unnamed-file-1372.jpg\",\"datePublished\":\"2026-02-04T19:00:07+00:00\",\"author\":{\"@id\":\"https:\/\/portaltela.pt\/#\/schema\/person\/c4278d4a6028830caff9ee44b42d32ed\"},\"breadcrumb\":{\"@id\":\"https:\/\/portaltela.pt\/noticias\/2026\/02\/04\/sete-familias-retiradas-de-casa-em-torres-vedras-devido-a-subida-dos-rios\/#breadcrumb\"},\"inLanguage\":\"pt-PT\",\"potentialAction\":[{\"@type\":\"ReadAction\",\"target\":[\"https:\/\/portaltela.pt\/noticias\/2026\/02\/04\/sete-familias-retiradas-de-casa-em-torres-vedras-devido-a-subida-dos-rios\/\"]}]},{\"@type\":\"ImageObject\",\"inLanguage\":\"pt-PT\",\"@id\":\"https:\/\/portaltela.pt\/noticias\/2026\/02\/04\/sete-familias-retiradas-de-casa-em-torres-vedras-devido-a-subida-dos-rios\/#primaryimage\",\"url\":\"https:\/\/portaltela.pt\/s.01k8rhncp4jt1\/2026\/02\/unnamed-file-1372.jpg\",\"contentUrl\":\"https:\/\/portaltela.pt\/s.01k8rhncp4jt1\/2026\/02\/unnamed-file-1372.jpg\",\"width\":796,\"height\":448,\"caption\":\"Tempestade varre Oliveira do Hospital e deixa rasto de preju\u00edzos\"},{\"@type\":\"BreadcrumbList\",\"@id\":\"https:\/\/portaltela.pt\/noticias\/2026\/02\/04\/sete-familias-retiradas-de-casa-em-torres-vedras-devido-a-subida-dos-rios\/#breadcrumb\",\"itemListElement\":[{\"@type\":\"ListItem\",\"position\":1,\"name\":\"In\u00edcio\",\"item\":\"https:\/\/portaltela.pt\/\"},{\"@type\":\"ListItem\",\"position\":2,\"name\":\"Sete fam\u00edlias retiradas de casa em Torres Vedras devido \u00e0 subida dos rios\"}]},{\"@type\":\"WebSite\",\"@id\":\"https:\/\/portaltela.pt\/#website\",\"url\":\"https:\/\/portaltela.pt\/\",\"name\":\"Portal Tela Portugal\",\"description\":\"\",\"potentialAction\":[{\"@type\":\"SearchAction\",\"target\":{\"@type\":\"EntryPoint\",\"urlTemplate\":\"https:\/\/portaltela.pt\/?s={search_term_string}\"},\"query-input\":{\"@type\":\"PropertyValueSpecification\",\"valueRequired\":true,\"valueName\":\"search_term_string\"}}],\"inLanguage\":\"pt-PT\"},{\"@type\":\"Person\",\"@id\":\"https:\/\/portaltela.pt\/#\/schema\/person\/c4278d4a6028830caff9ee44b42d32ed\",\"name\":\"Telinha\",\"image\":{\"@type\":\"ImageObject\",\"inLanguage\":\"pt-PT\",\"@id\":\"https:\/\/portaltela.pt\/s.01k8rhncp4jt1\/2025\/11\/talking-bot-125x125.png\",\"url\":\"https:\/\/portaltela.pt\/s.01k8rhncp4jt1\/2025\/11\/talking-bot-125x125.png\",\"contentUrl\":\"https:\/\/portaltela.pt\/s.01k8rhncp4jt1\/2025\/11\/talking-bot-125x125.png\",\"caption\":\"Telinha\"},\"sameAs\":[\"https:\/\/portaltela.pt\/\"],\"url\":\"https:\/\/portaltela.pt\/por\/367410592786\/\"}]}<\/script>\n<!-- \/ Yoast SEO plugin. -->","yoast_head_json":{"title":"Sete fam\u00edlias retiradas de casa em Torres Vedras devido \u00e0 subida dos rios - Portal Tela Portugal","robots":{"index":"index","follow":"follow","max-snippet":"max-snippet:-1","max-image-preview":"max-image-preview:large","max-video-preview":"max-video-preview:-1"},"og_locale":"pt_PT","og_type":"article","og_title":"Sete fam\u00edlias retiradas de casa em Torres Vedras devido \u00e0 subida dos rios - Portal Tela Portugal","og_description":"Sete pessoas foram retiradas de habita\u00e7\u00f5es em Dois Portos, Torres Vedras, por precau\u00e7\u00e3o face ao risco de inunda\u00e7\u00e3o, e alojadas no Centro Pastoral do Turcifal, numa opera\u00e7\u00e3o coordenada pela Prote\u00e7\u00e3o Civil municipal. Existem v\u00e1rios pontos do concelho em alto risco; est\u00e3o a ser preparados pavilh\u00f5es e outras estruturas para acolher desalojados ou retiradas tempor\u00e1rias adicionais. A subida do caudal dos rios Sizandro e Alcabrichel, associada \u00e0 mar\u00e9 cheia a partir das 16h00, aumenta a probabilidade de inunda\u00e7\u00f5es em zonas ribeirinhas. Houve cortes em vias importantes, nomeadamente a Estrada Nacional 9 entre Torres Vedras e Ponte do Rol, e a Estrada Nacional 248 para Dois Portos, devido \u00e0 queda de muro e aluimento de terras. A avaria nos sistemas de abastecimento provocou a suspens\u00e3o de fornecimento de \u00e1gua em v\u00e1rias freguesias, afetando 13.091 clientes, e as escolas do concelho foram encerradas na quinta-feira como medida preventiva.","og_url":"https:\/\/portaltela.pt\/noticias\/2026\/02\/04\/sete-familias-retiradas-de-casa-em-torres-vedras-devido-a-subida-dos-rios\/","og_site_name":"Portal Tela Portugal","article_published_time":"2026-02-04T19:00:07+00:00","author":"Telinha","twitter_card":"summary_large_image","twitter_misc":{"Escrito por":"Telinha","Tempo estimado de leitura":"2 minutos"},"schema":{"@context":"https:\/\/schema.org","@graph":[{"@type":"Article","@id":"https:\/\/portaltela.pt\/noticias\/2026\/02\/04\/sete-familias-retiradas-de-casa-em-torres-vedras-devido-a-subida-dos-rios\/#article","isPartOf":{"@id":"https:\/\/portaltela.pt\/noticias\/2026\/02\/04\/sete-familias-retiradas-de-casa-em-torres-vedras-devido-a-subida-dos-rios\/"},"author":{"name":"Telinha","@id":"https:\/\/portaltela.pt\/#\/schema\/person\/c4278d4a6028830caff9ee44b42d32ed"},"headline":"Sete fam\u00edlias retiradas de casa em Torres Vedras devido \u00e0 subida dos rios","datePublished":"2026-02-04T19:00:07+00:00","mainEntityOfPage":{"@id":"https:\/\/portaltela.pt\/noticias\/2026\/02\/04\/sete-familias-retiradas-de-casa-em-torres-vedras-devido-a-subida-dos-rios\/"},"wordCount":327,"image":{"@id":"https:\/\/portaltela.pt\/noticias\/2026\/02\/04\/sete-familias-retiradas-de-casa-em-torres-vedras-devido-a-subida-dos-rios\/#primaryimage"},"thumbnailUrl":"https:\/\/portaltela.pt\/s.01k8rhncp4jt1\/2026\/02\/unnamed-file-1372.jpg","keywords":["abastecimento de \u00e1gua","\u00e1gua","desalojados","inunda\u00e7\u00f5es","precipita\u00e7\u00e3o","prote\u00e7\u00e3o civil"],"articleSection":["Not\u00edcias"],"inLanguage":"pt-PT"},{"@type":"WebPage","@id":"https:\/\/portaltela.pt\/noticias\/2026\/02\/04\/sete-familias-retiradas-de-casa-em-torres-vedras-devido-a-subida-dos-rios\/","url":"https:\/\/portaltela.pt\/noticias\/2026\/02\/04\/sete-familias-retiradas-de-casa-em-torres-vedras-devido-a-subida-dos-rios\/","name":"Sete fam\u00edlias retiradas de casa em Torres Vedras devido \u00e0 subida dos rios - Portal Tela Portugal","isPartOf":{"@id":"https:\/\/portaltela.pt\/#website"},"primaryImageOfPage":{"@id":"https:\/\/portaltela.pt\/noticias\/2026\/02\/04\/sete-familias-retiradas-de-casa-em-torres-vedras-devido-a-subida-dos-rios\/#primaryimage"},"image":{"@id":"https:\/\/portaltela.pt\/noticias\/2026\/02\/04\/sete-familias-retiradas-de-casa-em-torres-vedras-devido-a-subida-dos-rios\/#primaryimage"},"thumbnailUrl":"https:\/\/portaltela.pt\/s.01k8rhncp4jt1\/2026\/02\/unnamed-file-1372.jpg","datePublished":"2026-02-04T19:00:07+00:00","author":{"@id":"https:\/\/portaltela.pt\/#\/schema\/person\/c4278d4a6028830caff9ee44b42d32ed"},"breadcrumb":{"@id":"https:\/\/portaltela.pt\/noticias\/2026\/02\/04\/sete-familias-retiradas-de-casa-em-torres-vedras-devido-a-subida-dos-rios\/#breadcrumb"},"inLanguage":"pt-PT","potentialAction":[{"@type":"ReadAction","target":["https:\/\/portaltela.pt\/noticias\/2026\/02\/04\/sete-familias-retiradas-de-casa-em-torres-vedras-devido-a-subida-dos-rios\/"]}]},{"@type":"ImageObject","inLanguage":"pt-PT","@id":"https:\/\/portaltela.pt\/noticias\/2026\/02\/04\/sete-familias-retiradas-de-casa-em-torres-vedras-devido-a-subida-dos-rios\/#primaryimage","url":"https:\/\/portaltela.pt\/s.01k8rhncp4jt1\/2026\/02\/unnamed-file-1372.jpg","contentUrl":"https:\/\/portaltela.pt\/s.01k8rhncp4jt1\/2026\/02\/unnamed-file-1372.jpg","width":796,"height":448,"caption":"Tempestade varre Oliveira do Hospital e deixa rasto de preju\u00edzos"},{"@type":"BreadcrumbList","@id":"https:\/\/portaltela.pt\/noticias\/2026\/02\/04\/sete-familias-retiradas-de-casa-em-torres-vedras-devido-a-subida-dos-rios\/#breadcrumb","itemListElement":[{"@type":"ListItem","position":1,"name":"In\u00edcio","item":"https:\/\/portaltela.pt\/"},{"@type":"ListItem","position":2,"name":"Sete fam\u00edlias retiradas de casa em Torres Vedras devido \u00e0 subida dos rios"}]},{"@type":"WebSite","@id":"https:\/\/portaltela.pt\/#website","url":"https:\/\/portaltela.pt\/","name":"Portal Tela Portugal","description":"","potentialAction":[{"@type":"SearchAction","target":{"@type":"EntryPoint","urlTemplate":"https:\/\/portaltela.pt\/?s={search_term_string}"},"query-input":{"@type":"PropertyValueSpecification","valueRequired":true,"valueName":"search_term_string"}}],"inLanguage":"pt-PT"},{"@type":"Person","@id":"https:\/\/portaltela.pt\/#\/schema\/person\/c4278d4a6028830caff9ee44b42d32ed","name":"Telinha","image":{"@type":"ImageObject","inLanguage":"pt-PT","@id":"https:\/\/portaltela.pt\/s.01k8rhncp4jt1\/2025\/11\/talking-bot-125x125.png","url":"https:\/\/portaltela.pt\/s.01k8rhncp4jt1\/2025\/11\/talking-bot-125x125.png","contentUrl":"https:\/\/portaltela.pt\/s.01k8rhncp4jt1\/2025\/11\/talking-bot-125x125.png","caption":"Telinha"},"sameAs":["https:\/\/portaltela.pt\/"],"url":"https:\/\/portaltela.pt\/por\/367410592786\/"}]}},"_links":{"self":[{"href":"https:\/\/portaltela.pt\/api\/wp\/v2\/posts\/197884","targetHints":{"allow":["GET"]}}],"collection":[{"href":"https:\/\/portaltela.pt\/api\/wp\/v2\/posts"}],"about":[{"href":"https:\/\/portaltela.pt\/api\/wp\/v2\/types\/post"}],"author":[{"embeddable":true,"href":"https:\/\/portaltela.pt\/api\/wp\/v2\/users\/2"}],"replies":[{"embeddable":true,"href":"https:\/\/portaltela.pt\/api\/wp\/v2\/comments?post=197884"}],"version-history":[{"count":0,"href":"https:\/\/portaltela.pt\/api\/wp\/v2\/posts\/197884\/revisions"}],"wp:featuredmedia":[{"embeddable":true,"href":"https:\/\/portaltela.pt\/api\/wp\/v2\/media\/197888"}],"wp:attachment":[{"href":"https:\/\/portaltela.pt\/api\/wp\/v2\/media?parent=197884"}],"wp:term":[{"taxonomy":"category","embeddable":true,"href":"https:\/\/portaltela.pt\/api\/wp\/v2\/categories?post=197884"},{"taxonomy":"post_tag","embeddable":true,"href":"https:\/\/portaltela.pt\/api\/wp\/v2\/tags?post=197884"}],"curies":[{"name":"wp","href":"https:\/\/api.w.org\/{rel}","templated":true}]}}