{"id":197870,"date":"2026-02-04T16:04:00","date_gmt":"2026-02-04T19:04:00","guid":{"rendered":"https:\/\/portaltela.pt\/noticias\/2026\/02\/04\/marcelo-aumenta-pressao-sobre-o-governo-nao-basta-remendar\/"},"modified":"2026-02-04T16:04:00","modified_gmt":"2026-02-04T19:04:00","slug":"marcelo-aumenta-pressao-sobre-o-governo-nao-basta-remendar","status":"publish","type":"post","link":"https:\/\/portaltela.pt\/noticias\/politica\/2026\/02\/04\/marcelo-aumenta-pressao-sobre-o-governo-nao-basta-remendar\/","title":{"rendered":"Marcelo aumenta press\u00e3o sobre o Governo: n\u00e3o basta remendar"},"content":{"rendered":"<p>O Presidente da Rep\u00fablica, Marcelo Rebelo de Sousa, intensificou a press\u00e3o sobre o Governo. Uma semana depois da passagem de Kristin, visitou os concelhos mais afetados pela tempestade para acompanhar a resposta. O foco foi acelerar o apoio \u00e0s fam\u00edlias e aos neg\u00f3cios danificados.<\/p>\n<p>Em Our\u00e9m, Pedr\u00f3g\u00e3o Grande e Soure, o chefe de Estado salientou que n\u00e3o basta apenas remendar estragos; \u00e9 preciso avan\u00e7ar com medidas de maior envergadura. Defendeu uma maior liga\u00e7\u00e3o entre Prote\u00e7\u00e3o Civil e as For\u00e7as Armadas para coordenar recursos. Tamb\u00e9m apontou a necessidade de assegurar m\u00e3o-de-obra para reconstru\u00e7\u00e3o.<\/p>\n<p>O Presidente destacou a import\u00e2ncia de fazer chegar rapidamente aos cidad\u00e3os os apoios anunciados pelas autoridades. Questionou a efic\u00e1cia das explica\u00e7\u00f5es dadas pelo Governo e pediu transpar\u00eancia na implementa\u00e7\u00e3o das medidas de apoio.<\/p>\n<h3>Canal de entrada de imigrantes para m\u00e3o-de-obra<\/h3>\n<p>Para assegurar m\u00e3o-de-obra necess\u00e1ria \u00e0 reconstru\u00e7\u00e3o de casas e empresas, o chefe de Estado sugeriu a abertura de um canal de entrada de imigrantes. A proposta visa facilitar a mobiliza\u00e7\u00e3o de trabalhadores qualificados e n\u00e3o qualificados, conforme as necessidades locais.<\/p>\n<p>A visita marcou tamb\u00e9m uma intensifica\u00e7\u00e3o da comunica\u00e7\u00e3o com as popula\u00e7\u00f5es afetadas, com foco na clareza das informa\u00e7\u00f5es e na monitoriza\u00e7\u00e3o do impacto das medidas de aux\u00edlio. A presid\u00eancia n\u00e3o deixou de acompanhar o ritmo da recupera\u00e7\u00e3o local.<\/p>\n","protected":false},"excerpt":{"rendered":"<ul>\n<li>O Presidente da Rep\u00fablica, Marcelo Rebelo de Sousa, esteve em Our\u00e9m, Pedr\u00f3g\u00e3o Grande e Soure.<\/li>\n<li>Defendeu uma maior liga\u00e7\u00e3o entre a Prote\u00e7\u00e3o Civil e o Ex\u00e9rcito e a cria\u00e7\u00e3o de um canal de entrada de imigrantes para garantir m\u00e3o\u2011de\u2011obra.<\/li>\n<li>A visita ocorre uma semana ap\u00f3s a passagem da depress\u00e3o Kristin, com o chefe de Estado a visitar os concelhos mais afetados pela tempestade.<\/li>\n<li>Criticou as explica\u00e7\u00f5es do Governo, dizendo que, em muitos casos, n\u00e3o correram bem, e sublinhou a necessidade de levar os apoios anunciados \u00e0s popula\u00e7\u00f5es.<\/li>\n<li>Reiterou que n\u00e3o basta remendar; \u00e9 preciso ir mais longe, especialmente para reconstru\u00e7\u00e3o de casas e empresas.<\/li>\n<\/ul>\n","protected":false},"author":2,"featured_media":197874,"comment_status":"closed","ping_status":"closed","sticky":false,"template":"","format":"standard","meta":{"footnotes":""},"categories":[1,5],"tags":[1779,712,2357,4860,320,5031],"class_list":["post-197870","post","type-post","status-publish","format-standard","has-post-thumbnail","hentry","category-noticias","category-politica","tag-forcas-armadas","tag-imigracao","tag-ourem","tag-pedrogao-grande","tag-protecao-civil","tag-reconstrucao-urbana"],"yoast_head":"<!-- This site is optimized with the Yoast SEO plugin v27.2 - https:\/\/yoast.com\/product\/yoast-seo-wordpress\/ -->\n<title>Marcelo aumenta press\u00e3o sobre o Governo: n\u00e3o basta remendar - Portal Tela Portugal<\/title>\n<meta name=\"robots\" content=\"index, follow, max-snippet:-1, max-image-preview:large, max-video-preview:-1\" \/>\n<meta property=\"og:locale\" content=\"pt_PT\" \/>\n<meta property=\"og:type\" content=\"article\" \/>\n<meta property=\"og:title\" content=\"Marcelo aumenta press\u00e3o sobre o Governo: n\u00e3o basta remendar - Portal Tela Portugal\" \/>\n<meta property=\"og:description\" content=\"O Presidente da Rep\u00fablica, Marcelo Rebelo de Sousa, esteve em Our\u00e9m, Pedr\u00f3g\u00e3o Grande e Soure. Defendeu uma maior liga\u00e7\u00e3o entre a Prote\u00e7\u00e3o Civil e o Ex\u00e9rcito e a cria\u00e7\u00e3o de um canal de entrada de imigrantes para garantir m\u00e3o\u2011de\u2011obra. A visita ocorre uma semana ap\u00f3s a passagem da depress\u00e3o Kristin, com o chefe de Estado a visitar os concelhos mais afetados pela tempestade. Criticou as explica\u00e7\u00f5es do Governo, dizendo que, em muitos casos, n\u00e3o correram bem, e sublinhou a necessidade de levar os apoios anunciados \u00e0s popula\u00e7\u00f5es. Reiterou que n\u00e3o basta remendar; \u00e9 preciso ir mais longe, especialmente para reconstru\u00e7\u00e3o de casas e empresas.\" \/>\n<meta property=\"og:url\" content=\"https:\/\/portaltela.pt\/noticias\/2026\/02\/04\/marcelo-aumenta-pressao-sobre-o-governo-nao-basta-remendar\/\" \/>\n<meta property=\"og:site_name\" content=\"Portal Tela Portugal\" \/>\n<meta property=\"article:published_time\" content=\"2026-02-04T19:04:00+00:00\" \/>\n<meta name=\"author\" content=\"Telinha\" \/>\n<meta name=\"twitter:card\" content=\"summary_large_image\" \/>\n<meta name=\"twitter:label1\" content=\"Escrito por\" \/>\n\t<meta name=\"twitter:data1\" content=\"Telinha\" \/>\n\t<meta name=\"twitter:label2\" content=\"Tempo estimado de leitura\" \/>\n\t<meta name=\"twitter:data2\" content=\"1 minuto\" \/>\n<script type=\"application\/ld+json\" class=\"yoast-schema-graph\">{\"@context\":\"https:\/\/schema.org\",\"@graph\":[{\"@type\":\"Article\",\"@id\":\"https:\/\/portaltela.pt\/noticias\/2026\/02\/04\/marcelo-aumenta-pressao-sobre-o-governo-nao-basta-remendar\/#article\",\"isPartOf\":{\"@id\":\"https:\/\/portaltela.pt\/noticias\/2026\/02\/04\/marcelo-aumenta-pressao-sobre-o-governo-nao-basta-remendar\/\"},\"author\":{\"name\":\"Telinha\",\"@id\":\"https:\/\/portaltela.pt\/#\/schema\/person\/c4278d4a6028830caff9ee44b42d32ed\"},\"headline\":\"Marcelo aumenta press\u00e3o sobre o Governo: n\u00e3o basta remendar\",\"datePublished\":\"2026-02-04T19:04:00+00:00\",\"mainEntityOfPage\":{\"@id\":\"https:\/\/portaltela.pt\/noticias\/2026\/02\/04\/marcelo-aumenta-pressao-sobre-o-governo-nao-basta-remendar\/\"},\"wordCount\":256,\"image\":{\"@id\":\"https:\/\/portaltela.pt\/noticias\/2026\/02\/04\/marcelo-aumenta-pressao-sobre-o-governo-nao-basta-remendar\/#primaryimage\"},\"thumbnailUrl\":\"https:\/\/portaltela.pt\/s.01k8rhncp4jt1\/2026\/02\/2064537.jpg\",\"keywords\":[\"For\u00e7as Armadas\",\"imigra\u00e7\u00e3o\",\"Our\u00e9m\",\"Pedr\u00f3g\u00e3o Grande\",\"prote\u00e7\u00e3o civil\",\"reconstru\u00e7\u00e3o urbana\"],\"articleSection\":[\"Not\u00edcias\",\"Pol\u00edtica\"],\"inLanguage\":\"pt-PT\"},{\"@type\":\"WebPage\",\"@id\":\"https:\/\/portaltela.pt\/noticias\/2026\/02\/04\/marcelo-aumenta-pressao-sobre-o-governo-nao-basta-remendar\/\",\"url\":\"https:\/\/portaltela.pt\/noticias\/2026\/02\/04\/marcelo-aumenta-pressao-sobre-o-governo-nao-basta-remendar\/\",\"name\":\"Marcelo aumenta press\u00e3o sobre o Governo: n\u00e3o basta remendar - Portal Tela Portugal\",\"isPartOf\":{\"@id\":\"https:\/\/portaltela.pt\/#website\"},\"primaryImageOfPage\":{\"@id\":\"https:\/\/portaltela.pt\/noticias\/2026\/02\/04\/marcelo-aumenta-pressao-sobre-o-governo-nao-basta-remendar\/#primaryimage\"},\"image\":{\"@id\":\"https:\/\/portaltela.pt\/noticias\/2026\/02\/04\/marcelo-aumenta-pressao-sobre-o-governo-nao-basta-remendar\/#primaryimage\"},\"thumbnailUrl\":\"https:\/\/portaltela.pt\/s.01k8rhncp4jt1\/2026\/02\/2064537.jpg\",\"datePublished\":\"2026-02-04T19:04:00+00:00\",\"author\":{\"@id\":\"https:\/\/portaltela.pt\/#\/schema\/person\/c4278d4a6028830caff9ee44b42d32ed\"},\"breadcrumb\":{\"@id\":\"https:\/\/portaltela.pt\/noticias\/2026\/02\/04\/marcelo-aumenta-pressao-sobre-o-governo-nao-basta-remendar\/#breadcrumb\"},\"inLanguage\":\"pt-PT\",\"potentialAction\":[{\"@type\":\"ReadAction\",\"target\":[\"https:\/\/portaltela.pt\/noticias\/2026\/02\/04\/marcelo-aumenta-pressao-sobre-o-governo-nao-basta-remendar\/\"]}]},{\"@type\":\"ImageObject\",\"inLanguage\":\"pt-PT\",\"@id\":\"https:\/\/portaltela.pt\/noticias\/2026\/02\/04\/marcelo-aumenta-pressao-sobre-o-governo-nao-basta-remendar\/#primaryimage\",\"url\":\"https:\/\/portaltela.pt\/s.01k8rhncp4jt1\/2026\/02\/2064537.jpg\",\"contentUrl\":\"https:\/\/portaltela.pt\/s.01k8rhncp4jt1\/2026\/02\/2064537.jpg\",\"width\":796,\"height\":448,\"caption\":\"O Presidente da Rep\u00fablica, Marcelo Rebelo de Sousa, reuniu-se com a Prote\u00e7\u00e3o Civil de Soure, um dos locais que visitou esta quarta-feira\"},{\"@type\":\"BreadcrumbList\",\"@id\":\"https:\/\/portaltela.pt\/noticias\/2026\/02\/04\/marcelo-aumenta-pressao-sobre-o-governo-nao-basta-remendar\/#breadcrumb\",\"itemListElement\":[{\"@type\":\"ListItem\",\"position\":1,\"name\":\"In\u00edcio\",\"item\":\"https:\/\/portaltela.pt\/\"},{\"@type\":\"ListItem\",\"position\":2,\"name\":\"Marcelo aumenta press\u00e3o sobre o Governo: n\u00e3o basta remendar\"}]},{\"@type\":\"WebSite\",\"@id\":\"https:\/\/portaltela.pt\/#website\",\"url\":\"https:\/\/portaltela.pt\/\",\"name\":\"Portal Tela Portugal\",\"description\":\"\",\"potentialAction\":[{\"@type\":\"SearchAction\",\"target\":{\"@type\":\"EntryPoint\",\"urlTemplate\":\"https:\/\/portaltela.pt\/?s={search_term_string}\"},\"query-input\":{\"@type\":\"PropertyValueSpecification\",\"valueRequired\":true,\"valueName\":\"search_term_string\"}}],\"inLanguage\":\"pt-PT\"},{\"@type\":\"Person\",\"@id\":\"https:\/\/portaltela.pt\/#\/schema\/person\/c4278d4a6028830caff9ee44b42d32ed\",\"name\":\"Telinha\",\"image\":{\"@type\":\"ImageObject\",\"inLanguage\":\"pt-PT\",\"@id\":\"https:\/\/portaltela.pt\/s.01k8rhncp4jt1\/2025\/11\/talking-bot-125x125.png\",\"url\":\"https:\/\/portaltela.pt\/s.01k8rhncp4jt1\/2025\/11\/talking-bot-125x125.png\",\"contentUrl\":\"https:\/\/portaltela.pt\/s.01k8rhncp4jt1\/2025\/11\/talking-bot-125x125.png\",\"caption\":\"Telinha\"},\"sameAs\":[\"https:\/\/portaltela.pt\/\"],\"url\":\"https:\/\/portaltela.pt\/por\/367410592786\/\"}]}<\/script>\n<!-- \/ Yoast SEO plugin. -->","yoast_head_json":{"title":"Marcelo aumenta press\u00e3o sobre o Governo: n\u00e3o basta remendar - Portal Tela Portugal","robots":{"index":"index","follow":"follow","max-snippet":"max-snippet:-1","max-image-preview":"max-image-preview:large","max-video-preview":"max-video-preview:-1"},"og_locale":"pt_PT","og_type":"article","og_title":"Marcelo aumenta press\u00e3o sobre o Governo: n\u00e3o basta remendar - Portal Tela Portugal","og_description":"O Presidente da Rep\u00fablica, Marcelo Rebelo de Sousa, esteve em Our\u00e9m, Pedr\u00f3g\u00e3o Grande e Soure. Defendeu uma maior liga\u00e7\u00e3o entre a Prote\u00e7\u00e3o Civil e o Ex\u00e9rcito e a cria\u00e7\u00e3o de um canal de entrada de imigrantes para garantir m\u00e3o\u2011de\u2011obra. A visita ocorre uma semana ap\u00f3s a passagem da depress\u00e3o Kristin, com o chefe de Estado a visitar os concelhos mais afetados pela tempestade. Criticou as explica\u00e7\u00f5es do Governo, dizendo que, em muitos casos, n\u00e3o correram bem, e sublinhou a necessidade de levar os apoios anunciados \u00e0s popula\u00e7\u00f5es. Reiterou que n\u00e3o basta remendar; \u00e9 preciso ir mais longe, especialmente para reconstru\u00e7\u00e3o de casas e empresas.","og_url":"https:\/\/portaltela.pt\/noticias\/2026\/02\/04\/marcelo-aumenta-pressao-sobre-o-governo-nao-basta-remendar\/","og_site_name":"Portal Tela Portugal","article_published_time":"2026-02-04T19:04:00+00:00","author":"Telinha","twitter_card":"summary_large_image","twitter_misc":{"Escrito por":"Telinha","Tempo estimado de leitura":"1 minuto"},"schema":{"@context":"https:\/\/schema.org","@graph":[{"@type":"Article","@id":"https:\/\/portaltela.pt\/noticias\/2026\/02\/04\/marcelo-aumenta-pressao-sobre-o-governo-nao-basta-remendar\/#article","isPartOf":{"@id":"https:\/\/portaltela.pt\/noticias\/2026\/02\/04\/marcelo-aumenta-pressao-sobre-o-governo-nao-basta-remendar\/"},"author":{"name":"Telinha","@id":"https:\/\/portaltela.pt\/#\/schema\/person\/c4278d4a6028830caff9ee44b42d32ed"},"headline":"Marcelo aumenta press\u00e3o sobre o Governo: n\u00e3o basta remendar","datePublished":"2026-02-04T19:04:00+00:00","mainEntityOfPage":{"@id":"https:\/\/portaltela.pt\/noticias\/2026\/02\/04\/marcelo-aumenta-pressao-sobre-o-governo-nao-basta-remendar\/"},"wordCount":256,"image":{"@id":"https:\/\/portaltela.pt\/noticias\/2026\/02\/04\/marcelo-aumenta-pressao-sobre-o-governo-nao-basta-remendar\/#primaryimage"},"thumbnailUrl":"https:\/\/portaltela.pt\/s.01k8rhncp4jt1\/2026\/02\/2064537.jpg","keywords":["For\u00e7as Armadas","imigra\u00e7\u00e3o","Our\u00e9m","Pedr\u00f3g\u00e3o Grande","prote\u00e7\u00e3o civil","reconstru\u00e7\u00e3o urbana"],"articleSection":["Not\u00edcias","Pol\u00edtica"],"inLanguage":"pt-PT"},{"@type":"WebPage","@id":"https:\/\/portaltela.pt\/noticias\/2026\/02\/04\/marcelo-aumenta-pressao-sobre-o-governo-nao-basta-remendar\/","url":"https:\/\/portaltela.pt\/noticias\/2026\/02\/04\/marcelo-aumenta-pressao-sobre-o-governo-nao-basta-remendar\/","name":"Marcelo aumenta press\u00e3o sobre o Governo: n\u00e3o basta remendar - Portal Tela Portugal","isPartOf":{"@id":"https:\/\/portaltela.pt\/#website"},"primaryImageOfPage":{"@id":"https:\/\/portaltela.pt\/noticias\/2026\/02\/04\/marcelo-aumenta-pressao-sobre-o-governo-nao-basta-remendar\/#primaryimage"},"image":{"@id":"https:\/\/portaltela.pt\/noticias\/2026\/02\/04\/marcelo-aumenta-pressao-sobre-o-governo-nao-basta-remendar\/#primaryimage"},"thumbnailUrl":"https:\/\/portaltela.pt\/s.01k8rhncp4jt1\/2026\/02\/2064537.jpg","datePublished":"2026-02-04T19:04:00+00:00","author":{"@id":"https:\/\/portaltela.pt\/#\/schema\/person\/c4278d4a6028830caff9ee44b42d32ed"},"breadcrumb":{"@id":"https:\/\/portaltela.pt\/noticias\/2026\/02\/04\/marcelo-aumenta-pressao-sobre-o-governo-nao-basta-remendar\/#breadcrumb"},"inLanguage":"pt-PT","potentialAction":[{"@type":"ReadAction","target":["https:\/\/portaltela.pt\/noticias\/2026\/02\/04\/marcelo-aumenta-pressao-sobre-o-governo-nao-basta-remendar\/"]}]},{"@type":"ImageObject","inLanguage":"pt-PT","@id":"https:\/\/portaltela.pt\/noticias\/2026\/02\/04\/marcelo-aumenta-pressao-sobre-o-governo-nao-basta-remendar\/#primaryimage","url":"https:\/\/portaltela.pt\/s.01k8rhncp4jt1\/2026\/02\/2064537.jpg","contentUrl":"https:\/\/portaltela.pt\/s.01k8rhncp4jt1\/2026\/02\/2064537.jpg","width":796,"height":448,"caption":"O Presidente da Rep\u00fablica, Marcelo Rebelo de Sousa, reuniu-se com a Prote\u00e7\u00e3o Civil de Soure, um dos locais que visitou esta quarta-feira"},{"@type":"BreadcrumbList","@id":"https:\/\/portaltela.pt\/noticias\/2026\/02\/04\/marcelo-aumenta-pressao-sobre-o-governo-nao-basta-remendar\/#breadcrumb","itemListElement":[{"@type":"ListItem","position":1,"name":"In\u00edcio","item":"https:\/\/portaltela.pt\/"},{"@type":"ListItem","position":2,"name":"Marcelo aumenta press\u00e3o sobre o Governo: n\u00e3o basta remendar"}]},{"@type":"WebSite","@id":"https:\/\/portaltela.pt\/#website","url":"https:\/\/portaltela.pt\/","name":"Portal Tela Portugal","description":"","potentialAction":[{"@type":"SearchAction","target":{"@type":"EntryPoint","urlTemplate":"https:\/\/portaltela.pt\/?s={search_term_string}"},"query-input":{"@type":"PropertyValueSpecification","valueRequired":true,"valueName":"search_term_string"}}],"inLanguage":"pt-PT"},{"@type":"Person","@id":"https:\/\/portaltela.pt\/#\/schema\/person\/c4278d4a6028830caff9ee44b42d32ed","name":"Telinha","image":{"@type":"ImageObject","inLanguage":"pt-PT","@id":"https:\/\/portaltela.pt\/s.01k8rhncp4jt1\/2025\/11\/talking-bot-125x125.png","url":"https:\/\/portaltela.pt\/s.01k8rhncp4jt1\/2025\/11\/talking-bot-125x125.png","contentUrl":"https:\/\/portaltela.pt\/s.01k8rhncp4jt1\/2025\/11\/talking-bot-125x125.png","caption":"Telinha"},"sameAs":["https:\/\/portaltela.pt\/"],"url":"https:\/\/portaltela.pt\/por\/367410592786\/"}]}},"_links":{"self":[{"href":"https:\/\/portaltela.pt\/api\/wp\/v2\/posts\/197870","targetHints":{"allow":["GET"]}}],"collection":[{"href":"https:\/\/portaltela.pt\/api\/wp\/v2\/posts"}],"about":[{"href":"https:\/\/portaltela.pt\/api\/wp\/v2\/types\/post"}],"author":[{"embeddable":true,"href":"https:\/\/portaltela.pt\/api\/wp\/v2\/users\/2"}],"replies":[{"embeddable":true,"href":"https:\/\/portaltela.pt\/api\/wp\/v2\/comments?post=197870"}],"version-history":[{"count":0,"href":"https:\/\/portaltela.pt\/api\/wp\/v2\/posts\/197870\/revisions"}],"wp:featuredmedia":[{"embeddable":true,"href":"https:\/\/portaltela.pt\/api\/wp\/v2\/media\/197874"}],"wp:attachment":[{"href":"https:\/\/portaltela.pt\/api\/wp\/v2\/media?parent=197870"}],"wp:term":[{"taxonomy":"category","embeddable":true,"href":"https:\/\/portaltela.pt\/api\/wp\/v2\/categories?post=197870"},{"taxonomy":"post_tag","embeddable":true,"href":"https:\/\/portaltela.pt\/api\/wp\/v2\/tags?post=197870"}],"curies":[{"name":"wp","href":"https:\/\/api.w.org\/{rel}","templated":true}]}}