{"id":197853,"date":"2026-02-04T15:43:00","date_gmt":"2026-02-04T18:43:00","guid":{"rendered":"https:\/\/portaltela.pt\/noticias\/2026\/02\/04\/ugt-entrega-contraproposta-ao-governo-e-rejeita-revisao-da-legislacao-laboral\/"},"modified":"2026-02-04T15:43:00","modified_gmt":"2026-02-04T18:43:00","slug":"ugt-entrega-contraproposta-ao-governo-e-rejeita-revisao-da-legislacao-laboral","status":"publish","type":"post","link":"https:\/\/portaltela.pt\/noticias\/2026\/02\/04\/ugt-entrega-contraproposta-ao-governo-e-rejeita-revisao-da-legislacao-laboral\/","title":{"rendered":"UGT entrega contraproposta ao Governo e rejeita revis\u00e3o da legisla\u00e7\u00e3o laboral"},"content":{"rendered":"<p>A UGT entregou nesta quarta-feira ao Governo a sua contraproposta de revis\u00e3o da legisla\u00e7\u00e3o laboral. A central sindical afirma que o anteprojecto em an\u00e1lise apresenta um desequil\u00edbrio e favorece o lado empregador, justificando o rejei\u00e7\u00e3o com base em conte\u00fados que, segundo os sindicatos, cortam direitos dos trabalhadores.<\/p>\n<p>A entidade sublinha que existem linhas vermelhas em \u00e1reas como banco de horas, contrata\u00e7\u00e3o a termo, despedimentos e outsourcing. A contraproposta detalha que algumas mat\u00e9rias s\u00e3o inaceit\u00e1veis nos termos apresentados, incluindo a transmiss\u00e3o de estabelecimento e a negocia\u00e7\u00e3o coletiva, bem como a greve e a atividade sindical dentro da empresa.<\/p>\n<p>No documento intitulado Trabalho com Direitos XXI, com mais de 30 p\u00e1ginas, a UGT afirma que a posi\u00e7\u00e3o de n\u00e3o partilha da vis\u00e3o do Governo j\u00e1 tinha sido expressa num parecer de setembro do ano passado. A central lembra que a intransig\u00eancia negocial ajudou a desencadear a greve geral de 11 de dezembro, em converg\u00eancia com a CGTP.<\/p>\n<h3>Propostas-chave sobre compensa\u00e7\u00e3o e crit\u00e9rios de despedimento<\/h3>\n<p>A contraproposta defende que, em caso de despedimento coletivo, o trabalhador tenha direito a uma compensa\u00e7\u00e3o correspondente a um m\u00eas de retribui\u00e7\u00e3o base e diuturnidades por cada ano de antiguidade, com um m\u00ednimo de tr\u00eas meses. A nova proposta do Governo previa aumentar a compensa\u00e7\u00e3o de 14 para 15 dias por ano.<\/p>\n<p>Prop\u00f5e, ainda, alterar os requisitos de despedimento por extin\u00e7\u00e3o de posto de trabalho, quando existir pluralidade de postos com conte\u00fado funcional id\u00eantico. A hierarquia de crit\u00e9rios passa a considerar menor antiguidade no posto, na categoria profissional, na empresa e em cada caso concreto.<\/p>\n<p>A UGT defende acrescentar o trabalhador cuidador \u00e0s situa\u00e7\u00f5es em que o despedimento \u00e9 il\u00edcito, caso n\u00e3o haja parecer pr\u00e9vio da entidade competente na \u00e1rea da igualdade de oportunidades entre homens e mulheres. A medida surge como forma de prote\u00e7\u00e3o adicional.<\/p>\n<h3>Indemniza\u00e7\u00f5es e outras medidas laborais<\/h3>\n<p>A contraproposta sugere aumentar a indemniza\u00e7\u00e3o em substitui\u00e7\u00e3o de reintegra\u00e7\u00e3o a pedido do trabalhador para valores entre 30 e 60 dias de retribui\u00e7\u00e3o por cada ano de antiguidade. Atuais faixas v\u00e3o de 15 a 45 dias.<\/p>\n<p>Para casos em que a justi\u00e7a exclua a reintegra\u00e7\u00e3o, solicita-se que o montante em substitui\u00e7\u00e3o seja entre 90 e 120 dias, sem ficar abaixo de nove meses de retribui\u00e7\u00e3o base e diuturnidades. Hoje o limite m\u00ednimo \u00e9 de seis meses.<\/p>\n<p>Entre as medidas adicionais, a UGT prop\u00f5e altera\u00e7\u00f5es ao banco de horas grupal, \u00e0 dura\u00e7\u00e3o do trabalho noturno, \u00e0 semana de quatro dias e \u00e0 jornada cont\u00ednua para pais com filhos at\u00e9 aos 12 anos, bem como o aumento das f\u00e9rias para 25 dias.<\/p>\n<p>Fonte: LUSA<\/p>\n","protected":false},"excerpt":{"rendered":"<ul>\n<li>A UGT entregou ao Governo a contraproposta de revis\u00e3o da legisla\u00e7\u00e3o laboral, com linhas vermelhas em \u00e1reas como banco de horas, contrata\u00e7\u00e3o a termo, despedimentos e outsourcing.<\/li>\n<li>Prop\u00f5e que a compensa\u00e7\u00e3o por despedimento coletivo seja de pelo menos tr\u00eas meses de retribui\u00e7\u00e3o base e diuturnidades, correspondente a um m\u00eas por cada ano de antiguidade, com um m\u00ednimo de tr\u00eas meses.<\/li>\n<li>Sugere uma nova ordem de crit\u00e9rios para despedimento por extin\u00e7\u00e3o de posto, priorizando menor antiguidade no posto, na categoria profissional e na empresa, e inclui o trabalhador cuidador entre as situa\u00e7\u00f5es de despedimento il\u00edcito sem parecer pr\u00e9vio da entidade de igualdade.<\/li>\n<li>Prop\u00f5e aumentar as indemniza\u00e7\u00f5es em substitui\u00e7\u00e3o de reintegra\u00e7\u00e3o a pedido do trabalhador para 30 a 60 dias de retribui\u00e7\u00e3o por ano, e para o empregador entre 90 e 120 dias, sem ficar abaixo de nove meses de retribui\u00e7\u00e3o base e diuturnidades.<\/li>\n<li>Sugere mudan\u00e7as no banco de horas grupal, na dura\u00e7\u00e3o do trabalho noturno, na semana de quatro dias, na jornada cont\u00ednua para pais com filhos at\u00e9 aos 12 anos e no aumento das f\u00e9rias para 25 dias.<\/li>\n<\/ul>\n","protected":false},"author":2,"featured_media":197863,"comment_status":"closed","ping_status":"closed","sticky":false,"template":"","format":"standard","meta":{"footnotes":""},"categories":[1],"tags":[4024,948,1004,1164,2745,2201],"class_list":["post-197853","post","type-post","status-publish","format-standard","has-post-thumbnail","hentry","category-noticias","tag-banco-de-horas","tag-despedimento","tag-direitos-laborais","tag-greve","tag-indenizacoes","tag-trabalho"],"yoast_head":"<!-- This site is optimized with the Yoast SEO plugin v27.2 - https:\/\/yoast.com\/product\/yoast-seo-wordpress\/ -->\n<title>UGT entrega contraproposta ao Governo e rejeita revis\u00e3o da legisla\u00e7\u00e3o laboral - Portal Tela Portugal<\/title>\n<meta name=\"robots\" content=\"index, follow, max-snippet:-1, max-image-preview:large, max-video-preview:-1\" \/>\n<meta property=\"og:locale\" content=\"pt_PT\" \/>\n<meta property=\"og:type\" content=\"article\" \/>\n<meta property=\"og:title\" content=\"UGT entrega contraproposta ao Governo e rejeita revis\u00e3o da legisla\u00e7\u00e3o laboral - Portal Tela Portugal\" \/>\n<meta property=\"og:description\" content=\"A UGT entregou ao Governo a contraproposta de revis\u00e3o da legisla\u00e7\u00e3o laboral, com linhas vermelhas em \u00e1reas como banco de horas, contrata\u00e7\u00e3o a termo, despedimentos e outsourcing. Prop\u00f5e que a compensa\u00e7\u00e3o por despedimento coletivo seja de pelo menos tr\u00eas meses de retribui\u00e7\u00e3o base e diuturnidades, correspondente a um m\u00eas por cada ano de antiguidade, com um m\u00ednimo de tr\u00eas meses. Sugere uma nova ordem de crit\u00e9rios para despedimento por extin\u00e7\u00e3o de posto, priorizando menor antiguidade no posto, na categoria profissional e na empresa, e inclui o trabalhador cuidador entre as situa\u00e7\u00f5es de despedimento il\u00edcito sem parecer pr\u00e9vio da entidade de igualdade. Prop\u00f5e aumentar as indemniza\u00e7\u00f5es em substitui\u00e7\u00e3o de reintegra\u00e7\u00e3o a pedido do trabalhador para 30 a 60 dias de retribui\u00e7\u00e3o por ano, e para o empregador entre 90 e 120 dias, sem ficar abaixo de nove meses de retribui\u00e7\u00e3o base e diuturnidades. Sugere mudan\u00e7as no banco de horas grupal, na dura\u00e7\u00e3o do trabalho noturno, na semana de quatro dias, na jornada cont\u00ednua para pais com filhos at\u00e9 aos 12 anos e no aumento das f\u00e9rias para 25 dias.\" \/>\n<meta property=\"og:url\" content=\"https:\/\/portaltela.pt\/noticias\/2026\/02\/04\/ugt-entrega-contraproposta-ao-governo-e-rejeita-revisao-da-legislacao-laboral\/\" \/>\n<meta property=\"og:site_name\" content=\"Portal Tela Portugal\" \/>\n<meta property=\"article:published_time\" content=\"2026-02-04T18:43:00+00:00\" \/>\n<meta name=\"author\" content=\"Telinha\" \/>\n<meta name=\"twitter:card\" content=\"summary_large_image\" \/>\n<meta name=\"twitter:label1\" content=\"Escrito por\" \/>\n\t<meta name=\"twitter:data1\" content=\"Telinha\" \/>\n\t<meta name=\"twitter:label2\" content=\"Tempo estimado de leitura\" \/>\n\t<meta name=\"twitter:data2\" content=\"2 minutos\" \/>\n<script type=\"application\/ld+json\" class=\"yoast-schema-graph\">{\"@context\":\"https:\/\/schema.org\",\"@graph\":[{\"@type\":\"Article\",\"@id\":\"https:\/\/portaltela.pt\/noticias\/2026\/02\/04\/ugt-entrega-contraproposta-ao-governo-e-rejeita-revisao-da-legislacao-laboral\/#article\",\"isPartOf\":{\"@id\":\"https:\/\/portaltela.pt\/noticias\/2026\/02\/04\/ugt-entrega-contraproposta-ao-governo-e-rejeita-revisao-da-legislacao-laboral\/\"},\"author\":{\"name\":\"Telinha\",\"@id\":\"https:\/\/portaltela.pt\/#\/schema\/person\/c4278d4a6028830caff9ee44b42d32ed\"},\"headline\":\"UGT entrega contraproposta ao Governo e rejeita revis\u00e3o da legisla\u00e7\u00e3o laboral\",\"datePublished\":\"2026-02-04T18:43:00+00:00\",\"mainEntityOfPage\":{\"@id\":\"https:\/\/portaltela.pt\/noticias\/2026\/02\/04\/ugt-entrega-contraproposta-ao-governo-e-rejeita-revisao-da-legislacao-laboral\/\"},\"wordCount\":473,\"image\":{\"@id\":\"https:\/\/portaltela.pt\/noticias\/2026\/02\/04\/ugt-entrega-contraproposta-ao-governo-e-rejeita-revisao-da-legislacao-laboral\/#primaryimage\"},\"thumbnailUrl\":\"https:\/\/portaltela.pt\/s.01k8rhncp4jt1\/2026\/02\/unnamed-file-1369.jpg\",\"keywords\":[\"banco de horas\",\"despedimento\",\"direitos laborais\",\"greve\",\"indeniza\u00e7\u00f5es\",\"trabalho\"],\"articleSection\":[\"Not\u00edcias\"],\"inLanguage\":\"pt-PT\"},{\"@type\":\"WebPage\",\"@id\":\"https:\/\/portaltela.pt\/noticias\/2026\/02\/04\/ugt-entrega-contraproposta-ao-governo-e-rejeita-revisao-da-legislacao-laboral\/\",\"url\":\"https:\/\/portaltela.pt\/noticias\/2026\/02\/04\/ugt-entrega-contraproposta-ao-governo-e-rejeita-revisao-da-legislacao-laboral\/\",\"name\":\"UGT entrega contraproposta ao Governo e rejeita revis\u00e3o da legisla\u00e7\u00e3o laboral - Portal Tela Portugal\",\"isPartOf\":{\"@id\":\"https:\/\/portaltela.pt\/#website\"},\"primaryImageOfPage\":{\"@id\":\"https:\/\/portaltela.pt\/noticias\/2026\/02\/04\/ugt-entrega-contraproposta-ao-governo-e-rejeita-revisao-da-legislacao-laboral\/#primaryimage\"},\"image\":{\"@id\":\"https:\/\/portaltela.pt\/noticias\/2026\/02\/04\/ugt-entrega-contraproposta-ao-governo-e-rejeita-revisao-da-legislacao-laboral\/#primaryimage\"},\"thumbnailUrl\":\"https:\/\/portaltela.pt\/s.01k8rhncp4jt1\/2026\/02\/unnamed-file-1369.jpg\",\"datePublished\":\"2026-02-04T18:43:00+00:00\",\"author\":{\"@id\":\"https:\/\/portaltela.pt\/#\/schema\/person\/c4278d4a6028830caff9ee44b42d32ed\"},\"breadcrumb\":{\"@id\":\"https:\/\/portaltela.pt\/noticias\/2026\/02\/04\/ugt-entrega-contraproposta-ao-governo-e-rejeita-revisao-da-legislacao-laboral\/#breadcrumb\"},\"inLanguage\":\"pt-PT\",\"potentialAction\":[{\"@type\":\"ReadAction\",\"target\":[\"https:\/\/portaltela.pt\/noticias\/2026\/02\/04\/ugt-entrega-contraproposta-ao-governo-e-rejeita-revisao-da-legislacao-laboral\/\"]}]},{\"@type\":\"ImageObject\",\"inLanguage\":\"pt-PT\",\"@id\":\"https:\/\/portaltela.pt\/noticias\/2026\/02\/04\/ugt-entrega-contraproposta-ao-governo-e-rejeita-revisao-da-legislacao-laboral\/#primaryimage\",\"url\":\"https:\/\/portaltela.pt\/s.01k8rhncp4jt1\/2026\/02\/unnamed-file-1369.jpg\",\"contentUrl\":\"https:\/\/portaltela.pt\/s.01k8rhncp4jt1\/2026\/02\/unnamed-file-1369.jpg\",\"width\":796,\"height\":448,\"caption\":\"UGT recusa recuar e avan\u00e7a para greve geral a 11 de dezembro\"},{\"@type\":\"BreadcrumbList\",\"@id\":\"https:\/\/portaltela.pt\/noticias\/2026\/02\/04\/ugt-entrega-contraproposta-ao-governo-e-rejeita-revisao-da-legislacao-laboral\/#breadcrumb\",\"itemListElement\":[{\"@type\":\"ListItem\",\"position\":1,\"name\":\"In\u00edcio\",\"item\":\"https:\/\/portaltela.pt\/\"},{\"@type\":\"ListItem\",\"position\":2,\"name\":\"UGT entrega contraproposta ao Governo e rejeita revis\u00e3o da legisla\u00e7\u00e3o laboral\"}]},{\"@type\":\"WebSite\",\"@id\":\"https:\/\/portaltela.pt\/#website\",\"url\":\"https:\/\/portaltela.pt\/\",\"name\":\"Portal Tela Portugal\",\"description\":\"\",\"potentialAction\":[{\"@type\":\"SearchAction\",\"target\":{\"@type\":\"EntryPoint\",\"urlTemplate\":\"https:\/\/portaltela.pt\/?s={search_term_string}\"},\"query-input\":{\"@type\":\"PropertyValueSpecification\",\"valueRequired\":true,\"valueName\":\"search_term_string\"}}],\"inLanguage\":\"pt-PT\"},{\"@type\":\"Person\",\"@id\":\"https:\/\/portaltela.pt\/#\/schema\/person\/c4278d4a6028830caff9ee44b42d32ed\",\"name\":\"Telinha\",\"image\":{\"@type\":\"ImageObject\",\"inLanguage\":\"pt-PT\",\"@id\":\"https:\/\/portaltela.pt\/s.01k8rhncp4jt1\/2025\/11\/talking-bot-125x125.png\",\"url\":\"https:\/\/portaltela.pt\/s.01k8rhncp4jt1\/2025\/11\/talking-bot-125x125.png\",\"contentUrl\":\"https:\/\/portaltela.pt\/s.01k8rhncp4jt1\/2025\/11\/talking-bot-125x125.png\",\"caption\":\"Telinha\"},\"sameAs\":[\"https:\/\/portaltela.pt\/\"],\"url\":\"https:\/\/portaltela.pt\/por\/367410592786\/\"}]}<\/script>\n<!-- \/ Yoast SEO plugin. -->","yoast_head_json":{"title":"UGT entrega contraproposta ao Governo e rejeita revis\u00e3o da legisla\u00e7\u00e3o laboral - Portal Tela Portugal","robots":{"index":"index","follow":"follow","max-snippet":"max-snippet:-1","max-image-preview":"max-image-preview:large","max-video-preview":"max-video-preview:-1"},"og_locale":"pt_PT","og_type":"article","og_title":"UGT entrega contraproposta ao Governo e rejeita revis\u00e3o da legisla\u00e7\u00e3o laboral - Portal Tela Portugal","og_description":"A UGT entregou ao Governo a contraproposta de revis\u00e3o da legisla\u00e7\u00e3o laboral, com linhas vermelhas em \u00e1reas como banco de horas, contrata\u00e7\u00e3o a termo, despedimentos e outsourcing. Prop\u00f5e que a compensa\u00e7\u00e3o por despedimento coletivo seja de pelo menos tr\u00eas meses de retribui\u00e7\u00e3o base e diuturnidades, correspondente a um m\u00eas por cada ano de antiguidade, com um m\u00ednimo de tr\u00eas meses. Sugere uma nova ordem de crit\u00e9rios para despedimento por extin\u00e7\u00e3o de posto, priorizando menor antiguidade no posto, na categoria profissional e na empresa, e inclui o trabalhador cuidador entre as situa\u00e7\u00f5es de despedimento il\u00edcito sem parecer pr\u00e9vio da entidade de igualdade. Prop\u00f5e aumentar as indemniza\u00e7\u00f5es em substitui\u00e7\u00e3o de reintegra\u00e7\u00e3o a pedido do trabalhador para 30 a 60 dias de retribui\u00e7\u00e3o por ano, e para o empregador entre 90 e 120 dias, sem ficar abaixo de nove meses de retribui\u00e7\u00e3o base e diuturnidades. Sugere mudan\u00e7as no banco de horas grupal, na dura\u00e7\u00e3o do trabalho noturno, na semana de quatro dias, na jornada cont\u00ednua para pais com filhos at\u00e9 aos 12 anos e no aumento das f\u00e9rias para 25 dias.","og_url":"https:\/\/portaltela.pt\/noticias\/2026\/02\/04\/ugt-entrega-contraproposta-ao-governo-e-rejeita-revisao-da-legislacao-laboral\/","og_site_name":"Portal Tela Portugal","article_published_time":"2026-02-04T18:43:00+00:00","author":"Telinha","twitter_card":"summary_large_image","twitter_misc":{"Escrito por":"Telinha","Tempo estimado de leitura":"2 minutos"},"schema":{"@context":"https:\/\/schema.org","@graph":[{"@type":"Article","@id":"https:\/\/portaltela.pt\/noticias\/2026\/02\/04\/ugt-entrega-contraproposta-ao-governo-e-rejeita-revisao-da-legislacao-laboral\/#article","isPartOf":{"@id":"https:\/\/portaltela.pt\/noticias\/2026\/02\/04\/ugt-entrega-contraproposta-ao-governo-e-rejeita-revisao-da-legislacao-laboral\/"},"author":{"name":"Telinha","@id":"https:\/\/portaltela.pt\/#\/schema\/person\/c4278d4a6028830caff9ee44b42d32ed"},"headline":"UGT entrega contraproposta ao Governo e rejeita revis\u00e3o da legisla\u00e7\u00e3o laboral","datePublished":"2026-02-04T18:43:00+00:00","mainEntityOfPage":{"@id":"https:\/\/portaltela.pt\/noticias\/2026\/02\/04\/ugt-entrega-contraproposta-ao-governo-e-rejeita-revisao-da-legislacao-laboral\/"},"wordCount":473,"image":{"@id":"https:\/\/portaltela.pt\/noticias\/2026\/02\/04\/ugt-entrega-contraproposta-ao-governo-e-rejeita-revisao-da-legislacao-laboral\/#primaryimage"},"thumbnailUrl":"https:\/\/portaltela.pt\/s.01k8rhncp4jt1\/2026\/02\/unnamed-file-1369.jpg","keywords":["banco de horas","despedimento","direitos laborais","greve","indeniza\u00e7\u00f5es","trabalho"],"articleSection":["Not\u00edcias"],"inLanguage":"pt-PT"},{"@type":"WebPage","@id":"https:\/\/portaltela.pt\/noticias\/2026\/02\/04\/ugt-entrega-contraproposta-ao-governo-e-rejeita-revisao-da-legislacao-laboral\/","url":"https:\/\/portaltela.pt\/noticias\/2026\/02\/04\/ugt-entrega-contraproposta-ao-governo-e-rejeita-revisao-da-legislacao-laboral\/","name":"UGT entrega contraproposta ao Governo e rejeita revis\u00e3o da legisla\u00e7\u00e3o laboral - Portal Tela Portugal","isPartOf":{"@id":"https:\/\/portaltela.pt\/#website"},"primaryImageOfPage":{"@id":"https:\/\/portaltela.pt\/noticias\/2026\/02\/04\/ugt-entrega-contraproposta-ao-governo-e-rejeita-revisao-da-legislacao-laboral\/#primaryimage"},"image":{"@id":"https:\/\/portaltela.pt\/noticias\/2026\/02\/04\/ugt-entrega-contraproposta-ao-governo-e-rejeita-revisao-da-legislacao-laboral\/#primaryimage"},"thumbnailUrl":"https:\/\/portaltela.pt\/s.01k8rhncp4jt1\/2026\/02\/unnamed-file-1369.jpg","datePublished":"2026-02-04T18:43:00+00:00","author":{"@id":"https:\/\/portaltela.pt\/#\/schema\/person\/c4278d4a6028830caff9ee44b42d32ed"},"breadcrumb":{"@id":"https:\/\/portaltela.pt\/noticias\/2026\/02\/04\/ugt-entrega-contraproposta-ao-governo-e-rejeita-revisao-da-legislacao-laboral\/#breadcrumb"},"inLanguage":"pt-PT","potentialAction":[{"@type":"ReadAction","target":["https:\/\/portaltela.pt\/noticias\/2026\/02\/04\/ugt-entrega-contraproposta-ao-governo-e-rejeita-revisao-da-legislacao-laboral\/"]}]},{"@type":"ImageObject","inLanguage":"pt-PT","@id":"https:\/\/portaltela.pt\/noticias\/2026\/02\/04\/ugt-entrega-contraproposta-ao-governo-e-rejeita-revisao-da-legislacao-laboral\/#primaryimage","url":"https:\/\/portaltela.pt\/s.01k8rhncp4jt1\/2026\/02\/unnamed-file-1369.jpg","contentUrl":"https:\/\/portaltela.pt\/s.01k8rhncp4jt1\/2026\/02\/unnamed-file-1369.jpg","width":796,"height":448,"caption":"UGT recusa recuar e avan\u00e7a para greve geral a 11 de dezembro"},{"@type":"BreadcrumbList","@id":"https:\/\/portaltela.pt\/noticias\/2026\/02\/04\/ugt-entrega-contraproposta-ao-governo-e-rejeita-revisao-da-legislacao-laboral\/#breadcrumb","itemListElement":[{"@type":"ListItem","position":1,"name":"In\u00edcio","item":"https:\/\/portaltela.pt\/"},{"@type":"ListItem","position":2,"name":"UGT entrega contraproposta ao Governo e rejeita revis\u00e3o da legisla\u00e7\u00e3o laboral"}]},{"@type":"WebSite","@id":"https:\/\/portaltela.pt\/#website","url":"https:\/\/portaltela.pt\/","name":"Portal Tela Portugal","description":"","potentialAction":[{"@type":"SearchAction","target":{"@type":"EntryPoint","urlTemplate":"https:\/\/portaltela.pt\/?s={search_term_string}"},"query-input":{"@type":"PropertyValueSpecification","valueRequired":true,"valueName":"search_term_string"}}],"inLanguage":"pt-PT"},{"@type":"Person","@id":"https:\/\/portaltela.pt\/#\/schema\/person\/c4278d4a6028830caff9ee44b42d32ed","name":"Telinha","image":{"@type":"ImageObject","inLanguage":"pt-PT","@id":"https:\/\/portaltela.pt\/s.01k8rhncp4jt1\/2025\/11\/talking-bot-125x125.png","url":"https:\/\/portaltela.pt\/s.01k8rhncp4jt1\/2025\/11\/talking-bot-125x125.png","contentUrl":"https:\/\/portaltela.pt\/s.01k8rhncp4jt1\/2025\/11\/talking-bot-125x125.png","caption":"Telinha"},"sameAs":["https:\/\/portaltela.pt\/"],"url":"https:\/\/portaltela.pt\/por\/367410592786\/"}]}},"_links":{"self":[{"href":"https:\/\/portaltela.pt\/api\/wp\/v2\/posts\/197853","targetHints":{"allow":["GET"]}}],"collection":[{"href":"https:\/\/portaltela.pt\/api\/wp\/v2\/posts"}],"about":[{"href":"https:\/\/portaltela.pt\/api\/wp\/v2\/types\/post"}],"author":[{"embeddable":true,"href":"https:\/\/portaltela.pt\/api\/wp\/v2\/users\/2"}],"replies":[{"embeddable":true,"href":"https:\/\/portaltela.pt\/api\/wp\/v2\/comments?post=197853"}],"version-history":[{"count":0,"href":"https:\/\/portaltela.pt\/api\/wp\/v2\/posts\/197853\/revisions"}],"wp:featuredmedia":[{"embeddable":true,"href":"https:\/\/portaltela.pt\/api\/wp\/v2\/media\/197863"}],"wp:attachment":[{"href":"https:\/\/portaltela.pt\/api\/wp\/v2\/media?parent=197853"}],"wp:term":[{"taxonomy":"category","embeddable":true,"href":"https:\/\/portaltela.pt\/api\/wp\/v2\/categories?post=197853"},{"taxonomy":"post_tag","embeddable":true,"href":"https:\/\/portaltela.pt\/api\/wp\/v2\/tags?post=197853"}],"curies":[{"name":"wp","href":"https:\/\/api.w.org\/{rel}","templated":true}]}}