{"id":197852,"date":"2026-02-04T16:14:11","date_gmt":"2026-02-04T19:14:11","guid":{"rendered":"https:\/\/portaltela.pt\/noticias\/2026\/02\/04\/alcoutim-tenta-conter-subida-do-rio-com-barreira-de-sacos-de-areia\/"},"modified":"2026-02-04T16:14:11","modified_gmt":"2026-02-04T19:14:11","slug":"alcoutim-tenta-conter-subida-do-rio-com-barreira-de-sacos-de-areia","status":"publish","type":"post","link":"https:\/\/portaltela.pt\/noticias\/2026\/02\/04\/alcoutim-tenta-conter-subida-do-rio-com-barreira-de-sacos-de-areia\/","title":{"rendered":"Alcoutim tenta conter subida do rio com barreira de sacos de areia"},"content":{"rendered":"<p>O rio Guadiana continua a subir e a C\u00e2mara de Alcoutim est\u00e1 a colocar sacos de areia para impedir que a \u00e1gua alcance as ruas da vila. A medida visa proteger o espa\u00e7o urbano face ao aumento do caudal.<\/p>\n<p>Paulo Paulino, presidente da C\u00e2mara, disse \u00e0 Lusa que a \u00e1gua j\u00e1 \u201ctapou\u201d um bar em Guerreiros do Rio, na margem sul do Guadiana, e que a praia fluvial tamb\u00e9m est\u00e1 coberta. Locais s\u00e3o de zonas mais baixas.<\/p>\n<p>O autarca revela ainda que j\u00e1 existem problemas de ordem material, sem registo de pessoas afetadas. N\u00e3o h\u00e1 casas afetadas at\u00e9 ao momento, apenas bens em risco.<\/p>\n<h3>Medidas em curso<\/h3>\n<p>Barreiras com sacos de areia est\u00e3o a ser instaladas na zona mais baixa de Alcoutim para conter a subida da \u00e1gua e salvaguardar bens do supermercado e dos bares. A subida do rio \u00e9 atribu\u00edda \u00e0s descargas nas barragens de Alqueva e Pedr\u00f3g\u00e3o, a montante.<\/p>\n<p>A C\u00e2mara j\u00e1 havia alertado navegantes e popula\u00e7\u00f5es ribeirinhas para o aumento dr\u00e1stico dos caudais, resultante das descargas para libertar \u00e1gua da chuva recente. O alerta veio ap\u00f3s comunica\u00e7\u00e3o urgente da capitania de Vila Real de Santo Ant\u00f3nio.<\/p>\n<p>A navega\u00e7\u00e3o est\u00e1 interditada e as autoridades pedem que se evite sair de embarca\u00e7\u00f5es, dado o risco de naufr\u00e1gio por corrente forte e detritos submersos. Em zonas ribeirinhas, recomenda-se retirar bens baixos e afastar pessoas de cais durante o pico da mar\u00e9.<\/p>\n<h3>Perspectivas e contexto<\/h3>\n<p>A mar\u00e9 alta ocorreu por volta das 16h30, com a pr\u00f3xima prevista para as 04h30, consideradas de risco m\u00e1ximo. O padr\u00e3o de chuva deve manter-se conforme previs\u00f5es at\u00e9 quinta-feira, influenciando o agravamento da situa\u00e7\u00e3o.<\/p>\n<p>As Descargas em Alqueva e Pedr\u00f3g\u00e3o, motivadas pela precipita\u00e7\u00e3o recente, mant\u00eam o rio em n\u00edvel elevado, elevando o risco de inunda\u00e7\u00f5es nas pr\u00f3ximas horas, segundo as autoridades locais.<\/p>\n","protected":false},"excerpt":{"rendered":"<ul>\n<li>O n\u00edvel do rio Guadiana continua a subir em Alcoutim, com sacos de areia a ser colocados para impedir a progress\u00e3o da \u00e1gua na vila.<\/li>\n<li>J\u00e1 h\u00e1 \u00e1gua a tapar um bar em Guerreiros do Rio e a praia fluvial, situadas nas zonas mais baixas.<\/li>\n<li>N\u00e3o h\u00e1 registo de pessoas afetadas; os problemas s\u00e3o apenas materiais e ainda n\u00e3o h\u00e1 casas afetadas.<\/li>\n<li>A subida deve-se \u00e0s descargas nas barragens de Alqueva e Pedr\u00f3g\u00e3o para libertar \u00e1gua da precipita\u00e7\u00e3o, com previs\u00e3o de continuidade consoante a chuva.<\/li>\n<li>A mar\u00e9 alta ocorreu \u00e0s 16h30 e dever\u00e1 voltar perto das 04h30; a navega\u00e7\u00e3o est\u00e1 interditada e recomenda-se n\u00e3o sair com embarca\u00e7\u00f5es, refor\u00e7ando amarra\u00e7\u00f5es.<\/li>\n<\/ul>\n","protected":false},"author":2,"featured_media":197856,"comment_status":"closed","ping_status":"closed","sticky":false,"template":"","format":"standard","meta":{"footnotes":""},"categories":[1],"tags":[3812,883,5080,4924,2293,5441],"class_list":["post-197852","post","type-post","status-publish","format-standard","has-post-thumbnail","hentry","category-noticias","tag-alagamentos","tag-alentejo","tag-alqueva","tag-barragens","tag-inundacoes","tag-pedrogao"],"yoast_head":"<!-- This site is optimized with the Yoast SEO plugin v27.2 - https:\/\/yoast.com\/product\/yoast-seo-wordpress\/ -->\n<title>Alcoutim tenta conter subida do rio com barreira de sacos de areia - Portal Tela Portugal<\/title>\n<meta name=\"robots\" content=\"index, follow, max-snippet:-1, max-image-preview:large, max-video-preview:-1\" \/>\n<meta property=\"og:locale\" content=\"pt_PT\" \/>\n<meta property=\"og:type\" content=\"article\" \/>\n<meta property=\"og:title\" content=\"Alcoutim tenta conter subida do rio com barreira de sacos de areia - Portal Tela Portugal\" \/>\n<meta property=\"og:description\" content=\"O n\u00edvel do rio Guadiana continua a subir em Alcoutim, com sacos de areia a ser colocados para impedir a progress\u00e3o da \u00e1gua na vila. J\u00e1 h\u00e1 \u00e1gua a tapar um bar em Guerreiros do Rio e a praia fluvial, situadas nas zonas mais baixas. N\u00e3o h\u00e1 registo de pessoas afetadas; os problemas s\u00e3o apenas materiais e ainda n\u00e3o h\u00e1 casas afetadas. A subida deve-se \u00e0s descargas nas barragens de Alqueva e Pedr\u00f3g\u00e3o para libertar \u00e1gua da precipita\u00e7\u00e3o, com previs\u00e3o de continuidade consoante a chuva. A mar\u00e9 alta ocorreu \u00e0s 16h30 e dever\u00e1 voltar perto das 04h30; a navega\u00e7\u00e3o est\u00e1 interditada e recomenda-se n\u00e3o sair com embarca\u00e7\u00f5es, refor\u00e7ando amarra\u00e7\u00f5es.\" \/>\n<meta property=\"og:url\" content=\"https:\/\/portaltela.pt\/noticias\/2026\/02\/04\/alcoutim-tenta-conter-subida-do-rio-com-barreira-de-sacos-de-areia\/\" \/>\n<meta property=\"og:site_name\" content=\"Portal Tela Portugal\" \/>\n<meta property=\"article:published_time\" content=\"2026-02-04T19:14:11+00:00\" \/>\n<meta name=\"author\" content=\"Telinha\" \/>\n<meta name=\"twitter:card\" content=\"summary_large_image\" \/>\n<meta name=\"twitter:label1\" content=\"Escrito por\" \/>\n\t<meta name=\"twitter:data1\" content=\"Telinha\" \/>\n\t<meta name=\"twitter:label2\" content=\"Tempo estimado de leitura\" \/>\n\t<meta name=\"twitter:data2\" content=\"2 minutos\" \/>\n<script type=\"application\/ld+json\" class=\"yoast-schema-graph\">{\"@context\":\"https:\/\/schema.org\",\"@graph\":[{\"@type\":\"Article\",\"@id\":\"https:\/\/portaltela.pt\/noticias\/2026\/02\/04\/alcoutim-tenta-conter-subida-do-rio-com-barreira-de-sacos-de-areia\/#article\",\"isPartOf\":{\"@id\":\"https:\/\/portaltela.pt\/noticias\/2026\/02\/04\/alcoutim-tenta-conter-subida-do-rio-com-barreira-de-sacos-de-areia\/\"},\"author\":{\"name\":\"Telinha\",\"@id\":\"https:\/\/portaltela.pt\/#\/schema\/person\/c4278d4a6028830caff9ee44b42d32ed\"},\"headline\":\"Alcoutim tenta conter subida do rio com barreira de sacos de areia\",\"datePublished\":\"2026-02-04T19:14:11+00:00\",\"mainEntityOfPage\":{\"@id\":\"https:\/\/portaltela.pt\/noticias\/2026\/02\/04\/alcoutim-tenta-conter-subida-do-rio-com-barreira-de-sacos-de-areia\/\"},\"wordCount\":338,\"image\":{\"@id\":\"https:\/\/portaltela.pt\/noticias\/2026\/02\/04\/alcoutim-tenta-conter-subida-do-rio-com-barreira-de-sacos-de-areia\/#primaryimage\"},\"thumbnailUrl\":\"https:\/\/portaltela.pt\/s.01k8rhncp4jt1\/2026\/02\/img_1500x1000uu2026-01-28-07-32-42-2262995-2.jpg\",\"keywords\":[\"alagamentos\",\"Alentejo\",\"Alqueva\",\"barragens\",\"inunda\u00e7\u00f5es\",\"Pedr\u00f3g\u00e3o\"],\"articleSection\":[\"Not\u00edcias\"],\"inLanguage\":\"pt-PT\"},{\"@type\":\"WebPage\",\"@id\":\"https:\/\/portaltela.pt\/noticias\/2026\/02\/04\/alcoutim-tenta-conter-subida-do-rio-com-barreira-de-sacos-de-areia\/\",\"url\":\"https:\/\/portaltela.pt\/noticias\/2026\/02\/04\/alcoutim-tenta-conter-subida-do-rio-com-barreira-de-sacos-de-areia\/\",\"name\":\"Alcoutim tenta conter subida do rio com barreira de sacos de areia - Portal Tela Portugal\",\"isPartOf\":{\"@id\":\"https:\/\/portaltela.pt\/#website\"},\"primaryImageOfPage\":{\"@id\":\"https:\/\/portaltela.pt\/noticias\/2026\/02\/04\/alcoutim-tenta-conter-subida-do-rio-com-barreira-de-sacos-de-areia\/#primaryimage\"},\"image\":{\"@id\":\"https:\/\/portaltela.pt\/noticias\/2026\/02\/04\/alcoutim-tenta-conter-subida-do-rio-com-barreira-de-sacos-de-areia\/#primaryimage\"},\"thumbnailUrl\":\"https:\/\/portaltela.pt\/s.01k8rhncp4jt1\/2026\/02\/img_1500x1000uu2026-01-28-07-32-42-2262995-2.jpg\",\"datePublished\":\"2026-02-04T19:14:11+00:00\",\"author\":{\"@id\":\"https:\/\/portaltela.pt\/#\/schema\/person\/c4278d4a6028830caff9ee44b42d32ed\"},\"breadcrumb\":{\"@id\":\"https:\/\/portaltela.pt\/noticias\/2026\/02\/04\/alcoutim-tenta-conter-subida-do-rio-com-barreira-de-sacos-de-areia\/#breadcrumb\"},\"inLanguage\":\"pt-PT\",\"potentialAction\":[{\"@type\":\"ReadAction\",\"target\":[\"https:\/\/portaltela.pt\/noticias\/2026\/02\/04\/alcoutim-tenta-conter-subida-do-rio-com-barreira-de-sacos-de-areia\/\"]}]},{\"@type\":\"ImageObject\",\"inLanguage\":\"pt-PT\",\"@id\":\"https:\/\/portaltela.pt\/noticias\/2026\/02\/04\/alcoutim-tenta-conter-subida-do-rio-com-barreira-de-sacos-de-areia\/#primaryimage\",\"url\":\"https:\/\/portaltela.pt\/s.01k8rhncp4jt1\/2026\/02\/img_1500x1000uu2026-01-28-07-32-42-2262995-2.jpg\",\"contentUrl\":\"https:\/\/portaltela.pt\/s.01k8rhncp4jt1\/2026\/02\/img_1500x1000uu2026-01-28-07-32-42-2262995-2.jpg\",\"width\":796,\"height\":448,\"caption\":\"Cheias e mau tempo em Portugal\"},{\"@type\":\"BreadcrumbList\",\"@id\":\"https:\/\/portaltela.pt\/noticias\/2026\/02\/04\/alcoutim-tenta-conter-subida-do-rio-com-barreira-de-sacos-de-areia\/#breadcrumb\",\"itemListElement\":[{\"@type\":\"ListItem\",\"position\":1,\"name\":\"In\u00edcio\",\"item\":\"https:\/\/portaltela.pt\/\"},{\"@type\":\"ListItem\",\"position\":2,\"name\":\"Alcoutim tenta conter subida do rio com barreira de sacos de areia\"}]},{\"@type\":\"WebSite\",\"@id\":\"https:\/\/portaltela.pt\/#website\",\"url\":\"https:\/\/portaltela.pt\/\",\"name\":\"Portal Tela Portugal\",\"description\":\"\",\"potentialAction\":[{\"@type\":\"SearchAction\",\"target\":{\"@type\":\"EntryPoint\",\"urlTemplate\":\"https:\/\/portaltela.pt\/?s={search_term_string}\"},\"query-input\":{\"@type\":\"PropertyValueSpecification\",\"valueRequired\":true,\"valueName\":\"search_term_string\"}}],\"inLanguage\":\"pt-PT\"},{\"@type\":\"Person\",\"@id\":\"https:\/\/portaltela.pt\/#\/schema\/person\/c4278d4a6028830caff9ee44b42d32ed\",\"name\":\"Telinha\",\"image\":{\"@type\":\"ImageObject\",\"inLanguage\":\"pt-PT\",\"@id\":\"https:\/\/portaltela.pt\/s.01k8rhncp4jt1\/2025\/11\/talking-bot-125x125.png\",\"url\":\"https:\/\/portaltela.pt\/s.01k8rhncp4jt1\/2025\/11\/talking-bot-125x125.png\",\"contentUrl\":\"https:\/\/portaltela.pt\/s.01k8rhncp4jt1\/2025\/11\/talking-bot-125x125.png\",\"caption\":\"Telinha\"},\"sameAs\":[\"https:\/\/portaltela.pt\/\"],\"url\":\"https:\/\/portaltela.pt\/por\/367410592786\/\"}]}<\/script>\n<!-- \/ Yoast SEO plugin. -->","yoast_head_json":{"title":"Alcoutim tenta conter subida do rio com barreira de sacos de areia - Portal Tela Portugal","robots":{"index":"index","follow":"follow","max-snippet":"max-snippet:-1","max-image-preview":"max-image-preview:large","max-video-preview":"max-video-preview:-1"},"og_locale":"pt_PT","og_type":"article","og_title":"Alcoutim tenta conter subida do rio com barreira de sacos de areia - Portal Tela Portugal","og_description":"O n\u00edvel do rio Guadiana continua a subir em Alcoutim, com sacos de areia a ser colocados para impedir a progress\u00e3o da \u00e1gua na vila. J\u00e1 h\u00e1 \u00e1gua a tapar um bar em Guerreiros do Rio e a praia fluvial, situadas nas zonas mais baixas. N\u00e3o h\u00e1 registo de pessoas afetadas; os problemas s\u00e3o apenas materiais e ainda n\u00e3o h\u00e1 casas afetadas. A subida deve-se \u00e0s descargas nas barragens de Alqueva e Pedr\u00f3g\u00e3o para libertar \u00e1gua da precipita\u00e7\u00e3o, com previs\u00e3o de continuidade consoante a chuva. A mar\u00e9 alta ocorreu \u00e0s 16h30 e dever\u00e1 voltar perto das 04h30; a navega\u00e7\u00e3o est\u00e1 interditada e recomenda-se n\u00e3o sair com embarca\u00e7\u00f5es, refor\u00e7ando amarra\u00e7\u00f5es.","og_url":"https:\/\/portaltela.pt\/noticias\/2026\/02\/04\/alcoutim-tenta-conter-subida-do-rio-com-barreira-de-sacos-de-areia\/","og_site_name":"Portal Tela Portugal","article_published_time":"2026-02-04T19:14:11+00:00","author":"Telinha","twitter_card":"summary_large_image","twitter_misc":{"Escrito por":"Telinha","Tempo estimado de leitura":"2 minutos"},"schema":{"@context":"https:\/\/schema.org","@graph":[{"@type":"Article","@id":"https:\/\/portaltela.pt\/noticias\/2026\/02\/04\/alcoutim-tenta-conter-subida-do-rio-com-barreira-de-sacos-de-areia\/#article","isPartOf":{"@id":"https:\/\/portaltela.pt\/noticias\/2026\/02\/04\/alcoutim-tenta-conter-subida-do-rio-com-barreira-de-sacos-de-areia\/"},"author":{"name":"Telinha","@id":"https:\/\/portaltela.pt\/#\/schema\/person\/c4278d4a6028830caff9ee44b42d32ed"},"headline":"Alcoutim tenta conter subida do rio com barreira de sacos de areia","datePublished":"2026-02-04T19:14:11+00:00","mainEntityOfPage":{"@id":"https:\/\/portaltela.pt\/noticias\/2026\/02\/04\/alcoutim-tenta-conter-subida-do-rio-com-barreira-de-sacos-de-areia\/"},"wordCount":338,"image":{"@id":"https:\/\/portaltela.pt\/noticias\/2026\/02\/04\/alcoutim-tenta-conter-subida-do-rio-com-barreira-de-sacos-de-areia\/#primaryimage"},"thumbnailUrl":"https:\/\/portaltela.pt\/s.01k8rhncp4jt1\/2026\/02\/img_1500x1000uu2026-01-28-07-32-42-2262995-2.jpg","keywords":["alagamentos","Alentejo","Alqueva","barragens","inunda\u00e7\u00f5es","Pedr\u00f3g\u00e3o"],"articleSection":["Not\u00edcias"],"inLanguage":"pt-PT"},{"@type":"WebPage","@id":"https:\/\/portaltela.pt\/noticias\/2026\/02\/04\/alcoutim-tenta-conter-subida-do-rio-com-barreira-de-sacos-de-areia\/","url":"https:\/\/portaltela.pt\/noticias\/2026\/02\/04\/alcoutim-tenta-conter-subida-do-rio-com-barreira-de-sacos-de-areia\/","name":"Alcoutim tenta conter subida do rio com barreira de sacos de areia - Portal Tela Portugal","isPartOf":{"@id":"https:\/\/portaltela.pt\/#website"},"primaryImageOfPage":{"@id":"https:\/\/portaltela.pt\/noticias\/2026\/02\/04\/alcoutim-tenta-conter-subida-do-rio-com-barreira-de-sacos-de-areia\/#primaryimage"},"image":{"@id":"https:\/\/portaltela.pt\/noticias\/2026\/02\/04\/alcoutim-tenta-conter-subida-do-rio-com-barreira-de-sacos-de-areia\/#primaryimage"},"thumbnailUrl":"https:\/\/portaltela.pt\/s.01k8rhncp4jt1\/2026\/02\/img_1500x1000uu2026-01-28-07-32-42-2262995-2.jpg","datePublished":"2026-02-04T19:14:11+00:00","author":{"@id":"https:\/\/portaltela.pt\/#\/schema\/person\/c4278d4a6028830caff9ee44b42d32ed"},"breadcrumb":{"@id":"https:\/\/portaltela.pt\/noticias\/2026\/02\/04\/alcoutim-tenta-conter-subida-do-rio-com-barreira-de-sacos-de-areia\/#breadcrumb"},"inLanguage":"pt-PT","potentialAction":[{"@type":"ReadAction","target":["https:\/\/portaltela.pt\/noticias\/2026\/02\/04\/alcoutim-tenta-conter-subida-do-rio-com-barreira-de-sacos-de-areia\/"]}]},{"@type":"ImageObject","inLanguage":"pt-PT","@id":"https:\/\/portaltela.pt\/noticias\/2026\/02\/04\/alcoutim-tenta-conter-subida-do-rio-com-barreira-de-sacos-de-areia\/#primaryimage","url":"https:\/\/portaltela.pt\/s.01k8rhncp4jt1\/2026\/02\/img_1500x1000uu2026-01-28-07-32-42-2262995-2.jpg","contentUrl":"https:\/\/portaltela.pt\/s.01k8rhncp4jt1\/2026\/02\/img_1500x1000uu2026-01-28-07-32-42-2262995-2.jpg","width":796,"height":448,"caption":"Cheias e mau tempo em Portugal"},{"@type":"BreadcrumbList","@id":"https:\/\/portaltela.pt\/noticias\/2026\/02\/04\/alcoutim-tenta-conter-subida-do-rio-com-barreira-de-sacos-de-areia\/#breadcrumb","itemListElement":[{"@type":"ListItem","position":1,"name":"In\u00edcio","item":"https:\/\/portaltela.pt\/"},{"@type":"ListItem","position":2,"name":"Alcoutim tenta conter subida do rio com barreira de sacos de areia"}]},{"@type":"WebSite","@id":"https:\/\/portaltela.pt\/#website","url":"https:\/\/portaltela.pt\/","name":"Portal Tela Portugal","description":"","potentialAction":[{"@type":"SearchAction","target":{"@type":"EntryPoint","urlTemplate":"https:\/\/portaltela.pt\/?s={search_term_string}"},"query-input":{"@type":"PropertyValueSpecification","valueRequired":true,"valueName":"search_term_string"}}],"inLanguage":"pt-PT"},{"@type":"Person","@id":"https:\/\/portaltela.pt\/#\/schema\/person\/c4278d4a6028830caff9ee44b42d32ed","name":"Telinha","image":{"@type":"ImageObject","inLanguage":"pt-PT","@id":"https:\/\/portaltela.pt\/s.01k8rhncp4jt1\/2025\/11\/talking-bot-125x125.png","url":"https:\/\/portaltela.pt\/s.01k8rhncp4jt1\/2025\/11\/talking-bot-125x125.png","contentUrl":"https:\/\/portaltela.pt\/s.01k8rhncp4jt1\/2025\/11\/talking-bot-125x125.png","caption":"Telinha"},"sameAs":["https:\/\/portaltela.pt\/"],"url":"https:\/\/portaltela.pt\/por\/367410592786\/"}]}},"_links":{"self":[{"href":"https:\/\/portaltela.pt\/api\/wp\/v2\/posts\/197852","targetHints":{"allow":["GET"]}}],"collection":[{"href":"https:\/\/portaltela.pt\/api\/wp\/v2\/posts"}],"about":[{"href":"https:\/\/portaltela.pt\/api\/wp\/v2\/types\/post"}],"author":[{"embeddable":true,"href":"https:\/\/portaltela.pt\/api\/wp\/v2\/users\/2"}],"replies":[{"embeddable":true,"href":"https:\/\/portaltela.pt\/api\/wp\/v2\/comments?post=197852"}],"version-history":[{"count":0,"href":"https:\/\/portaltela.pt\/api\/wp\/v2\/posts\/197852\/revisions"}],"wp:featuredmedia":[{"embeddable":true,"href":"https:\/\/portaltela.pt\/api\/wp\/v2\/media\/197856"}],"wp:attachment":[{"href":"https:\/\/portaltela.pt\/api\/wp\/v2\/media?parent=197852"}],"wp:term":[{"taxonomy":"category","embeddable":true,"href":"https:\/\/portaltela.pt\/api\/wp\/v2\/categories?post=197852"},{"taxonomy":"post_tag","embeddable":true,"href":"https:\/\/portaltela.pt\/api\/wp\/v2\/tags?post=197852"}],"curies":[{"name":"wp","href":"https:\/\/api.w.org\/{rel}","templated":true}]}}