{"id":197839,"date":"2026-02-04T16:04:00","date_gmt":"2026-02-04T19:04:00","guid":{"rendered":"https:\/\/portaltela.pt\/noticias\/2026\/02\/04\/galeria-municipal-do-porto-destaca-diversidade-artistica-na-programacao\/"},"modified":"2026-02-04T16:04:00","modified_gmt":"2026-02-04T19:04:00","slug":"galeria-municipal-do-porto-destaca-diversidade-artistica-na-programacao","status":"publish","type":"post","link":"https:\/\/portaltela.pt\/noticias\/2026\/02\/04\/galeria-municipal-do-porto-destaca-diversidade-artistica-na-programacao\/","title":{"rendered":"Galeria Municipal do Porto destaca diversidade art\u00edstica na programa\u00e7\u00e3o"},"content":{"rendered":"<p>A Galeria Municipal do Porto (GMP) apresentou o programa para 2026, em v\u00e9speras de completar 25 anos. O lan\u00e7amento ocorreu nesta quarta-feira, com a presen\u00e7a de Jorge Sobrado, vereador da Cultura da C\u00e2mara Municipal do Porto, e de Jo\u00e3o Laia, director art\u00edstico da Dire\u00e7\u00e3o de Arte Contempor\u00e2nea da \u00c1gora &#8211; Cultura e Desporto do Porto. O foco \u00e9 afirmar a cultura e a arte contempor\u00e2nea como bem p\u00fablico essencial para o tecido urbano.<\/p>\n<p>Sobrado destacou que o anivers\u00e1rio da GMP e o novo ciclo reafirmam a import\u00e2ncia da Cultura e da Arte Contempor\u00e2nea do Porto. O respons\u00e1vel acrescentou que a cidade se revela culturalmente portu\u00e1ria, aberta a trocas, experimenta\u00e7\u00e3o independente, liberdade, pensamento cr\u00edtico e di\u00e1logo com o mundo. O programa apresentado visa valorizar artistas locais ao mesmo tempo que estabelece di\u00e1logo com criadores nacionais e internacionais.<\/p>\n<p>Para 2026, o p\u00fablico pode contar com tr\u00eas exposi\u00e7\u00f5es que ficam patente at\u00e9 meados de fevereiro, intituladas Estado de esp\u00edrito, Recurs\u00f5es: uma cartografia de territ\u00f3rios inacabados e Aprender a ensinar, ensinar a aprender. Os nomes de artistas locais incluem Mariana Cal\u00f3, Lilianne Kiame e Elvira Leite.<\/p>\n<p>Comiss\u00f5es marca uma nova iniciativa da GMP, a 14 de mar\u00e7o, destinada a apoiar a produ\u00e7\u00e3o de obras in\u00e9ditas, al\u00e9m de duas exposi\u00e7\u00f5es individuais at\u00e9 junho, Pele do Mar e Colapso, com Eunice Pais, luso-mo\u00e7ambicana, e Silvestre Pestana, pioneiro da poesia visual.<\/p>\n<p>O terreiro da GMP volta a ganhar vida nos meses quentes, com uma instala\u00e7\u00e3o ao ar livre da artista mexicana Pia Camil, reconhecida por exposi\u00e7\u00f5es em larga escala. No fim do ano, o programa prev\u00ea mais dois ciclos de exposi\u00e7\u00f5es, com o artista italiano Augustas Serapinas e com a artista argelina Lydia Ourahmane.<\/p>\n<p>A performance de maior dimens\u00e3o refletiu o crescimento de visitantes, com recorde de roughly 180.644 mil entradas, apontando para um aumento de 134% face a 2024. A GMP mant\u00e9m o compromisso de ampliar o p\u00fablico e a participa\u00e7\u00e3o cultural na cidade.<\/p>\n<p>Abril Febril regressa \u00e0 Concha Ac\u00fastica dos Jardins do Pal\u00e1cio de Cristal no dia 25 de abril. No ver\u00e3o e no outono est\u00e3o previstas duas edi\u00e7\u00f5es adicionais de Fogo F\u00e1tuo, o ciclo dedicado \u00e0 arte em movimento.<\/p>\n<p>A Fonoteca Municipal do Porto mant\u00e9m o programa semanal Hora de Ponta, sess\u00f5es de escuta tem\u00e1tica abertas ao p\u00fablico todas as quartas, entre as 18h e as 19h. H\u00e1 ainda sess\u00f5es mensais de Escuta Ativa, com convidados a escolher discos da cole\u00e7\u00e3o de vinil da cidade para uma experi\u00eancia de escuta com o p\u00fablico.<\/p>\n","protected":false},"excerpt":{"rendered":"<ul>\n<li>A Galeria Municipal do Porto (GMP) celebra o 25.\u00ba anivers\u00e1rio e apresenta o programa para 2026, destacando a diversidade art\u00edstica.<\/li>\n<li>At\u00e9 meados de fevereiro v\u00e3o estar patentes tr\u00eas expo\u00adsizi\u00ad\u00f5es: Estado de esp\u00edrito; Recurs\u00f5es: uma cartografia de territ\u00f3rios inacabados; e Aprender a ensinar, ensinar a aprender, com artistas portuenses.<\/li>\n<li>A GMP bicou uma nova iniciativa, as Comiss\u00f5es, destinada a apoiar obras in\u00e9ditas em mar\u00e7o, al\u00e9m de Pele do Mar e Colapso, exposi\u00e7\u00f5es at\u00e9 junho com Eunice Pais e Silvestre Pestana.<\/li>\n<li>O terreiro volta a ganhar vida com uma instala\u00e7\u00e3o ao ar livre de Pia Camil; no final do ano est\u00e3o previstos dois ciclos com Augustas Serapinas e Lydia Ourahmane.<\/li>\n<li>O p\u00fablico continua a registar crescimento, com cerca de 180.644 mil visitantes; Abril Febril regressa a 25 de abril, e h\u00e1 edi\u00e7\u00f5es de Fogo F\u00e1tuo, bem como sess\u00f5es da Fonoteca Municipal: Hora de Ponta e Escuta Ativa.<\/li>\n<\/ul>\n","protected":false},"author":2,"featured_media":197846,"comment_status":"closed","ping_status":"closed","sticky":false,"template":"","format":"standard","meta":{"footnotes":""},"categories":[1],"tags":[70,5064,145,1397,2923,982],"class_list":["post-197839","post","type-post","status-publish","format-standard","has-post-thumbnail","hentry","category-noticias","tag-arte","tag-artistas-internacionais","tag-cultura","tag-exposicoes","tag-galerias-arquivos","tag-porto"],"yoast_head":"<!-- This site is optimized with the Yoast SEO plugin v27.2 - https:\/\/yoast.com\/product\/yoast-seo-wordpress\/ -->\n<title>Galeria Municipal do Porto destaca diversidade art\u00edstica na programa\u00e7\u00e3o - Portal Tela Portugal<\/title>\n<meta name=\"robots\" content=\"index, follow, max-snippet:-1, max-image-preview:large, max-video-preview:-1\" \/>\n<meta property=\"og:locale\" content=\"pt_PT\" \/>\n<meta property=\"og:type\" content=\"article\" \/>\n<meta property=\"og:title\" content=\"Galeria Municipal do Porto destaca diversidade art\u00edstica na programa\u00e7\u00e3o - Portal Tela Portugal\" \/>\n<meta property=\"og:description\" content=\"A Galeria Municipal do Porto (GMP) celebra o 25.\u00ba anivers\u00e1rio e apresenta o programa para 2026, destacando a diversidade art\u00edstica. At\u00e9 meados de fevereiro v\u00e3o estar patentes tr\u00eas expo\u00adsizi\u00ad\u00f5es: Estado de esp\u00edrito; Recurs\u00f5es: uma cartografia de territ\u00f3rios inacabados; e Aprender a ensinar, ensinar a aprender, com artistas portuenses. A GMP bicou uma nova iniciativa, as Comiss\u00f5es, destinada a apoiar obras in\u00e9ditas em mar\u00e7o, al\u00e9m de Pele do Mar e Colapso, exposi\u00e7\u00f5es at\u00e9 junho com Eunice Pais e Silvestre Pestana. O terreiro volta a ganhar vida com uma instala\u00e7\u00e3o ao ar livre de Pia Camil; no final do ano est\u00e3o previstos dois ciclos com Augustas Serapinas e Lydia Ourahmane. O p\u00fablico continua a registar crescimento, com cerca de 180.644 mil visitantes; Abril Febril regressa a 25 de abril, e h\u00e1 edi\u00e7\u00f5es de Fogo F\u00e1tuo, bem como sess\u00f5es da Fonoteca Municipal: Hora de Ponta e Escuta Ativa.\" \/>\n<meta property=\"og:url\" content=\"https:\/\/portaltela.pt\/noticias\/2026\/02\/04\/galeria-municipal-do-porto-destaca-diversidade-artistica-na-programacao\/\" \/>\n<meta property=\"og:site_name\" content=\"Portal Tela Portugal\" \/>\n<meta property=\"article:published_time\" content=\"2026-02-04T19:04:00+00:00\" \/>\n<meta name=\"author\" content=\"Telinha\" \/>\n<meta name=\"twitter:card\" content=\"summary_large_image\" \/>\n<meta name=\"twitter:label1\" content=\"Escrito por\" \/>\n\t<meta name=\"twitter:data1\" content=\"Telinha\" \/>\n\t<meta name=\"twitter:label2\" content=\"Tempo estimado de leitura\" \/>\n\t<meta name=\"twitter:data2\" content=\"2 minutos\" \/>\n<script type=\"application\/ld+json\" class=\"yoast-schema-graph\">{\"@context\":\"https:\/\/schema.org\",\"@graph\":[{\"@type\":\"Article\",\"@id\":\"https:\/\/portaltela.pt\/noticias\/2026\/02\/04\/galeria-municipal-do-porto-destaca-diversidade-artistica-na-programacao\/#article\",\"isPartOf\":{\"@id\":\"https:\/\/portaltela.pt\/noticias\/2026\/02\/04\/galeria-municipal-do-porto-destaca-diversidade-artistica-na-programacao\/\"},\"author\":{\"name\":\"Telinha\",\"@id\":\"https:\/\/portaltela.pt\/#\/schema\/person\/c4278d4a6028830caff9ee44b42d32ed\"},\"headline\":\"Galeria Municipal do Porto destaca diversidade art\u00edstica na programa\u00e7\u00e3o\",\"datePublished\":\"2026-02-04T19:04:00+00:00\",\"mainEntityOfPage\":{\"@id\":\"https:\/\/portaltela.pt\/noticias\/2026\/02\/04\/galeria-municipal-do-porto-destaca-diversidade-artistica-na-programacao\/\"},\"wordCount\":462,\"image\":{\"@id\":\"https:\/\/portaltela.pt\/noticias\/2026\/02\/04\/galeria-municipal-do-porto-destaca-diversidade-artistica-na-programacao\/#primaryimage\"},\"thumbnailUrl\":\"https:\/\/portaltela.pt\/s.01k8rhncp4jt1\/2026\/02\/f9be197d-3181-469d-b0c8-7d06fb187164_1200x675.jpg\",\"keywords\":[\"arte\",\"artistas internacionais\",\"cultura\",\"exposi\u00e7\u00f5es\",\"galerias\/arquivos\",\"Porto\"],\"articleSection\":[\"Not\u00edcias\"],\"inLanguage\":\"pt-PT\"},{\"@type\":\"WebPage\",\"@id\":\"https:\/\/portaltela.pt\/noticias\/2026\/02\/04\/galeria-municipal-do-porto-destaca-diversidade-artistica-na-programacao\/\",\"url\":\"https:\/\/portaltela.pt\/noticias\/2026\/02\/04\/galeria-municipal-do-porto-destaca-diversidade-artistica-na-programacao\/\",\"name\":\"Galeria Municipal do Porto destaca diversidade art\u00edstica na programa\u00e7\u00e3o - Portal Tela Portugal\",\"isPartOf\":{\"@id\":\"https:\/\/portaltela.pt\/#website\"},\"primaryImageOfPage\":{\"@id\":\"https:\/\/portaltela.pt\/noticias\/2026\/02\/04\/galeria-municipal-do-porto-destaca-diversidade-artistica-na-programacao\/#primaryimage\"},\"image\":{\"@id\":\"https:\/\/portaltela.pt\/noticias\/2026\/02\/04\/galeria-municipal-do-porto-destaca-diversidade-artistica-na-programacao\/#primaryimage\"},\"thumbnailUrl\":\"https:\/\/portaltela.pt\/s.01k8rhncp4jt1\/2026\/02\/f9be197d-3181-469d-b0c8-7d06fb187164_1200x675.jpg\",\"datePublished\":\"2026-02-04T19:04:00+00:00\",\"author\":{\"@id\":\"https:\/\/portaltela.pt\/#\/schema\/person\/c4278d4a6028830caff9ee44b42d32ed\"},\"breadcrumb\":{\"@id\":\"https:\/\/portaltela.pt\/noticias\/2026\/02\/04\/galeria-municipal-do-porto-destaca-diversidade-artistica-na-programacao\/#breadcrumb\"},\"inLanguage\":\"pt-PT\",\"potentialAction\":[{\"@type\":\"ReadAction\",\"target\":[\"https:\/\/portaltela.pt\/noticias\/2026\/02\/04\/galeria-municipal-do-porto-destaca-diversidade-artistica-na-programacao\/\"]}]},{\"@type\":\"ImageObject\",\"inLanguage\":\"pt-PT\",\"@id\":\"https:\/\/portaltela.pt\/noticias\/2026\/02\/04\/galeria-municipal-do-porto-destaca-diversidade-artistica-na-programacao\/#primaryimage\",\"url\":\"https:\/\/portaltela.pt\/s.01k8rhncp4jt1\/2026\/02\/f9be197d-3181-469d-b0c8-7d06fb187164_1200x675.jpg\",\"contentUrl\":\"https:\/\/portaltela.pt\/s.01k8rhncp4jt1\/2026\/02\/f9be197d-3181-469d-b0c8-7d06fb187164_1200x675.jpg\",\"width\":796,\"height\":448,\"caption\":\"Galeria Municipal do Porto atraiu mais de 180 mil visitantes no ano passado\"},{\"@type\":\"BreadcrumbList\",\"@id\":\"https:\/\/portaltela.pt\/noticias\/2026\/02\/04\/galeria-municipal-do-porto-destaca-diversidade-artistica-na-programacao\/#breadcrumb\",\"itemListElement\":[{\"@type\":\"ListItem\",\"position\":1,\"name\":\"In\u00edcio\",\"item\":\"https:\/\/portaltela.pt\/\"},{\"@type\":\"ListItem\",\"position\":2,\"name\":\"Galeria Municipal do Porto destaca diversidade art\u00edstica na programa\u00e7\u00e3o\"}]},{\"@type\":\"WebSite\",\"@id\":\"https:\/\/portaltela.pt\/#website\",\"url\":\"https:\/\/portaltela.pt\/\",\"name\":\"Portal Tela Portugal\",\"description\":\"\",\"potentialAction\":[{\"@type\":\"SearchAction\",\"target\":{\"@type\":\"EntryPoint\",\"urlTemplate\":\"https:\/\/portaltela.pt\/?s={search_term_string}\"},\"query-input\":{\"@type\":\"PropertyValueSpecification\",\"valueRequired\":true,\"valueName\":\"search_term_string\"}}],\"inLanguage\":\"pt-PT\"},{\"@type\":\"Person\",\"@id\":\"https:\/\/portaltela.pt\/#\/schema\/person\/c4278d4a6028830caff9ee44b42d32ed\",\"name\":\"Telinha\",\"image\":{\"@type\":\"ImageObject\",\"inLanguage\":\"pt-PT\",\"@id\":\"https:\/\/portaltela.pt\/s.01k8rhncp4jt1\/2025\/11\/talking-bot-125x125.png\",\"url\":\"https:\/\/portaltela.pt\/s.01k8rhncp4jt1\/2025\/11\/talking-bot-125x125.png\",\"contentUrl\":\"https:\/\/portaltela.pt\/s.01k8rhncp4jt1\/2025\/11\/talking-bot-125x125.png\",\"caption\":\"Telinha\"},\"sameAs\":[\"https:\/\/portaltela.pt\/\"],\"url\":\"https:\/\/portaltela.pt\/por\/367410592786\/\"}]}<\/script>\n<!-- \/ Yoast SEO plugin. -->","yoast_head_json":{"title":"Galeria Municipal do Porto destaca diversidade art\u00edstica na programa\u00e7\u00e3o - Portal Tela Portugal","robots":{"index":"index","follow":"follow","max-snippet":"max-snippet:-1","max-image-preview":"max-image-preview:large","max-video-preview":"max-video-preview:-1"},"og_locale":"pt_PT","og_type":"article","og_title":"Galeria Municipal do Porto destaca diversidade art\u00edstica na programa\u00e7\u00e3o - Portal Tela Portugal","og_description":"A Galeria Municipal do Porto (GMP) celebra o 25.\u00ba anivers\u00e1rio e apresenta o programa para 2026, destacando a diversidade art\u00edstica. At\u00e9 meados de fevereiro v\u00e3o estar patentes tr\u00eas expo\u00adsizi\u00ad\u00f5es: Estado de esp\u00edrito; Recurs\u00f5es: uma cartografia de territ\u00f3rios inacabados; e Aprender a ensinar, ensinar a aprender, com artistas portuenses. A GMP bicou uma nova iniciativa, as Comiss\u00f5es, destinada a apoiar obras in\u00e9ditas em mar\u00e7o, al\u00e9m de Pele do Mar e Colapso, exposi\u00e7\u00f5es at\u00e9 junho com Eunice Pais e Silvestre Pestana. O terreiro volta a ganhar vida com uma instala\u00e7\u00e3o ao ar livre de Pia Camil; no final do ano est\u00e3o previstos dois ciclos com Augustas Serapinas e Lydia Ourahmane. O p\u00fablico continua a registar crescimento, com cerca de 180.644 mil visitantes; Abril Febril regressa a 25 de abril, e h\u00e1 edi\u00e7\u00f5es de Fogo F\u00e1tuo, bem como sess\u00f5es da Fonoteca Municipal: Hora de Ponta e Escuta Ativa.","og_url":"https:\/\/portaltela.pt\/noticias\/2026\/02\/04\/galeria-municipal-do-porto-destaca-diversidade-artistica-na-programacao\/","og_site_name":"Portal Tela Portugal","article_published_time":"2026-02-04T19:04:00+00:00","author":"Telinha","twitter_card":"summary_large_image","twitter_misc":{"Escrito por":"Telinha","Tempo estimado de leitura":"2 minutos"},"schema":{"@context":"https:\/\/schema.org","@graph":[{"@type":"Article","@id":"https:\/\/portaltela.pt\/noticias\/2026\/02\/04\/galeria-municipal-do-porto-destaca-diversidade-artistica-na-programacao\/#article","isPartOf":{"@id":"https:\/\/portaltela.pt\/noticias\/2026\/02\/04\/galeria-municipal-do-porto-destaca-diversidade-artistica-na-programacao\/"},"author":{"name":"Telinha","@id":"https:\/\/portaltela.pt\/#\/schema\/person\/c4278d4a6028830caff9ee44b42d32ed"},"headline":"Galeria Municipal do Porto destaca diversidade art\u00edstica na programa\u00e7\u00e3o","datePublished":"2026-02-04T19:04:00+00:00","mainEntityOfPage":{"@id":"https:\/\/portaltela.pt\/noticias\/2026\/02\/04\/galeria-municipal-do-porto-destaca-diversidade-artistica-na-programacao\/"},"wordCount":462,"image":{"@id":"https:\/\/portaltela.pt\/noticias\/2026\/02\/04\/galeria-municipal-do-porto-destaca-diversidade-artistica-na-programacao\/#primaryimage"},"thumbnailUrl":"https:\/\/portaltela.pt\/s.01k8rhncp4jt1\/2026\/02\/f9be197d-3181-469d-b0c8-7d06fb187164_1200x675.jpg","keywords":["arte","artistas internacionais","cultura","exposi\u00e7\u00f5es","galerias\/arquivos","Porto"],"articleSection":["Not\u00edcias"],"inLanguage":"pt-PT"},{"@type":"WebPage","@id":"https:\/\/portaltela.pt\/noticias\/2026\/02\/04\/galeria-municipal-do-porto-destaca-diversidade-artistica-na-programacao\/","url":"https:\/\/portaltela.pt\/noticias\/2026\/02\/04\/galeria-municipal-do-porto-destaca-diversidade-artistica-na-programacao\/","name":"Galeria Municipal do Porto destaca diversidade art\u00edstica na programa\u00e7\u00e3o - Portal Tela Portugal","isPartOf":{"@id":"https:\/\/portaltela.pt\/#website"},"primaryImageOfPage":{"@id":"https:\/\/portaltela.pt\/noticias\/2026\/02\/04\/galeria-municipal-do-porto-destaca-diversidade-artistica-na-programacao\/#primaryimage"},"image":{"@id":"https:\/\/portaltela.pt\/noticias\/2026\/02\/04\/galeria-municipal-do-porto-destaca-diversidade-artistica-na-programacao\/#primaryimage"},"thumbnailUrl":"https:\/\/portaltela.pt\/s.01k8rhncp4jt1\/2026\/02\/f9be197d-3181-469d-b0c8-7d06fb187164_1200x675.jpg","datePublished":"2026-02-04T19:04:00+00:00","author":{"@id":"https:\/\/portaltela.pt\/#\/schema\/person\/c4278d4a6028830caff9ee44b42d32ed"},"breadcrumb":{"@id":"https:\/\/portaltela.pt\/noticias\/2026\/02\/04\/galeria-municipal-do-porto-destaca-diversidade-artistica-na-programacao\/#breadcrumb"},"inLanguage":"pt-PT","potentialAction":[{"@type":"ReadAction","target":["https:\/\/portaltela.pt\/noticias\/2026\/02\/04\/galeria-municipal-do-porto-destaca-diversidade-artistica-na-programacao\/"]}]},{"@type":"ImageObject","inLanguage":"pt-PT","@id":"https:\/\/portaltela.pt\/noticias\/2026\/02\/04\/galeria-municipal-do-porto-destaca-diversidade-artistica-na-programacao\/#primaryimage","url":"https:\/\/portaltela.pt\/s.01k8rhncp4jt1\/2026\/02\/f9be197d-3181-469d-b0c8-7d06fb187164_1200x675.jpg","contentUrl":"https:\/\/portaltela.pt\/s.01k8rhncp4jt1\/2026\/02\/f9be197d-3181-469d-b0c8-7d06fb187164_1200x675.jpg","width":796,"height":448,"caption":"Galeria Municipal do Porto atraiu mais de 180 mil visitantes no ano passado"},{"@type":"BreadcrumbList","@id":"https:\/\/portaltela.pt\/noticias\/2026\/02\/04\/galeria-municipal-do-porto-destaca-diversidade-artistica-na-programacao\/#breadcrumb","itemListElement":[{"@type":"ListItem","position":1,"name":"In\u00edcio","item":"https:\/\/portaltela.pt\/"},{"@type":"ListItem","position":2,"name":"Galeria Municipal do Porto destaca diversidade art\u00edstica na programa\u00e7\u00e3o"}]},{"@type":"WebSite","@id":"https:\/\/portaltela.pt\/#website","url":"https:\/\/portaltela.pt\/","name":"Portal Tela Portugal","description":"","potentialAction":[{"@type":"SearchAction","target":{"@type":"EntryPoint","urlTemplate":"https:\/\/portaltela.pt\/?s={search_term_string}"},"query-input":{"@type":"PropertyValueSpecification","valueRequired":true,"valueName":"search_term_string"}}],"inLanguage":"pt-PT"},{"@type":"Person","@id":"https:\/\/portaltela.pt\/#\/schema\/person\/c4278d4a6028830caff9ee44b42d32ed","name":"Telinha","image":{"@type":"ImageObject","inLanguage":"pt-PT","@id":"https:\/\/portaltela.pt\/s.01k8rhncp4jt1\/2025\/11\/talking-bot-125x125.png","url":"https:\/\/portaltela.pt\/s.01k8rhncp4jt1\/2025\/11\/talking-bot-125x125.png","contentUrl":"https:\/\/portaltela.pt\/s.01k8rhncp4jt1\/2025\/11\/talking-bot-125x125.png","caption":"Telinha"},"sameAs":["https:\/\/portaltela.pt\/"],"url":"https:\/\/portaltela.pt\/por\/367410592786\/"}]}},"_links":{"self":[{"href":"https:\/\/portaltela.pt\/api\/wp\/v2\/posts\/197839","targetHints":{"allow":["GET"]}}],"collection":[{"href":"https:\/\/portaltela.pt\/api\/wp\/v2\/posts"}],"about":[{"href":"https:\/\/portaltela.pt\/api\/wp\/v2\/types\/post"}],"author":[{"embeddable":true,"href":"https:\/\/portaltela.pt\/api\/wp\/v2\/users\/2"}],"replies":[{"embeddable":true,"href":"https:\/\/portaltela.pt\/api\/wp\/v2\/comments?post=197839"}],"version-history":[{"count":0,"href":"https:\/\/portaltela.pt\/api\/wp\/v2\/posts\/197839\/revisions"}],"wp:featuredmedia":[{"embeddable":true,"href":"https:\/\/portaltela.pt\/api\/wp\/v2\/media\/197846"}],"wp:attachment":[{"href":"https:\/\/portaltela.pt\/api\/wp\/v2\/media?parent=197839"}],"wp:term":[{"taxonomy":"category","embeddable":true,"href":"https:\/\/portaltela.pt\/api\/wp\/v2\/categories?post=197839"},{"taxonomy":"post_tag","embeddable":true,"href":"https:\/\/portaltela.pt\/api\/wp\/v2\/tags?post=197839"}],"curies":[{"name":"wp","href":"https:\/\/api.w.org\/{rel}","templated":true}]}}