{"id":197775,"date":"2026-02-04T15:20:46","date_gmt":"2026-02-04T18:20:46","guid":{"rendered":"https:\/\/portaltela.pt\/noticias\/2026\/02\/04\/eua-ue-e-japao-firmam-parceria-estrategica-em-minerais-criticos\/"},"modified":"2026-02-04T15:20:46","modified_gmt":"2026-02-04T18:20:46","slug":"eua-ue-e-japao-firmam-parceria-estrategica-em-minerais-criticos","status":"publish","type":"post","link":"https:\/\/portaltela.pt\/noticias\/economia\/2026\/02\/04\/eua-ue-e-japao-firmam-parceria-estrategica-em-minerais-criticos\/","title":{"rendered":"EUA, UE e Jap\u00e3o firmam parceria estrat\u00e9gica em minerais cr\u00edticos"},"content":{"rendered":"<p>Os Estados Unidos, a Uni\u00e3o Europeia e o Jap\u00e3o anunciaram hoje a cria\u00e7\u00e3o de uma parceria estrat\u00e9gica para assegurar o fornecimento de minerais cr\u00edticos. O acordo visa reduzir a depend\u00eancia da China, n\u00facleo da cadeia de valor destes recursos. A iniciativa foi apresentada durante uma reuni\u00e3o ministerial em Washington.<\/p>\n<p>O memorando de entendimento assinado entre os tr\u00eas parceiros procura identificar \u00e1reas de coopera\u00e7\u00e3o para estimular a procura e diversificar as vias de abastecimento, garantindo maior resili\u00eancia econ\u00f3mica e nacional frente a eventuais interrup\u00e7\u00f5es no fornecimento.<\/p>\n<p>O representante comercial da Casa Branca indicou que o plano de a\u00e7\u00e3o pretende estabelecer bases para um eventual acordo multilateral vinculativo sobre minerais cr\u00edticos com pa\u00edses alinhados. Em paralelo, Washington afirmou ter iniciado di\u00e1logo semelhante com o M\u00e9xico.<\/p>\n<p>Pequim \u00e9 apontada como posi\u00e7\u00e3o dominante no sector, o que tem suscitado iniciativas para reduzir a depend\u00eancia externa. Entre as preocupa\u00e7\u00f5es apontadas est\u00e3o as condi\u00e7\u00f5es de valida\u00e7\u00e3o de exporta\u00e7\u00f5es de \u00edmanes e outras pe\u00e7as cr\u00edticas.<\/p>\n<p>O memorando ainda aponta vias de atua\u00e7\u00e3o, incluindo apoio a novos projetos de minera\u00e7\u00e3o, refina\u00e7\u00e3o, produ\u00e7\u00e3o e reciclagem, com poss\u00edvel implementa\u00e7\u00e3o de pre\u00e7os m\u00ednimos ou subs\u00eddios para sustentar o desenvolvimento.<\/p>\n<p>Planeia-se acelerar a investiga\u00e7\u00e3o e o desenvolvimento nestas \u00e1reas e melhorar a troca de informa\u00e7\u00f5es sobre stocks dispon\u00edveis entre as partes, para aumentar a previsibilidade do abastecimento.<\/p>\n","protected":false},"excerpt":{"rendered":"<ul>\n<li>Estados Unidos, Uni\u00e3o Europeia e Jap\u00e3o anunciaram uma parceria estrat\u00e9gica para melhorar o fornecimento de minerais cr\u00edticos, visando reduzir a depend\u00eancia da China.<\/li>\n<li>O objetivo \u00e9 refor\u00e7ar a seguran\u00e7a econ\u00f3mica e nacional, aumentando a resili\u00eancia das cadeias de abastecimento de minerais cr\u00edticos.<\/li>\n<li>O memorando de entendimento identifica \u00e1reas de coopera\u00e7\u00e3o para estimular a procura e diversificar o fornecimento entre os signat\u00e1rios.<\/li>\n<li>O acordo serve de base para um eventual pacto multilateral com pa\u00edses ideologicamente pr\u00f3ximos, com planos de a\u00e7\u00e3o j\u00e1 anunciados com o M\u00e9xico.<\/li>\n<li>As medidas incluem apoio a novos projetos de minera\u00e7\u00e3o, refina\u00e7\u00e3o, produ\u00e7\u00e3o e reciclagem, cria\u00e7\u00e3o de pre\u00e7os m\u00ednimos ou subs\u00eddios, acelerando I&amp;D e trocando informa\u00e7\u00f5es sobre stocks.<\/li>\n<\/ul>\n","protected":false},"author":2,"featured_media":197777,"comment_status":"closed","ping_status":"closed","sticky":false,"template":"","format":"standard","meta":{"footnotes":""},"categories":[2,1],"tags":[256,28,3861,2541,1957,3760],"class_list":["post-197775","post","type-post","status-publish","format-standard","has-post-thumbnail","hentry","category-economia","category-noticias","tag-cooperacao-internacional","tag-economia","tag-economia-internacional","tag-exportacoes","tag-importacoes","tag-minerais-criticos"],"yoast_head":"<!-- This site is optimized with the Yoast SEO plugin v27.2 - https:\/\/yoast.com\/product\/yoast-seo-wordpress\/ -->\n<title>EUA, UE e Jap\u00e3o firmam parceria estrat\u00e9gica em minerais cr\u00edticos - Portal Tela Portugal<\/title>\n<meta name=\"robots\" content=\"index, follow, max-snippet:-1, max-image-preview:large, max-video-preview:-1\" \/>\n<meta property=\"og:locale\" content=\"pt_PT\" \/>\n<meta property=\"og:type\" content=\"article\" \/>\n<meta property=\"og:title\" content=\"EUA, UE e Jap\u00e3o firmam parceria estrat\u00e9gica em minerais cr\u00edticos - Portal Tela Portugal\" \/>\n<meta property=\"og:description\" content=\"Estados Unidos, Uni\u00e3o Europeia e Jap\u00e3o anunciaram uma parceria estrat\u00e9gica para melhorar o fornecimento de minerais cr\u00edticos, visando reduzir a depend\u00eancia da China. O objetivo \u00e9 refor\u00e7ar a seguran\u00e7a econ\u00f3mica e nacional, aumentando a resili\u00eancia das cadeias de abastecimento de minerais cr\u00edticos. O memorando de entendimento identifica \u00e1reas de coopera\u00e7\u00e3o para estimular a procura e diversificar o fornecimento entre os signat\u00e1rios. O acordo serve de base para um eventual pacto multilateral com pa\u00edses ideologicamente pr\u00f3ximos, com planos de a\u00e7\u00e3o j\u00e1 anunciados com o M\u00e9xico. As medidas incluem apoio a novos projetos de minera\u00e7\u00e3o, refina\u00e7\u00e3o, produ\u00e7\u00e3o e reciclagem, cria\u00e7\u00e3o de pre\u00e7os m\u00ednimos ou subs\u00eddios, acelerando I&amp;D e trocando informa\u00e7\u00f5es sobre stocks.\" \/>\n<meta property=\"og:url\" content=\"https:\/\/portaltela.pt\/noticias\/2026\/02\/04\/eua-ue-e-japao-firmam-parceria-estrategica-em-minerais-criticos\/\" \/>\n<meta property=\"og:site_name\" content=\"Portal Tela Portugal\" \/>\n<meta property=\"article:published_time\" content=\"2026-02-04T18:20:46+00:00\" \/>\n<meta name=\"author\" content=\"Telinha\" \/>\n<meta name=\"twitter:card\" content=\"summary_large_image\" \/>\n<meta name=\"twitter:label1\" content=\"Escrito por\" \/>\n\t<meta name=\"twitter:data1\" content=\"Telinha\" \/>\n\t<meta name=\"twitter:label2\" content=\"Tempo estimado de leitura\" \/>\n\t<meta name=\"twitter:data2\" content=\"1 minuto\" \/>\n<script type=\"application\/ld+json\" class=\"yoast-schema-graph\">{\"@context\":\"https:\/\/schema.org\",\"@graph\":[{\"@type\":\"Article\",\"@id\":\"https:\/\/portaltela.pt\/noticias\/2026\/02\/04\/eua-ue-e-japao-firmam-parceria-estrategica-em-minerais-criticos\/#article\",\"isPartOf\":{\"@id\":\"https:\/\/portaltela.pt\/noticias\/2026\/02\/04\/eua-ue-e-japao-firmam-parceria-estrategica-em-minerais-criticos\/\"},\"author\":{\"name\":\"Telinha\",\"@id\":\"https:\/\/portaltela.pt\/#\/schema\/person\/c4278d4a6028830caff9ee44b42d32ed\"},\"headline\":\"EUA, UE e Jap\u00e3o firmam parceria estrat\u00e9gica em minerais cr\u00edticos\",\"datePublished\":\"2026-02-04T18:20:46+00:00\",\"mainEntityOfPage\":{\"@id\":\"https:\/\/portaltela.pt\/noticias\/2026\/02\/04\/eua-ue-e-japao-firmam-parceria-estrategica-em-minerais-criticos\/\"},\"wordCount\":266,\"image\":{\"@id\":\"https:\/\/portaltela.pt\/noticias\/2026\/02\/04\/eua-ue-e-japao-firmam-parceria-estrategica-em-minerais-criticos\/#primaryimage\"},\"thumbnailUrl\":\"https:\/\/portaltela.pt\/s.01k8rhncp4jt1\/2026\/02\/unnamed-file-1360.jpg\",\"keywords\":[\"coopera\u00e7\u00e3o internacional\",\"economia\",\"economia internacional\",\"exporta\u00e7\u00f5es\",\"importa\u00e7\u00f5es\",\"minerais cr\u00edticos\"],\"articleSection\":[\"Economia\",\"Not\u00edcias\"],\"inLanguage\":\"pt-PT\"},{\"@type\":\"WebPage\",\"@id\":\"https:\/\/portaltela.pt\/noticias\/2026\/02\/04\/eua-ue-e-japao-firmam-parceria-estrategica-em-minerais-criticos\/\",\"url\":\"https:\/\/portaltela.pt\/noticias\/2026\/02\/04\/eua-ue-e-japao-firmam-parceria-estrategica-em-minerais-criticos\/\",\"name\":\"EUA, UE e Jap\u00e3o firmam parceria estrat\u00e9gica em minerais cr\u00edticos - Portal Tela Portugal\",\"isPartOf\":{\"@id\":\"https:\/\/portaltela.pt\/#website\"},\"primaryImageOfPage\":{\"@id\":\"https:\/\/portaltela.pt\/noticias\/2026\/02\/04\/eua-ue-e-japao-firmam-parceria-estrategica-em-minerais-criticos\/#primaryimage\"},\"image\":{\"@id\":\"https:\/\/portaltela.pt\/noticias\/2026\/02\/04\/eua-ue-e-japao-firmam-parceria-estrategica-em-minerais-criticos\/#primaryimage\"},\"thumbnailUrl\":\"https:\/\/portaltela.pt\/s.01k8rhncp4jt1\/2026\/02\/unnamed-file-1360.jpg\",\"datePublished\":\"2026-02-04T18:20:46+00:00\",\"author\":{\"@id\":\"https:\/\/portaltela.pt\/#\/schema\/person\/c4278d4a6028830caff9ee44b42d32ed\"},\"breadcrumb\":{\"@id\":\"https:\/\/portaltela.pt\/noticias\/2026\/02\/04\/eua-ue-e-japao-firmam-parceria-estrategica-em-minerais-criticos\/#breadcrumb\"},\"inLanguage\":\"pt-PT\",\"potentialAction\":[{\"@type\":\"ReadAction\",\"target\":[\"https:\/\/portaltela.pt\/noticias\/2026\/02\/04\/eua-ue-e-japao-firmam-parceria-estrategica-em-minerais-criticos\/\"]}]},{\"@type\":\"ImageObject\",\"inLanguage\":\"pt-PT\",\"@id\":\"https:\/\/portaltela.pt\/noticias\/2026\/02\/04\/eua-ue-e-japao-firmam-parceria-estrategica-em-minerais-criticos\/#primaryimage\",\"url\":\"https:\/\/portaltela.pt\/s.01k8rhncp4jt1\/2026\/02\/unnamed-file-1360.jpg\",\"contentUrl\":\"https:\/\/portaltela.pt\/s.01k8rhncp4jt1\/2026\/02\/unnamed-file-1360.jpg\",\"width\":796,\"height\":448,\"caption\":\"EUA, UE e Jap\u00e3o com parceria estrat\u00e9gica para minerais cr\u00edticos\"},{\"@type\":\"BreadcrumbList\",\"@id\":\"https:\/\/portaltela.pt\/noticias\/2026\/02\/04\/eua-ue-e-japao-firmam-parceria-estrategica-em-minerais-criticos\/#breadcrumb\",\"itemListElement\":[{\"@type\":\"ListItem\",\"position\":1,\"name\":\"In\u00edcio\",\"item\":\"https:\/\/portaltela.pt\/\"},{\"@type\":\"ListItem\",\"position\":2,\"name\":\"EUA, UE e Jap\u00e3o firmam parceria estrat\u00e9gica em minerais cr\u00edticos\"}]},{\"@type\":\"WebSite\",\"@id\":\"https:\/\/portaltela.pt\/#website\",\"url\":\"https:\/\/portaltela.pt\/\",\"name\":\"Portal Tela Portugal\",\"description\":\"\",\"potentialAction\":[{\"@type\":\"SearchAction\",\"target\":{\"@type\":\"EntryPoint\",\"urlTemplate\":\"https:\/\/portaltela.pt\/?s={search_term_string}\"},\"query-input\":{\"@type\":\"PropertyValueSpecification\",\"valueRequired\":true,\"valueName\":\"search_term_string\"}}],\"inLanguage\":\"pt-PT\"},{\"@type\":\"Person\",\"@id\":\"https:\/\/portaltela.pt\/#\/schema\/person\/c4278d4a6028830caff9ee44b42d32ed\",\"name\":\"Telinha\",\"image\":{\"@type\":\"ImageObject\",\"inLanguage\":\"pt-PT\",\"@id\":\"https:\/\/portaltela.pt\/s.01k8rhncp4jt1\/2025\/11\/talking-bot-125x125.png\",\"url\":\"https:\/\/portaltela.pt\/s.01k8rhncp4jt1\/2025\/11\/talking-bot-125x125.png\",\"contentUrl\":\"https:\/\/portaltela.pt\/s.01k8rhncp4jt1\/2025\/11\/talking-bot-125x125.png\",\"caption\":\"Telinha\"},\"sameAs\":[\"https:\/\/portaltela.pt\/\"],\"url\":\"https:\/\/portaltela.pt\/por\/367410592786\/\"}]}<\/script>\n<!-- \/ Yoast SEO plugin. -->","yoast_head_json":{"title":"EUA, UE e Jap\u00e3o firmam parceria estrat\u00e9gica em minerais cr\u00edticos - Portal Tela Portugal","robots":{"index":"index","follow":"follow","max-snippet":"max-snippet:-1","max-image-preview":"max-image-preview:large","max-video-preview":"max-video-preview:-1"},"og_locale":"pt_PT","og_type":"article","og_title":"EUA, UE e Jap\u00e3o firmam parceria estrat\u00e9gica em minerais cr\u00edticos - Portal Tela Portugal","og_description":"Estados Unidos, Uni\u00e3o Europeia e Jap\u00e3o anunciaram uma parceria estrat\u00e9gica para melhorar o fornecimento de minerais cr\u00edticos, visando reduzir a depend\u00eancia da China. O objetivo \u00e9 refor\u00e7ar a seguran\u00e7a econ\u00f3mica e nacional, aumentando a resili\u00eancia das cadeias de abastecimento de minerais cr\u00edticos. O memorando de entendimento identifica \u00e1reas de coopera\u00e7\u00e3o para estimular a procura e diversificar o fornecimento entre os signat\u00e1rios. O acordo serve de base para um eventual pacto multilateral com pa\u00edses ideologicamente pr\u00f3ximos, com planos de a\u00e7\u00e3o j\u00e1 anunciados com o M\u00e9xico. As medidas incluem apoio a novos projetos de minera\u00e7\u00e3o, refina\u00e7\u00e3o, produ\u00e7\u00e3o e reciclagem, cria\u00e7\u00e3o de pre\u00e7os m\u00ednimos ou subs\u00eddios, acelerando I&amp;D e trocando informa\u00e7\u00f5es sobre stocks.","og_url":"https:\/\/portaltela.pt\/noticias\/2026\/02\/04\/eua-ue-e-japao-firmam-parceria-estrategica-em-minerais-criticos\/","og_site_name":"Portal Tela Portugal","article_published_time":"2026-02-04T18:20:46+00:00","author":"Telinha","twitter_card":"summary_large_image","twitter_misc":{"Escrito por":"Telinha","Tempo estimado de leitura":"1 minuto"},"schema":{"@context":"https:\/\/schema.org","@graph":[{"@type":"Article","@id":"https:\/\/portaltela.pt\/noticias\/2026\/02\/04\/eua-ue-e-japao-firmam-parceria-estrategica-em-minerais-criticos\/#article","isPartOf":{"@id":"https:\/\/portaltela.pt\/noticias\/2026\/02\/04\/eua-ue-e-japao-firmam-parceria-estrategica-em-minerais-criticos\/"},"author":{"name":"Telinha","@id":"https:\/\/portaltela.pt\/#\/schema\/person\/c4278d4a6028830caff9ee44b42d32ed"},"headline":"EUA, UE e Jap\u00e3o firmam parceria estrat\u00e9gica em minerais cr\u00edticos","datePublished":"2026-02-04T18:20:46+00:00","mainEntityOfPage":{"@id":"https:\/\/portaltela.pt\/noticias\/2026\/02\/04\/eua-ue-e-japao-firmam-parceria-estrategica-em-minerais-criticos\/"},"wordCount":266,"image":{"@id":"https:\/\/portaltela.pt\/noticias\/2026\/02\/04\/eua-ue-e-japao-firmam-parceria-estrategica-em-minerais-criticos\/#primaryimage"},"thumbnailUrl":"https:\/\/portaltela.pt\/s.01k8rhncp4jt1\/2026\/02\/unnamed-file-1360.jpg","keywords":["coopera\u00e7\u00e3o internacional","economia","economia internacional","exporta\u00e7\u00f5es","importa\u00e7\u00f5es","minerais cr\u00edticos"],"articleSection":["Economia","Not\u00edcias"],"inLanguage":"pt-PT"},{"@type":"WebPage","@id":"https:\/\/portaltela.pt\/noticias\/2026\/02\/04\/eua-ue-e-japao-firmam-parceria-estrategica-em-minerais-criticos\/","url":"https:\/\/portaltela.pt\/noticias\/2026\/02\/04\/eua-ue-e-japao-firmam-parceria-estrategica-em-minerais-criticos\/","name":"EUA, UE e Jap\u00e3o firmam parceria estrat\u00e9gica em minerais cr\u00edticos - Portal Tela Portugal","isPartOf":{"@id":"https:\/\/portaltela.pt\/#website"},"primaryImageOfPage":{"@id":"https:\/\/portaltela.pt\/noticias\/2026\/02\/04\/eua-ue-e-japao-firmam-parceria-estrategica-em-minerais-criticos\/#primaryimage"},"image":{"@id":"https:\/\/portaltela.pt\/noticias\/2026\/02\/04\/eua-ue-e-japao-firmam-parceria-estrategica-em-minerais-criticos\/#primaryimage"},"thumbnailUrl":"https:\/\/portaltela.pt\/s.01k8rhncp4jt1\/2026\/02\/unnamed-file-1360.jpg","datePublished":"2026-02-04T18:20:46+00:00","author":{"@id":"https:\/\/portaltela.pt\/#\/schema\/person\/c4278d4a6028830caff9ee44b42d32ed"},"breadcrumb":{"@id":"https:\/\/portaltela.pt\/noticias\/2026\/02\/04\/eua-ue-e-japao-firmam-parceria-estrategica-em-minerais-criticos\/#breadcrumb"},"inLanguage":"pt-PT","potentialAction":[{"@type":"ReadAction","target":["https:\/\/portaltela.pt\/noticias\/2026\/02\/04\/eua-ue-e-japao-firmam-parceria-estrategica-em-minerais-criticos\/"]}]},{"@type":"ImageObject","inLanguage":"pt-PT","@id":"https:\/\/portaltela.pt\/noticias\/2026\/02\/04\/eua-ue-e-japao-firmam-parceria-estrategica-em-minerais-criticos\/#primaryimage","url":"https:\/\/portaltela.pt\/s.01k8rhncp4jt1\/2026\/02\/unnamed-file-1360.jpg","contentUrl":"https:\/\/portaltela.pt\/s.01k8rhncp4jt1\/2026\/02\/unnamed-file-1360.jpg","width":796,"height":448,"caption":"EUA, UE e Jap\u00e3o com parceria estrat\u00e9gica para minerais cr\u00edticos"},{"@type":"BreadcrumbList","@id":"https:\/\/portaltela.pt\/noticias\/2026\/02\/04\/eua-ue-e-japao-firmam-parceria-estrategica-em-minerais-criticos\/#breadcrumb","itemListElement":[{"@type":"ListItem","position":1,"name":"In\u00edcio","item":"https:\/\/portaltela.pt\/"},{"@type":"ListItem","position":2,"name":"EUA, UE e Jap\u00e3o firmam parceria estrat\u00e9gica em minerais cr\u00edticos"}]},{"@type":"WebSite","@id":"https:\/\/portaltela.pt\/#website","url":"https:\/\/portaltela.pt\/","name":"Portal Tela Portugal","description":"","potentialAction":[{"@type":"SearchAction","target":{"@type":"EntryPoint","urlTemplate":"https:\/\/portaltela.pt\/?s={search_term_string}"},"query-input":{"@type":"PropertyValueSpecification","valueRequired":true,"valueName":"search_term_string"}}],"inLanguage":"pt-PT"},{"@type":"Person","@id":"https:\/\/portaltela.pt\/#\/schema\/person\/c4278d4a6028830caff9ee44b42d32ed","name":"Telinha","image":{"@type":"ImageObject","inLanguage":"pt-PT","@id":"https:\/\/portaltela.pt\/s.01k8rhncp4jt1\/2025\/11\/talking-bot-125x125.png","url":"https:\/\/portaltela.pt\/s.01k8rhncp4jt1\/2025\/11\/talking-bot-125x125.png","contentUrl":"https:\/\/portaltela.pt\/s.01k8rhncp4jt1\/2025\/11\/talking-bot-125x125.png","caption":"Telinha"},"sameAs":["https:\/\/portaltela.pt\/"],"url":"https:\/\/portaltela.pt\/por\/367410592786\/"}]}},"_links":{"self":[{"href":"https:\/\/portaltela.pt\/api\/wp\/v2\/posts\/197775","targetHints":{"allow":["GET"]}}],"collection":[{"href":"https:\/\/portaltela.pt\/api\/wp\/v2\/posts"}],"about":[{"href":"https:\/\/portaltela.pt\/api\/wp\/v2\/types\/post"}],"author":[{"embeddable":true,"href":"https:\/\/portaltela.pt\/api\/wp\/v2\/users\/2"}],"replies":[{"embeddable":true,"href":"https:\/\/portaltela.pt\/api\/wp\/v2\/comments?post=197775"}],"version-history":[{"count":0,"href":"https:\/\/portaltela.pt\/api\/wp\/v2\/posts\/197775\/revisions"}],"wp:featuredmedia":[{"embeddable":true,"href":"https:\/\/portaltela.pt\/api\/wp\/v2\/media\/197777"}],"wp:attachment":[{"href":"https:\/\/portaltela.pt\/api\/wp\/v2\/media?parent=197775"}],"wp:term":[{"taxonomy":"category","embeddable":true,"href":"https:\/\/portaltela.pt\/api\/wp\/v2\/categories?post=197775"},{"taxonomy":"post_tag","embeddable":true,"href":"https:\/\/portaltela.pt\/api\/wp\/v2\/tags?post=197775"}],"curies":[{"name":"wp","href":"https:\/\/api.w.org\/{rel}","templated":true}]}}