{"id":197720,"date":"2026-02-04T15:24:05","date_gmt":"2026-02-04T18:24:05","guid":{"rendered":"https:\/\/portaltela.pt\/noticias\/2026\/02\/04\/epidemia-dos-ecras-como-proteger-a-visao-na-era-digital\/"},"modified":"2026-02-04T15:24:05","modified_gmt":"2026-02-04T18:24:05","slug":"epidemia-dos-ecras-como-proteger-a-visao-na-era-digital","status":"publish","type":"post","link":"https:\/\/portaltela.pt\/noticias\/2026\/02\/04\/epidemia-dos-ecras-como-proteger-a-visao-na-era-digital\/","title":{"rendered":"Epidemia dos ecr\u00e3s: como proteger a vis\u00e3o na era digital"},"content":{"rendered":"<p>A epidemia dos ecr\u00e3s n\u00e3o \u00e9 inevit\u00e1vel. A corre\u00e7\u00e3o adequada \u00e0 idade e \u00e0 dist\u00e2ncia de trabalho \u00e9 essencial para prevenir fadiga ocular e olho seco em utilizadores de ecr\u00e3s. Num mundo cada vez mais digital, passamos mais tempo diante de computadores, smartphones e tablets. A vis\u00e3o pode ressentir-se quando o ajuste n\u00e3o acompanha o uso.<\/p>\n<p>A s\u00edndrome visual do computador envolve fadiga ocular, ardor, vis\u00e3o turva, dores de cabe\u00e7a e olho seco. O problema resulta de uma combina\u00e7\u00e3o de tempo de exposi\u00e7\u00e3o, dist\u00e2ncia de visualiza\u00e7\u00e3o, postura e corre\u00e7\u00e3o visual inadequada. Mais comum do que se imagina, exige diagn\u00f3stico e gest\u00e3o adequados.<\/p>\n<p>A maioria dos utilizadores apresenta algum desconforto ap\u00f3s uso prolongado. Contudo, a necessidade de corre\u00e7\u00e3o \u00f3tica pode estar subjacente aos sintomas, incluindo olho seco, inflama\u00e7\u00e3o palpebral e altera\u00e7\u00f5es da vis\u00e3o binocular. Evitar conclus\u00f5es r\u00e1pidas \u00e9 crucial.<\/p>\n<p>Ver bem \u00e0 dist\u00e2ncia n\u00e3o garante vis\u00e3o adequada para tarefas ao ecr\u00e3. O trabalho ocorre a dist\u00e2ncias espec\u00edficas: 50\u201370 cm para computadores; 30\u201340 cm para smartphones. Corre\u00e7\u00e3o adequada \u00e0 dist\u00e2ncia de trabalho reduz o esfor\u00e7o ocular.<\/p>\n<p>A escolha de lentes influencia muito. Para presb\u00edopes, lentes ocupacionais podem reduzir o esfor\u00e7o em vis\u00f5es prolongadas, especialmente entre 50\u201370 cm. Quando a dist\u00e2ncia \u00e9 de 30\u201340 cm, lentes monofocais para perto podem ser mais adequadas.<\/p>\n<p>A ergonomia do posto de trabalho \u00e9 igualmente relevante. O monitor deve ficar abaixo do n\u00edvel dos olhos e \u00e0 dist\u00e2ncia correta. Ajustes inadequados podem agravar dores cervicais, cefaleias e olho seco, mesmo com boa prescri\u00e7\u00e3o. A pr\u00e1tica correta envolve adapta\u00e7\u00e3o individual.<\/p>\n<p>A preven\u00e7\u00e3o \u00e9 simples e eficaz quando bem implementada. Avalia\u00e7\u00e3o visual regular, tratamento de patologias de base, prescri\u00e7\u00e3o personalizada para a dist\u00e2ncia de trabalho e ajustes ergon\u00f3micos simples s\u00e3o recomendados. A prote\u00e7\u00e3o ocular \u00e9 uma prioridade de sa\u00fade p\u00fablica.<\/p>\n<p>Prof. da Faculdade de Medicina da Universidade de Coimbra, m\u00e9dico oftalmologista da ULS de Coimbra, sublinha a import\u00e2ncia de uma abordagem integrada. A orienta\u00e7\u00e3o m\u00e9dica permite identificar causas, tratar patologias subjacentes e otimizar a vis\u00e3o no dia a dia.<\/p>\n","protected":false},"excerpt":{"rendered":"<ul>\n<li>A s\u00edndrome da vis\u00e3o do computador \u00e9 comum e resulta principalmente do uso prolongado de ecr\u00e3s, causando fadiga ocular, ardor, vis\u00e3o turva e cefaleias; \u00e9 descrita como uma epidemia ocular do s\u00e9culo XXI.<\/li>\n<li>Muitas vezes h\u00e1 uma condi\u00e7\u00e3o ocular subjacente (corre\u00e7\u00e3o \u00f3ptica inadequada, olho seco, inflama\u00e7\u00e3o palpebral, entre outras) que agrava os sintomas.<\/li>\n<li>Trabalhar \u00e0 dist\u00e2ncia correta \u00e9 crucial: geralmente entre 50 e 70 cm para computadores e entre 30 e 40 cm para smartphones e tablets.<\/li>\n<li>A escolha de lentes \u00e9 determinante: lentes ocupacionais (ou para computador) podem reduzir sintomas em presb\u00edopes; lentes monofocais para perto servem para dist\u00e2ncias mais curtas; as lentes progressivas t\u00eam zona interm\u00e9dia limitada.<\/li>\n<li>Ergonomia tamb\u00e9m importa: o monitor deve ficar abaixo do n\u00edvel dos olhos e \u00e0 dist\u00e2ncia adequada; a corre\u00e7\u00e3o visual e a posi\u00e7\u00e3o do ecr\u00e3 devem ser ajustadas em conjunto para reduzir fadiga e desconforto.<\/li>\n<\/ul>\n","protected":false},"author":2,"featured_media":197732,"comment_status":"closed","ping_status":"closed","sticky":false,"template":"","format":"standard","meta":{"footnotes":""},"categories":[1],"tags":[5371,163,3265,74,172,271],"class_list":["post-197720","post","type-post","status-publish","format-standard","has-post-thumbnail","hentry","category-noticias","tag-cuidados-de-saude","tag-educacao","tag-oftalmologia","tag-prevencao","tag-saude","tag-saude-publica"],"yoast_head":"<!-- This site is optimized with the Yoast SEO plugin v27.2 - https:\/\/yoast.com\/product\/yoast-seo-wordpress\/ -->\n<title>Epidemia dos ecr\u00e3s: como proteger a vis\u00e3o na era digital - Portal Tela Portugal<\/title>\n<meta name=\"robots\" content=\"index, follow, max-snippet:-1, max-image-preview:large, max-video-preview:-1\" \/>\n<meta property=\"og:locale\" content=\"pt_PT\" \/>\n<meta property=\"og:type\" content=\"article\" \/>\n<meta property=\"og:title\" content=\"Epidemia dos ecr\u00e3s: como proteger a vis\u00e3o na era digital - Portal Tela Portugal\" \/>\n<meta property=\"og:description\" content=\"A s\u00edndrome da vis\u00e3o do computador \u00e9 comum e resulta principalmente do uso prolongado de ecr\u00e3s, causando fadiga ocular, ardor, vis\u00e3o turva e cefaleias; \u00e9 descrita como uma epidemia ocular do s\u00e9culo XXI. Muitas vezes h\u00e1 uma condi\u00e7\u00e3o ocular subjacente (corre\u00e7\u00e3o \u00f3ptica inadequada, olho seco, inflama\u00e7\u00e3o palpebral, entre outras) que agrava os sintomas. Trabalhar \u00e0 dist\u00e2ncia correta \u00e9 crucial: geralmente entre 50 e 70 cm para computadores e entre 30 e 40 cm para smartphones e tablets. A escolha de lentes \u00e9 determinante: lentes ocupacionais (ou para computador) podem reduzir sintomas em presb\u00edopes; lentes monofocais para perto servem para dist\u00e2ncias mais curtas; as lentes progressivas t\u00eam zona interm\u00e9dia limitada. Ergonomia tamb\u00e9m importa: o monitor deve ficar abaixo do n\u00edvel dos olhos e \u00e0 dist\u00e2ncia adequada; a corre\u00e7\u00e3o visual e a posi\u00e7\u00e3o do ecr\u00e3 devem ser ajustadas em conjunto para reduzir fadiga e desconforto.\" \/>\n<meta property=\"og:url\" content=\"https:\/\/portaltela.pt\/noticias\/2026\/02\/04\/epidemia-dos-ecras-como-proteger-a-visao-na-era-digital\/\" \/>\n<meta property=\"og:site_name\" content=\"Portal Tela Portugal\" \/>\n<meta property=\"article:published_time\" content=\"2026-02-04T18:24:05+00:00\" \/>\n<meta name=\"author\" content=\"Telinha\" \/>\n<meta name=\"twitter:card\" content=\"summary_large_image\" \/>\n<meta name=\"twitter:label1\" content=\"Escrito por\" \/>\n\t<meta name=\"twitter:data1\" content=\"Telinha\" \/>\n\t<meta name=\"twitter:label2\" content=\"Tempo estimado de leitura\" \/>\n\t<meta name=\"twitter:data2\" content=\"2 minutos\" \/>\n<script type=\"application\/ld+json\" class=\"yoast-schema-graph\">{\"@context\":\"https:\/\/schema.org\",\"@graph\":[{\"@type\":\"Article\",\"@id\":\"https:\/\/portaltela.pt\/noticias\/2026\/02\/04\/epidemia-dos-ecras-como-proteger-a-visao-na-era-digital\/#article\",\"isPartOf\":{\"@id\":\"https:\/\/portaltela.pt\/noticias\/2026\/02\/04\/epidemia-dos-ecras-como-proteger-a-visao-na-era-digital\/\"},\"author\":{\"name\":\"Telinha\",\"@id\":\"https:\/\/portaltela.pt\/#\/schema\/person\/c4278d4a6028830caff9ee44b42d32ed\"},\"headline\":\"Epidemia dos ecr\u00e3s: como proteger a vis\u00e3o na era digital\",\"datePublished\":\"2026-02-04T18:24:05+00:00\",\"mainEntityOfPage\":{\"@id\":\"https:\/\/portaltela.pt\/noticias\/2026\/02\/04\/epidemia-dos-ecras-como-proteger-a-visao-na-era-digital\/\"},\"wordCount\":382,\"image\":{\"@id\":\"https:\/\/portaltela.pt\/noticias\/2026\/02\/04\/epidemia-dos-ecras-como-proteger-a-visao-na-era-digital\/#primaryimage\"},\"thumbnailUrl\":\"https:\/\/portaltela.pt\/s.01k8rhncp4jt1\/2026\/02\/1a4e344209ec090fe3dce1926d125f44f43363a6-scaled.jpg\",\"keywords\":[\"cuidados de sa\u00fade\",\"educa\u00e7\u00e3o\",\"Oftalmologia\",\"preven\u00e7\u00e3o\",\"sa\u00fade\",\"sa\u00fade p\u00fablica\"],\"articleSection\":[\"Not\u00edcias\"],\"inLanguage\":\"pt-PT\"},{\"@type\":\"WebPage\",\"@id\":\"https:\/\/portaltela.pt\/noticias\/2026\/02\/04\/epidemia-dos-ecras-como-proteger-a-visao-na-era-digital\/\",\"url\":\"https:\/\/portaltela.pt\/noticias\/2026\/02\/04\/epidemia-dos-ecras-como-proteger-a-visao-na-era-digital\/\",\"name\":\"Epidemia dos ecr\u00e3s: como proteger a vis\u00e3o na era digital - Portal Tela Portugal\",\"isPartOf\":{\"@id\":\"https:\/\/portaltela.pt\/#website\"},\"primaryImageOfPage\":{\"@id\":\"https:\/\/portaltela.pt\/noticias\/2026\/02\/04\/epidemia-dos-ecras-como-proteger-a-visao-na-era-digital\/#primaryimage\"},\"image\":{\"@id\":\"https:\/\/portaltela.pt\/noticias\/2026\/02\/04\/epidemia-dos-ecras-como-proteger-a-visao-na-era-digital\/#primaryimage\"},\"thumbnailUrl\":\"https:\/\/portaltela.pt\/s.01k8rhncp4jt1\/2026\/02\/1a4e344209ec090fe3dce1926d125f44f43363a6-scaled.jpg\",\"datePublished\":\"2026-02-04T18:24:05+00:00\",\"author\":{\"@id\":\"https:\/\/portaltela.pt\/#\/schema\/person\/c4278d4a6028830caff9ee44b42d32ed\"},\"breadcrumb\":{\"@id\":\"https:\/\/portaltela.pt\/noticias\/2026\/02\/04\/epidemia-dos-ecras-como-proteger-a-visao-na-era-digital\/#breadcrumb\"},\"inLanguage\":\"pt-PT\",\"potentialAction\":[{\"@type\":\"ReadAction\",\"target\":[\"https:\/\/portaltela.pt\/noticias\/2026\/02\/04\/epidemia-dos-ecras-como-proteger-a-visao-na-era-digital\/\"]}]},{\"@type\":\"ImageObject\",\"inLanguage\":\"pt-PT\",\"@id\":\"https:\/\/portaltela.pt\/noticias\/2026\/02\/04\/epidemia-dos-ecras-como-proteger-a-visao-na-era-digital\/#primaryimage\",\"url\":\"https:\/\/portaltela.pt\/s.01k8rhncp4jt1\/2026\/02\/1a4e344209ec090fe3dce1926d125f44f43363a6-scaled.jpg\",\"contentUrl\":\"https:\/\/portaltela.pt\/s.01k8rhncp4jt1\/2026\/02\/1a4e344209ec090fe3dce1926d125f44f43363a6-scaled.jpg\",\"width\":2560,\"height\":1440,\"caption\":\"Photo\"},{\"@type\":\"BreadcrumbList\",\"@id\":\"https:\/\/portaltela.pt\/noticias\/2026\/02\/04\/epidemia-dos-ecras-como-proteger-a-visao-na-era-digital\/#breadcrumb\",\"itemListElement\":[{\"@type\":\"ListItem\",\"position\":1,\"name\":\"In\u00edcio\",\"item\":\"https:\/\/portaltela.pt\/\"},{\"@type\":\"ListItem\",\"position\":2,\"name\":\"Epidemia dos ecr\u00e3s: como proteger a vis\u00e3o na era digital\"}]},{\"@type\":\"WebSite\",\"@id\":\"https:\/\/portaltela.pt\/#website\",\"url\":\"https:\/\/portaltela.pt\/\",\"name\":\"Portal Tela Portugal\",\"description\":\"\",\"potentialAction\":[{\"@type\":\"SearchAction\",\"target\":{\"@type\":\"EntryPoint\",\"urlTemplate\":\"https:\/\/portaltela.pt\/?s={search_term_string}\"},\"query-input\":{\"@type\":\"PropertyValueSpecification\",\"valueRequired\":true,\"valueName\":\"search_term_string\"}}],\"inLanguage\":\"pt-PT\"},{\"@type\":\"Person\",\"@id\":\"https:\/\/portaltela.pt\/#\/schema\/person\/c4278d4a6028830caff9ee44b42d32ed\",\"name\":\"Telinha\",\"image\":{\"@type\":\"ImageObject\",\"inLanguage\":\"pt-PT\",\"@id\":\"https:\/\/portaltela.pt\/s.01k8rhncp4jt1\/2025\/11\/talking-bot-125x125.png\",\"url\":\"https:\/\/portaltela.pt\/s.01k8rhncp4jt1\/2025\/11\/talking-bot-125x125.png\",\"contentUrl\":\"https:\/\/portaltela.pt\/s.01k8rhncp4jt1\/2025\/11\/talking-bot-125x125.png\",\"caption\":\"Telinha\"},\"sameAs\":[\"https:\/\/portaltela.pt\/\"],\"url\":\"https:\/\/portaltela.pt\/por\/367410592786\/\"}]}<\/script>\n<!-- \/ Yoast SEO plugin. -->","yoast_head_json":{"title":"Epidemia dos ecr\u00e3s: como proteger a vis\u00e3o na era digital - Portal Tela Portugal","robots":{"index":"index","follow":"follow","max-snippet":"max-snippet:-1","max-image-preview":"max-image-preview:large","max-video-preview":"max-video-preview:-1"},"og_locale":"pt_PT","og_type":"article","og_title":"Epidemia dos ecr\u00e3s: como proteger a vis\u00e3o na era digital - Portal Tela Portugal","og_description":"A s\u00edndrome da vis\u00e3o do computador \u00e9 comum e resulta principalmente do uso prolongado de ecr\u00e3s, causando fadiga ocular, ardor, vis\u00e3o turva e cefaleias; \u00e9 descrita como uma epidemia ocular do s\u00e9culo XXI. Muitas vezes h\u00e1 uma condi\u00e7\u00e3o ocular subjacente (corre\u00e7\u00e3o \u00f3ptica inadequada, olho seco, inflama\u00e7\u00e3o palpebral, entre outras) que agrava os sintomas. Trabalhar \u00e0 dist\u00e2ncia correta \u00e9 crucial: geralmente entre 50 e 70 cm para computadores e entre 30 e 40 cm para smartphones e tablets. A escolha de lentes \u00e9 determinante: lentes ocupacionais (ou para computador) podem reduzir sintomas em presb\u00edopes; lentes monofocais para perto servem para dist\u00e2ncias mais curtas; as lentes progressivas t\u00eam zona interm\u00e9dia limitada. Ergonomia tamb\u00e9m importa: o monitor deve ficar abaixo do n\u00edvel dos olhos e \u00e0 dist\u00e2ncia adequada; a corre\u00e7\u00e3o visual e a posi\u00e7\u00e3o do ecr\u00e3 devem ser ajustadas em conjunto para reduzir fadiga e desconforto.","og_url":"https:\/\/portaltela.pt\/noticias\/2026\/02\/04\/epidemia-dos-ecras-como-proteger-a-visao-na-era-digital\/","og_site_name":"Portal Tela Portugal","article_published_time":"2026-02-04T18:24:05+00:00","author":"Telinha","twitter_card":"summary_large_image","twitter_misc":{"Escrito por":"Telinha","Tempo estimado de leitura":"2 minutos"},"schema":{"@context":"https:\/\/schema.org","@graph":[{"@type":"Article","@id":"https:\/\/portaltela.pt\/noticias\/2026\/02\/04\/epidemia-dos-ecras-como-proteger-a-visao-na-era-digital\/#article","isPartOf":{"@id":"https:\/\/portaltela.pt\/noticias\/2026\/02\/04\/epidemia-dos-ecras-como-proteger-a-visao-na-era-digital\/"},"author":{"name":"Telinha","@id":"https:\/\/portaltela.pt\/#\/schema\/person\/c4278d4a6028830caff9ee44b42d32ed"},"headline":"Epidemia dos ecr\u00e3s: como proteger a vis\u00e3o na era digital","datePublished":"2026-02-04T18:24:05+00:00","mainEntityOfPage":{"@id":"https:\/\/portaltela.pt\/noticias\/2026\/02\/04\/epidemia-dos-ecras-como-proteger-a-visao-na-era-digital\/"},"wordCount":382,"image":{"@id":"https:\/\/portaltela.pt\/noticias\/2026\/02\/04\/epidemia-dos-ecras-como-proteger-a-visao-na-era-digital\/#primaryimage"},"thumbnailUrl":"https:\/\/portaltela.pt\/s.01k8rhncp4jt1\/2026\/02\/1a4e344209ec090fe3dce1926d125f44f43363a6-scaled.jpg","keywords":["cuidados de sa\u00fade","educa\u00e7\u00e3o","Oftalmologia","preven\u00e7\u00e3o","sa\u00fade","sa\u00fade p\u00fablica"],"articleSection":["Not\u00edcias"],"inLanguage":"pt-PT"},{"@type":"WebPage","@id":"https:\/\/portaltela.pt\/noticias\/2026\/02\/04\/epidemia-dos-ecras-como-proteger-a-visao-na-era-digital\/","url":"https:\/\/portaltela.pt\/noticias\/2026\/02\/04\/epidemia-dos-ecras-como-proteger-a-visao-na-era-digital\/","name":"Epidemia dos ecr\u00e3s: como proteger a vis\u00e3o na era digital - Portal Tela Portugal","isPartOf":{"@id":"https:\/\/portaltela.pt\/#website"},"primaryImageOfPage":{"@id":"https:\/\/portaltela.pt\/noticias\/2026\/02\/04\/epidemia-dos-ecras-como-proteger-a-visao-na-era-digital\/#primaryimage"},"image":{"@id":"https:\/\/portaltela.pt\/noticias\/2026\/02\/04\/epidemia-dos-ecras-como-proteger-a-visao-na-era-digital\/#primaryimage"},"thumbnailUrl":"https:\/\/portaltela.pt\/s.01k8rhncp4jt1\/2026\/02\/1a4e344209ec090fe3dce1926d125f44f43363a6-scaled.jpg","datePublished":"2026-02-04T18:24:05+00:00","author":{"@id":"https:\/\/portaltela.pt\/#\/schema\/person\/c4278d4a6028830caff9ee44b42d32ed"},"breadcrumb":{"@id":"https:\/\/portaltela.pt\/noticias\/2026\/02\/04\/epidemia-dos-ecras-como-proteger-a-visao-na-era-digital\/#breadcrumb"},"inLanguage":"pt-PT","potentialAction":[{"@type":"ReadAction","target":["https:\/\/portaltela.pt\/noticias\/2026\/02\/04\/epidemia-dos-ecras-como-proteger-a-visao-na-era-digital\/"]}]},{"@type":"ImageObject","inLanguage":"pt-PT","@id":"https:\/\/portaltela.pt\/noticias\/2026\/02\/04\/epidemia-dos-ecras-como-proteger-a-visao-na-era-digital\/#primaryimage","url":"https:\/\/portaltela.pt\/s.01k8rhncp4jt1\/2026\/02\/1a4e344209ec090fe3dce1926d125f44f43363a6-scaled.jpg","contentUrl":"https:\/\/portaltela.pt\/s.01k8rhncp4jt1\/2026\/02\/1a4e344209ec090fe3dce1926d125f44f43363a6-scaled.jpg","width":2560,"height":1440,"caption":"Photo"},{"@type":"BreadcrumbList","@id":"https:\/\/portaltela.pt\/noticias\/2026\/02\/04\/epidemia-dos-ecras-como-proteger-a-visao-na-era-digital\/#breadcrumb","itemListElement":[{"@type":"ListItem","position":1,"name":"In\u00edcio","item":"https:\/\/portaltela.pt\/"},{"@type":"ListItem","position":2,"name":"Epidemia dos ecr\u00e3s: como proteger a vis\u00e3o na era digital"}]},{"@type":"WebSite","@id":"https:\/\/portaltela.pt\/#website","url":"https:\/\/portaltela.pt\/","name":"Portal Tela Portugal","description":"","potentialAction":[{"@type":"SearchAction","target":{"@type":"EntryPoint","urlTemplate":"https:\/\/portaltela.pt\/?s={search_term_string}"},"query-input":{"@type":"PropertyValueSpecification","valueRequired":true,"valueName":"search_term_string"}}],"inLanguage":"pt-PT"},{"@type":"Person","@id":"https:\/\/portaltela.pt\/#\/schema\/person\/c4278d4a6028830caff9ee44b42d32ed","name":"Telinha","image":{"@type":"ImageObject","inLanguage":"pt-PT","@id":"https:\/\/portaltela.pt\/s.01k8rhncp4jt1\/2025\/11\/talking-bot-125x125.png","url":"https:\/\/portaltela.pt\/s.01k8rhncp4jt1\/2025\/11\/talking-bot-125x125.png","contentUrl":"https:\/\/portaltela.pt\/s.01k8rhncp4jt1\/2025\/11\/talking-bot-125x125.png","caption":"Telinha"},"sameAs":["https:\/\/portaltela.pt\/"],"url":"https:\/\/portaltela.pt\/por\/367410592786\/"}]}},"_links":{"self":[{"href":"https:\/\/portaltela.pt\/api\/wp\/v2\/posts\/197720","targetHints":{"allow":["GET"]}}],"collection":[{"href":"https:\/\/portaltela.pt\/api\/wp\/v2\/posts"}],"about":[{"href":"https:\/\/portaltela.pt\/api\/wp\/v2\/types\/post"}],"author":[{"embeddable":true,"href":"https:\/\/portaltela.pt\/api\/wp\/v2\/users\/2"}],"replies":[{"embeddable":true,"href":"https:\/\/portaltela.pt\/api\/wp\/v2\/comments?post=197720"}],"version-history":[{"count":0,"href":"https:\/\/portaltela.pt\/api\/wp\/v2\/posts\/197720\/revisions"}],"wp:featuredmedia":[{"embeddable":true,"href":"https:\/\/portaltela.pt\/api\/wp\/v2\/media\/197732"}],"wp:attachment":[{"href":"https:\/\/portaltela.pt\/api\/wp\/v2\/media?parent=197720"}],"wp:term":[{"taxonomy":"category","embeddable":true,"href":"https:\/\/portaltela.pt\/api\/wp\/v2\/categories?post=197720"},{"taxonomy":"post_tag","embeddable":true,"href":"https:\/\/portaltela.pt\/api\/wp\/v2\/tags?post=197720"}],"curies":[{"name":"wp","href":"https:\/\/api.w.org\/{rel}","templated":true}]}}