{"id":197718,"date":"2026-02-04T15:27:44","date_gmt":"2026-02-04T18:27:44","guid":{"rendered":"https:\/\/portaltela.pt\/noticias\/2026\/02\/04\/rui-machado-considera-equipa-portuguesa-da-taca-davis-uma-das-melhores-de-sempre\/"},"modified":"2026-02-04T15:27:44","modified_gmt":"2026-02-04T18:27:44","slug":"rui-machado-considera-equipa-portuguesa-da-taca-davis-uma-das-melhores-de-sempre","status":"publish","type":"post","link":"https:\/\/portaltela.pt\/desporto\/2026\/02\/04\/rui-machado-considera-equipa-portuguesa-da-taca-davis-uma-das-melhores-de-sempre\/","title":{"rendered":"Rui Machado considera equipa portuguesa da Ta\u00e7a Davis uma das melhores de sempre"},"content":{"rendered":"<p>A Sele\u00e7\u00e3o Nacional masculina j\u00e1 est\u00e1 em Guangzhou, onde na sexta e no s\u00e1bado defronta a China na primeira eliminat\u00f3ria do Grupo Mundial I da Ta\u00e7a Davis. A 26\u00aa edi\u00e7\u00e3o da competi\u00e7\u00e3o disputa-se nos courts do Nansha International Tennis Center, com a eliminat\u00f3ria a decorrer fora de casa.<\/p>\n<p>A equipa que treina em solo chin\u00eas \u00e9 formada por Nuno Borges, Jaime Faria, Henrique Rocha, Tiago Pereira, e Francisco Cabral, melhor jogador nacional de sempre em pares. Os cinco atletas dedicam-se ao treino de adapta\u00e7\u00e3o ao piso, fuso hor\u00e1rio e condi\u00e7\u00f5es clim\u00e1ticas, com foco na prepara\u00e7\u00e3o f\u00edsica e t\u00e9cnica.<\/p>\n<p>Rui Machado, capit\u00e3o e selecionador, afirmou aos media que esta \u00e9, para Portugal, uma das melhores gera\u00e7\u00f5es j\u00e1 reunidas para a Ta\u00e7a Davis, destacando a juventude do grupo e o potencial para o futuro. O t\u00e9cnico real\u00e7ou ainda o acolhimento recebido pelas autoridades e pela organiza\u00e7\u00e3o.<\/p>\n<h3>Enquadramento da eliminat\u00f3ria<\/h3>\n<p>Do lado advers\u00e1rio, o treinador da China indicou Yunchaokete Bu, Yibing Wu, Yi Zhou, Juncheng Shang e Zhizhen Zhang como op\u00e7\u00f5es relevantes, reconhecendo o n\u00edvel competitivo da sele\u00e7\u00e3o chinesa e a dificuldade de atuar fora de casa.<\/p>\n<p>Francisco Cabral, que soma seis t\u00edtulos ATP em pares e atingiu a melhor posi\u00e7\u00e3o de sempre no ranking mundial, refor\u00e7ou a confian\u00e7a no conjunto portugu\u00eas, sublinhando a qualidade de todos os elementos e o objetivo de evoluir para objetivos maiores no futuro.<\/p>\n<p>No regresso ao ambiente entre a comitiva, a visita de protocolo incluiu um festival de lanternas na cidade, uma experi\u00eancia que animou os jogadores e refor\u00e7ou o esp\u00edrito de equipa antes do embate com a China.<\/p>\n","protected":false},"excerpt":{"rendered":"<ul>\n<li>A Sele\u00e7\u00e3o Nacional masculina desloca-se a Guangzhou para defrontar a China, na primeira eliminat\u00f3ria do Grupo Mundial I da Ta\u00e7a Davis, a realizar sexta e s\u00e1bado no Nansha International Tennis Center.<\/li>\n<li>O capit\u00e3o Rui Machado afirma que tem a melhor equipa poss\u00edvel para representar Portugal e que \u00e9 uma das melhores j\u00e1 consideradas para a Ta\u00e7a Davis, com foco no futuro.<\/li>\n<li>A equipa \u00e9 composta por Nuno Borges, Jaime Faria, Henrique Rocha, Tiago Pereira (estreante) e Francisco Cabral, este \u00faltimo o melhor jogador nacional de sempre em pares.<\/li>\n<li>O selecionador chin\u00eas Di Wu reconhece o n\u00edvel elevado da China; Machado afirma conhecer bem os advers\u00e1rios e manter a prepara\u00e7\u00e3o para o desafio fora de casa.<\/li>\n<li>Cabral sublinha o objetivo de alcan\u00e7ar grandes feitos com base numa equipa jovem, enquanto a comitiva desfruta de uma rece\u00e7\u00e3o com festival de lanternas em Guangzhou.<\/li>\n<\/ul>\n","protected":false},"author":2,"featured_media":197727,"comment_status":"closed","ping_status":"closed","sticky":false,"template":"","format":"standard","meta":{"footnotes":""},"categories":[21],"tags":[2875,3370,2873,1014,3945,94],"class_list":["post-197718","post","type-post","status-publish","format-standard","has-post-thumbnail","hentry","category-desporto","tag-francisco-cabral","tag-jaime-faria","tag-nuno-borges","tag-portugal","tag-taca-davis","tag-tenis"],"yoast_head":"<!-- This site is optimized with the Yoast SEO plugin v27.2 - https:\/\/yoast.com\/product\/yoast-seo-wordpress\/ -->\n<title>Rui Machado considera equipa portuguesa da Ta\u00e7a Davis uma das melhores de sempre - Portal Tela Portugal<\/title>\n<meta name=\"robots\" content=\"index, follow, max-snippet:-1, max-image-preview:large, max-video-preview:-1\" \/>\n<meta property=\"og:locale\" content=\"pt_PT\" \/>\n<meta property=\"og:type\" content=\"article\" \/>\n<meta property=\"og:title\" content=\"Rui Machado considera equipa portuguesa da Ta\u00e7a Davis uma das melhores de sempre - Portal Tela Portugal\" \/>\n<meta property=\"og:description\" content=\"A Sele\u00e7\u00e3o Nacional masculina desloca-se a Guangzhou para defrontar a China, na primeira eliminat\u00f3ria do Grupo Mundial I da Ta\u00e7a Davis, a realizar sexta e s\u00e1bado no Nansha International Tennis Center. O capit\u00e3o Rui Machado afirma que tem a melhor equipa poss\u00edvel para representar Portugal e que \u00e9 uma das melhores j\u00e1 consideradas para a Ta\u00e7a Davis, com foco no futuro. A equipa \u00e9 composta por Nuno Borges, Jaime Faria, Henrique Rocha, Tiago Pereira (estreante) e Francisco Cabral, este \u00faltimo o melhor jogador nacional de sempre em pares. O selecionador chin\u00eas Di Wu reconhece o n\u00edvel elevado da China; Machado afirma conhecer bem os advers\u00e1rios e manter a prepara\u00e7\u00e3o para o desafio fora de casa. Cabral sublinha o objetivo de alcan\u00e7ar grandes feitos com base numa equipa jovem, enquanto a comitiva desfruta de uma rece\u00e7\u00e3o com festival de lanternas em Guangzhou.\" \/>\n<meta property=\"og:url\" content=\"https:\/\/portaltela.pt\/noticias\/2026\/02\/04\/rui-machado-considera-equipa-portuguesa-da-taca-davis-uma-das-melhores-de-sempre\/\" \/>\n<meta property=\"og:site_name\" content=\"Portal Tela Portugal\" \/>\n<meta property=\"article:published_time\" content=\"2026-02-04T18:27:44+00:00\" \/>\n<meta name=\"author\" content=\"Telinha\" \/>\n<meta name=\"twitter:card\" content=\"summary_large_image\" \/>\n<meta name=\"twitter:label1\" content=\"Escrito por\" \/>\n\t<meta name=\"twitter:data1\" content=\"Telinha\" \/>\n\t<meta name=\"twitter:label2\" content=\"Tempo estimado de leitura\" \/>\n\t<meta name=\"twitter:data2\" content=\"1 minuto\" \/>\n<script type=\"application\/ld+json\" class=\"yoast-schema-graph\">{\"@context\":\"https:\/\/schema.org\",\"@graph\":[{\"@type\":\"Article\",\"@id\":\"https:\/\/portaltela.pt\/noticias\/2026\/02\/04\/rui-machado-considera-equipa-portuguesa-da-taca-davis-uma-das-melhores-de-sempre\/#article\",\"isPartOf\":{\"@id\":\"https:\/\/portaltela.pt\/noticias\/2026\/02\/04\/rui-machado-considera-equipa-portuguesa-da-taca-davis-uma-das-melhores-de-sempre\/\"},\"author\":{\"name\":\"Telinha\",\"@id\":\"https:\/\/portaltela.pt\/#\/schema\/person\/c4278d4a6028830caff9ee44b42d32ed\"},\"headline\":\"Rui Machado considera equipa portuguesa da Ta\u00e7a Davis uma das melhores de sempre\",\"datePublished\":\"2026-02-04T18:27:44+00:00\",\"mainEntityOfPage\":{\"@id\":\"https:\/\/portaltela.pt\/noticias\/2026\/02\/04\/rui-machado-considera-equipa-portuguesa-da-taca-davis-uma-das-melhores-de-sempre\/\"},\"wordCount\":307,\"image\":{\"@id\":\"https:\/\/portaltela.pt\/noticias\/2026\/02\/04\/rui-machado-considera-equipa-portuguesa-da-taca-davis-uma-das-melhores-de-sempre\/#primaryimage\"},\"thumbnailUrl\":\"https:\/\/portaltela.pt\/s.01k8rhncp4jt1\/2026\/02\/img_920x518uu2026-02-04-18-24-05-2419539.jpg\",\"keywords\":[\"Francisco Cabral\",\"Jaime Faria\",\"Nuno Borges\",\"Portugal\",\"Ta\u00e7a Davis\",\"t\u00eanis\"],\"articleSection\":[\"Desporto\"],\"inLanguage\":\"pt-PT\"},{\"@type\":\"WebPage\",\"@id\":\"https:\/\/portaltela.pt\/noticias\/2026\/02\/04\/rui-machado-considera-equipa-portuguesa-da-taca-davis-uma-das-melhores-de-sempre\/\",\"url\":\"https:\/\/portaltela.pt\/noticias\/2026\/02\/04\/rui-machado-considera-equipa-portuguesa-da-taca-davis-uma-das-melhores-de-sempre\/\",\"name\":\"Rui Machado considera equipa portuguesa da Ta\u00e7a Davis uma das melhores de sempre - Portal Tela Portugal\",\"isPartOf\":{\"@id\":\"https:\/\/portaltela.pt\/#website\"},\"primaryImageOfPage\":{\"@id\":\"https:\/\/portaltela.pt\/noticias\/2026\/02\/04\/rui-machado-considera-equipa-portuguesa-da-taca-davis-uma-das-melhores-de-sempre\/#primaryimage\"},\"image\":{\"@id\":\"https:\/\/portaltela.pt\/noticias\/2026\/02\/04\/rui-machado-considera-equipa-portuguesa-da-taca-davis-uma-das-melhores-de-sempre\/#primaryimage\"},\"thumbnailUrl\":\"https:\/\/portaltela.pt\/s.01k8rhncp4jt1\/2026\/02\/img_920x518uu2026-02-04-18-24-05-2419539.jpg\",\"datePublished\":\"2026-02-04T18:27:44+00:00\",\"author\":{\"@id\":\"https:\/\/portaltela.pt\/#\/schema\/person\/c4278d4a6028830caff9ee44b42d32ed\"},\"breadcrumb\":{\"@id\":\"https:\/\/portaltela.pt\/noticias\/2026\/02\/04\/rui-machado-considera-equipa-portuguesa-da-taca-davis-uma-das-melhores-de-sempre\/#breadcrumb\"},\"inLanguage\":\"pt-PT\",\"potentialAction\":[{\"@type\":\"ReadAction\",\"target\":[\"https:\/\/portaltela.pt\/noticias\/2026\/02\/04\/rui-machado-considera-equipa-portuguesa-da-taca-davis-uma-das-melhores-de-sempre\/\"]}]},{\"@type\":\"ImageObject\",\"inLanguage\":\"pt-PT\",\"@id\":\"https:\/\/portaltela.pt\/noticias\/2026\/02\/04\/rui-machado-considera-equipa-portuguesa-da-taca-davis-uma-das-melhores-de-sempre\/#primaryimage\",\"url\":\"https:\/\/portaltela.pt\/s.01k8rhncp4jt1\/2026\/02\/img_920x518uu2026-02-04-18-24-05-2419539.jpg\",\"contentUrl\":\"https:\/\/portaltela.pt\/s.01k8rhncp4jt1\/2026\/02\/img_920x518uu2026-02-04-18-24-05-2419539.jpg\",\"width\":796,\"height\":448,\"caption\":\"Comitiva portuguesa recebida em Guangzhou para a Ta\u00e7a Davis\"},{\"@type\":\"BreadcrumbList\",\"@id\":\"https:\/\/portaltela.pt\/noticias\/2026\/02\/04\/rui-machado-considera-equipa-portuguesa-da-taca-davis-uma-das-melhores-de-sempre\/#breadcrumb\",\"itemListElement\":[{\"@type\":\"ListItem\",\"position\":1,\"name\":\"In\u00edcio\",\"item\":\"https:\/\/portaltela.pt\/\"},{\"@type\":\"ListItem\",\"position\":2,\"name\":\"Rui Machado considera equipa portuguesa da Ta\u00e7a Davis uma das melhores de sempre\"}]},{\"@type\":\"WebSite\",\"@id\":\"https:\/\/portaltela.pt\/#website\",\"url\":\"https:\/\/portaltela.pt\/\",\"name\":\"Portal Tela Portugal\",\"description\":\"\",\"potentialAction\":[{\"@type\":\"SearchAction\",\"target\":{\"@type\":\"EntryPoint\",\"urlTemplate\":\"https:\/\/portaltela.pt\/?s={search_term_string}\"},\"query-input\":{\"@type\":\"PropertyValueSpecification\",\"valueRequired\":true,\"valueName\":\"search_term_string\"}}],\"inLanguage\":\"pt-PT\"},{\"@type\":\"Person\",\"@id\":\"https:\/\/portaltela.pt\/#\/schema\/person\/c4278d4a6028830caff9ee44b42d32ed\",\"name\":\"Telinha\",\"image\":{\"@type\":\"ImageObject\",\"inLanguage\":\"pt-PT\",\"@id\":\"https:\/\/portaltela.pt\/s.01k8rhncp4jt1\/2025\/11\/talking-bot-125x125.png\",\"url\":\"https:\/\/portaltela.pt\/s.01k8rhncp4jt1\/2025\/11\/talking-bot-125x125.png\",\"contentUrl\":\"https:\/\/portaltela.pt\/s.01k8rhncp4jt1\/2025\/11\/talking-bot-125x125.png\",\"caption\":\"Telinha\"},\"sameAs\":[\"https:\/\/portaltela.pt\/\"],\"url\":\"https:\/\/portaltela.pt\/por\/367410592786\/\"}]}<\/script>\n<!-- \/ Yoast SEO plugin. -->","yoast_head_json":{"title":"Rui Machado considera equipa portuguesa da Ta\u00e7a Davis uma das melhores de sempre - Portal Tela Portugal","robots":{"index":"index","follow":"follow","max-snippet":"max-snippet:-1","max-image-preview":"max-image-preview:large","max-video-preview":"max-video-preview:-1"},"og_locale":"pt_PT","og_type":"article","og_title":"Rui Machado considera equipa portuguesa da Ta\u00e7a Davis uma das melhores de sempre - Portal Tela Portugal","og_description":"A Sele\u00e7\u00e3o Nacional masculina desloca-se a Guangzhou para defrontar a China, na primeira eliminat\u00f3ria do Grupo Mundial I da Ta\u00e7a Davis, a realizar sexta e s\u00e1bado no Nansha International Tennis Center. O capit\u00e3o Rui Machado afirma que tem a melhor equipa poss\u00edvel para representar Portugal e que \u00e9 uma das melhores j\u00e1 consideradas para a Ta\u00e7a Davis, com foco no futuro. A equipa \u00e9 composta por Nuno Borges, Jaime Faria, Henrique Rocha, Tiago Pereira (estreante) e Francisco Cabral, este \u00faltimo o melhor jogador nacional de sempre em pares. O selecionador chin\u00eas Di Wu reconhece o n\u00edvel elevado da China; Machado afirma conhecer bem os advers\u00e1rios e manter a prepara\u00e7\u00e3o para o desafio fora de casa. Cabral sublinha o objetivo de alcan\u00e7ar grandes feitos com base numa equipa jovem, enquanto a comitiva desfruta de uma rece\u00e7\u00e3o com festival de lanternas em Guangzhou.","og_url":"https:\/\/portaltela.pt\/noticias\/2026\/02\/04\/rui-machado-considera-equipa-portuguesa-da-taca-davis-uma-das-melhores-de-sempre\/","og_site_name":"Portal Tela Portugal","article_published_time":"2026-02-04T18:27:44+00:00","author":"Telinha","twitter_card":"summary_large_image","twitter_misc":{"Escrito por":"Telinha","Tempo estimado de leitura":"1 minuto"},"schema":{"@context":"https:\/\/schema.org","@graph":[{"@type":"Article","@id":"https:\/\/portaltela.pt\/noticias\/2026\/02\/04\/rui-machado-considera-equipa-portuguesa-da-taca-davis-uma-das-melhores-de-sempre\/#article","isPartOf":{"@id":"https:\/\/portaltela.pt\/noticias\/2026\/02\/04\/rui-machado-considera-equipa-portuguesa-da-taca-davis-uma-das-melhores-de-sempre\/"},"author":{"name":"Telinha","@id":"https:\/\/portaltela.pt\/#\/schema\/person\/c4278d4a6028830caff9ee44b42d32ed"},"headline":"Rui Machado considera equipa portuguesa da Ta\u00e7a Davis uma das melhores de sempre","datePublished":"2026-02-04T18:27:44+00:00","mainEntityOfPage":{"@id":"https:\/\/portaltela.pt\/noticias\/2026\/02\/04\/rui-machado-considera-equipa-portuguesa-da-taca-davis-uma-das-melhores-de-sempre\/"},"wordCount":307,"image":{"@id":"https:\/\/portaltela.pt\/noticias\/2026\/02\/04\/rui-machado-considera-equipa-portuguesa-da-taca-davis-uma-das-melhores-de-sempre\/#primaryimage"},"thumbnailUrl":"https:\/\/portaltela.pt\/s.01k8rhncp4jt1\/2026\/02\/img_920x518uu2026-02-04-18-24-05-2419539.jpg","keywords":["Francisco Cabral","Jaime Faria","Nuno Borges","Portugal","Ta\u00e7a Davis","t\u00eanis"],"articleSection":["Desporto"],"inLanguage":"pt-PT"},{"@type":"WebPage","@id":"https:\/\/portaltela.pt\/noticias\/2026\/02\/04\/rui-machado-considera-equipa-portuguesa-da-taca-davis-uma-das-melhores-de-sempre\/","url":"https:\/\/portaltela.pt\/noticias\/2026\/02\/04\/rui-machado-considera-equipa-portuguesa-da-taca-davis-uma-das-melhores-de-sempre\/","name":"Rui Machado considera equipa portuguesa da Ta\u00e7a Davis uma das melhores de sempre - Portal Tela Portugal","isPartOf":{"@id":"https:\/\/portaltela.pt\/#website"},"primaryImageOfPage":{"@id":"https:\/\/portaltela.pt\/noticias\/2026\/02\/04\/rui-machado-considera-equipa-portuguesa-da-taca-davis-uma-das-melhores-de-sempre\/#primaryimage"},"image":{"@id":"https:\/\/portaltela.pt\/noticias\/2026\/02\/04\/rui-machado-considera-equipa-portuguesa-da-taca-davis-uma-das-melhores-de-sempre\/#primaryimage"},"thumbnailUrl":"https:\/\/portaltela.pt\/s.01k8rhncp4jt1\/2026\/02\/img_920x518uu2026-02-04-18-24-05-2419539.jpg","datePublished":"2026-02-04T18:27:44+00:00","author":{"@id":"https:\/\/portaltela.pt\/#\/schema\/person\/c4278d4a6028830caff9ee44b42d32ed"},"breadcrumb":{"@id":"https:\/\/portaltela.pt\/noticias\/2026\/02\/04\/rui-machado-considera-equipa-portuguesa-da-taca-davis-uma-das-melhores-de-sempre\/#breadcrumb"},"inLanguage":"pt-PT","potentialAction":[{"@type":"ReadAction","target":["https:\/\/portaltela.pt\/noticias\/2026\/02\/04\/rui-machado-considera-equipa-portuguesa-da-taca-davis-uma-das-melhores-de-sempre\/"]}]},{"@type":"ImageObject","inLanguage":"pt-PT","@id":"https:\/\/portaltela.pt\/noticias\/2026\/02\/04\/rui-machado-considera-equipa-portuguesa-da-taca-davis-uma-das-melhores-de-sempre\/#primaryimage","url":"https:\/\/portaltela.pt\/s.01k8rhncp4jt1\/2026\/02\/img_920x518uu2026-02-04-18-24-05-2419539.jpg","contentUrl":"https:\/\/portaltela.pt\/s.01k8rhncp4jt1\/2026\/02\/img_920x518uu2026-02-04-18-24-05-2419539.jpg","width":796,"height":448,"caption":"Comitiva portuguesa recebida em Guangzhou para a Ta\u00e7a Davis"},{"@type":"BreadcrumbList","@id":"https:\/\/portaltela.pt\/noticias\/2026\/02\/04\/rui-machado-considera-equipa-portuguesa-da-taca-davis-uma-das-melhores-de-sempre\/#breadcrumb","itemListElement":[{"@type":"ListItem","position":1,"name":"In\u00edcio","item":"https:\/\/portaltela.pt\/"},{"@type":"ListItem","position":2,"name":"Rui Machado considera equipa portuguesa da Ta\u00e7a Davis uma das melhores de sempre"}]},{"@type":"WebSite","@id":"https:\/\/portaltela.pt\/#website","url":"https:\/\/portaltela.pt\/","name":"Portal Tela Portugal","description":"","potentialAction":[{"@type":"SearchAction","target":{"@type":"EntryPoint","urlTemplate":"https:\/\/portaltela.pt\/?s={search_term_string}"},"query-input":{"@type":"PropertyValueSpecification","valueRequired":true,"valueName":"search_term_string"}}],"inLanguage":"pt-PT"},{"@type":"Person","@id":"https:\/\/portaltela.pt\/#\/schema\/person\/c4278d4a6028830caff9ee44b42d32ed","name":"Telinha","image":{"@type":"ImageObject","inLanguage":"pt-PT","@id":"https:\/\/portaltela.pt\/s.01k8rhncp4jt1\/2025\/11\/talking-bot-125x125.png","url":"https:\/\/portaltela.pt\/s.01k8rhncp4jt1\/2025\/11\/talking-bot-125x125.png","contentUrl":"https:\/\/portaltela.pt\/s.01k8rhncp4jt1\/2025\/11\/talking-bot-125x125.png","caption":"Telinha"},"sameAs":["https:\/\/portaltela.pt\/"],"url":"https:\/\/portaltela.pt\/por\/367410592786\/"}]}},"_links":{"self":[{"href":"https:\/\/portaltela.pt\/api\/wp\/v2\/posts\/197718","targetHints":{"allow":["GET"]}}],"collection":[{"href":"https:\/\/portaltela.pt\/api\/wp\/v2\/posts"}],"about":[{"href":"https:\/\/portaltela.pt\/api\/wp\/v2\/types\/post"}],"author":[{"embeddable":true,"href":"https:\/\/portaltela.pt\/api\/wp\/v2\/users\/2"}],"replies":[{"embeddable":true,"href":"https:\/\/portaltela.pt\/api\/wp\/v2\/comments?post=197718"}],"version-history":[{"count":0,"href":"https:\/\/portaltela.pt\/api\/wp\/v2\/posts\/197718\/revisions"}],"wp:featuredmedia":[{"embeddable":true,"href":"https:\/\/portaltela.pt\/api\/wp\/v2\/media\/197727"}],"wp:attachment":[{"href":"https:\/\/portaltela.pt\/api\/wp\/v2\/media?parent=197718"}],"wp:term":[{"taxonomy":"category","embeddable":true,"href":"https:\/\/portaltela.pt\/api\/wp\/v2\/categories?post=197718"},{"taxonomy":"post_tag","embeddable":true,"href":"https:\/\/portaltela.pt\/api\/wp\/v2\/tags?post=197718"}],"curies":[{"name":"wp","href":"https:\/\/api.w.org\/{rel}","templated":true}]}}